{"id":2814,"date":"2009-09-21T12:35:29","date_gmt":"2009-09-21T10:35:29","guid":{"rendered":"http:\/\/www.article-marketing.eu\/comunicati\/senza-categoria\/un-parco-di-barcellona-il-parco-de-la-ciutadella\/"},"modified":"2009-09-21T12:35:29","modified_gmt":"2009-09-21T10:35:29","slug":"un-parco-di-barcellona-il-parco-de-la-ciutadella","status":"publish","type":"post","link":"https:\/\/www.article-marketing.eu\/comunicati\/viaggi-e-vacanze\/destinazioni\/un-parco-di-barcellona-il-parco-de-la-ciutadella\/","title":{"rendered":"Un parco di Barcellona: il Parco de la Ciutadella"},"content":{"rendered":"<p>Il <strong>Parco de la Ciutadella<\/strong> \u00e8 per <strong>Barcellona<\/strong> una delle (poche) zone in cui \u00e8 possibile concedersi una pausa e staccare dalla frenetica vita della citt\u00e1. Il parco \u00e8 una delle aree verdi del centro e si situa a ridosso del Borne, uno dei quartieri della citt\u00e1 vecchia. Il Parco de la Ciutadella si trova dove in passato era stata edificata la cittadella militare fortificata (da l\u00ec il nome); ancora oggi sono presenti gli edifici storici dell\u2019epoca, come il Palau del Governador e l\u2019Arsenale della Ciutadella che oggi ospita un luogo molto caro ai locali catalani: il Parlamento della Catalogna. <\/p>\n<p>Il <strong>Parco della Ciutadella<\/strong> \u00e8, in effetti, ricco di anche di altre opere d\u2019arte: decine di belle statue ritraenti artisti e letterati sono disseminate un po\u2019 in tutti i giardini. Alcuni esempi sono le statue di Victor Balaguer e Bonaventura Carles Aribau, opera di Manuel Fux\u00e1 o il poeta Joan Maragall di Eusebi Arnau. Di fronte all\u2019edificio del Parlamento puoi incontrare uno stagno ovale circondato da alberi e giardini, al centro del quale si trova una delle pi\u00fa belle sculture del Modernismo catalano: il \u201cDesconsol\u201d di Josep Llimona (risalente al 1903). E\u2019 possibile noleggiare delle piccole barche e concedersi un piccolo romantico giro.<\/p>\n<p>Il <strong>Parco de la Ciutadella<\/strong> ospita anche lo zoo di <strong>Barcellona<\/strong> in cui \u00e8 possibile ammirare circa 7000 animali e pi\u00fa di 500 specie. Se sei interessato puoi spendere anche una vista al Museo Zoologico l\u00ed a lato. Non mancare anche la bellissima cascata, opera di Jospe Fontser\u00e8, maestro del giovane Gaud\u00ed, restaurata nel 1992 e opsitante diverse importanti sculture. <\/p>\n<p>Raggiungere il <strong>Parco de la Ciutadella<\/strong> non \u00e8 difficile in quanto la zona \u00e8 ben servita dai mezzi pubblici: autobus (anche dal \u201cbus turistic\u201d) e metro. La linea metropolitana pi\u00fa vicina \u00e8 la rossa (L1), fermata Arc de Triomphe, o la gialla (L4), Ciutadella \/ Villa Olimpica o anche Barceloneta. Il parco \u00e8 servito inoltre da diverse stazione di Bicing, il servizio di bike sharing pubblico locale: i residenti di <strong>Barcellona<\/strong> che hanno accesso a questo servizio lo possono sfruttare dato che sono presenti alcune stazione di fronte all\u2019ingresso principale, vicino all\u2019Arc de Triomphe e un po\u2019 pi\u00fa in gi\u00fa, accanto all\u2019ingresso consentito alle auto, vicino alla Estaci\u00f3 de Fran\u00e7a. Nei dintorni ci sono diversi <strong><em><a href=\"http:\/\/www.waytostay.com\/Barcellona-appartamenti-it-52.html\">appartamenti a Barcellona<\/a><\/em><\/strong> in affitto per brevi soggiorni: la vicinanza a questo bellissimo parco \u00e8 un notevole plus.<\/p>\n<p>Prenditi insomma una pausa dalla frenetica vita del centro citt\u00e1 e sdraiati al sole (meglio se estivo) godendo della simpatica e tranquilla atmosfera del <strong>parco de la Ciutadella<\/strong>, una tappa da non mancare durante il tuo <strong>viaggio a Barcellona<\/strong>.<\/p>\n","protected":false},"excerpt":{"rendered":"<p>Il Parco de la Ciutadella \u00e8 per Barcellona una delle (poche) zone in cui \u00e8 possibile concedersi una pausa e staccare dalla frenetica vita della citt\u00e1.<\/p>\n","protected":false},"author":10,"featured_media":0,"comment_status":"open","ping_status":"open","sticky":false,"template":"","format":"standard","meta":{"cybocfi_hide_featured_image":"","footnotes":""},"categories":[143],"tags":[8725,681,9121,9123,9122],"class_list":["post-2814","post","type-post","status-publish","format-standard","hentry","category-destinazioni","tag-appartamenti-barcellona","tag-barcellona","tag-parchi-barcellona","tag-parco-ciutadella","tag-parco-de-la-ciutadella"],"yoast_head":"<!-- This site is optimized with the Yoast SEO plugin v27.0 - https:\/\/yoast.com\/product\/yoast-seo-wordpress\/ -->\n<title>Un parco di Barcellona: il Parco de la Ciutadella - Article Marketing<\/title>\n<meta name=\"robots\" content=\"index, follow, max-snippet:-1, max-image-preview:large, max-video-preview:-1\" \/>\n<link rel=\"canonical\" href=\"https:\/\/www.article-marketing.eu\/comunicati\/viaggi-e-vacanze\/destinazioni\/un-parco-di-barcellona-il-parco-de-la-ciutadella\/\" \/>\n<meta property=\"og:locale\" content=\"it_IT\" \/>\n<meta property=\"og:type\" content=\"article\" \/>\n<meta property=\"og:title\" content=\"Un parco di Barcellona: il Parco de la Ciutadella - Article Marketing\" \/>\n<meta property=\"og:description\" content=\"Il Parco de la Ciutadella \u00e8 per Barcellona una delle (poche) zone in cui \u00e8 possibile concedersi una pausa e staccare dalla frenetica vita della citt\u00e1.\" \/>\n<meta property=\"og:url\" content=\"https:\/\/www.article-marketing.eu\/comunicati\/viaggi-e-vacanze\/destinazioni\/un-parco-di-barcellona-il-parco-de-la-ciutadella\/\" \/>\n<meta property=\"og:site_name\" content=\"Article Marketing\" \/>\n<meta property=\"article:published_time\" content=\"2009-09-21T10:35:29+00:00\" \/>\n<meta name=\"author\" content=\"Redazione Comunicati Stampa\" \/>\n<meta name=\"twitter:card\" content=\"summary_large_image\" \/>\n<meta name=\"twitter:label1\" content=\"Scritto da\" \/>\n\t<meta name=\"twitter:data1\" content=\"Redazione Comunicati Stampa\" \/>\n\t<meta name=\"twitter:label2\" content=\"Tempo di lettura stimato\" \/>\n\t<meta name=\"twitter:data2\" content=\"2 minuti\" \/>\n<script type=\"application\/ld+json\" class=\"yoast-schema-graph\">{\"@context\":\"https:\/\/schema.org\",\"@graph\":[{\"@type\":\"Article\",\"@id\":\"https:\/\/www.article-marketing.eu\/comunicati\/viaggi-e-vacanze\/destinazioni\/un-parco-di-barcellona-il-parco-de-la-ciutadella\/#article\",\"isPartOf\":{\"@id\":\"https:\/\/www.article-marketing.eu\/comunicati\/viaggi-e-vacanze\/destinazioni\/un-parco-di-barcellona-il-parco-de-la-ciutadella\/\"},\"author\":{\"name\":\"Redazione Comunicati Stampa\",\"@id\":\"https:\/\/www.article-marketing.eu\/comunicati\/#\/schema\/person\/44372e4d4d0fa797b18e03ed1ace9017\"},\"headline\":\"Un parco di Barcellona: il Parco de la Ciutadella\",\"datePublished\":\"2009-09-21T10:35:29+00:00\",\"mainEntityOfPage\":{\"@id\":\"https:\/\/www.article-marketing.eu\/comunicati\/viaggi-e-vacanze\/destinazioni\/un-parco-di-barcellona-il-parco-de-la-ciutadella\/\"},\"wordCount\":437,\"commentCount\":0,\"keywords\":[\"appartamenti Barcellona\",\"Barcellona\",\"parchi Barcellona\",\"parco Ciutadella\",\"parco de la Ciutadella\"],\"articleSection\":[\"Destinazioni\"],\"inLanguage\":\"it-IT\",\"potentialAction\":[{\"@type\":\"CommentAction\",\"name\":\"Comment\",\"target\":[\"https:\/\/www.article-marketing.eu\/comunicati\/viaggi-e-vacanze\/destinazioni\/un-parco-di-barcellona-il-parco-de-la-ciutadella\/#respond\"]}]},{\"@type\":\"WebPage\",\"@id\":\"https:\/\/www.article-marketing.eu\/comunicati\/viaggi-e-vacanze\/destinazioni\/un-parco-di-barcellona-il-parco-de-la-ciutadella\/\",\"url\":\"https:\/\/www.article-marketing.eu\/comunicati\/viaggi-e-vacanze\/destinazioni\/un-parco-di-barcellona-il-parco-de-la-ciutadella\/\",\"name\":\"Un parco di Barcellona: il Parco de la Ciutadella - Article Marketing\",\"isPartOf\":{\"@id\":\"https:\/\/www.article-marketing.eu\/comunicati\/#website\"},\"datePublished\":\"2009-09-21T10:35:29+00:00\",\"author\":{\"@id\":\"https:\/\/www.article-marketing.eu\/comunicati\/#\/schema\/person\/44372e4d4d0fa797b18e03ed1ace9017\"},\"breadcrumb\":{\"@id\":\"https:\/\/www.article-marketing.eu\/comunicati\/viaggi-e-vacanze\/destinazioni\/un-parco-di-barcellona-il-parco-de-la-ciutadella\/#breadcrumb\"},\"inLanguage\":\"it-IT\",\"potentialAction\":[{\"@type\":\"ReadAction\",\"target\":[\"https:\/\/www.article-marketing.eu\/comunicati\/viaggi-e-vacanze\/destinazioni\/un-parco-di-barcellona-il-parco-de-la-ciutadella\/\"]}]},{\"@type\":\"BreadcrumbList\",\"@id\":\"https:\/\/www.article-marketing.eu\/comunicati\/viaggi-e-vacanze\/destinazioni\/un-parco-di-barcellona-il-parco-de-la-ciutadella\/#breadcrumb\",\"itemListElement\":[{\"@type\":\"ListItem\",\"position\":1,\"name\":\"Home\",\"item\":\"https:\/\/www.article-marketing.eu\/comunicati\/\"},{\"@type\":\"ListItem\",\"position\":2,\"name\":\"Un parco di Barcellona: il Parco de la Ciutadella\"}]},{\"@type\":\"WebSite\",\"@id\":\"https:\/\/www.article-marketing.eu\/comunicati\/#website\",\"url\":\"https:\/\/www.article-marketing.eu\/comunicati\/\",\"name\":\"Article Marketing\",\"description\":\"article marketing &amp; press release\",\"potentialAction\":[{\"@type\":\"SearchAction\",\"target\":{\"@type\":\"EntryPoint\",\"urlTemplate\":\"https:\/\/www.article-marketing.eu\/comunicati\/?s={search_term_string}\"},\"query-input\":{\"@type\":\"PropertyValueSpecification\",\"valueRequired\":true,\"valueName\":\"search_term_string\"}}],\"inLanguage\":\"it-IT\"},{\"@type\":\"Person\",\"@id\":\"https:\/\/www.article-marketing.eu\/comunicati\/#\/schema\/person\/44372e4d4d0fa797b18e03ed1ace9017\",\"name\":\"Redazione Comunicati Stampa\",\"image\":{\"@type\":\"ImageObject\",\"inLanguage\":\"it-IT\",\"@id\":\"https:\/\/www.article-marketing.eu\/comunicati\/#\/schema\/person\/image\/\",\"url\":\"https:\/\/secure.gravatar.com\/avatar\/50e5c6421d3072f42e7ace803501602c60d75233d34e29fd05feb91c8760b792?s=96&d=mm&r=g\",\"contentUrl\":\"https:\/\/secure.gravatar.com\/avatar\/50e5c6421d3072f42e7ace803501602c60d75233d34e29fd05feb91c8760b792?s=96&d=mm&r=g\",\"caption\":\"Redazione Comunicati Stampa\"},\"url\":\"https:\/\/www.article-marketing.eu\/comunicati\/author\/redazione-comunicati-stampa\/\"}]}<\/script>\n<!-- \/ Yoast SEO plugin. -->","yoast_head_json":{"title":"Un parco di Barcellona: il Parco de la Ciutadella - Article Marketing","robots":{"index":"index","follow":"follow","max-snippet":"max-snippet:-1","max-image-preview":"max-image-preview:large","max-video-preview":"max-video-preview:-1"},"canonical":"https:\/\/www.article-marketing.eu\/comunicati\/viaggi-e-vacanze\/destinazioni\/un-parco-di-barcellona-il-parco-de-la-ciutadella\/","og_locale":"it_IT","og_type":"article","og_title":"Un parco di Barcellona: il Parco de la Ciutadella - Article Marketing","og_description":"Il Parco de la Ciutadella \u00e8 per Barcellona una delle (poche) zone in cui \u00e8 possibile concedersi una pausa e staccare dalla frenetica vita della citt\u00e1.","og_url":"https:\/\/www.article-marketing.eu\/comunicati\/viaggi-e-vacanze\/destinazioni\/un-parco-di-barcellona-il-parco-de-la-ciutadella\/","og_site_name":"Article Marketing","article_published_time":"2009-09-21T10:35:29+00:00","author":"Redazione Comunicati Stampa","twitter_card":"summary_large_image","twitter_misc":{"Scritto da":"Redazione Comunicati Stampa","Tempo di lettura stimato":"2 minuti"},"schema":{"@context":"https:\/\/schema.org","@graph":[{"@type":"Article","@id":"https:\/\/www.article-marketing.eu\/comunicati\/viaggi-e-vacanze\/destinazioni\/un-parco-di-barcellona-il-parco-de-la-ciutadella\/#article","isPartOf":{"@id":"https:\/\/www.article-marketing.eu\/comunicati\/viaggi-e-vacanze\/destinazioni\/un-parco-di-barcellona-il-parco-de-la-ciutadella\/"},"author":{"name":"Redazione Comunicati Stampa","@id":"https:\/\/www.article-marketing.eu\/comunicati\/#\/schema\/person\/44372e4d4d0fa797b18e03ed1ace9017"},"headline":"Un parco di Barcellona: il Parco de la Ciutadella","datePublished":"2009-09-21T10:35:29+00:00","mainEntityOfPage":{"@id":"https:\/\/www.article-marketing.eu\/comunicati\/viaggi-e-vacanze\/destinazioni\/un-parco-di-barcellona-il-parco-de-la-ciutadella\/"},"wordCount":437,"commentCount":0,"keywords":["appartamenti Barcellona","Barcellona","parchi Barcellona","parco Ciutadella","parco de la Ciutadella"],"articleSection":["Destinazioni"],"inLanguage":"it-IT","potentialAction":[{"@type":"CommentAction","name":"Comment","target":["https:\/\/www.article-marketing.eu\/comunicati\/viaggi-e-vacanze\/destinazioni\/un-parco-di-barcellona-il-parco-de-la-ciutadella\/#respond"]}]},{"@type":"WebPage","@id":"https:\/\/www.article-marketing.eu\/comunicati\/viaggi-e-vacanze\/destinazioni\/un-parco-di-barcellona-il-parco-de-la-ciutadella\/","url":"https:\/\/www.article-marketing.eu\/comunicati\/viaggi-e-vacanze\/destinazioni\/un-parco-di-barcellona-il-parco-de-la-ciutadella\/","name":"Un parco di Barcellona: il Parco de la Ciutadella - Article Marketing","isPartOf":{"@id":"https:\/\/www.article-marketing.eu\/comunicati\/#website"},"datePublished":"2009-09-21T10:35:29+00:00","author":{"@id":"https:\/\/www.article-marketing.eu\/comunicati\/#\/schema\/person\/44372e4d4d0fa797b18e03ed1ace9017"},"breadcrumb":{"@id":"https:\/\/www.article-marketing.eu\/comunicati\/viaggi-e-vacanze\/destinazioni\/un-parco-di-barcellona-il-parco-de-la-ciutadella\/#breadcrumb"},"inLanguage":"it-IT","potentialAction":[{"@type":"ReadAction","target":["https:\/\/www.article-marketing.eu\/comunicati\/viaggi-e-vacanze\/destinazioni\/un-parco-di-barcellona-il-parco-de-la-ciutadella\/"]}]},{"@type":"BreadcrumbList","@id":"https:\/\/www.article-marketing.eu\/comunicati\/viaggi-e-vacanze\/destinazioni\/un-parco-di-barcellona-il-parco-de-la-ciutadella\/#breadcrumb","itemListElement":[{"@type":"ListItem","position":1,"name":"Home","item":"https:\/\/www.article-marketing.eu\/comunicati\/"},{"@type":"ListItem","position":2,"name":"Un parco di Barcellona: il Parco de la Ciutadella"}]},{"@type":"WebSite","@id":"https:\/\/www.article-marketing.eu\/comunicati\/#website","url":"https:\/\/www.article-marketing.eu\/comunicati\/","name":"Article Marketing","description":"article marketing &amp; press release","potentialAction":[{"@type":"SearchAction","target":{"@type":"EntryPoint","urlTemplate":"https:\/\/www.article-marketing.eu\/comunicati\/?s={search_term_string}"},"query-input":{"@type":"PropertyValueSpecification","valueRequired":true,"valueName":"search_term_string"}}],"inLanguage":"it-IT"},{"@type":"Person","@id":"https:\/\/www.article-marketing.eu\/comunicati\/#\/schema\/person\/44372e4d4d0fa797b18e03ed1ace9017","name":"Redazione Comunicati Stampa","image":{"@type":"ImageObject","inLanguage":"it-IT","@id":"https:\/\/www.article-marketing.eu\/comunicati\/#\/schema\/person\/image\/","url":"https:\/\/secure.gravatar.com\/avatar\/50e5c6421d3072f42e7ace803501602c60d75233d34e29fd05feb91c8760b792?s=96&d=mm&r=g","contentUrl":"https:\/\/secure.gravatar.com\/avatar\/50e5c6421d3072f42e7ace803501602c60d75233d34e29fd05feb91c8760b792?s=96&d=mm&r=g","caption":"Redazione Comunicati Stampa"},"url":"https:\/\/www.article-marketing.eu\/comunicati\/author\/redazione-comunicati-stampa\/"}]}},"_links":{"self":[{"href":"https:\/\/www.article-marketing.eu\/comunicati\/wp-json\/wp\/v2\/posts\/2814","targetHints":{"allow":["GET"]}}],"collection":[{"href":"https:\/\/www.article-marketing.eu\/comunicati\/wp-json\/wp\/v2\/posts"}],"about":[{"href":"https:\/\/www.article-marketing.eu\/comunicati\/wp-json\/wp\/v2\/types\/post"}],"author":[{"embeddable":true,"href":"https:\/\/www.article-marketing.eu\/comunicati\/wp-json\/wp\/v2\/users\/10"}],"replies":[{"embeddable":true,"href":"https:\/\/www.article-marketing.eu\/comunicati\/wp-json\/wp\/v2\/comments?post=2814"}],"version-history":[{"count":0,"href":"https:\/\/www.article-marketing.eu\/comunicati\/wp-json\/wp\/v2\/posts\/2814\/revisions"}],"wp:attachment":[{"href":"https:\/\/www.article-marketing.eu\/comunicati\/wp-json\/wp\/v2\/media?parent=2814"}],"wp:term":[{"taxonomy":"category","embeddable":true,"href":"https:\/\/www.article-marketing.eu\/comunicati\/wp-json\/wp\/v2\/categories?post=2814"},{"taxonomy":"post_tag","embeddable":true,"href":"https:\/\/www.article-marketing.eu\/comunicati\/wp-json\/wp\/v2\/tags?post=2814"}],"curies":[{"name":"wp","href":"https:\/\/api.w.org\/{rel}","templated":true}]}}