{"id":2815,"date":"2009-09-21T13:11:01","date_gmt":"2009-09-21T11:11:01","guid":{"rendered":"http:\/\/www.article-marketing.eu\/comunicati\/senza-categoria\/ricerca-sullaccettabilit%e0-sociale-delle-tecnologie-rinnovabili\/"},"modified":"2009-09-21T13:11:01","modified_gmt":"2009-09-21T11:11:01","slug":"ricerca-sullaccettabilit%e0-sociale-delle-tecnologie-rinnovabili","status":"publish","type":"post","link":"https:\/\/www.article-marketing.eu\/comunicati\/ambiente\/fonti-rinnovabili\/ricerca-sullaccettabilit%e0-sociale-delle-tecnologie-rinnovabili\/","title":{"rendered":"Ricerca sull&#8217;accettabilit\u00e0 sociale delle tecnologie rinnovabili"},"content":{"rendered":"<p>Ricerca sull&#8217;Accettabilit\u00e0 sociale delle tecnologie rinnovabili<\/p>\n<p>Per molti anni si \u00e8 creduto che il miglioramento tecnologico,<br \/>\nscientifico ed ingegneristico fosse in grado di portare ad una<br \/>\nriduzione dei consumi di energia. Il miglioramento del rendimento di<br \/>\nconversione delle varie tecnologie e l&#8217;ottimizzazione dei processi si \u00e8<br \/>\nvisto non essere sufficiente per invertire la tendenza dei consumi di<br \/>\nenergia. E con l&#8217;aumento dei consumi energetici aumentano le emissioni<br \/>\ndi gas ad effetto serra.<\/p>\n<p>Ogni Paese del mondo ha in Agenda l\u2019impegno di aumentare il contributo<br \/>\ndelle fonti rinnovabili nel loro fabbisogno energetico. Alcuni Paesi si<br \/>\nsono imposti degli ambiziosi target ed hanno creato un contesto per lo<br \/>\nsviluppo delle nuove tecnologie e per le tecnologie rinnovabili <strong>molto<br \/>\nfertile dal punto di vista tecnico \u2013 economico<\/strong>.<br \/>\nTuttavia con l\u2019aumentare della penetrazione degli impianti per la<br \/>\nproduzione di energia da fonti rinnovabili si osserva che la diffusione<br \/>\nnon \u00e8 efficiente e veloce come previsto: <strong>vi \u00e8 un fattore<br \/>\nfinora largamente trascurato che frequentemente risulta essere di<br \/>\nostacolo per lo sviluppo dei progetti: l&#8217;accettabilit\u00e0 sociale<\/strong>.<\/p>\n<p>Questo aspetto \u00e8 stato trascurato negli anni \u201970 e \u201980, periodo durante<br \/>\nil quale partirono i programmi per la creazione delle politiche<br \/>\nenergetiche. Dai sondaggi di<br \/>\nopinione la popolazione dimostrava di accettare ampiamente le tecnologie per la produzione di energia dafonti rinnovabili perci\u00f2 i<br \/>\npolitici, gli sviluppatori, le aziende e le autorit\u00e0 locali non<br \/>\nconsiderarono la questione dell\u2019accettabilit\u00e0 sociale.<\/p>\n<p>E&#8217; partito uno studio condotto presso l&#8217;Universit\u00e0 di Padova che,<br \/>\ngrazie ad un questionario online, mira ad analizzare quale siano i<br \/>\nfattori ritenuti pi\u00f9 importanti per favorire l&#8217;accettabilit\u00e0 sociale<br \/>\ndegli impianti rinnovabili e la diffusione delle tecnologie con maggior<br \/>\nefficienza.<\/p>\n<p>Per <strong>partecipare alla ricerca<\/strong> \u00e8 sufficiente far la richiesta di<br \/>\npartecipazione compilando il modulo presente in questa pagina:<br \/>\n<a class=\"moz-txt-link-freetext\" href=\"http:\/\/www.accettabilitasociale.com\/sondaggio\/index.php\">http:\/\/www.accettabilitasociale.com\/sondaggio\/index.php<\/a><\/p>\n<p>Caratteristiche delle tecnologie rinnovabili<br \/>Le tecnologie rinnovabili presentano alcune sostanziali differenze rispetto gli impianti tradizionali.<\/p>\n<ul>\n<li><strong>dimensioni minori, numero siti installazioni maggiore<\/strong>:<br \/>\nsono generalmente impianti di dimensioni minori e di conseguenza vi \u00e8<br \/>\nla necessit\u00e0&nbsp; di un maggior numero di siti per la loro installazione<br \/>\nper cui le persone attivamente coinvolte sono in numero maggiore.<\/li>\n<li><strong>densit\u00e0&nbsp; energetica minore<\/strong>: hanno una \u201cdensit\u00e0&nbsp;<br \/>\nenergetica\u201d inferiore ovvero l\u2019impatto visuale per MWh di output \u00e8<br \/>\nmolto maggiore rispetto gli impianti tradizionali i quali molto spesso<br \/>\nutilizzano miniere sotterranee o ambienti gi\u00e0&nbsp; messi a dura prova dagli<br \/>\nutilizzi precedenti.<\/li>\n<li><strong>esternalit\u00e0&nbsp; non ben definite<\/strong>: poich\u00e8 i costi<br \/>\nesterni, le esternalit\u00e0 , non sono ancora presi in considerazione<br \/>\nquando si valuta il costo dell\u2019energia prodotta da impianti<br \/>\ntradizionali, le tecnologie rinnovabili non possono competere.<\/li>\n<\/ul>\n<p>&nbsp;<\/p>\n","protected":false},"excerpt":{"rendered":"<p>L&#8217;Universit\u00e0 di Padova ha avviato una studio che mira a individuare quali sono i fattori ritenuti pi\u00f9 importanti al fine di favorire l&#8217;accettabilit\u00e0 sociale delle tecnologie rinnovabili.<\/p>\n","protected":false},"author":10,"featured_media":0,"comment_status":"open","ping_status":"open","sticky":false,"template":"","format":"standard","meta":{"cybocfi_hide_featured_image":"","footnotes":""},"categories":[112],"tags":[9124,113,4371],"class_list":["post-2815","post","type-post","status-publish","format-standard","hentry","category-fonti-rinnovabili","tag-accettabilita-sociale","tag-energia","tag-fonti-rinnovabili"],"yoast_head":"<!-- This site is optimized with the Yoast SEO plugin v27.0 - https:\/\/yoast.com\/product\/yoast-seo-wordpress\/ -->\n<title>Ricerca sull&#039;accettabilit\u00e0 sociale delle tecnologie rinnovabili - Article Marketing<\/title>\n<meta name=\"robots\" content=\"index, follow, max-snippet:-1, max-image-preview:large, max-video-preview:-1\" \/>\n<link rel=\"canonical\" href=\"https:\/\/www.article-marketing.eu\/comunicati\/ambiente\/fonti-rinnovabili\/ricerca-sullaccettabilit?-sociale-delle-tecnologie-rinnovabili\/\" \/>\n<meta property=\"og:locale\" content=\"it_IT\" \/>\n<meta property=\"og:type\" content=\"article\" \/>\n<meta property=\"og:title\" content=\"Ricerca sull&#039;accettabilit\u00e0 sociale delle tecnologie rinnovabili - Article Marketing\" \/>\n<meta property=\"og:description\" content=\"L&#039;Universit\u00e0 di Padova ha avviato una studio che mira a individuare quali sono i fattori ritenuti pi\u00f9 importanti al fine di favorire l&#039;accettabilit\u00e0 sociale delle tecnologie rinnovabili.\" \/>\n<meta property=\"og:url\" content=\"\" \/>\n<meta property=\"og:site_name\" content=\"Article Marketing\" \/>\n<meta property=\"article:published_time\" content=\"2009-09-21T11:11:01+00:00\" \/>\n<meta name=\"author\" content=\"Redazione Comunicati Stampa\" \/>\n<meta name=\"twitter:card\" content=\"summary_large_image\" \/>\n<meta name=\"twitter:label1\" content=\"Scritto da\" \/>\n\t<meta name=\"twitter:data1\" content=\"Redazione Comunicati Stampa\" \/>\n\t<meta name=\"twitter:label2\" content=\"Tempo di lettura stimato\" \/>\n\t<meta name=\"twitter:data2\" content=\"2 minuti\" \/>\n<script type=\"application\/ld+json\" class=\"yoast-schema-graph\">{\"@context\":\"https:\/\/schema.org\",\"@graph\":[{\"@type\":\"Article\",\"@id\":\"https:\/\/www.article-marketing.eu\/comunicati\/ambiente\/fonti-rinnovabili\/ricerca-sullaccettabilit%e0-sociale-delle-tecnologie-rinnovabili\/#article\",\"isPartOf\":{\"@id\":\"https:\/\/www.article-marketing.eu\/comunicati\/ambiente\/fonti-rinnovabili\/ricerca-sullaccettabilit%e0-sociale-delle-tecnologie-rinnovabili\/\"},\"author\":{\"name\":\"Redazione Comunicati Stampa\",\"@id\":\"https:\/\/www.article-marketing.eu\/comunicati\/#\/schema\/person\/44372e4d4d0fa797b18e03ed1ace9017\"},\"headline\":\"Ricerca sull&#8217;accettabilit\u00e0 sociale delle tecnologie rinnovabili\",\"datePublished\":\"2009-09-21T11:11:01+00:00\",\"mainEntityOfPage\":{\"@id\":\"https:\/\/www.article-marketing.eu\/comunicati\/ambiente\/fonti-rinnovabili\/ricerca-sullaccettabilit%e0-sociale-delle-tecnologie-rinnovabili\/\"},\"wordCount\":425,\"commentCount\":0,\"keywords\":[\"accettabilit\u00e0 sociale\",\"energia\",\"fonti rinnovabili\"],\"articleSection\":[\"Fonti rinnovabili\"],\"inLanguage\":\"it-IT\",\"potentialAction\":[{\"@type\":\"CommentAction\",\"name\":\"Comment\",\"target\":[\"https:\/\/www.article-marketing.eu\/comunicati\/ambiente\/fonti-rinnovabili\/ricerca-sullaccettabilit%e0-sociale-delle-tecnologie-rinnovabili\/#respond\"]}]},{\"@type\":\"WebPage\",\"@id\":\"https:\/\/www.article-marketing.eu\/comunicati\/ambiente\/fonti-rinnovabili\/ricerca-sullaccettabilit%e0-sociale-delle-tecnologie-rinnovabili\/\",\"url\":\"https:\/\/www.article-marketing.eu\/comunicati\/ambiente\/fonti-rinnovabili\/ricerca-sullaccettabilit%e0-sociale-delle-tecnologie-rinnovabili\/\",\"name\":\"Ricerca sull'accettabilit\u00e0 sociale delle tecnologie rinnovabili - Article Marketing\",\"isPartOf\":{\"@id\":\"https:\/\/www.article-marketing.eu\/comunicati\/#website\"},\"datePublished\":\"2009-09-21T11:11:01+00:00\",\"author\":{\"@id\":\"https:\/\/www.article-marketing.eu\/comunicati\/#\/schema\/person\/44372e4d4d0fa797b18e03ed1ace9017\"},\"breadcrumb\":{\"@id\":\"https:\/\/www.article-marketing.eu\/comunicati\/ambiente\/fonti-rinnovabili\/ricerca-sullaccettabilit%e0-sociale-delle-tecnologie-rinnovabili\/#breadcrumb\"},\"inLanguage\":\"it-IT\",\"potentialAction\":[{\"@type\":\"ReadAction\",\"target\":[\"https:\/\/www.article-marketing.eu\/comunicati\/ambiente\/fonti-rinnovabili\/ricerca-sullaccettabilit%e0-sociale-delle-tecnologie-rinnovabili\/\"]}]},{\"@type\":\"BreadcrumbList\",\"@id\":\"https:\/\/www.article-marketing.eu\/comunicati\/ambiente\/fonti-rinnovabili\/ricerca-sullaccettabilit%e0-sociale-delle-tecnologie-rinnovabili\/#breadcrumb\",\"itemListElement\":[{\"@type\":\"ListItem\",\"position\":1,\"name\":\"Home\",\"item\":\"https:\/\/www.article-marketing.eu\/comunicati\/\"},{\"@type\":\"ListItem\",\"position\":2,\"name\":\"Ricerca sull&#8217;accettabilit\u00e0 sociale delle tecnologie rinnovabili\"}]},{\"@type\":\"WebSite\",\"@id\":\"https:\/\/www.article-marketing.eu\/comunicati\/#website\",\"url\":\"https:\/\/www.article-marketing.eu\/comunicati\/\",\"name\":\"Article Marketing\",\"description\":\"article marketing &amp; press release\",\"potentialAction\":[{\"@type\":\"SearchAction\",\"target\":{\"@type\":\"EntryPoint\",\"urlTemplate\":\"https:\/\/www.article-marketing.eu\/comunicati\/?s={search_term_string}\"},\"query-input\":{\"@type\":\"PropertyValueSpecification\",\"valueRequired\":true,\"valueName\":\"search_term_string\"}}],\"inLanguage\":\"it-IT\"},{\"@type\":\"Person\",\"@id\":\"https:\/\/www.article-marketing.eu\/comunicati\/#\/schema\/person\/44372e4d4d0fa797b18e03ed1ace9017\",\"name\":\"Redazione Comunicati Stampa\",\"image\":{\"@type\":\"ImageObject\",\"inLanguage\":\"it-IT\",\"@id\":\"https:\/\/www.article-marketing.eu\/comunicati\/#\/schema\/person\/image\/\",\"url\":\"https:\/\/secure.gravatar.com\/avatar\/50e5c6421d3072f42e7ace803501602c60d75233d34e29fd05feb91c8760b792?s=96&d=mm&r=g\",\"contentUrl\":\"https:\/\/secure.gravatar.com\/avatar\/50e5c6421d3072f42e7ace803501602c60d75233d34e29fd05feb91c8760b792?s=96&d=mm&r=g\",\"caption\":\"Redazione Comunicati Stampa\"},\"url\":\"https:\/\/www.article-marketing.eu\/comunicati\/author\/redazione-comunicati-stampa\/\"}]}<\/script>\n<!-- \/ Yoast SEO plugin. -->","yoast_head_json":{"title":"Ricerca sull'accettabilit\u00e0 sociale delle tecnologie rinnovabili - Article Marketing","robots":{"index":"index","follow":"follow","max-snippet":"max-snippet:-1","max-image-preview":"max-image-preview:large","max-video-preview":"max-video-preview:-1"},"canonical":"https:\/\/www.article-marketing.eu\/comunicati\/ambiente\/fonti-rinnovabili\/ricerca-sullaccettabilit?-sociale-delle-tecnologie-rinnovabili\/","og_locale":"it_IT","og_type":"article","og_title":"Ricerca sull'accettabilit\u00e0 sociale delle tecnologie rinnovabili - Article Marketing","og_description":"L'Universit\u00e0 di Padova ha avviato una studio che mira a individuare quali sono i fattori ritenuti pi\u00f9 importanti al fine di favorire l'accettabilit\u00e0 sociale delle tecnologie rinnovabili.","og_url":"https:\/\/www.article-marketing.eu\/comunicati\/ambiente\/fonti-rinnovabili\/ricerca-sullaccettabilit?-sociale-delle-tecnologie-rinnovabili\/","og_site_name":"Article Marketing","article_published_time":"2009-09-21T11:11:01+00:00","author":"Redazione Comunicati Stampa","twitter_card":"summary_large_image","twitter_misc":{"Scritto da":"Redazione Comunicati Stampa","Tempo di lettura stimato":"2 minuti"},"schema":{"@context":"https:\/\/schema.org","@graph":[{"@type":"Article","@id":"https:\/\/www.article-marketing.eu\/comunicati\/ambiente\/fonti-rinnovabili\/ricerca-sullaccettabilit%e0-sociale-delle-tecnologie-rinnovabili\/#article","isPartOf":{"@id":"https:\/\/www.article-marketing.eu\/comunicati\/ambiente\/fonti-rinnovabili\/ricerca-sullaccettabilit%e0-sociale-delle-tecnologie-rinnovabili\/"},"author":{"name":"Redazione Comunicati Stampa","@id":"https:\/\/www.article-marketing.eu\/comunicati\/#\/schema\/person\/44372e4d4d0fa797b18e03ed1ace9017"},"headline":"Ricerca sull&#8217;accettabilit\u00e0 sociale delle tecnologie rinnovabili","datePublished":"2009-09-21T11:11:01+00:00","mainEntityOfPage":{"@id":"https:\/\/www.article-marketing.eu\/comunicati\/ambiente\/fonti-rinnovabili\/ricerca-sullaccettabilit%e0-sociale-delle-tecnologie-rinnovabili\/"},"wordCount":425,"commentCount":0,"keywords":["accettabilit\u00e0 sociale","energia","fonti rinnovabili"],"articleSection":["Fonti rinnovabili"],"inLanguage":"it-IT","potentialAction":[{"@type":"CommentAction","name":"Comment","target":["https:\/\/www.article-marketing.eu\/comunicati\/ambiente\/fonti-rinnovabili\/ricerca-sullaccettabilit%e0-sociale-delle-tecnologie-rinnovabili\/#respond"]}]},{"@type":"WebPage","@id":"https:\/\/www.article-marketing.eu\/comunicati\/ambiente\/fonti-rinnovabili\/ricerca-sullaccettabilit%e0-sociale-delle-tecnologie-rinnovabili\/","url":"https:\/\/www.article-marketing.eu\/comunicati\/ambiente\/fonti-rinnovabili\/ricerca-sullaccettabilit%e0-sociale-delle-tecnologie-rinnovabili\/","name":"Ricerca sull'accettabilit\u00e0 sociale delle tecnologie rinnovabili - Article Marketing","isPartOf":{"@id":"https:\/\/www.article-marketing.eu\/comunicati\/#website"},"datePublished":"2009-09-21T11:11:01+00:00","author":{"@id":"https:\/\/www.article-marketing.eu\/comunicati\/#\/schema\/person\/44372e4d4d0fa797b18e03ed1ace9017"},"breadcrumb":{"@id":"https:\/\/www.article-marketing.eu\/comunicati\/ambiente\/fonti-rinnovabili\/ricerca-sullaccettabilit%e0-sociale-delle-tecnologie-rinnovabili\/#breadcrumb"},"inLanguage":"it-IT","potentialAction":[{"@type":"ReadAction","target":["https:\/\/www.article-marketing.eu\/comunicati\/ambiente\/fonti-rinnovabili\/ricerca-sullaccettabilit%e0-sociale-delle-tecnologie-rinnovabili\/"]}]},{"@type":"BreadcrumbList","@id":"https:\/\/www.article-marketing.eu\/comunicati\/ambiente\/fonti-rinnovabili\/ricerca-sullaccettabilit%e0-sociale-delle-tecnologie-rinnovabili\/#breadcrumb","itemListElement":[{"@type":"ListItem","position":1,"name":"Home","item":"https:\/\/www.article-marketing.eu\/comunicati\/"},{"@type":"ListItem","position":2,"name":"Ricerca sull&#8217;accettabilit\u00e0 sociale delle tecnologie rinnovabili"}]},{"@type":"WebSite","@id":"https:\/\/www.article-marketing.eu\/comunicati\/#website","url":"https:\/\/www.article-marketing.eu\/comunicati\/","name":"Article Marketing","description":"article marketing &amp; press release","potentialAction":[{"@type":"SearchAction","target":{"@type":"EntryPoint","urlTemplate":"https:\/\/www.article-marketing.eu\/comunicati\/?s={search_term_string}"},"query-input":{"@type":"PropertyValueSpecification","valueRequired":true,"valueName":"search_term_string"}}],"inLanguage":"it-IT"},{"@type":"Person","@id":"https:\/\/www.article-marketing.eu\/comunicati\/#\/schema\/person\/44372e4d4d0fa797b18e03ed1ace9017","name":"Redazione Comunicati Stampa","image":{"@type":"ImageObject","inLanguage":"it-IT","@id":"https:\/\/www.article-marketing.eu\/comunicati\/#\/schema\/person\/image\/","url":"https:\/\/secure.gravatar.com\/avatar\/50e5c6421d3072f42e7ace803501602c60d75233d34e29fd05feb91c8760b792?s=96&d=mm&r=g","contentUrl":"https:\/\/secure.gravatar.com\/avatar\/50e5c6421d3072f42e7ace803501602c60d75233d34e29fd05feb91c8760b792?s=96&d=mm&r=g","caption":"Redazione Comunicati Stampa"},"url":"https:\/\/www.article-marketing.eu\/comunicati\/author\/redazione-comunicati-stampa\/"}]}},"_links":{"self":[{"href":"https:\/\/www.article-marketing.eu\/comunicati\/wp-json\/wp\/v2\/posts\/2815","targetHints":{"allow":["GET"]}}],"collection":[{"href":"https:\/\/www.article-marketing.eu\/comunicati\/wp-json\/wp\/v2\/posts"}],"about":[{"href":"https:\/\/www.article-marketing.eu\/comunicati\/wp-json\/wp\/v2\/types\/post"}],"author":[{"embeddable":true,"href":"https:\/\/www.article-marketing.eu\/comunicati\/wp-json\/wp\/v2\/users\/10"}],"replies":[{"embeddable":true,"href":"https:\/\/www.article-marketing.eu\/comunicati\/wp-json\/wp\/v2\/comments?post=2815"}],"version-history":[{"count":0,"href":"https:\/\/www.article-marketing.eu\/comunicati\/wp-json\/wp\/v2\/posts\/2815\/revisions"}],"wp:attachment":[{"href":"https:\/\/www.article-marketing.eu\/comunicati\/wp-json\/wp\/v2\/media?parent=2815"}],"wp:term":[{"taxonomy":"category","embeddable":true,"href":"https:\/\/www.article-marketing.eu\/comunicati\/wp-json\/wp\/v2\/categories?post=2815"},{"taxonomy":"post_tag","embeddable":true,"href":"https:\/\/www.article-marketing.eu\/comunicati\/wp-json\/wp\/v2\/tags?post=2815"}],"curies":[{"name":"wp","href":"https:\/\/api.w.org\/{rel}","templated":true}]}}