{"id":2832,"date":"2009-09-23T11:57:57","date_gmt":"2009-09-23T09:57:57","guid":{"rendered":"http:\/\/www.article-marketing.eu\/comunicati\/senza-categoria\/cosa-includere-nella-borsa-da-portare-con-se-al-momento-del-parto\/"},"modified":"2009-09-23T11:57:57","modified_gmt":"2009-09-23T09:57:57","slug":"cosa-includere-nella-borsa-da-portare-con-se-al-momento-del-parto","status":"publish","type":"post","link":"https:\/\/www.article-marketing.eu\/comunicati\/societa\/abbigliamento\/cosa-includere-nella-borsa-da-portare-con-se-al-momento-del-parto\/","title":{"rendered":"Cosa includere nella borsa da portare con s\u00e9 al momento del parto?"},"content":{"rendered":"<p>Con l\u2019inizio del terzo trimestre gi\u00e0 alcune future mamme iniziano a pensare cosa portare all\u2019ospedale al momento del parto mentre per altre la preparazione della borsa parto viene rimandata a sole poche settimane dal tanto atteso giorno. L\u2019importante tuttavia \u00e8 sapere cosa portare con s\u00e9 in ospedale per affrontare al meglio sia il momento del travaglio che quello successivo alla nascita del bimbo. <\/p>\n<p>Preparare la borsa per il parto in anticipo \u00e8 anche un modo per sentirsi pi\u00f9 organizzate. Infatti il periodo che precede il parto \u00e8 proprio quel momento nel quale le future mamme trovano pi\u00f9 difficolt\u00e0 nell\u2019organizzarsi, perci\u00f2 sapere che qualcosa \u00e8 gi\u00e0 pronto e predisposto pu\u00f2 rassicurare e tranquillizzare.&nbsp;&nbsp; &nbsp;<\/p>\n<p>La donna nella preparazione della valigetta per il parto si porr\u00e0 sicuramente alcune domande. Cosa devo portare in ospedale? Quali sono gli indumenti e gli oggetti di cui avr\u00f2 bisogno? E quali sono quelli pi\u00f9 adatti? La prima cosa che la futura mamma deve prendere in considerazione \u00e8 il fattore comodit\u00e0 e qualit\u00e0 dei capi.<\/p>\n<p>Notevole importanza \u00e8 rivolta pertanto all\u2019abbigliamento intimo che deve essere di ottima qualit\u00e0 per proteggere ed accompagnare la donna nei primi giorni e poi anche in quelli successivi alla nascita del proprio bambino. MySanity, azienda specializzata in intimo pre e post parto, afferma che \u00e8 necessario produrre un intimo che sia sinonimo di qualit\u00e0, comfort e, perch\u00e9 no, anche stile ed eleganza.<\/p>\n<p><a href=\"http:\/\/www.mysanity.it\/\">MySanity<\/a> consiglia alle future mamme di portare con s\u00e9 i seguenti capi d\u2019intimo post parto, i quali pertanto appartengono alle sue collezioni. Nella borsa parto non dovranno mancare:<br \/>&#8211;&nbsp;&nbsp; &nbsp;la camicia clinica, in morbido cotone che grazie alla pratica apertura prevede grande confort e maggiore libert\u00e0 di movimento;<br \/>&#8211;&nbsp;&nbsp; &nbsp;le mutande monouso, comode ed igieniche in tessuto non tessuto indispensabili per la degenza; <br \/>&#8211;&nbsp;&nbsp; &nbsp;il reggiseno allattamento in cotone con pizzo oppure preformato, entrambi sono pratici e confortevoli e dotati del sistema sgancio rapido ultrafacile; <br \/>&#8211;&nbsp;&nbsp; &nbsp;la guaina post parto, la quale assicura una pi\u00f9 facile vestibilit\u00e0 e notevole sostegno alla schiena adattandosi alla colonna vertebrale; <br \/>&#8211;&nbsp;&nbsp; &nbsp;ed infine le coppette assorbilatte, anatomiche e di materiale soffice che assorbono anche l\u2019umidit\u00e0 e mantengono il seno asciutto.<\/p>\n<p>MySanity \u00e8 un\u2019azienda che privilegia i materiali naturali, biologici ed igienici ed assicura quindi i pi\u00f9 alti standard qualitativi al fine di presentare un prodotto di ottima qualit\u00e0, interamente realizzato e certificato in Italia. Le fasi di produzione, le quali vengono effettuate in Italia, permettono inoltre di ridurre le emissioni di CO2 accorciando i tempi di trasporto delle materie prime che non provengono dall\u2019estero ma bens\u00ec dal Belpaese. <\/p>\n<p>Oggigiorno le aziende di abbigliamento che rispettano l\u2019ambiente e prediligono la produzione interna al nostro paese stanno aumentando. MySanity, che continua con successo la sua attivit\u00e0 all\u2019insegna dello sviluppo e dell\u2019innovazione conscia dell\u2019ambiente che la circonda, \u00e8 un ottimo esempio di realt\u00e0 imprenditoriale che si muove verso la giusta direzione.<\/p>\n<p>Per ulteriori informazioni sulle collezioni MySanity visitate il sito www.mysanity.it<\/p>\n","protected":false},"excerpt":{"rendered":"<p>Le scelte giuste per preparare la borsa parto utilizzando i prodotti giusti, sicuri e di qualit\u00e0.<\/p>\n","protected":false},"author":10,"featured_media":0,"comment_status":"open","ping_status":"open","sticky":false,"template":"","format":"standard","meta":{"cybocfi_hide_featured_image":"","footnotes":""},"categories":[3429],"tags":[9192,9190,9199,9196,9194,9201,9202,9195,9200,9193,9191,9198,9187,9188,9186,9197,9189],"class_list":["post-2832","post","type-post","status-publish","format-standard","hentry","category-abbigliamento","tag-abbigliamento-gestanti","tag-abbigliamento-intimo","tag-abbigliamento-naturale","tag-abbigliamento-per-la-gravidanza","tag-abbigliamento-premaman","tag-capi-naturali","tag-fibra-naturale","tag-gravidanza","tag-intimo-comodo","tag-intimo-gestanti","tag-intimo-mamma","tag-intimo-pre-e-post-parto","tag-linea-bamboo","tag-linea-mamma","tag-mysanity","tag-pre-e-post-parto","tag-silver-label"],"yoast_head":"<!-- This site is optimized with the Yoast SEO plugin v27.0 - https:\/\/yoast.com\/product\/yoast-seo-wordpress\/ -->\n<title>Cosa includere nella borsa da portare con s\u00e9 al momento del parto? - Article Marketing<\/title>\n<meta name=\"robots\" content=\"index, follow, max-snippet:-1, max-image-preview:large, max-video-preview:-1\" \/>\n<link rel=\"canonical\" href=\"https:\/\/www.article-marketing.eu\/comunicati\/societa\/abbigliamento\/cosa-includere-nella-borsa-da-portare-con-se-al-momento-del-parto\/\" \/>\n<meta property=\"og:locale\" content=\"it_IT\" \/>\n<meta property=\"og:type\" content=\"article\" \/>\n<meta property=\"og:title\" content=\"Cosa includere nella borsa da portare con s\u00e9 al momento del parto? - Article Marketing\" \/>\n<meta property=\"og:description\" content=\"Le scelte giuste per preparare la borsa parto utilizzando i prodotti giusti, sicuri e di qualit\u00e0.\" \/>\n<meta property=\"og:url\" content=\"https:\/\/www.article-marketing.eu\/comunicati\/societa\/abbigliamento\/cosa-includere-nella-borsa-da-portare-con-se-al-momento-del-parto\/\" \/>\n<meta property=\"og:site_name\" content=\"Article Marketing\" \/>\n<meta property=\"article:published_time\" content=\"2009-09-23T09:57:57+00:00\" \/>\n<meta name=\"author\" content=\"Redazione Comunicati Stampa\" \/>\n<meta name=\"twitter:card\" content=\"summary_large_image\" \/>\n<meta name=\"twitter:label1\" content=\"Scritto da\" \/>\n\t<meta name=\"twitter:data1\" content=\"Redazione Comunicati Stampa\" \/>\n\t<meta name=\"twitter:label2\" content=\"Tempo di lettura stimato\" \/>\n\t<meta name=\"twitter:data2\" content=\"3 minuti\" \/>\n<script type=\"application\/ld+json\" class=\"yoast-schema-graph\">{\"@context\":\"https:\/\/schema.org\",\"@graph\":[{\"@type\":\"Article\",\"@id\":\"https:\/\/www.article-marketing.eu\/comunicati\/societa\/abbigliamento\/cosa-includere-nella-borsa-da-portare-con-se-al-momento-del-parto\/#article\",\"isPartOf\":{\"@id\":\"https:\/\/www.article-marketing.eu\/comunicati\/societa\/abbigliamento\/cosa-includere-nella-borsa-da-portare-con-se-al-momento-del-parto\/\"},\"author\":{\"name\":\"Redazione Comunicati Stampa\",\"@id\":\"https:\/\/www.article-marketing.eu\/comunicati\/#\/schema\/person\/44372e4d4d0fa797b18e03ed1ace9017\"},\"headline\":\"Cosa includere nella borsa da portare con s\u00e9 al momento del parto?\",\"datePublished\":\"2009-09-23T09:57:57+00:00\",\"mainEntityOfPage\":{\"@id\":\"https:\/\/www.article-marketing.eu\/comunicati\/societa\/abbigliamento\/cosa-includere-nella-borsa-da-portare-con-se-al-momento-del-parto\/\"},\"wordCount\":519,\"commentCount\":0,\"keywords\":[\"abbigliamento gestanti\",\"abbigliamento intimo\",\"abbigliamento naturale\",\"abbigliamento per la gravidanza\",\"abbigliamento premaman\",\"capi naturali\",\"fibra naturale\",\"gravidanza\",\"intimo comodo\",\"intimo gestanti\",\"intimo mamma\",\"intimo pre e post parto\",\"linea bamboo\",\"linea mamma\",\"mysanity\",\"pre e post parto\",\"silver label\"],\"articleSection\":[\"Abbigliamento e accessori\"],\"inLanguage\":\"it-IT\",\"potentialAction\":[{\"@type\":\"CommentAction\",\"name\":\"Comment\",\"target\":[\"https:\/\/www.article-marketing.eu\/comunicati\/societa\/abbigliamento\/cosa-includere-nella-borsa-da-portare-con-se-al-momento-del-parto\/#respond\"]}]},{\"@type\":\"WebPage\",\"@id\":\"https:\/\/www.article-marketing.eu\/comunicati\/societa\/abbigliamento\/cosa-includere-nella-borsa-da-portare-con-se-al-momento-del-parto\/\",\"url\":\"https:\/\/www.article-marketing.eu\/comunicati\/societa\/abbigliamento\/cosa-includere-nella-borsa-da-portare-con-se-al-momento-del-parto\/\",\"name\":\"Cosa includere nella borsa da portare con s\u00e9 al momento del parto? - Article Marketing\",\"isPartOf\":{\"@id\":\"https:\/\/www.article-marketing.eu\/comunicati\/#website\"},\"datePublished\":\"2009-09-23T09:57:57+00:00\",\"author\":{\"@id\":\"https:\/\/www.article-marketing.eu\/comunicati\/#\/schema\/person\/44372e4d4d0fa797b18e03ed1ace9017\"},\"breadcrumb\":{\"@id\":\"https:\/\/www.article-marketing.eu\/comunicati\/societa\/abbigliamento\/cosa-includere-nella-borsa-da-portare-con-se-al-momento-del-parto\/#breadcrumb\"},\"inLanguage\":\"it-IT\",\"potentialAction\":[{\"@type\":\"ReadAction\",\"target\":[\"https:\/\/www.article-marketing.eu\/comunicati\/societa\/abbigliamento\/cosa-includere-nella-borsa-da-portare-con-se-al-momento-del-parto\/\"]}]},{\"@type\":\"BreadcrumbList\",\"@id\":\"https:\/\/www.article-marketing.eu\/comunicati\/societa\/abbigliamento\/cosa-includere-nella-borsa-da-portare-con-se-al-momento-del-parto\/#breadcrumb\",\"itemListElement\":[{\"@type\":\"ListItem\",\"position\":1,\"name\":\"Home\",\"item\":\"https:\/\/www.article-marketing.eu\/comunicati\/\"},{\"@type\":\"ListItem\",\"position\":2,\"name\":\"Cosa includere nella borsa da portare con s\u00e9 al momento del parto?\"}]},{\"@type\":\"WebSite\",\"@id\":\"https:\/\/www.article-marketing.eu\/comunicati\/#website\",\"url\":\"https:\/\/www.article-marketing.eu\/comunicati\/\",\"name\":\"Article Marketing\",\"description\":\"article marketing &amp; press release\",\"potentialAction\":[{\"@type\":\"SearchAction\",\"target\":{\"@type\":\"EntryPoint\",\"urlTemplate\":\"https:\/\/www.article-marketing.eu\/comunicati\/?s={search_term_string}\"},\"query-input\":{\"@type\":\"PropertyValueSpecification\",\"valueRequired\":true,\"valueName\":\"search_term_string\"}}],\"inLanguage\":\"it-IT\"},{\"@type\":\"Person\",\"@id\":\"https:\/\/www.article-marketing.eu\/comunicati\/#\/schema\/person\/44372e4d4d0fa797b18e03ed1ace9017\",\"name\":\"Redazione Comunicati Stampa\",\"image\":{\"@type\":\"ImageObject\",\"inLanguage\":\"it-IT\",\"@id\":\"https:\/\/www.article-marketing.eu\/comunicati\/#\/schema\/person\/image\/\",\"url\":\"https:\/\/secure.gravatar.com\/avatar\/50e5c6421d3072f42e7ace803501602c60d75233d34e29fd05feb91c8760b792?s=96&d=mm&r=g\",\"contentUrl\":\"https:\/\/secure.gravatar.com\/avatar\/50e5c6421d3072f42e7ace803501602c60d75233d34e29fd05feb91c8760b792?s=96&d=mm&r=g\",\"caption\":\"Redazione Comunicati Stampa\"},\"url\":\"https:\/\/www.article-marketing.eu\/comunicati\/author\/redazione-comunicati-stampa\/\"}]}<\/script>\n<!-- \/ Yoast SEO plugin. -->","yoast_head_json":{"title":"Cosa includere nella borsa da portare con s\u00e9 al momento del parto? - Article Marketing","robots":{"index":"index","follow":"follow","max-snippet":"max-snippet:-1","max-image-preview":"max-image-preview:large","max-video-preview":"max-video-preview:-1"},"canonical":"https:\/\/www.article-marketing.eu\/comunicati\/societa\/abbigliamento\/cosa-includere-nella-borsa-da-portare-con-se-al-momento-del-parto\/","og_locale":"it_IT","og_type":"article","og_title":"Cosa includere nella borsa da portare con s\u00e9 al momento del parto? - Article Marketing","og_description":"Le scelte giuste per preparare la borsa parto utilizzando i prodotti giusti, sicuri e di qualit\u00e0.","og_url":"https:\/\/www.article-marketing.eu\/comunicati\/societa\/abbigliamento\/cosa-includere-nella-borsa-da-portare-con-se-al-momento-del-parto\/","og_site_name":"Article Marketing","article_published_time":"2009-09-23T09:57:57+00:00","author":"Redazione Comunicati Stampa","twitter_card":"summary_large_image","twitter_misc":{"Scritto da":"Redazione Comunicati Stampa","Tempo di lettura stimato":"3 minuti"},"schema":{"@context":"https:\/\/schema.org","@graph":[{"@type":"Article","@id":"https:\/\/www.article-marketing.eu\/comunicati\/societa\/abbigliamento\/cosa-includere-nella-borsa-da-portare-con-se-al-momento-del-parto\/#article","isPartOf":{"@id":"https:\/\/www.article-marketing.eu\/comunicati\/societa\/abbigliamento\/cosa-includere-nella-borsa-da-portare-con-se-al-momento-del-parto\/"},"author":{"name":"Redazione Comunicati Stampa","@id":"https:\/\/www.article-marketing.eu\/comunicati\/#\/schema\/person\/44372e4d4d0fa797b18e03ed1ace9017"},"headline":"Cosa includere nella borsa da portare con s\u00e9 al momento del parto?","datePublished":"2009-09-23T09:57:57+00:00","mainEntityOfPage":{"@id":"https:\/\/www.article-marketing.eu\/comunicati\/societa\/abbigliamento\/cosa-includere-nella-borsa-da-portare-con-se-al-momento-del-parto\/"},"wordCount":519,"commentCount":0,"keywords":["abbigliamento gestanti","abbigliamento intimo","abbigliamento naturale","abbigliamento per la gravidanza","abbigliamento premaman","capi naturali","fibra naturale","gravidanza","intimo comodo","intimo gestanti","intimo mamma","intimo pre e post parto","linea bamboo","linea mamma","mysanity","pre e post parto","silver label"],"articleSection":["Abbigliamento e accessori"],"inLanguage":"it-IT","potentialAction":[{"@type":"CommentAction","name":"Comment","target":["https:\/\/www.article-marketing.eu\/comunicati\/societa\/abbigliamento\/cosa-includere-nella-borsa-da-portare-con-se-al-momento-del-parto\/#respond"]}]},{"@type":"WebPage","@id":"https:\/\/www.article-marketing.eu\/comunicati\/societa\/abbigliamento\/cosa-includere-nella-borsa-da-portare-con-se-al-momento-del-parto\/","url":"https:\/\/www.article-marketing.eu\/comunicati\/societa\/abbigliamento\/cosa-includere-nella-borsa-da-portare-con-se-al-momento-del-parto\/","name":"Cosa includere nella borsa da portare con s\u00e9 al momento del parto? - Article Marketing","isPartOf":{"@id":"https:\/\/www.article-marketing.eu\/comunicati\/#website"},"datePublished":"2009-09-23T09:57:57+00:00","author":{"@id":"https:\/\/www.article-marketing.eu\/comunicati\/#\/schema\/person\/44372e4d4d0fa797b18e03ed1ace9017"},"breadcrumb":{"@id":"https:\/\/www.article-marketing.eu\/comunicati\/societa\/abbigliamento\/cosa-includere-nella-borsa-da-portare-con-se-al-momento-del-parto\/#breadcrumb"},"inLanguage":"it-IT","potentialAction":[{"@type":"ReadAction","target":["https:\/\/www.article-marketing.eu\/comunicati\/societa\/abbigliamento\/cosa-includere-nella-borsa-da-portare-con-se-al-momento-del-parto\/"]}]},{"@type":"BreadcrumbList","@id":"https:\/\/www.article-marketing.eu\/comunicati\/societa\/abbigliamento\/cosa-includere-nella-borsa-da-portare-con-se-al-momento-del-parto\/#breadcrumb","itemListElement":[{"@type":"ListItem","position":1,"name":"Home","item":"https:\/\/www.article-marketing.eu\/comunicati\/"},{"@type":"ListItem","position":2,"name":"Cosa includere nella borsa da portare con s\u00e9 al momento del parto?"}]},{"@type":"WebSite","@id":"https:\/\/www.article-marketing.eu\/comunicati\/#website","url":"https:\/\/www.article-marketing.eu\/comunicati\/","name":"Article Marketing","description":"article marketing &amp; press release","potentialAction":[{"@type":"SearchAction","target":{"@type":"EntryPoint","urlTemplate":"https:\/\/www.article-marketing.eu\/comunicati\/?s={search_term_string}"},"query-input":{"@type":"PropertyValueSpecification","valueRequired":true,"valueName":"search_term_string"}}],"inLanguage":"it-IT"},{"@type":"Person","@id":"https:\/\/www.article-marketing.eu\/comunicati\/#\/schema\/person\/44372e4d4d0fa797b18e03ed1ace9017","name":"Redazione Comunicati Stampa","image":{"@type":"ImageObject","inLanguage":"it-IT","@id":"https:\/\/www.article-marketing.eu\/comunicati\/#\/schema\/person\/image\/","url":"https:\/\/secure.gravatar.com\/avatar\/50e5c6421d3072f42e7ace803501602c60d75233d34e29fd05feb91c8760b792?s=96&d=mm&r=g","contentUrl":"https:\/\/secure.gravatar.com\/avatar\/50e5c6421d3072f42e7ace803501602c60d75233d34e29fd05feb91c8760b792?s=96&d=mm&r=g","caption":"Redazione Comunicati Stampa"},"url":"https:\/\/www.article-marketing.eu\/comunicati\/author\/redazione-comunicati-stampa\/"}]}},"_links":{"self":[{"href":"https:\/\/www.article-marketing.eu\/comunicati\/wp-json\/wp\/v2\/posts\/2832","targetHints":{"allow":["GET"]}}],"collection":[{"href":"https:\/\/www.article-marketing.eu\/comunicati\/wp-json\/wp\/v2\/posts"}],"about":[{"href":"https:\/\/www.article-marketing.eu\/comunicati\/wp-json\/wp\/v2\/types\/post"}],"author":[{"embeddable":true,"href":"https:\/\/www.article-marketing.eu\/comunicati\/wp-json\/wp\/v2\/users\/10"}],"replies":[{"embeddable":true,"href":"https:\/\/www.article-marketing.eu\/comunicati\/wp-json\/wp\/v2\/comments?post=2832"}],"version-history":[{"count":0,"href":"https:\/\/www.article-marketing.eu\/comunicati\/wp-json\/wp\/v2\/posts\/2832\/revisions"}],"wp:attachment":[{"href":"https:\/\/www.article-marketing.eu\/comunicati\/wp-json\/wp\/v2\/media?parent=2832"}],"wp:term":[{"taxonomy":"category","embeddable":true,"href":"https:\/\/www.article-marketing.eu\/comunicati\/wp-json\/wp\/v2\/categories?post=2832"},{"taxonomy":"post_tag","embeddable":true,"href":"https:\/\/www.article-marketing.eu\/comunicati\/wp-json\/wp\/v2\/tags?post=2832"}],"curies":[{"name":"wp","href":"https:\/\/api.w.org\/{rel}","templated":true}]}}