{"id":2835,"date":"2009-09-23T13:20:52","date_gmt":"2009-09-23T11:20:52","guid":{"rendered":"http:\/\/www.article-marketing.eu\/comunicati\/senza-categoria\/formazione-finanziata-nel-settore-ict-dalla-regione-del-veneto\/"},"modified":"2018-06-04T20:28:03","modified_gmt":"2018-06-04T18:28:03","slug":"formazione-finanziata-nel-settore-ict-dalla-regione-del-veneto","status":"publish","type":"post","link":"https:\/\/www.article-marketing.eu\/comunicati\/comunicati-stampa\/eventi\/formazione-finanziata-nel-settore-ict-dalla-regione-del-veneto\/","title":{"rendered":"Formazione Finanziata nel settore ICT dalla Regione del Veneto"},"content":{"rendered":"<p><em><\/em><\/p>\n<p><img loading=\"lazy\" decoding=\"async\" hspace=\"5\" height=\"133\" align=\"right\" width=\"200\" src=\"http:\/\/farm4.static.flickr.com\/3306\/3605431470_74dda43678.jpg\" \/> Pensi che la <strong>Formazione<\/strong> sia una cosa importante per te o per l&#8217;azienda per cui lavori? Ti hanno detto che esistono i <strong>Finanziamenti Pubblici per la Formazione<\/strong> ma non sai orientarti tra le troppe leggi e regolamenti? Se sei veramente interessato ad ottenere un Finanziamento per <strong>Riqualificarti<\/strong> e <strong>Migliorare<\/strong> le tue prospettive di <strong>Inserimento<\/strong> e di <strong>Carriera<\/strong> leggi attentamente quanto segue.<\/p>\n<p>La possibilit\u00e0 di ottenere un <strong>Finanziamento<\/strong> per partecipare ai <strong>Corsi di Formazione<\/strong> si rivolge a molte categorie di lavoratori che \u00e8 impossibile riassumerle tutte. Alcuni esempi sono:<\/p>\n<ul>\n<li><strong>Lavoratori in Cassa Integrazione, Sospesi dal lavoro o in Mobilit\u00e0<br \/><\/strong><\/li>\n<\/ul>\n<ul>\n<li><strong>Lavoratori dipendenti con qualsiasi tipologia di contratto<br \/><\/strong><\/li>\n<\/ul>\n<ul>\n<li><strong>Imprenditori, titolari d&#8217;azienda e soci, possessori di PIVA e liberi professionisti<br \/><\/strong><\/li>\n<\/ul>\n<ul>\n<li><strong>Disoccupati\/Inoccupati<br \/><\/strong><\/li>\n<\/ul>\n<p>Vuoi conoscere la lista dei <strong>Corsi Finanziabili<\/strong> da varie normative (Alta Formazione, Formazione Continua a Voucher L.236\/93 e FSE) di <strong>prossima scadenza<\/strong>? Ti consigliamo di visitare il nostro <strong>sito web www.cnaponline.com<\/strong> e di <strong>contattarci<\/strong>.\n<\/p>\n<p><strong>NON SI SPENDE NULLA ORA.<\/strong> Le attivit\u00e0 formative inizieranno non prima del mese di Dicembre, quindi si avr\u00e0 tutto il tempo per organizzarsi. La cosa importante \u00e8 <strong>fare al pi\u00f9 presto la domanda di finanziamento<\/strong>. <strong>Non perdere questa opportunit\u00e0.<\/strong><\/p>\n<p><strong>Per maggiori informazioni e per ricevere ASSISTENZA GRATUITA alla iscrizione ai percorsi formativi e alla compilazione della eventuale domanda di finanziamento:<\/strong><\/p>\n<ul>\n<li>Modulo di richiesta informazioni<\/li>\n<li>skype: cnaponline, diana.ceccarello<\/li>\n<li>Tel: +39 349 7589885<\/li>\n<li><\/li>\n<\/ul>\n<p>CNAPONLINE<br \/>\nAdvanced professional training<br \/>\nwww.cnaponline.com<\/p>\n","protected":false},"excerpt":{"rendered":"<p>Vuoi scoprire se hai diritto ad ottenere un Finanziamento per la tua Formazione o quella di colleghi, conoscenti e amici? Affrettati a leggere quanto segue perch\u00e8 il tempo \u00e8 poco e la scadenza dei Bandi Pubblici di Finanziamento \u00e8 alle porte.<\/p>\n","protected":false},"author":10,"featured_media":0,"comment_status":"open","ping_status":"open","sticky":false,"template":"","format":"standard","meta":{"cybocfi_hide_featured_image":"","footnotes":""},"categories":[388],"tags":[],"class_list":["post-2835","post","type-post","status-publish","format-standard","hentry","category-eventi"],"yoast_head":"<!-- This site is optimized with the Yoast SEO plugin v27.0 - https:\/\/yoast.com\/product\/yoast-seo-wordpress\/ -->\n<title>Formazione Finanziata nel settore ICT dalla Regione del Veneto - Article Marketing<\/title>\n<meta name=\"robots\" content=\"index, follow, max-snippet:-1, max-image-preview:large, max-video-preview:-1\" \/>\n<link rel=\"canonical\" href=\"https:\/\/www.article-marketing.eu\/comunicati\/comunicati-stampa\/eventi\/formazione-finanziata-nel-settore-ict-dalla-regione-del-veneto\/\" \/>\n<meta property=\"og:locale\" content=\"it_IT\" \/>\n<meta property=\"og:type\" content=\"article\" \/>\n<meta property=\"og:title\" content=\"Formazione Finanziata nel settore ICT dalla Regione del Veneto - Article Marketing\" \/>\n<meta property=\"og:description\" content=\"Vuoi scoprire se hai diritto ad ottenere un Finanziamento per la tua Formazione o quella di colleghi, conoscenti e amici? Affrettati a leggere quanto segue perch\u00e8 il tempo \u00e8 poco e la scadenza dei Bandi Pubblici di Finanziamento \u00e8 alle porte.\" \/>\n<meta property=\"og:url\" content=\"https:\/\/www.article-marketing.eu\/comunicati\/comunicati-stampa\/eventi\/formazione-finanziata-nel-settore-ict-dalla-regione-del-veneto\/\" \/>\n<meta property=\"og:site_name\" content=\"Article Marketing\" \/>\n<meta property=\"article:published_time\" content=\"2009-09-23T11:20:52+00:00\" \/>\n<meta property=\"article:modified_time\" content=\"2018-06-04T18:28:03+00:00\" \/>\n<meta property=\"og:image\" content=\"http:\/\/farm4.static.flickr.com\/3306\/3605431470_74dda43678.jpg\" \/>\n<meta name=\"author\" content=\"Redazione Comunicati Stampa\" \/>\n<meta name=\"twitter:card\" content=\"summary_large_image\" \/>\n<meta name=\"twitter:label1\" content=\"Scritto da\" \/>\n\t<meta name=\"twitter:data1\" content=\"Redazione Comunicati Stampa\" \/>\n\t<meta name=\"twitter:label2\" content=\"Tempo di lettura stimato\" \/>\n\t<meta name=\"twitter:data2\" content=\"1 minuto\" \/>\n<script type=\"application\/ld+json\" class=\"yoast-schema-graph\">{\"@context\":\"https:\/\/schema.org\",\"@graph\":[{\"@type\":\"Article\",\"@id\":\"https:\/\/www.article-marketing.eu\/comunicati\/comunicati-stampa\/eventi\/formazione-finanziata-nel-settore-ict-dalla-regione-del-veneto\/#article\",\"isPartOf\":{\"@id\":\"https:\/\/www.article-marketing.eu\/comunicati\/comunicati-stampa\/eventi\/formazione-finanziata-nel-settore-ict-dalla-regione-del-veneto\/\"},\"author\":{\"name\":\"Redazione Comunicati Stampa\",\"@id\":\"https:\/\/www.article-marketing.eu\/comunicati\/#\/schema\/person\/44372e4d4d0fa797b18e03ed1ace9017\"},\"headline\":\"Formazione Finanziata nel settore ICT dalla Regione del Veneto\",\"datePublished\":\"2009-09-23T11:20:52+00:00\",\"dateModified\":\"2018-06-04T18:28:03+00:00\",\"mainEntityOfPage\":{\"@id\":\"https:\/\/www.article-marketing.eu\/comunicati\/comunicati-stampa\/eventi\/formazione-finanziata-nel-settore-ict-dalla-regione-del-veneto\/\"},\"wordCount\":237,\"commentCount\":0,\"image\":{\"@id\":\"https:\/\/www.article-marketing.eu\/comunicati\/comunicati-stampa\/eventi\/formazione-finanziata-nel-settore-ict-dalla-regione-del-veneto\/#primaryimage\"},\"thumbnailUrl\":\"http:\/\/farm4.static.flickr.com\/3306\/3605431470_74dda43678.jpg\",\"articleSection\":[\"Eventi\"],\"inLanguage\":\"it-IT\",\"potentialAction\":[{\"@type\":\"CommentAction\",\"name\":\"Comment\",\"target\":[\"https:\/\/www.article-marketing.eu\/comunicati\/comunicati-stampa\/eventi\/formazione-finanziata-nel-settore-ict-dalla-regione-del-veneto\/#respond\"]}]},{\"@type\":\"WebPage\",\"@id\":\"https:\/\/www.article-marketing.eu\/comunicati\/comunicati-stampa\/eventi\/formazione-finanziata-nel-settore-ict-dalla-regione-del-veneto\/\",\"url\":\"https:\/\/www.article-marketing.eu\/comunicati\/comunicati-stampa\/eventi\/formazione-finanziata-nel-settore-ict-dalla-regione-del-veneto\/\",\"name\":\"Formazione Finanziata nel settore ICT dalla Regione del Veneto - Article Marketing\",\"isPartOf\":{\"@id\":\"https:\/\/www.article-marketing.eu\/comunicati\/#website\"},\"primaryImageOfPage\":{\"@id\":\"https:\/\/www.article-marketing.eu\/comunicati\/comunicati-stampa\/eventi\/formazione-finanziata-nel-settore-ict-dalla-regione-del-veneto\/#primaryimage\"},\"image\":{\"@id\":\"https:\/\/www.article-marketing.eu\/comunicati\/comunicati-stampa\/eventi\/formazione-finanziata-nel-settore-ict-dalla-regione-del-veneto\/#primaryimage\"},\"thumbnailUrl\":\"http:\/\/farm4.static.flickr.com\/3306\/3605431470_74dda43678.jpg\",\"datePublished\":\"2009-09-23T11:20:52+00:00\",\"dateModified\":\"2018-06-04T18:28:03+00:00\",\"author\":{\"@id\":\"https:\/\/www.article-marketing.eu\/comunicati\/#\/schema\/person\/44372e4d4d0fa797b18e03ed1ace9017\"},\"breadcrumb\":{\"@id\":\"https:\/\/www.article-marketing.eu\/comunicati\/comunicati-stampa\/eventi\/formazione-finanziata-nel-settore-ict-dalla-regione-del-veneto\/#breadcrumb\"},\"inLanguage\":\"it-IT\",\"potentialAction\":[{\"@type\":\"ReadAction\",\"target\":[\"https:\/\/www.article-marketing.eu\/comunicati\/comunicati-stampa\/eventi\/formazione-finanziata-nel-settore-ict-dalla-regione-del-veneto\/\"]}]},{\"@type\":\"ImageObject\",\"inLanguage\":\"it-IT\",\"@id\":\"https:\/\/www.article-marketing.eu\/comunicati\/comunicati-stampa\/eventi\/formazione-finanziata-nel-settore-ict-dalla-regione-del-veneto\/#primaryimage\",\"url\":\"http:\/\/farm4.static.flickr.com\/3306\/3605431470_74dda43678.jpg\",\"contentUrl\":\"http:\/\/farm4.static.flickr.com\/3306\/3605431470_74dda43678.jpg\"},{\"@type\":\"BreadcrumbList\",\"@id\":\"https:\/\/www.article-marketing.eu\/comunicati\/comunicati-stampa\/eventi\/formazione-finanziata-nel-settore-ict-dalla-regione-del-veneto\/#breadcrumb\",\"itemListElement\":[{\"@type\":\"ListItem\",\"position\":1,\"name\":\"Home\",\"item\":\"https:\/\/www.article-marketing.eu\/comunicati\/\"},{\"@type\":\"ListItem\",\"position\":2,\"name\":\"Formazione Finanziata nel settore ICT dalla Regione del Veneto\"}]},{\"@type\":\"WebSite\",\"@id\":\"https:\/\/www.article-marketing.eu\/comunicati\/#website\",\"url\":\"https:\/\/www.article-marketing.eu\/comunicati\/\",\"name\":\"Article Marketing\",\"description\":\"article marketing &amp; press release\",\"potentialAction\":[{\"@type\":\"SearchAction\",\"target\":{\"@type\":\"EntryPoint\",\"urlTemplate\":\"https:\/\/www.article-marketing.eu\/comunicati\/?s={search_term_string}\"},\"query-input\":{\"@type\":\"PropertyValueSpecification\",\"valueRequired\":true,\"valueName\":\"search_term_string\"}}],\"inLanguage\":\"it-IT\"},{\"@type\":\"Person\",\"@id\":\"https:\/\/www.article-marketing.eu\/comunicati\/#\/schema\/person\/44372e4d4d0fa797b18e03ed1ace9017\",\"name\":\"Redazione Comunicati Stampa\",\"image\":{\"@type\":\"ImageObject\",\"inLanguage\":\"it-IT\",\"@id\":\"https:\/\/www.article-marketing.eu\/comunicati\/#\/schema\/person\/image\/\",\"url\":\"https:\/\/secure.gravatar.com\/avatar\/50e5c6421d3072f42e7ace803501602c60d75233d34e29fd05feb91c8760b792?s=96&d=mm&r=g\",\"contentUrl\":\"https:\/\/secure.gravatar.com\/avatar\/50e5c6421d3072f42e7ace803501602c60d75233d34e29fd05feb91c8760b792?s=96&d=mm&r=g\",\"caption\":\"Redazione Comunicati Stampa\"},\"url\":\"https:\/\/www.article-marketing.eu\/comunicati\/author\/redazione-comunicati-stampa\/\"}]}<\/script>\n<!-- \/ Yoast SEO plugin. -->","yoast_head_json":{"title":"Formazione Finanziata nel settore ICT dalla Regione del Veneto - Article Marketing","robots":{"index":"index","follow":"follow","max-snippet":"max-snippet:-1","max-image-preview":"max-image-preview:large","max-video-preview":"max-video-preview:-1"},"canonical":"https:\/\/www.article-marketing.eu\/comunicati\/comunicati-stampa\/eventi\/formazione-finanziata-nel-settore-ict-dalla-regione-del-veneto\/","og_locale":"it_IT","og_type":"article","og_title":"Formazione Finanziata nel settore ICT dalla Regione del Veneto - Article Marketing","og_description":"Vuoi scoprire se hai diritto ad ottenere un Finanziamento per la tua Formazione o quella di colleghi, conoscenti e amici? Affrettati a leggere quanto segue perch\u00e8 il tempo \u00e8 poco e la scadenza dei Bandi Pubblici di Finanziamento \u00e8 alle porte.","og_url":"https:\/\/www.article-marketing.eu\/comunicati\/comunicati-stampa\/eventi\/formazione-finanziata-nel-settore-ict-dalla-regione-del-veneto\/","og_site_name":"Article Marketing","article_published_time":"2009-09-23T11:20:52+00:00","article_modified_time":"2018-06-04T18:28:03+00:00","og_image":[{"url":"http:\/\/farm4.static.flickr.com\/3306\/3605431470_74dda43678.jpg","type":"","width":"","height":""}],"author":"Redazione Comunicati Stampa","twitter_card":"summary_large_image","twitter_misc":{"Scritto da":"Redazione Comunicati Stampa","Tempo di lettura stimato":"1 minuto"},"schema":{"@context":"https:\/\/schema.org","@graph":[{"@type":"Article","@id":"https:\/\/www.article-marketing.eu\/comunicati\/comunicati-stampa\/eventi\/formazione-finanziata-nel-settore-ict-dalla-regione-del-veneto\/#article","isPartOf":{"@id":"https:\/\/www.article-marketing.eu\/comunicati\/comunicati-stampa\/eventi\/formazione-finanziata-nel-settore-ict-dalla-regione-del-veneto\/"},"author":{"name":"Redazione Comunicati Stampa","@id":"https:\/\/www.article-marketing.eu\/comunicati\/#\/schema\/person\/44372e4d4d0fa797b18e03ed1ace9017"},"headline":"Formazione Finanziata nel settore ICT dalla Regione del Veneto","datePublished":"2009-09-23T11:20:52+00:00","dateModified":"2018-06-04T18:28:03+00:00","mainEntityOfPage":{"@id":"https:\/\/www.article-marketing.eu\/comunicati\/comunicati-stampa\/eventi\/formazione-finanziata-nel-settore-ict-dalla-regione-del-veneto\/"},"wordCount":237,"commentCount":0,"image":{"@id":"https:\/\/www.article-marketing.eu\/comunicati\/comunicati-stampa\/eventi\/formazione-finanziata-nel-settore-ict-dalla-regione-del-veneto\/#primaryimage"},"thumbnailUrl":"http:\/\/farm4.static.flickr.com\/3306\/3605431470_74dda43678.jpg","articleSection":["Eventi"],"inLanguage":"it-IT","potentialAction":[{"@type":"CommentAction","name":"Comment","target":["https:\/\/www.article-marketing.eu\/comunicati\/comunicati-stampa\/eventi\/formazione-finanziata-nel-settore-ict-dalla-regione-del-veneto\/#respond"]}]},{"@type":"WebPage","@id":"https:\/\/www.article-marketing.eu\/comunicati\/comunicati-stampa\/eventi\/formazione-finanziata-nel-settore-ict-dalla-regione-del-veneto\/","url":"https:\/\/www.article-marketing.eu\/comunicati\/comunicati-stampa\/eventi\/formazione-finanziata-nel-settore-ict-dalla-regione-del-veneto\/","name":"Formazione Finanziata nel settore ICT dalla Regione del Veneto - Article Marketing","isPartOf":{"@id":"https:\/\/www.article-marketing.eu\/comunicati\/#website"},"primaryImageOfPage":{"@id":"https:\/\/www.article-marketing.eu\/comunicati\/comunicati-stampa\/eventi\/formazione-finanziata-nel-settore-ict-dalla-regione-del-veneto\/#primaryimage"},"image":{"@id":"https:\/\/www.article-marketing.eu\/comunicati\/comunicati-stampa\/eventi\/formazione-finanziata-nel-settore-ict-dalla-regione-del-veneto\/#primaryimage"},"thumbnailUrl":"http:\/\/farm4.static.flickr.com\/3306\/3605431470_74dda43678.jpg","datePublished":"2009-09-23T11:20:52+00:00","dateModified":"2018-06-04T18:28:03+00:00","author":{"@id":"https:\/\/www.article-marketing.eu\/comunicati\/#\/schema\/person\/44372e4d4d0fa797b18e03ed1ace9017"},"breadcrumb":{"@id":"https:\/\/www.article-marketing.eu\/comunicati\/comunicati-stampa\/eventi\/formazione-finanziata-nel-settore-ict-dalla-regione-del-veneto\/#breadcrumb"},"inLanguage":"it-IT","potentialAction":[{"@type":"ReadAction","target":["https:\/\/www.article-marketing.eu\/comunicati\/comunicati-stampa\/eventi\/formazione-finanziata-nel-settore-ict-dalla-regione-del-veneto\/"]}]},{"@type":"ImageObject","inLanguage":"it-IT","@id":"https:\/\/www.article-marketing.eu\/comunicati\/comunicati-stampa\/eventi\/formazione-finanziata-nel-settore-ict-dalla-regione-del-veneto\/#primaryimage","url":"http:\/\/farm4.static.flickr.com\/3306\/3605431470_74dda43678.jpg","contentUrl":"http:\/\/farm4.static.flickr.com\/3306\/3605431470_74dda43678.jpg"},{"@type":"BreadcrumbList","@id":"https:\/\/www.article-marketing.eu\/comunicati\/comunicati-stampa\/eventi\/formazione-finanziata-nel-settore-ict-dalla-regione-del-veneto\/#breadcrumb","itemListElement":[{"@type":"ListItem","position":1,"name":"Home","item":"https:\/\/www.article-marketing.eu\/comunicati\/"},{"@type":"ListItem","position":2,"name":"Formazione Finanziata nel settore ICT dalla Regione del Veneto"}]},{"@type":"WebSite","@id":"https:\/\/www.article-marketing.eu\/comunicati\/#website","url":"https:\/\/www.article-marketing.eu\/comunicati\/","name":"Article Marketing","description":"article marketing &amp; press release","potentialAction":[{"@type":"SearchAction","target":{"@type":"EntryPoint","urlTemplate":"https:\/\/www.article-marketing.eu\/comunicati\/?s={search_term_string}"},"query-input":{"@type":"PropertyValueSpecification","valueRequired":true,"valueName":"search_term_string"}}],"inLanguage":"it-IT"},{"@type":"Person","@id":"https:\/\/www.article-marketing.eu\/comunicati\/#\/schema\/person\/44372e4d4d0fa797b18e03ed1ace9017","name":"Redazione Comunicati Stampa","image":{"@type":"ImageObject","inLanguage":"it-IT","@id":"https:\/\/www.article-marketing.eu\/comunicati\/#\/schema\/person\/image\/","url":"https:\/\/secure.gravatar.com\/avatar\/50e5c6421d3072f42e7ace803501602c60d75233d34e29fd05feb91c8760b792?s=96&d=mm&r=g","contentUrl":"https:\/\/secure.gravatar.com\/avatar\/50e5c6421d3072f42e7ace803501602c60d75233d34e29fd05feb91c8760b792?s=96&d=mm&r=g","caption":"Redazione Comunicati Stampa"},"url":"https:\/\/www.article-marketing.eu\/comunicati\/author\/redazione-comunicati-stampa\/"}]}},"_links":{"self":[{"href":"https:\/\/www.article-marketing.eu\/comunicati\/wp-json\/wp\/v2\/posts\/2835","targetHints":{"allow":["GET"]}}],"collection":[{"href":"https:\/\/www.article-marketing.eu\/comunicati\/wp-json\/wp\/v2\/posts"}],"about":[{"href":"https:\/\/www.article-marketing.eu\/comunicati\/wp-json\/wp\/v2\/types\/post"}],"author":[{"embeddable":true,"href":"https:\/\/www.article-marketing.eu\/comunicati\/wp-json\/wp\/v2\/users\/10"}],"replies":[{"embeddable":true,"href":"https:\/\/www.article-marketing.eu\/comunicati\/wp-json\/wp\/v2\/comments?post=2835"}],"version-history":[{"count":1,"href":"https:\/\/www.article-marketing.eu\/comunicati\/wp-json\/wp\/v2\/posts\/2835\/revisions"}],"predecessor-version":[{"id":55798,"href":"https:\/\/www.article-marketing.eu\/comunicati\/wp-json\/wp\/v2\/posts\/2835\/revisions\/55798"}],"wp:attachment":[{"href":"https:\/\/www.article-marketing.eu\/comunicati\/wp-json\/wp\/v2\/media?parent=2835"}],"wp:term":[{"taxonomy":"category","embeddable":true,"href":"https:\/\/www.article-marketing.eu\/comunicati\/wp-json\/wp\/v2\/categories?post=2835"},{"taxonomy":"post_tag","embeddable":true,"href":"https:\/\/www.article-marketing.eu\/comunicati\/wp-json\/wp\/v2\/tags?post=2835"}],"curies":[{"name":"wp","href":"https:\/\/api.w.org\/{rel}","templated":true}]}}