{"id":2853,"date":"2009-09-25T12:28:41","date_gmt":"2009-09-25T10:28:41","guid":{"rendered":"http:\/\/www.article-marketing.eu\/comunicati\/senza-categoria\/un-festival-autunnale-a-parigi\/"},"modified":"2009-09-25T12:28:41","modified_gmt":"2009-09-25T10:28:41","slug":"un-festival-autunnale-a-parigi","status":"publish","type":"post","link":"https:\/\/www.article-marketing.eu\/comunicati\/arte-e-cultura\/un-festival-autunnale-a-parigi\/","title":{"rendered":"Un festival autunnale a Parigi"},"content":{"rendered":"<p>Un festival autunnale a Parigi<\/p>\n<p>Il&nbsp; <em>Festival d&#8217;Automne <\/em>\u00e8 un grande contenitore che, da settembre a dicembre, comprende una serie di eventi artistici eterogenei nella forma e nella sostanza. Si tratta infatti di concerti, happening artistici, mostre, video e performances teatrali non legati tra loro da alcun nesso tematico. In questo senso quanto dichiarato come mission del festival, ovvero la promozione dll&#8217;arte sperimentale e multiculturale, pu\u00f2 apparire piuttosto genenerico. Tuttavia andando a vedere nei dettagli gli eventi o le loro descrizioni si scopre alla base un intento programmatico reale e piuttosto interessante. <br \/>In un modo o nell&#8217;altro, infatti, tutti gli eventi artistici in programma tentano di ribadire una concezione dell&#8217;arte non puramente estetica. Dalle sculture totemiche di Ugo Rondinone &#8211; al contempo ricche di riferimenti artistici (Picasso, il Surrealismo, Dubuffet) e di risvolti psicologici ed emotivi &#8211; alla performance &quot;anti-museale&quot; ideata da Robyn Orlin al <em>Louvre<\/em> &#8211; dove attori, ballerini e pubblico si seguiranno i guardiani di sala nei meandri del museo &#8211; i progetti scelti per questo festival sembrano condividere un approccio critico non sempre presente nell&#8217;arte dei nostri giorni. <br \/>In generale sembra che ciascuna delle opere previste rivendichi a suo modo una nuova funzione in qualche modo anche sociale dell&#8217;arte. Se con il suo <em>Des t\u00e9moins ordinaires<\/em> Rachid Ouramdane vuole ricordare attraverso la danza l&#8217;orrore della tortura e della dittatura, Guy Maddin (in progamma al <em>Centro Pompidou<\/em> tutta una retrospettiva su questo cineasta &quot;estremo&quot;) esprime nei suoi film sperimentali tutta una gamma di paure e desideri rimossi che l&#8217;arte avrebbe il dovere di far emergere e di rielaborare. Per il festival d&#8217;Automne \u00e8 prevista una versione scenica del suo <em>Des Trous dans la t\u00eate<\/em>, con soprano, orchestra, voce narrante e rumoristi (il tutto <em>live<\/em> ben inteso). La voce narrante sar\u00e0 quella di Isabella Rossellini.<br \/>Altrettanto pregnanti, le opere di Steven Cohen, il quale, parallelamente alla sua attivit\u00e0 di scultore, crea performances dichiaratamente &quot;perturbanti&quot;, tra queste <em>Golgotha<\/em>, che verr\u00e0 presentato nell&#8217;ambito del festival e che pone l&#8217;accento sul rapporto tra corpo ed identit\u00e0. Piuttosto inquietante anche il balletto Monster, ideato dal giapponese Kosei Sakamoto e interpretato dal duo Aline Landreau et Masako Sugimoto. L\u2019idea di fondo di individuare nella duplicazione dell\u2019identico l\u2019origine della mostruosit\u00e0 non \u00e8 delle pi\u00f9 originali, ma la sua rappresentazione attraverso la danza \u00e8 interessante per l\u2019effetto scenico dei corpi uniti e replicati nel movimento. <br \/>Quest\u2019anno entra a far parte dei partner del Festival anche il <em>Centquatre<\/em>, l\u2019innovativo centro di incontro e produzione artistica recentemente inaugurato nel 19\u00b0 <em>arrondissement<\/em> sulle vestigia dell\u2019antico deposito delle pompe funebri. Il centro ospiter\u00e0 per il festival le istallazioni video della serie <em>Stillness<\/em> di Tacita Dean. Sei film di circa sei minuti ciascuno su musiche di John Cage: una riflessione sul tempo, lo spazio e il movimento. <\/p>\n<p>Insomma, giunto alla sua trentottesima edizione, il <em>Festival d&#8217;Automne<\/em> \u00e8 una manifestazione dalla tradizione ormai consolidata che lavora in accordo e parternariato con le pi\u00f9 importanti istituzioni culturali cittadine, dal <em>Centre Pompidou<\/em> al <em>Th\u00e9\u00e2tre dell&#8217;Od\u00e9o<\/em>n, dal <em>Th\u00e9\u00e2tre de la Ville all&#8217;Op\u00e9ra national de Paris<\/em> e la <em>Cit\u00e9 de la musique<\/em>. Al contempo il festival mantiene coerenza e autonomia tali da risultare ancora significativo ed innovante; il suo programma \u00e8 stimolante e la selezione di opere ed artisti conosciuti &#8211; tra questi c&#8217;\u00e8 anche quest&#8217;anno l&#8217;affezionato Robert Wilson con la messa in scena dell&#8217;Opera da tre soldi &#8211; e non rivela la volont\u00e0 di promuovere l&#8217;arte che ancora riesce a dire qualcosa sul presente.<\/p>\n<p>Per essere aggiornati su arte, eventi e cultura a Parigi: <a href=\"www.altraparis.com\" target=\"_blank\">www.altraparis.com<\/a> <\/p>\n<p>\n <\/p>\n","protected":false},"excerpt":{"rendered":"<p>Un festival pluridisciplinare per un&#8217;arte sperimentale e d&#8217;avanguardia che sia anche condivisa e capace di parlare al pubblico<\/p>\n","protected":false},"author":10,"featured_media":0,"comment_status":"open","ping_status":"open","sticky":false,"template":"","format":"standard","meta":{"cybocfi_hide_featured_image":"","footnotes":""},"categories":[27],"tags":[171,9274,17,596,1928,2399,16,1468,1329],"class_list":["post-2853","post","type-post","status-publish","format-standard","hentry","category-arte-e-cultura","tag-arte","tag-avanguardia","tag-cinema","tag-cultura","tag-danza","tag-parigi","tag-spettacolo","tag-teatro","tag-video"],"yoast_head":"<!-- This site is optimized with the Yoast SEO plugin v27.0 - https:\/\/yoast.com\/product\/yoast-seo-wordpress\/ -->\n<title>Un festival autunnale a Parigi - Article Marketing<\/title>\n<meta name=\"robots\" content=\"index, follow, max-snippet:-1, max-image-preview:large, max-video-preview:-1\" \/>\n<link rel=\"canonical\" href=\"https:\/\/www.article-marketing.eu\/comunicati\/arte-e-cultura\/un-festival-autunnale-a-parigi\/\" \/>\n<meta property=\"og:locale\" content=\"it_IT\" \/>\n<meta property=\"og:type\" content=\"article\" \/>\n<meta property=\"og:title\" content=\"Un festival autunnale a Parigi - Article Marketing\" \/>\n<meta property=\"og:description\" content=\"Un festival pluridisciplinare per un&#039;arte sperimentale e d&#039;avanguardia che sia anche condivisa e capace di parlare al pubblico\" \/>\n<meta property=\"og:url\" content=\"https:\/\/www.article-marketing.eu\/comunicati\/arte-e-cultura\/un-festival-autunnale-a-parigi\/\" \/>\n<meta property=\"og:site_name\" content=\"Article Marketing\" \/>\n<meta property=\"article:published_time\" content=\"2009-09-25T10:28:41+00:00\" \/>\n<meta name=\"author\" content=\"Redazione Comunicati Stampa\" \/>\n<meta name=\"twitter:card\" content=\"summary_large_image\" \/>\n<meta name=\"twitter:label1\" content=\"Scritto da\" \/>\n\t<meta name=\"twitter:data1\" content=\"Redazione Comunicati Stampa\" \/>\n\t<meta name=\"twitter:label2\" content=\"Tempo di lettura stimato\" \/>\n\t<meta name=\"twitter:data2\" content=\"3 minuti\" \/>\n<script type=\"application\/ld+json\" class=\"yoast-schema-graph\">{\"@context\":\"https:\/\/schema.org\",\"@graph\":[{\"@type\":\"Article\",\"@id\":\"https:\/\/www.article-marketing.eu\/comunicati\/arte-e-cultura\/un-festival-autunnale-a-parigi\/#article\",\"isPartOf\":{\"@id\":\"https:\/\/www.article-marketing.eu\/comunicati\/arte-e-cultura\/un-festival-autunnale-a-parigi\/\"},\"author\":{\"name\":\"Redazione Comunicati Stampa\",\"@id\":\"https:\/\/www.article-marketing.eu\/comunicati\/#\/schema\/person\/44372e4d4d0fa797b18e03ed1ace9017\"},\"headline\":\"Un festival autunnale a Parigi\",\"datePublished\":\"2009-09-25T10:28:41+00:00\",\"mainEntityOfPage\":{\"@id\":\"https:\/\/www.article-marketing.eu\/comunicati\/arte-e-cultura\/un-festival-autunnale-a-parigi\/\"},\"wordCount\":600,\"commentCount\":0,\"keywords\":[\"arte\",\"avanguardia\",\"cinema\",\"cultura\",\"danza\",\"parigi\",\"spettacolo\",\"teatro\",\"video\"],\"articleSection\":[\"Arte e cultura\"],\"inLanguage\":\"it-IT\",\"potentialAction\":[{\"@type\":\"CommentAction\",\"name\":\"Comment\",\"target\":[\"https:\/\/www.article-marketing.eu\/comunicati\/arte-e-cultura\/un-festival-autunnale-a-parigi\/#respond\"]}]},{\"@type\":\"WebPage\",\"@id\":\"https:\/\/www.article-marketing.eu\/comunicati\/arte-e-cultura\/un-festival-autunnale-a-parigi\/\",\"url\":\"https:\/\/www.article-marketing.eu\/comunicati\/arte-e-cultura\/un-festival-autunnale-a-parigi\/\",\"name\":\"Un festival autunnale a Parigi - Article Marketing\",\"isPartOf\":{\"@id\":\"https:\/\/www.article-marketing.eu\/comunicati\/#website\"},\"datePublished\":\"2009-09-25T10:28:41+00:00\",\"author\":{\"@id\":\"https:\/\/www.article-marketing.eu\/comunicati\/#\/schema\/person\/44372e4d4d0fa797b18e03ed1ace9017\"},\"breadcrumb\":{\"@id\":\"https:\/\/www.article-marketing.eu\/comunicati\/arte-e-cultura\/un-festival-autunnale-a-parigi\/#breadcrumb\"},\"inLanguage\":\"it-IT\",\"potentialAction\":[{\"@type\":\"ReadAction\",\"target\":[\"https:\/\/www.article-marketing.eu\/comunicati\/arte-e-cultura\/un-festival-autunnale-a-parigi\/\"]}]},{\"@type\":\"BreadcrumbList\",\"@id\":\"https:\/\/www.article-marketing.eu\/comunicati\/arte-e-cultura\/un-festival-autunnale-a-parigi\/#breadcrumb\",\"itemListElement\":[{\"@type\":\"ListItem\",\"position\":1,\"name\":\"Home\",\"item\":\"https:\/\/www.article-marketing.eu\/comunicati\/\"},{\"@type\":\"ListItem\",\"position\":2,\"name\":\"Un festival autunnale a Parigi\"}]},{\"@type\":\"WebSite\",\"@id\":\"https:\/\/www.article-marketing.eu\/comunicati\/#website\",\"url\":\"https:\/\/www.article-marketing.eu\/comunicati\/\",\"name\":\"Article Marketing\",\"description\":\"article marketing &amp; press release\",\"potentialAction\":[{\"@type\":\"SearchAction\",\"target\":{\"@type\":\"EntryPoint\",\"urlTemplate\":\"https:\/\/www.article-marketing.eu\/comunicati\/?s={search_term_string}\"},\"query-input\":{\"@type\":\"PropertyValueSpecification\",\"valueRequired\":true,\"valueName\":\"search_term_string\"}}],\"inLanguage\":\"it-IT\"},{\"@type\":\"Person\",\"@id\":\"https:\/\/www.article-marketing.eu\/comunicati\/#\/schema\/person\/44372e4d4d0fa797b18e03ed1ace9017\",\"name\":\"Redazione Comunicati Stampa\",\"image\":{\"@type\":\"ImageObject\",\"inLanguage\":\"it-IT\",\"@id\":\"https:\/\/www.article-marketing.eu\/comunicati\/#\/schema\/person\/image\/\",\"url\":\"https:\/\/secure.gravatar.com\/avatar\/50e5c6421d3072f42e7ace803501602c60d75233d34e29fd05feb91c8760b792?s=96&d=mm&r=g\",\"contentUrl\":\"https:\/\/secure.gravatar.com\/avatar\/50e5c6421d3072f42e7ace803501602c60d75233d34e29fd05feb91c8760b792?s=96&d=mm&r=g\",\"caption\":\"Redazione Comunicati Stampa\"},\"url\":\"https:\/\/www.article-marketing.eu\/comunicati\/author\/redazione-comunicati-stampa\/\"}]}<\/script>\n<!-- \/ Yoast SEO plugin. -->","yoast_head_json":{"title":"Un festival autunnale a Parigi - Article Marketing","robots":{"index":"index","follow":"follow","max-snippet":"max-snippet:-1","max-image-preview":"max-image-preview:large","max-video-preview":"max-video-preview:-1"},"canonical":"https:\/\/www.article-marketing.eu\/comunicati\/arte-e-cultura\/un-festival-autunnale-a-parigi\/","og_locale":"it_IT","og_type":"article","og_title":"Un festival autunnale a Parigi - Article Marketing","og_description":"Un festival pluridisciplinare per un'arte sperimentale e d'avanguardia che sia anche condivisa e capace di parlare al pubblico","og_url":"https:\/\/www.article-marketing.eu\/comunicati\/arte-e-cultura\/un-festival-autunnale-a-parigi\/","og_site_name":"Article Marketing","article_published_time":"2009-09-25T10:28:41+00:00","author":"Redazione Comunicati Stampa","twitter_card":"summary_large_image","twitter_misc":{"Scritto da":"Redazione Comunicati Stampa","Tempo di lettura stimato":"3 minuti"},"schema":{"@context":"https:\/\/schema.org","@graph":[{"@type":"Article","@id":"https:\/\/www.article-marketing.eu\/comunicati\/arte-e-cultura\/un-festival-autunnale-a-parigi\/#article","isPartOf":{"@id":"https:\/\/www.article-marketing.eu\/comunicati\/arte-e-cultura\/un-festival-autunnale-a-parigi\/"},"author":{"name":"Redazione Comunicati Stampa","@id":"https:\/\/www.article-marketing.eu\/comunicati\/#\/schema\/person\/44372e4d4d0fa797b18e03ed1ace9017"},"headline":"Un festival autunnale a Parigi","datePublished":"2009-09-25T10:28:41+00:00","mainEntityOfPage":{"@id":"https:\/\/www.article-marketing.eu\/comunicati\/arte-e-cultura\/un-festival-autunnale-a-parigi\/"},"wordCount":600,"commentCount":0,"keywords":["arte","avanguardia","cinema","cultura","danza","parigi","spettacolo","teatro","video"],"articleSection":["Arte e cultura"],"inLanguage":"it-IT","potentialAction":[{"@type":"CommentAction","name":"Comment","target":["https:\/\/www.article-marketing.eu\/comunicati\/arte-e-cultura\/un-festival-autunnale-a-parigi\/#respond"]}]},{"@type":"WebPage","@id":"https:\/\/www.article-marketing.eu\/comunicati\/arte-e-cultura\/un-festival-autunnale-a-parigi\/","url":"https:\/\/www.article-marketing.eu\/comunicati\/arte-e-cultura\/un-festival-autunnale-a-parigi\/","name":"Un festival autunnale a Parigi - Article Marketing","isPartOf":{"@id":"https:\/\/www.article-marketing.eu\/comunicati\/#website"},"datePublished":"2009-09-25T10:28:41+00:00","author":{"@id":"https:\/\/www.article-marketing.eu\/comunicati\/#\/schema\/person\/44372e4d4d0fa797b18e03ed1ace9017"},"breadcrumb":{"@id":"https:\/\/www.article-marketing.eu\/comunicati\/arte-e-cultura\/un-festival-autunnale-a-parigi\/#breadcrumb"},"inLanguage":"it-IT","potentialAction":[{"@type":"ReadAction","target":["https:\/\/www.article-marketing.eu\/comunicati\/arte-e-cultura\/un-festival-autunnale-a-parigi\/"]}]},{"@type":"BreadcrumbList","@id":"https:\/\/www.article-marketing.eu\/comunicati\/arte-e-cultura\/un-festival-autunnale-a-parigi\/#breadcrumb","itemListElement":[{"@type":"ListItem","position":1,"name":"Home","item":"https:\/\/www.article-marketing.eu\/comunicati\/"},{"@type":"ListItem","position":2,"name":"Un festival autunnale a Parigi"}]},{"@type":"WebSite","@id":"https:\/\/www.article-marketing.eu\/comunicati\/#website","url":"https:\/\/www.article-marketing.eu\/comunicati\/","name":"Article Marketing","description":"article marketing &amp; press release","potentialAction":[{"@type":"SearchAction","target":{"@type":"EntryPoint","urlTemplate":"https:\/\/www.article-marketing.eu\/comunicati\/?s={search_term_string}"},"query-input":{"@type":"PropertyValueSpecification","valueRequired":true,"valueName":"search_term_string"}}],"inLanguage":"it-IT"},{"@type":"Person","@id":"https:\/\/www.article-marketing.eu\/comunicati\/#\/schema\/person\/44372e4d4d0fa797b18e03ed1ace9017","name":"Redazione Comunicati Stampa","image":{"@type":"ImageObject","inLanguage":"it-IT","@id":"https:\/\/www.article-marketing.eu\/comunicati\/#\/schema\/person\/image\/","url":"https:\/\/secure.gravatar.com\/avatar\/50e5c6421d3072f42e7ace803501602c60d75233d34e29fd05feb91c8760b792?s=96&d=mm&r=g","contentUrl":"https:\/\/secure.gravatar.com\/avatar\/50e5c6421d3072f42e7ace803501602c60d75233d34e29fd05feb91c8760b792?s=96&d=mm&r=g","caption":"Redazione Comunicati Stampa"},"url":"https:\/\/www.article-marketing.eu\/comunicati\/author\/redazione-comunicati-stampa\/"}]}},"_links":{"self":[{"href":"https:\/\/www.article-marketing.eu\/comunicati\/wp-json\/wp\/v2\/posts\/2853","targetHints":{"allow":["GET"]}}],"collection":[{"href":"https:\/\/www.article-marketing.eu\/comunicati\/wp-json\/wp\/v2\/posts"}],"about":[{"href":"https:\/\/www.article-marketing.eu\/comunicati\/wp-json\/wp\/v2\/types\/post"}],"author":[{"embeddable":true,"href":"https:\/\/www.article-marketing.eu\/comunicati\/wp-json\/wp\/v2\/users\/10"}],"replies":[{"embeddable":true,"href":"https:\/\/www.article-marketing.eu\/comunicati\/wp-json\/wp\/v2\/comments?post=2853"}],"version-history":[{"count":0,"href":"https:\/\/www.article-marketing.eu\/comunicati\/wp-json\/wp\/v2\/posts\/2853\/revisions"}],"wp:attachment":[{"href":"https:\/\/www.article-marketing.eu\/comunicati\/wp-json\/wp\/v2\/media?parent=2853"}],"wp:term":[{"taxonomy":"category","embeddable":true,"href":"https:\/\/www.article-marketing.eu\/comunicati\/wp-json\/wp\/v2\/categories?post=2853"},{"taxonomy":"post_tag","embeddable":true,"href":"https:\/\/www.article-marketing.eu\/comunicati\/wp-json\/wp\/v2\/tags?post=2853"}],"curies":[{"name":"wp","href":"https:\/\/api.w.org\/{rel}","templated":true}]}}