{"id":2857,"date":"2009-09-25T18:19:56","date_gmt":"2009-09-25T16:19:56","guid":{"rendered":"http:\/\/www.article-marketing.eu\/comunicati\/senza-categoria\/energiatuttocompreso-scegli-la-taglia-perfetta\/"},"modified":"2018-06-04T20:27:51","modified_gmt":"2018-06-04T18:27:51","slug":"energiatuttocompreso-scegli-la-taglia-perfetta","status":"publish","type":"post","link":"https:\/\/www.article-marketing.eu\/comunicati\/casa\/energiatuttocompreso-scegli-la-taglia-perfetta\/","title":{"rendered":"Energiatuttocompreso: scegli la taglia perfetta"},"content":{"rendered":"<p>&nbsp;<\/p>\n<p>Small, Medium o Large? Qual \u00e8 la taglia che ti calza a pennello? Scoprilo con Energiatuttocompreso: controlli la bolletta, sai quanto spendi e non hai pi\u00f9 sorprese <\/p>\n<p>Quanto costa la serenit\u00e0 in famiglia? Nulla, se ti affidi a Energia Tutto Compreso, (http:\/\/www.enel.it\/enelenergia\/famiglie\/tuttocompreso\/index.aspx) la nuova offerta di Enel Energia dedicata alle famiglie: una soluzione per conoscere in anticipo la spesa mensile di energia e, grazie ad una bolletta semplificata e di facile lettura, sapere con precisione quanto costa ci\u00f2 che consumi. Energia Tutto Compreso, infatti, ti riserva un prezzo fisso e comprensivo di tutte le voci della bolletta, salvo imposte, per due anni dall&#8217;attivazione. Basta semplicemente stabilire la tua taglia: sei un consumatore Small, Medium o Large? Grazie alle tre fasce di consumo, scoprire la misura che ti calza a pennello sar\u00e0 facilissimo!&nbsp; <br \/>Se dovessi superare i consumi della taglia scelta, nessun problema, li pagherai a parte con un prezzo unitario, sempre tutto compreso, salvo imposte. <\/p>\n<p>Small: fino a 100 kWh mensili, il prezzo valido \u00e8 di 12 \u20ac al mese (escluse imposte).<br \/>Per ogni kWh consumato oltre 100 kWh\/mese, si applica un importo unitario di 0,24 euro tutto incluso, salvo imposte.<br \/>Medium: fino a 225 kWh mensili, il prezzo \u00e8 di 28 \u20ac al mese (escluse imposte).<br \/>Per ogni kWh consumato oltre 225 kWh\/mese, si applica un importo unitario di 0,28 euro tutto incluso, salvo imposte.<br \/>Large: fino a 300 kWh mensili, il prezzo \u00e8 di 44 \u20ac al mese (escluse imposte).<br \/>Per ogni kWh consumato oltre 300 kWh\/mese, si applica un importo unitario di 0,32 euro tutto incluso, salvo imposte.<br \/>Se non sei residente presso l\u2019indirizzo di fornitura o la potenza&nbsp; \u00e8 superiore a 3 kW pagherai solo \u20ac 9\/mese in pi\u00f9 sul costo del pacchetto base.<\/p>\n<p>Con&nbsp; Energia Tutto Compreso la spesa \u00e8 certa e aprire la bolletta non riserver\u00e0 pi\u00f9 sorprese.<\/p>\n<p>&nbsp;<\/p>\n<p>Enel \u00e8 la pi\u00f9 grande azienda elettrica d\u2019Italia e la seconda utility quotata d\u2019Europa per capacit\u00e0 installata. Enel \u00e8 un operatore integrato, attivo nella produzione, distribuzione e vendita di elettricit\u00e0 e gas. A seguito dell\u2019acquisizione della compagnia elettrica spagnola Endesa, Enel \u00e8 ora presente in 23 paesi, con una capacit\u00e0 installata netta di circa 95.400 MW e serve 60,5 milioni di clienti nell\u2019elettricit\u00e0 e nel gas. Quotata dal 1999 alla Borsa di Milano, Enel \u00e8 la societ\u00e0 italiana con il pi\u00f9 alto numero di azionisti, circa 1,2 milioni tra retail e istituzionali nel 2008. Enel \u00e8 anche il secondo operatore nel mercato del gas naturale in Italia, con circa 2,7 milioni di clienti e una quota di mercato del 10% circa in termini di volume. <\/p>\n<p>IL BUSINESS<\/p>\n<p>Lavorano in Enel circa 82.500 persone che gestiscono un parco centrali molto diversificato tra idroelettrico, termoelettrico, nucleare, geotermico, eolico e fotovoltaico. Nel 2008 Enel ha conseguito ricavi per 61,2 miliardi di euro (+40% sul 2007). Il Margine Operativo Lordo (MOL) si \u00e8 attestato a 14,3 miliardi di euro (+45.5%) mentre l\u2019utile netto \u00e8 stato di 5,3 miliardi di euro(+35.2%).<\/p>\n<p>Per prima al mondo, Enel ha provveduto alla sostituzione a tutti i suoi clienti italiani dei tradizionali contatori elettromeccanici con moderni contatori elettronici che consentono la lettura dei consumi in tempo reale e la gestione a distanza dei contratti. Una innovazione che ha permesso la proposta di tariffe multiorarie che offrono un risparmio nelle ore serali e nei fine settimana, e che ha attirato l&#8217;interesse di molte utilities in tutto il mondo. <br \/>(*) Dati finanziari al 31 dicembre 2008 con Endesa consolidata al 67,05%. <\/p>\n","protected":false},"excerpt":{"rendered":"<p>Small, Medium o Large? Qual \u00e8 la taglia che ti calza a pennello? Scoprilo con Energiatuttocompreso: controlli la bolletta, sai quanto spendi e non hai pi\u00f9 sorprese <\/p>\n<p>Quanto costa la serenit\u00e0 in famiglia? Nulla, se ti affidi a Energia Tutto Compreso, (http:\/\/www.enel.it\/enelenergia\/famiglie\/tuttocompreso\/index.aspx) la nuova offerta di Enel Energia dedicata alle famiglie: una soluzione per conoscere in anticipo la spesa mensile di energia e, grazie ad una bolletta semplificata e di facile lettura, sapere con precisione quanto costa ci\u00f2 che consumi.<\/p>\n","protected":false},"author":10,"featured_media":0,"comment_status":"open","ping_status":"open","sticky":false,"template":"","format":"standard","meta":{"cybocfi_hide_featured_image":"","footnotes":""},"categories":[390],"tags":[3663,9285,6617],"class_list":["post-2857","post","type-post","status-publish","format-standard","hentry","category-casa","tag-enel","tag-energia-tutto-compreso","tag-offerta"],"yoast_head":"<!-- This site is optimized with the Yoast SEO plugin v27.0 - https:\/\/yoast.com\/product\/yoast-seo-wordpress\/ -->\n<title>Energiatuttocompreso: scegli la taglia perfetta - Article Marketing<\/title>\n<meta name=\"robots\" content=\"index, follow, max-snippet:-1, max-image-preview:large, max-video-preview:-1\" \/>\n<link rel=\"canonical\" href=\"https:\/\/www.article-marketing.eu\/comunicati\/casa\/energiatuttocompreso-scegli-la-taglia-perfetta\/\" \/>\n<meta property=\"og:locale\" content=\"it_IT\" \/>\n<meta property=\"og:type\" content=\"article\" \/>\n<meta property=\"og:title\" content=\"Energiatuttocompreso: scegli la taglia perfetta - Article Marketing\" \/>\n<meta property=\"og:description\" content=\"Small, Medium o Large? Qual \u00e8 la taglia che ti calza a pennello? Scoprilo con Energiatuttocompreso: controlli la bolletta, sai quanto spendi e non hai pi\u00f9 sorprese  Quanto costa la serenit\u00e0 in famiglia? Nulla, se ti affidi a Energia Tutto Compreso, (http:\/\/www.enel.it\/enelenergia\/famiglie\/tuttocompreso\/index.aspx) la nuova offerta di Enel Energia dedicata alle famiglie: una soluzione per conoscere in anticipo la spesa mensile di energia e, grazie ad una bolletta semplificata e di facile lettura, sapere con precisione quanto costa ci\u00f2 che consumi.\" \/>\n<meta property=\"og:url\" content=\"https:\/\/www.article-marketing.eu\/comunicati\/casa\/energiatuttocompreso-scegli-la-taglia-perfetta\/\" \/>\n<meta property=\"og:site_name\" content=\"Article Marketing\" \/>\n<meta property=\"article:published_time\" content=\"2009-09-25T16:19:56+00:00\" \/>\n<meta property=\"article:modified_time\" content=\"2018-06-04T18:27:51+00:00\" \/>\n<meta name=\"author\" content=\"Redazione Comunicati Stampa\" \/>\n<meta name=\"twitter:card\" content=\"summary_large_image\" \/>\n<meta name=\"twitter:label1\" content=\"Scritto da\" \/>\n\t<meta name=\"twitter:data1\" content=\"Redazione Comunicati Stampa\" \/>\n\t<meta name=\"twitter:label2\" content=\"Tempo di lettura stimato\" \/>\n\t<meta name=\"twitter:data2\" content=\"3 minuti\" \/>\n<script type=\"application\/ld+json\" class=\"yoast-schema-graph\">{\"@context\":\"https:\/\/schema.org\",\"@graph\":[{\"@type\":\"Article\",\"@id\":\"https:\/\/www.article-marketing.eu\/comunicati\/casa\/energiatuttocompreso-scegli-la-taglia-perfetta\/#article\",\"isPartOf\":{\"@id\":\"https:\/\/www.article-marketing.eu\/comunicati\/casa\/energiatuttocompreso-scegli-la-taglia-perfetta\/\"},\"author\":{\"name\":\"Redazione Comunicati Stampa\",\"@id\":\"https:\/\/www.article-marketing.eu\/comunicati\/#\/schema\/person\/44372e4d4d0fa797b18e03ed1ace9017\"},\"headline\":\"Energiatuttocompreso: scegli la taglia perfetta\",\"datePublished\":\"2009-09-25T16:19:56+00:00\",\"dateModified\":\"2018-06-04T18:27:51+00:00\",\"mainEntityOfPage\":{\"@id\":\"https:\/\/www.article-marketing.eu\/comunicati\/casa\/energiatuttocompreso-scegli-la-taglia-perfetta\/\"},\"wordCount\":551,\"commentCount\":0,\"keywords\":[\"enel\",\"Energia Tutto Compreso\",\"offerta\"],\"articleSection\":[\"Casa\"],\"inLanguage\":\"it-IT\",\"potentialAction\":[{\"@type\":\"CommentAction\",\"name\":\"Comment\",\"target\":[\"https:\/\/www.article-marketing.eu\/comunicati\/casa\/energiatuttocompreso-scegli-la-taglia-perfetta\/#respond\"]}]},{\"@type\":\"WebPage\",\"@id\":\"https:\/\/www.article-marketing.eu\/comunicati\/casa\/energiatuttocompreso-scegli-la-taglia-perfetta\/\",\"url\":\"https:\/\/www.article-marketing.eu\/comunicati\/casa\/energiatuttocompreso-scegli-la-taglia-perfetta\/\",\"name\":\"Energiatuttocompreso: scegli la taglia perfetta - Article Marketing\",\"isPartOf\":{\"@id\":\"https:\/\/www.article-marketing.eu\/comunicati\/#website\"},\"datePublished\":\"2009-09-25T16:19:56+00:00\",\"dateModified\":\"2018-06-04T18:27:51+00:00\",\"author\":{\"@id\":\"https:\/\/www.article-marketing.eu\/comunicati\/#\/schema\/person\/44372e4d4d0fa797b18e03ed1ace9017\"},\"breadcrumb\":{\"@id\":\"https:\/\/www.article-marketing.eu\/comunicati\/casa\/energiatuttocompreso-scegli-la-taglia-perfetta\/#breadcrumb\"},\"inLanguage\":\"it-IT\",\"potentialAction\":[{\"@type\":\"ReadAction\",\"target\":[\"https:\/\/www.article-marketing.eu\/comunicati\/casa\/energiatuttocompreso-scegli-la-taglia-perfetta\/\"]}]},{\"@type\":\"BreadcrumbList\",\"@id\":\"https:\/\/www.article-marketing.eu\/comunicati\/casa\/energiatuttocompreso-scegli-la-taglia-perfetta\/#breadcrumb\",\"itemListElement\":[{\"@type\":\"ListItem\",\"position\":1,\"name\":\"Home\",\"item\":\"https:\/\/www.article-marketing.eu\/comunicati\/\"},{\"@type\":\"ListItem\",\"position\":2,\"name\":\"Energiatuttocompreso: scegli la taglia perfetta\"}]},{\"@type\":\"WebSite\",\"@id\":\"https:\/\/www.article-marketing.eu\/comunicati\/#website\",\"url\":\"https:\/\/www.article-marketing.eu\/comunicati\/\",\"name\":\"Article Marketing\",\"description\":\"article marketing &amp; press release\",\"potentialAction\":[{\"@type\":\"SearchAction\",\"target\":{\"@type\":\"EntryPoint\",\"urlTemplate\":\"https:\/\/www.article-marketing.eu\/comunicati\/?s={search_term_string}\"},\"query-input\":{\"@type\":\"PropertyValueSpecification\",\"valueRequired\":true,\"valueName\":\"search_term_string\"}}],\"inLanguage\":\"it-IT\"},{\"@type\":\"Person\",\"@id\":\"https:\/\/www.article-marketing.eu\/comunicati\/#\/schema\/person\/44372e4d4d0fa797b18e03ed1ace9017\",\"name\":\"Redazione Comunicati Stampa\",\"image\":{\"@type\":\"ImageObject\",\"inLanguage\":\"it-IT\",\"@id\":\"https:\/\/www.article-marketing.eu\/comunicati\/#\/schema\/person\/image\/\",\"url\":\"https:\/\/secure.gravatar.com\/avatar\/50e5c6421d3072f42e7ace803501602c60d75233d34e29fd05feb91c8760b792?s=96&d=mm&r=g\",\"contentUrl\":\"https:\/\/secure.gravatar.com\/avatar\/50e5c6421d3072f42e7ace803501602c60d75233d34e29fd05feb91c8760b792?s=96&d=mm&r=g\",\"caption\":\"Redazione Comunicati Stampa\"},\"url\":\"https:\/\/www.article-marketing.eu\/comunicati\/author\/redazione-comunicati-stampa\/\"}]}<\/script>\n<!-- \/ Yoast SEO plugin. -->","yoast_head_json":{"title":"Energiatuttocompreso: scegli la taglia perfetta - Article Marketing","robots":{"index":"index","follow":"follow","max-snippet":"max-snippet:-1","max-image-preview":"max-image-preview:large","max-video-preview":"max-video-preview:-1"},"canonical":"https:\/\/www.article-marketing.eu\/comunicati\/casa\/energiatuttocompreso-scegli-la-taglia-perfetta\/","og_locale":"it_IT","og_type":"article","og_title":"Energiatuttocompreso: scegli la taglia perfetta - Article Marketing","og_description":"Small, Medium o Large? Qual \u00e8 la taglia che ti calza a pennello? Scoprilo con Energiatuttocompreso: controlli la bolletta, sai quanto spendi e non hai pi\u00f9 sorprese  Quanto costa la serenit\u00e0 in famiglia? Nulla, se ti affidi a Energia Tutto Compreso, (http:\/\/www.enel.it\/enelenergia\/famiglie\/tuttocompreso\/index.aspx) la nuova offerta di Enel Energia dedicata alle famiglie: una soluzione per conoscere in anticipo la spesa mensile di energia e, grazie ad una bolletta semplificata e di facile lettura, sapere con precisione quanto costa ci\u00f2 che consumi.","og_url":"https:\/\/www.article-marketing.eu\/comunicati\/casa\/energiatuttocompreso-scegli-la-taglia-perfetta\/","og_site_name":"Article Marketing","article_published_time":"2009-09-25T16:19:56+00:00","article_modified_time":"2018-06-04T18:27:51+00:00","author":"Redazione Comunicati Stampa","twitter_card":"summary_large_image","twitter_misc":{"Scritto da":"Redazione Comunicati Stampa","Tempo di lettura stimato":"3 minuti"},"schema":{"@context":"https:\/\/schema.org","@graph":[{"@type":"Article","@id":"https:\/\/www.article-marketing.eu\/comunicati\/casa\/energiatuttocompreso-scegli-la-taglia-perfetta\/#article","isPartOf":{"@id":"https:\/\/www.article-marketing.eu\/comunicati\/casa\/energiatuttocompreso-scegli-la-taglia-perfetta\/"},"author":{"name":"Redazione Comunicati Stampa","@id":"https:\/\/www.article-marketing.eu\/comunicati\/#\/schema\/person\/44372e4d4d0fa797b18e03ed1ace9017"},"headline":"Energiatuttocompreso: scegli la taglia perfetta","datePublished":"2009-09-25T16:19:56+00:00","dateModified":"2018-06-04T18:27:51+00:00","mainEntityOfPage":{"@id":"https:\/\/www.article-marketing.eu\/comunicati\/casa\/energiatuttocompreso-scegli-la-taglia-perfetta\/"},"wordCount":551,"commentCount":0,"keywords":["enel","Energia Tutto Compreso","offerta"],"articleSection":["Casa"],"inLanguage":"it-IT","potentialAction":[{"@type":"CommentAction","name":"Comment","target":["https:\/\/www.article-marketing.eu\/comunicati\/casa\/energiatuttocompreso-scegli-la-taglia-perfetta\/#respond"]}]},{"@type":"WebPage","@id":"https:\/\/www.article-marketing.eu\/comunicati\/casa\/energiatuttocompreso-scegli-la-taglia-perfetta\/","url":"https:\/\/www.article-marketing.eu\/comunicati\/casa\/energiatuttocompreso-scegli-la-taglia-perfetta\/","name":"Energiatuttocompreso: scegli la taglia perfetta - Article Marketing","isPartOf":{"@id":"https:\/\/www.article-marketing.eu\/comunicati\/#website"},"datePublished":"2009-09-25T16:19:56+00:00","dateModified":"2018-06-04T18:27:51+00:00","author":{"@id":"https:\/\/www.article-marketing.eu\/comunicati\/#\/schema\/person\/44372e4d4d0fa797b18e03ed1ace9017"},"breadcrumb":{"@id":"https:\/\/www.article-marketing.eu\/comunicati\/casa\/energiatuttocompreso-scegli-la-taglia-perfetta\/#breadcrumb"},"inLanguage":"it-IT","potentialAction":[{"@type":"ReadAction","target":["https:\/\/www.article-marketing.eu\/comunicati\/casa\/energiatuttocompreso-scegli-la-taglia-perfetta\/"]}]},{"@type":"BreadcrumbList","@id":"https:\/\/www.article-marketing.eu\/comunicati\/casa\/energiatuttocompreso-scegli-la-taglia-perfetta\/#breadcrumb","itemListElement":[{"@type":"ListItem","position":1,"name":"Home","item":"https:\/\/www.article-marketing.eu\/comunicati\/"},{"@type":"ListItem","position":2,"name":"Energiatuttocompreso: scegli la taglia perfetta"}]},{"@type":"WebSite","@id":"https:\/\/www.article-marketing.eu\/comunicati\/#website","url":"https:\/\/www.article-marketing.eu\/comunicati\/","name":"Article Marketing","description":"article marketing &amp; press release","potentialAction":[{"@type":"SearchAction","target":{"@type":"EntryPoint","urlTemplate":"https:\/\/www.article-marketing.eu\/comunicati\/?s={search_term_string}"},"query-input":{"@type":"PropertyValueSpecification","valueRequired":true,"valueName":"search_term_string"}}],"inLanguage":"it-IT"},{"@type":"Person","@id":"https:\/\/www.article-marketing.eu\/comunicati\/#\/schema\/person\/44372e4d4d0fa797b18e03ed1ace9017","name":"Redazione Comunicati Stampa","image":{"@type":"ImageObject","inLanguage":"it-IT","@id":"https:\/\/www.article-marketing.eu\/comunicati\/#\/schema\/person\/image\/","url":"https:\/\/secure.gravatar.com\/avatar\/50e5c6421d3072f42e7ace803501602c60d75233d34e29fd05feb91c8760b792?s=96&d=mm&r=g","contentUrl":"https:\/\/secure.gravatar.com\/avatar\/50e5c6421d3072f42e7ace803501602c60d75233d34e29fd05feb91c8760b792?s=96&d=mm&r=g","caption":"Redazione Comunicati Stampa"},"url":"https:\/\/www.article-marketing.eu\/comunicati\/author\/redazione-comunicati-stampa\/"}]}},"_links":{"self":[{"href":"https:\/\/www.article-marketing.eu\/comunicati\/wp-json\/wp\/v2\/posts\/2857","targetHints":{"allow":["GET"]}}],"collection":[{"href":"https:\/\/www.article-marketing.eu\/comunicati\/wp-json\/wp\/v2\/posts"}],"about":[{"href":"https:\/\/www.article-marketing.eu\/comunicati\/wp-json\/wp\/v2\/types\/post"}],"author":[{"embeddable":true,"href":"https:\/\/www.article-marketing.eu\/comunicati\/wp-json\/wp\/v2\/users\/10"}],"replies":[{"embeddable":true,"href":"https:\/\/www.article-marketing.eu\/comunicati\/wp-json\/wp\/v2\/comments?post=2857"}],"version-history":[{"count":1,"href":"https:\/\/www.article-marketing.eu\/comunicati\/wp-json\/wp\/v2\/posts\/2857\/revisions"}],"predecessor-version":[{"id":55773,"href":"https:\/\/www.article-marketing.eu\/comunicati\/wp-json\/wp\/v2\/posts\/2857\/revisions\/55773"}],"wp:attachment":[{"href":"https:\/\/www.article-marketing.eu\/comunicati\/wp-json\/wp\/v2\/media?parent=2857"}],"wp:term":[{"taxonomy":"category","embeddable":true,"href":"https:\/\/www.article-marketing.eu\/comunicati\/wp-json\/wp\/v2\/categories?post=2857"},{"taxonomy":"post_tag","embeddable":true,"href":"https:\/\/www.article-marketing.eu\/comunicati\/wp-json\/wp\/v2\/tags?post=2857"}],"curies":[{"name":"wp","href":"https:\/\/api.w.org\/{rel}","templated":true}]}}