{"id":287,"date":"2008-04-03T16:13:46","date_gmt":"2008-04-03T14:13:46","guid":{"rendered":"http:\/\/www.article-marketing.eu\/comunicati\/senza-categoria\/estate-crociere-in-barca-a-vela-in-sardegna-e-provenza\/"},"modified":"2008-04-03T16:13:46","modified_gmt":"2008-04-03T14:13:46","slug":"estate-crociere-in-barca-a-vela-in-sardegna-e-provenza","status":"publish","type":"post","link":"https:\/\/www.article-marketing.eu\/comunicati\/viaggi-e-vacanze\/viaggi-e-turismo\/estate-crociere-in-barca-a-vela-in-sardegna-e-provenza\/","title":{"rendered":"Vacanze  a Vela in Sardegna e Provenza"},"content":{"rendered":"<p><strong>Estate: Vacanze a Vela in Sardegna e Provenza<\/strong> <\/p>\n<p>La Scuola di Vela e di Mare RIVIERAVENTO SAILINGTEAM organizza <a href=\"http:\/\/www.rivieravento.com\/\">vacanze in barca a vela<\/a>, ad imbarco individuale, tutte le settimane di agosto. <\/p>\n<p>Una vacanza in barca a vela \u00e8 sufficiente per dimenticare mesi di stress, e per ritrovare ritmi di vita naturali e rilassanti, scanditi dalle onde e dal sole, incontrando amici e amiche con la stessa passione per il mare e la natura. <\/p>\n<p>Barche comode e veloci, skipper professionali e preparati, organizziamo crociere settimanali nelle acque pi\u00f9 belle del Mediterraneo\u2026 relax, sole, bagni acque cristalline, grigliate sulla spiaggia e tanto vento &#038; tanta vela! <\/p>\n<p>Navigheremo in buona compagnia lungo una delle pi\u00f9 belle coste del Mediterraneo, su comodi e veloci cabinati di 12 metri, alternando  relax, sole, bagni in rade incontaminate dalle acque cristalline, grigliate sulla spiaggia e naturalmente tanto vento &#038; tanta vela.<\/p>\n<p>I nostri skipper-istruttori vi avvicineranno alla vita in barca ed alla navigazione: chi vuole iniziare potr\u00e0 avvicinarsi in tutta sicurezza alle manovre ed alla conduzione della barca; i pi\u00f9 esperti avranno mille occasioni per perfezionare la propria tecnica e scoprire i pi\u00f9 utili &#8220;trucchi marinareschi&#8221;. <\/p>\n<p>Possibilit\u00e0 di immersioni sub \/ snorkeling e stage di biologia marina. <\/p>\n<p><strong>Destinazione 1 : St. Tropez-Isole Porquerolles (Imbarco San Remo)<\/strong><br \/> <br \/>\nNavigheremo lungo una costa affascinante, ricca di porti famosi e baie tranquille, spiagge immacolate e falesie sul mare, ma anche riserve naturali come la rada di Agay e le isole di Port Cros e Porquerolles.<br \/>  Il grande numero di porti e approdi, ci permetter\u00e0 di programmare navigazioni &#8220;su misura&#8221;, alternando soste in porto a notti in rada sotto le stelle, per una crociere veramente adatta a tutti!<\/p>\n<p>Partenze:  2\/8 9\/8 16\/8 23\/8  <\/p>\n<p>A partire da 560\u20ac a testa. <\/p>\n<p> Info : 347 4173297<br \/>\n Email: sailingteam@rivieravento.com<\/p>\n<p>&#8212;&#8212;&#8212;&#8212;&#8212;&#8212;&#8212;&#8212;&#8212;&#8212;&#8212;&#8212;&#8212;&#8212;&#8212;&#8212;&#8212;&#8212;&#8212;&#8212;&#8212;&#8212;-<\/p>\n<p><strong>Destinazione 2 : Nord Sardegna-Corsica (Imbarco OLBIA) <\/strong><\/p>\n<p>\nL\u2019arcipelago della Maddalena, l\u2019Isola di Tavolara, il nord della Corsica saranno la nostra area di navigazione, con possibilit\u00e0 di effettuare snorkeling &#038; immersioni sub e stage di biologia marina, esplorando coste e fondali  affascinanti, ricche di storia e di bellezze naturalistiche.<br \/> <br \/>\nL\u2019area di navigazione \u00e8 compresa nel \u201cSantuario dei Cetacei\u201d,  acque sotto tutela internazionale dove potremo avvistare branchi di delfini e, spesso , cetacei pi\u00f9 grossi.<br \/>\nL&#8217;imbarco \u00e8 previsto a Olbia, a pochi minuti dai traghetti e dall&#8217;aeroporto, con collegamenti rapidi ed economici con tutta Italia.<\/p>\n<p>Partenze: 27\/7 2\/8 9\/8 16\/8 23\/8 30\/8 <\/p>\n<p>A partire da 450\u20ac a testa. <\/p>\n<p> Info : 347 4173297<br \/>\n Email: sailingteam@rivieravento.com<\/p>\n","protected":false},"excerpt":{"rendered":"<p>La  Scuola di Vela e di Mare RIVIERAVENTO SAILINGTEAM  organizza crociere e vacanze in barca a vela, ad imbarco individuale, tutte le settimane di agosto, con destinazione Sardegna e Provenza.<br \/>\nUna settimana di barca a vela \u00e8 sufficiente per dimenticare mesi di stress, e per ritrovare ritmi di vita naturali e rilassanti, incontrando amici e amiche con la stessa passione per il mare e la natura.<br \/>\nCon i nostri istruttori potrai scoprire la vita in barca e trascorrere delle vacanze a contatto con la natura, lungo le pi\u00f9 belle coste del Mediterraneo.<\/p>\n","protected":false},"author":10,"featured_media":0,"comment_status":"open","ping_status":"open","sticky":false,"template":"","format":"standard","meta":{"cybocfi_hide_featured_image":"","footnotes":""},"categories":[2],"tags":[1084,1085,1087,1086,858,1083],"class_list":["post-287","post","type-post","status-publish","format-standard","hentry","category-viaggi-e-turismo","tag-crociere-barca-a-vela","tag-estate","tag-provenza","tag-sardegna","tag-scuola-vela","tag-vacanze-vela"],"yoast_head":"<!-- This site is optimized with the Yoast SEO plugin v27.0 - https:\/\/yoast.com\/product\/yoast-seo-wordpress\/ -->\n<title>Vacanze a Vela in Sardegna e Provenza - Article Marketing<\/title>\n<meta name=\"robots\" content=\"index, follow, max-snippet:-1, max-image-preview:large, max-video-preview:-1\" \/>\n<link rel=\"canonical\" href=\"https:\/\/www.article-marketing.eu\/comunicati\/viaggi-e-vacanze\/viaggi-e-turismo\/estate-crociere-in-barca-a-vela-in-sardegna-e-provenza\/\" \/>\n<meta property=\"og:locale\" content=\"it_IT\" \/>\n<meta property=\"og:type\" content=\"article\" \/>\n<meta property=\"og:title\" content=\"Vacanze a Vela in Sardegna e Provenza - Article Marketing\" \/>\n<meta property=\"og:description\" content=\"La Scuola di Vela e di Mare RIVIERAVENTO SAILINGTEAM organizza crociere e vacanze in barca a vela, ad imbarco individuale, tutte le settimane di agosto, con destinazione Sardegna e Provenza. Una settimana di barca a vela \u00e8 sufficiente per dimenticare mesi di stress, e per ritrovare ritmi di vita naturali e rilassanti, incontrando amici e amiche con la stessa passione per il mare e la natura.  Con i nostri istruttori potrai scoprire la vita in barca e trascorrere delle vacanze a contatto con la natura, lungo le pi\u00f9 belle coste del Mediterraneo.\" \/>\n<meta property=\"og:url\" content=\"https:\/\/www.article-marketing.eu\/comunicati\/viaggi-e-vacanze\/viaggi-e-turismo\/estate-crociere-in-barca-a-vela-in-sardegna-e-provenza\/\" \/>\n<meta property=\"og:site_name\" content=\"Article Marketing\" \/>\n<meta property=\"article:published_time\" content=\"2008-04-03T14:13:46+00:00\" \/>\n<meta name=\"author\" content=\"Redazione Comunicati Stampa\" \/>\n<meta name=\"twitter:card\" content=\"summary_large_image\" \/>\n<meta name=\"twitter:label1\" content=\"Scritto da\" \/>\n\t<meta name=\"twitter:data1\" content=\"Redazione Comunicati Stampa\" \/>\n\t<meta name=\"twitter:label2\" content=\"Tempo di lettura stimato\" \/>\n\t<meta name=\"twitter:data2\" content=\"2 minuti\" \/>\n<script type=\"application\/ld+json\" class=\"yoast-schema-graph\">{\"@context\":\"https:\/\/schema.org\",\"@graph\":[{\"@type\":\"Article\",\"@id\":\"https:\/\/www.article-marketing.eu\/comunicati\/viaggi-e-vacanze\/viaggi-e-turismo\/estate-crociere-in-barca-a-vela-in-sardegna-e-provenza\/#article\",\"isPartOf\":{\"@id\":\"https:\/\/www.article-marketing.eu\/comunicati\/viaggi-e-vacanze\/viaggi-e-turismo\/estate-crociere-in-barca-a-vela-in-sardegna-e-provenza\/\"},\"author\":{\"name\":\"Redazione Comunicati Stampa\",\"@id\":\"https:\/\/www.article-marketing.eu\/comunicati\/#\/schema\/person\/44372e4d4d0fa797b18e03ed1ace9017\"},\"headline\":\"Vacanze a Vela in Sardegna e Provenza\",\"datePublished\":\"2008-04-03T14:13:46+00:00\",\"mainEntityOfPage\":{\"@id\":\"https:\/\/www.article-marketing.eu\/comunicati\/viaggi-e-vacanze\/viaggi-e-turismo\/estate-crociere-in-barca-a-vela-in-sardegna-e-provenza\/\"},\"wordCount\":389,\"commentCount\":0,\"keywords\":[\"crociere barca a vela\",\"estate\",\"provenza\",\"sardegna\",\"scuola vela\",\"vacanze vela\"],\"articleSection\":[\"Viaggi e Turismo\"],\"inLanguage\":\"it-IT\",\"potentialAction\":[{\"@type\":\"CommentAction\",\"name\":\"Comment\",\"target\":[\"https:\/\/www.article-marketing.eu\/comunicati\/viaggi-e-vacanze\/viaggi-e-turismo\/estate-crociere-in-barca-a-vela-in-sardegna-e-provenza\/#respond\"]}]},{\"@type\":\"WebPage\",\"@id\":\"https:\/\/www.article-marketing.eu\/comunicati\/viaggi-e-vacanze\/viaggi-e-turismo\/estate-crociere-in-barca-a-vela-in-sardegna-e-provenza\/\",\"url\":\"https:\/\/www.article-marketing.eu\/comunicati\/viaggi-e-vacanze\/viaggi-e-turismo\/estate-crociere-in-barca-a-vela-in-sardegna-e-provenza\/\",\"name\":\"Vacanze a Vela in Sardegna e Provenza - Article Marketing\",\"isPartOf\":{\"@id\":\"https:\/\/www.article-marketing.eu\/comunicati\/#website\"},\"datePublished\":\"2008-04-03T14:13:46+00:00\",\"author\":{\"@id\":\"https:\/\/www.article-marketing.eu\/comunicati\/#\/schema\/person\/44372e4d4d0fa797b18e03ed1ace9017\"},\"breadcrumb\":{\"@id\":\"https:\/\/www.article-marketing.eu\/comunicati\/viaggi-e-vacanze\/viaggi-e-turismo\/estate-crociere-in-barca-a-vela-in-sardegna-e-provenza\/#breadcrumb\"},\"inLanguage\":\"it-IT\",\"potentialAction\":[{\"@type\":\"ReadAction\",\"target\":[\"https:\/\/www.article-marketing.eu\/comunicati\/viaggi-e-vacanze\/viaggi-e-turismo\/estate-crociere-in-barca-a-vela-in-sardegna-e-provenza\/\"]}]},{\"@type\":\"BreadcrumbList\",\"@id\":\"https:\/\/www.article-marketing.eu\/comunicati\/viaggi-e-vacanze\/viaggi-e-turismo\/estate-crociere-in-barca-a-vela-in-sardegna-e-provenza\/#breadcrumb\",\"itemListElement\":[{\"@type\":\"ListItem\",\"position\":1,\"name\":\"Home\",\"item\":\"https:\/\/www.article-marketing.eu\/comunicati\/\"},{\"@type\":\"ListItem\",\"position\":2,\"name\":\"Vacanze a Vela in Sardegna e Provenza\"}]},{\"@type\":\"WebSite\",\"@id\":\"https:\/\/www.article-marketing.eu\/comunicati\/#website\",\"url\":\"https:\/\/www.article-marketing.eu\/comunicati\/\",\"name\":\"Article Marketing\",\"description\":\"article marketing &amp; press release\",\"potentialAction\":[{\"@type\":\"SearchAction\",\"target\":{\"@type\":\"EntryPoint\",\"urlTemplate\":\"https:\/\/www.article-marketing.eu\/comunicati\/?s={search_term_string}\"},\"query-input\":{\"@type\":\"PropertyValueSpecification\",\"valueRequired\":true,\"valueName\":\"search_term_string\"}}],\"inLanguage\":\"it-IT\"},{\"@type\":\"Person\",\"@id\":\"https:\/\/www.article-marketing.eu\/comunicati\/#\/schema\/person\/44372e4d4d0fa797b18e03ed1ace9017\",\"name\":\"Redazione Comunicati Stampa\",\"image\":{\"@type\":\"ImageObject\",\"inLanguage\":\"it-IT\",\"@id\":\"https:\/\/www.article-marketing.eu\/comunicati\/#\/schema\/person\/image\/\",\"url\":\"https:\/\/secure.gravatar.com\/avatar\/50e5c6421d3072f42e7ace803501602c60d75233d34e29fd05feb91c8760b792?s=96&d=mm&r=g\",\"contentUrl\":\"https:\/\/secure.gravatar.com\/avatar\/50e5c6421d3072f42e7ace803501602c60d75233d34e29fd05feb91c8760b792?s=96&d=mm&r=g\",\"caption\":\"Redazione Comunicati Stampa\"},\"url\":\"https:\/\/www.article-marketing.eu\/comunicati\/author\/redazione-comunicati-stampa\/\"}]}<\/script>\n<!-- \/ Yoast SEO plugin. -->","yoast_head_json":{"title":"Vacanze a Vela in Sardegna e Provenza - Article Marketing","robots":{"index":"index","follow":"follow","max-snippet":"max-snippet:-1","max-image-preview":"max-image-preview:large","max-video-preview":"max-video-preview:-1"},"canonical":"https:\/\/www.article-marketing.eu\/comunicati\/viaggi-e-vacanze\/viaggi-e-turismo\/estate-crociere-in-barca-a-vela-in-sardegna-e-provenza\/","og_locale":"it_IT","og_type":"article","og_title":"Vacanze a Vela in Sardegna e Provenza - Article Marketing","og_description":"La Scuola di Vela e di Mare RIVIERAVENTO SAILINGTEAM organizza crociere e vacanze in barca a vela, ad imbarco individuale, tutte le settimane di agosto, con destinazione Sardegna e Provenza. Una settimana di barca a vela \u00e8 sufficiente per dimenticare mesi di stress, e per ritrovare ritmi di vita naturali e rilassanti, incontrando amici e amiche con la stessa passione per il mare e la natura.  Con i nostri istruttori potrai scoprire la vita in barca e trascorrere delle vacanze a contatto con la natura, lungo le pi\u00f9 belle coste del Mediterraneo.","og_url":"https:\/\/www.article-marketing.eu\/comunicati\/viaggi-e-vacanze\/viaggi-e-turismo\/estate-crociere-in-barca-a-vela-in-sardegna-e-provenza\/","og_site_name":"Article Marketing","article_published_time":"2008-04-03T14:13:46+00:00","author":"Redazione Comunicati Stampa","twitter_card":"summary_large_image","twitter_misc":{"Scritto da":"Redazione Comunicati Stampa","Tempo di lettura stimato":"2 minuti"},"schema":{"@context":"https:\/\/schema.org","@graph":[{"@type":"Article","@id":"https:\/\/www.article-marketing.eu\/comunicati\/viaggi-e-vacanze\/viaggi-e-turismo\/estate-crociere-in-barca-a-vela-in-sardegna-e-provenza\/#article","isPartOf":{"@id":"https:\/\/www.article-marketing.eu\/comunicati\/viaggi-e-vacanze\/viaggi-e-turismo\/estate-crociere-in-barca-a-vela-in-sardegna-e-provenza\/"},"author":{"name":"Redazione Comunicati Stampa","@id":"https:\/\/www.article-marketing.eu\/comunicati\/#\/schema\/person\/44372e4d4d0fa797b18e03ed1ace9017"},"headline":"Vacanze a Vela in Sardegna e Provenza","datePublished":"2008-04-03T14:13:46+00:00","mainEntityOfPage":{"@id":"https:\/\/www.article-marketing.eu\/comunicati\/viaggi-e-vacanze\/viaggi-e-turismo\/estate-crociere-in-barca-a-vela-in-sardegna-e-provenza\/"},"wordCount":389,"commentCount":0,"keywords":["crociere barca a vela","estate","provenza","sardegna","scuola vela","vacanze vela"],"articleSection":["Viaggi e Turismo"],"inLanguage":"it-IT","potentialAction":[{"@type":"CommentAction","name":"Comment","target":["https:\/\/www.article-marketing.eu\/comunicati\/viaggi-e-vacanze\/viaggi-e-turismo\/estate-crociere-in-barca-a-vela-in-sardegna-e-provenza\/#respond"]}]},{"@type":"WebPage","@id":"https:\/\/www.article-marketing.eu\/comunicati\/viaggi-e-vacanze\/viaggi-e-turismo\/estate-crociere-in-barca-a-vela-in-sardegna-e-provenza\/","url":"https:\/\/www.article-marketing.eu\/comunicati\/viaggi-e-vacanze\/viaggi-e-turismo\/estate-crociere-in-barca-a-vela-in-sardegna-e-provenza\/","name":"Vacanze a Vela in Sardegna e Provenza - Article Marketing","isPartOf":{"@id":"https:\/\/www.article-marketing.eu\/comunicati\/#website"},"datePublished":"2008-04-03T14:13:46+00:00","author":{"@id":"https:\/\/www.article-marketing.eu\/comunicati\/#\/schema\/person\/44372e4d4d0fa797b18e03ed1ace9017"},"breadcrumb":{"@id":"https:\/\/www.article-marketing.eu\/comunicati\/viaggi-e-vacanze\/viaggi-e-turismo\/estate-crociere-in-barca-a-vela-in-sardegna-e-provenza\/#breadcrumb"},"inLanguage":"it-IT","potentialAction":[{"@type":"ReadAction","target":["https:\/\/www.article-marketing.eu\/comunicati\/viaggi-e-vacanze\/viaggi-e-turismo\/estate-crociere-in-barca-a-vela-in-sardegna-e-provenza\/"]}]},{"@type":"BreadcrumbList","@id":"https:\/\/www.article-marketing.eu\/comunicati\/viaggi-e-vacanze\/viaggi-e-turismo\/estate-crociere-in-barca-a-vela-in-sardegna-e-provenza\/#breadcrumb","itemListElement":[{"@type":"ListItem","position":1,"name":"Home","item":"https:\/\/www.article-marketing.eu\/comunicati\/"},{"@type":"ListItem","position":2,"name":"Vacanze a Vela in Sardegna e Provenza"}]},{"@type":"WebSite","@id":"https:\/\/www.article-marketing.eu\/comunicati\/#website","url":"https:\/\/www.article-marketing.eu\/comunicati\/","name":"Article Marketing","description":"article marketing &amp; press release","potentialAction":[{"@type":"SearchAction","target":{"@type":"EntryPoint","urlTemplate":"https:\/\/www.article-marketing.eu\/comunicati\/?s={search_term_string}"},"query-input":{"@type":"PropertyValueSpecification","valueRequired":true,"valueName":"search_term_string"}}],"inLanguage":"it-IT"},{"@type":"Person","@id":"https:\/\/www.article-marketing.eu\/comunicati\/#\/schema\/person\/44372e4d4d0fa797b18e03ed1ace9017","name":"Redazione Comunicati Stampa","image":{"@type":"ImageObject","inLanguage":"it-IT","@id":"https:\/\/www.article-marketing.eu\/comunicati\/#\/schema\/person\/image\/","url":"https:\/\/secure.gravatar.com\/avatar\/50e5c6421d3072f42e7ace803501602c60d75233d34e29fd05feb91c8760b792?s=96&d=mm&r=g","contentUrl":"https:\/\/secure.gravatar.com\/avatar\/50e5c6421d3072f42e7ace803501602c60d75233d34e29fd05feb91c8760b792?s=96&d=mm&r=g","caption":"Redazione Comunicati Stampa"},"url":"https:\/\/www.article-marketing.eu\/comunicati\/author\/redazione-comunicati-stampa\/"}]}},"_links":{"self":[{"href":"https:\/\/www.article-marketing.eu\/comunicati\/wp-json\/wp\/v2\/posts\/287","targetHints":{"allow":["GET"]}}],"collection":[{"href":"https:\/\/www.article-marketing.eu\/comunicati\/wp-json\/wp\/v2\/posts"}],"about":[{"href":"https:\/\/www.article-marketing.eu\/comunicati\/wp-json\/wp\/v2\/types\/post"}],"author":[{"embeddable":true,"href":"https:\/\/www.article-marketing.eu\/comunicati\/wp-json\/wp\/v2\/users\/10"}],"replies":[{"embeddable":true,"href":"https:\/\/www.article-marketing.eu\/comunicati\/wp-json\/wp\/v2\/comments?post=287"}],"version-history":[{"count":0,"href":"https:\/\/www.article-marketing.eu\/comunicati\/wp-json\/wp\/v2\/posts\/287\/revisions"}],"wp:attachment":[{"href":"https:\/\/www.article-marketing.eu\/comunicati\/wp-json\/wp\/v2\/media?parent=287"}],"wp:term":[{"taxonomy":"category","embeddable":true,"href":"https:\/\/www.article-marketing.eu\/comunicati\/wp-json\/wp\/v2\/categories?post=287"},{"taxonomy":"post_tag","embeddable":true,"href":"https:\/\/www.article-marketing.eu\/comunicati\/wp-json\/wp\/v2\/tags?post=287"}],"curies":[{"name":"wp","href":"https:\/\/api.w.org\/{rel}","templated":true}]}}