{"id":2873,"date":"2009-09-28T18:48:03","date_gmt":"2009-09-28T16:48:03","guid":{"rendered":"http:\/\/www.article-marketing.eu\/comunicati\/senza-categoria\/4-seasons-una-nuova-luce-illuminera-la-casina-valadier\/"},"modified":"2009-09-28T18:48:03","modified_gmt":"2009-09-28T16:48:03","slug":"4-seasons-una-nuova-luce-illuminera-la-casina-valadier","status":"publish","type":"post","link":"https:\/\/www.article-marketing.eu\/comunicati\/comunicati-stampa\/eventi\/4-seasons-una-nuova-luce-illuminera-la-casina-valadier\/","title":{"rendered":"4 SEASONS, UNA NUOVA LUCE ILLUMINERA\u2019 LA CASINA VALADIER"},"content":{"rendered":"<p>\n ROMA \u2013 La splendida cornice di Villa Borghese sar\u00e0 la protagonista dell\u2019evento 4 Seasons, presentato da <a href=\"http:\/\/www.performanceinlighting.com\/\">Prisma Architectural.<\/a> Architetti, lighting designer, personalit\u00e0 varie tra istituzioni, giornalisti, politici, esponenti dell\u2019imprenditoria e della cultura saranno presenti per ammirare il nuovo sistema di lighting design, che creer\u00e0 un\u2019atmosfera di magia e fiaba, dall\u2019alto contenuto tecnologico, in accordo con le numerose note neoclassiche all\u2019interno e all\u2019esterno della Casina Valadier e con quella certa \u201callure\u201d di elegante bistrot francese che ne ha sempre caratterizzato la personalit\u00e0.<br \/>I giardini di Casina Valadier, che in questa occasione si presenteranno in una particolare e inusuale veste, sono un piccolo gioiello all\u2019interno del parco di Villa Borghese, lo spazio verde tra i pi\u00f9 celebri e sognanti della citt\u00e0 eterna, ritrovo di artisti, intellettuali e politici di tutto il mondo come Ghandi, re Farouk d\u2019Egitto, Strass e Pirandello fin dalla prima guerra mondiale. <\/p>\n<p>La scelta della Casina Valadier \u00e8 in perfetta sintonia con il mood di 4 Seasons e con la filosofia del gruppo. Il bellissimo palazzetto neoclassico si trova in posizione panoramica, nel contesto del parco di Villa Borghese, nel punto pi\u00f9 alto del Pincio, dove in passato le grandi famiglie romane avevano i giardini pi\u00f9 sfarzosi della citt\u00e0. Il che significa non solo avere a disposizione un palcoscenico verde di inestimabile suggestione che consentir\u00e0 di mostrare e di-mostrare ad addetti ai lavori e non solo tutte le potenzialit\u00e0 del sistema illuminotecnico nella progettazione dello spazio esterno, ma anche riconoscersi in una precisa \u201ccultura del verde\u201d che viene da lontano e che identifica la natura, di cui la luce \u00e8 alleata preziosa, come fonte di benessere.<\/p>\n<p>Gli allestimenti previsti e curati da Prisma Architectural intendono, per una sera, creare attorno agli ospiti l\u2019impressione di una fiaba moderna e dall\u2019alto contenuto tecnologico ma al tempo stesso dal sapore antico, lontano nel tempo e nello spazio. Prisma Architectural raccoglie prodotti ad alto contenuto tecnico adatti a tantissime tipologie di installazione, per interni ed esterni, nei quali si uniscono materiali di alta qualit\u00e0 e valenze illuminotecniche.<\/p>\n<p>Guida d\u2019eccellenza della serata, l\u2019eclettico giornalista e critico d\u2019arte, Philippe Daverio che interverr\u00e0 sul ruolo della luce, emozione e natura.<br \/>Accanto a lui tra i pi\u00f9 importanti lighting designer italiani, Francesco Iannone e Serena Tellini, progettisti insieme al team interno di Prisma Architectural di 4 Seasons per la Casina.<br \/>Un sistema di lighting design innovativo con una gamma pressoch\u00e9 infinita di colori e sfumature render\u00e0 ancora pi\u00f9 romantica e suggestiva una delle pi\u00f9 belle strutture romane, la Casina Valadier, in anteprima il 30 settembre in Piazza Bucarest &#8211; Roma.<\/p>\n<p><\/p>\n","protected":false},"excerpt":{"rendered":"<p>Il prossimo 30 settembre Villa Borghese si mostrer\u00e0 in una veste colorata e originale per presentare l\u2019innovativo sistema di lighting design di Prisma Architectural, destinato a rivoluzionare l\u2019illuminazione degli spazi verdi.<\/p>\n","protected":false},"author":10,"featured_media":0,"comment_status":"open","ping_status":"open","sticky":false,"template":"","format":"standard","meta":{"cybocfi_hide_featured_image":"","footnotes":""},"categories":[388],"tags":[9334,5123,1106,2925,9336,9335,9326,169,9331,9329,926,9337,9328,4326,58,9330,9333,251,9332,915,9338,9327,1997],"class_list":["post-2873","post","type-post","status-publish","format-standard","hentry","category-eventi","tag-architectural","tag-architetti","tag-architettura","tag-artisti","tag-atmosfera","tag-borghese","tag-casina","tag-colori","tag-daverio","tag-desiner","tag-evento","tag-iannone","tag-lighting","tag-luce","tag-natura","tag-philippe","tag-prisma","tag-roma","tag-seasons","tag-settembre","tag-tellini","tag-valadier","tag-villa"],"yoast_head":"<!-- This site is optimized with the Yoast SEO plugin v27.0 - https:\/\/yoast.com\/product\/yoast-seo-wordpress\/ -->\n<title>4 SEASONS, UNA NUOVA LUCE ILLUMINERA\u2019 LA CASINA VALADIER - Article Marketing<\/title>\n<meta name=\"robots\" content=\"index, follow, max-snippet:-1, max-image-preview:large, max-video-preview:-1\" \/>\n<link rel=\"canonical\" href=\"https:\/\/www.article-marketing.eu\/comunicati\/comunicati-stampa\/eventi\/4-seasons-una-nuova-luce-illuminera-la-casina-valadier\/\" \/>\n<meta property=\"og:locale\" content=\"it_IT\" \/>\n<meta property=\"og:type\" content=\"article\" \/>\n<meta property=\"og:title\" content=\"4 SEASONS, UNA NUOVA LUCE ILLUMINERA\u2019 LA CASINA VALADIER - Article Marketing\" \/>\n<meta property=\"og:description\" content=\"Il prossimo 30 settembre Villa Borghese si mostrer\u00e0 in una veste colorata e originale per presentare l\u2019innovativo sistema di lighting design di Prisma Architectural, destinato a rivoluzionare l\u2019illuminazione degli spazi verdi.\" \/>\n<meta property=\"og:url\" content=\"https:\/\/www.article-marketing.eu\/comunicati\/comunicati-stampa\/eventi\/4-seasons-una-nuova-luce-illuminera-la-casina-valadier\/\" \/>\n<meta property=\"og:site_name\" content=\"Article Marketing\" \/>\n<meta property=\"article:published_time\" content=\"2009-09-28T16:48:03+00:00\" \/>\n<meta name=\"author\" content=\"Redazione Comunicati Stampa\" \/>\n<meta name=\"twitter:card\" content=\"summary_large_image\" \/>\n<meta name=\"twitter:label1\" content=\"Scritto da\" \/>\n\t<meta name=\"twitter:data1\" content=\"Redazione Comunicati Stampa\" \/>\n\t<meta name=\"twitter:label2\" content=\"Tempo di lettura stimato\" \/>\n\t<meta name=\"twitter:data2\" content=\"2 minuti\" \/>\n<script type=\"application\/ld+json\" class=\"yoast-schema-graph\">{\"@context\":\"https:\/\/schema.org\",\"@graph\":[{\"@type\":\"Article\",\"@id\":\"https:\/\/www.article-marketing.eu\/comunicati\/comunicati-stampa\/eventi\/4-seasons-una-nuova-luce-illuminera-la-casina-valadier\/#article\",\"isPartOf\":{\"@id\":\"https:\/\/www.article-marketing.eu\/comunicati\/comunicati-stampa\/eventi\/4-seasons-una-nuova-luce-illuminera-la-casina-valadier\/\"},\"author\":{\"name\":\"Redazione Comunicati Stampa\",\"@id\":\"https:\/\/www.article-marketing.eu\/comunicati\/#\/schema\/person\/44372e4d4d0fa797b18e03ed1ace9017\"},\"headline\":\"4 SEASONS, UNA NUOVA LUCE ILLUMINERA\u2019 LA CASINA VALADIER\",\"datePublished\":\"2009-09-28T16:48:03+00:00\",\"mainEntityOfPage\":{\"@id\":\"https:\/\/www.article-marketing.eu\/comunicati\/comunicati-stampa\/eventi\/4-seasons-una-nuova-luce-illuminera-la-casina-valadier\/\"},\"wordCount\":437,\"commentCount\":0,\"keywords\":[\"architectural\",\"Architetti\",\"architettura\",\"artisti\",\"atmosfera\",\"Borghese\",\"Casina\",\"colori\",\"Daverio\",\"desiner\",\"evento\",\"Iannone\",\"lighting\",\"luce\",\"natura\",\"Philippe\",\"prisma\",\"roma\",\"seasons\",\"settembre\",\"Tellini\",\"Valadier\",\"villa\"],\"articleSection\":[\"Eventi\"],\"inLanguage\":\"it-IT\",\"potentialAction\":[{\"@type\":\"CommentAction\",\"name\":\"Comment\",\"target\":[\"https:\/\/www.article-marketing.eu\/comunicati\/comunicati-stampa\/eventi\/4-seasons-una-nuova-luce-illuminera-la-casina-valadier\/#respond\"]}]},{\"@type\":\"WebPage\",\"@id\":\"https:\/\/www.article-marketing.eu\/comunicati\/comunicati-stampa\/eventi\/4-seasons-una-nuova-luce-illuminera-la-casina-valadier\/\",\"url\":\"https:\/\/www.article-marketing.eu\/comunicati\/comunicati-stampa\/eventi\/4-seasons-una-nuova-luce-illuminera-la-casina-valadier\/\",\"name\":\"4 SEASONS, UNA NUOVA LUCE ILLUMINERA\u2019 LA CASINA VALADIER - Article Marketing\",\"isPartOf\":{\"@id\":\"https:\/\/www.article-marketing.eu\/comunicati\/#website\"},\"datePublished\":\"2009-09-28T16:48:03+00:00\",\"author\":{\"@id\":\"https:\/\/www.article-marketing.eu\/comunicati\/#\/schema\/person\/44372e4d4d0fa797b18e03ed1ace9017\"},\"breadcrumb\":{\"@id\":\"https:\/\/www.article-marketing.eu\/comunicati\/comunicati-stampa\/eventi\/4-seasons-una-nuova-luce-illuminera-la-casina-valadier\/#breadcrumb\"},\"inLanguage\":\"it-IT\",\"potentialAction\":[{\"@type\":\"ReadAction\",\"target\":[\"https:\/\/www.article-marketing.eu\/comunicati\/comunicati-stampa\/eventi\/4-seasons-una-nuova-luce-illuminera-la-casina-valadier\/\"]}]},{\"@type\":\"BreadcrumbList\",\"@id\":\"https:\/\/www.article-marketing.eu\/comunicati\/comunicati-stampa\/eventi\/4-seasons-una-nuova-luce-illuminera-la-casina-valadier\/#breadcrumb\",\"itemListElement\":[{\"@type\":\"ListItem\",\"position\":1,\"name\":\"Home\",\"item\":\"https:\/\/www.article-marketing.eu\/comunicati\/\"},{\"@type\":\"ListItem\",\"position\":2,\"name\":\"4 SEASONS, UNA NUOVA LUCE ILLUMINERA\u2019 LA CASINA VALADIER\"}]},{\"@type\":\"WebSite\",\"@id\":\"https:\/\/www.article-marketing.eu\/comunicati\/#website\",\"url\":\"https:\/\/www.article-marketing.eu\/comunicati\/\",\"name\":\"Article Marketing\",\"description\":\"article marketing &amp; press release\",\"potentialAction\":[{\"@type\":\"SearchAction\",\"target\":{\"@type\":\"EntryPoint\",\"urlTemplate\":\"https:\/\/www.article-marketing.eu\/comunicati\/?s={search_term_string}\"},\"query-input\":{\"@type\":\"PropertyValueSpecification\",\"valueRequired\":true,\"valueName\":\"search_term_string\"}}],\"inLanguage\":\"it-IT\"},{\"@type\":\"Person\",\"@id\":\"https:\/\/www.article-marketing.eu\/comunicati\/#\/schema\/person\/44372e4d4d0fa797b18e03ed1ace9017\",\"name\":\"Redazione Comunicati Stampa\",\"image\":{\"@type\":\"ImageObject\",\"inLanguage\":\"it-IT\",\"@id\":\"https:\/\/www.article-marketing.eu\/comunicati\/#\/schema\/person\/image\/\",\"url\":\"https:\/\/secure.gravatar.com\/avatar\/50e5c6421d3072f42e7ace803501602c60d75233d34e29fd05feb91c8760b792?s=96&d=mm&r=g\",\"contentUrl\":\"https:\/\/secure.gravatar.com\/avatar\/50e5c6421d3072f42e7ace803501602c60d75233d34e29fd05feb91c8760b792?s=96&d=mm&r=g\",\"caption\":\"Redazione Comunicati Stampa\"},\"url\":\"https:\/\/www.article-marketing.eu\/comunicati\/author\/redazione-comunicati-stampa\/\"}]}<\/script>\n<!-- \/ Yoast SEO plugin. -->","yoast_head_json":{"title":"4 SEASONS, UNA NUOVA LUCE ILLUMINERA\u2019 LA CASINA VALADIER - Article Marketing","robots":{"index":"index","follow":"follow","max-snippet":"max-snippet:-1","max-image-preview":"max-image-preview:large","max-video-preview":"max-video-preview:-1"},"canonical":"https:\/\/www.article-marketing.eu\/comunicati\/comunicati-stampa\/eventi\/4-seasons-una-nuova-luce-illuminera-la-casina-valadier\/","og_locale":"it_IT","og_type":"article","og_title":"4 SEASONS, UNA NUOVA LUCE ILLUMINERA\u2019 LA CASINA VALADIER - Article Marketing","og_description":"Il prossimo 30 settembre Villa Borghese si mostrer\u00e0 in una veste colorata e originale per presentare l\u2019innovativo sistema di lighting design di Prisma Architectural, destinato a rivoluzionare l\u2019illuminazione degli spazi verdi.","og_url":"https:\/\/www.article-marketing.eu\/comunicati\/comunicati-stampa\/eventi\/4-seasons-una-nuova-luce-illuminera-la-casina-valadier\/","og_site_name":"Article Marketing","article_published_time":"2009-09-28T16:48:03+00:00","author":"Redazione Comunicati Stampa","twitter_card":"summary_large_image","twitter_misc":{"Scritto da":"Redazione Comunicati Stampa","Tempo di lettura stimato":"2 minuti"},"schema":{"@context":"https:\/\/schema.org","@graph":[{"@type":"Article","@id":"https:\/\/www.article-marketing.eu\/comunicati\/comunicati-stampa\/eventi\/4-seasons-una-nuova-luce-illuminera-la-casina-valadier\/#article","isPartOf":{"@id":"https:\/\/www.article-marketing.eu\/comunicati\/comunicati-stampa\/eventi\/4-seasons-una-nuova-luce-illuminera-la-casina-valadier\/"},"author":{"name":"Redazione Comunicati Stampa","@id":"https:\/\/www.article-marketing.eu\/comunicati\/#\/schema\/person\/44372e4d4d0fa797b18e03ed1ace9017"},"headline":"4 SEASONS, UNA NUOVA LUCE ILLUMINERA\u2019 LA CASINA VALADIER","datePublished":"2009-09-28T16:48:03+00:00","mainEntityOfPage":{"@id":"https:\/\/www.article-marketing.eu\/comunicati\/comunicati-stampa\/eventi\/4-seasons-una-nuova-luce-illuminera-la-casina-valadier\/"},"wordCount":437,"commentCount":0,"keywords":["architectural","Architetti","architettura","artisti","atmosfera","Borghese","Casina","colori","Daverio","desiner","evento","Iannone","lighting","luce","natura","Philippe","prisma","roma","seasons","settembre","Tellini","Valadier","villa"],"articleSection":["Eventi"],"inLanguage":"it-IT","potentialAction":[{"@type":"CommentAction","name":"Comment","target":["https:\/\/www.article-marketing.eu\/comunicati\/comunicati-stampa\/eventi\/4-seasons-una-nuova-luce-illuminera-la-casina-valadier\/#respond"]}]},{"@type":"WebPage","@id":"https:\/\/www.article-marketing.eu\/comunicati\/comunicati-stampa\/eventi\/4-seasons-una-nuova-luce-illuminera-la-casina-valadier\/","url":"https:\/\/www.article-marketing.eu\/comunicati\/comunicati-stampa\/eventi\/4-seasons-una-nuova-luce-illuminera-la-casina-valadier\/","name":"4 SEASONS, UNA NUOVA LUCE ILLUMINERA\u2019 LA CASINA VALADIER - Article Marketing","isPartOf":{"@id":"https:\/\/www.article-marketing.eu\/comunicati\/#website"},"datePublished":"2009-09-28T16:48:03+00:00","author":{"@id":"https:\/\/www.article-marketing.eu\/comunicati\/#\/schema\/person\/44372e4d4d0fa797b18e03ed1ace9017"},"breadcrumb":{"@id":"https:\/\/www.article-marketing.eu\/comunicati\/comunicati-stampa\/eventi\/4-seasons-una-nuova-luce-illuminera-la-casina-valadier\/#breadcrumb"},"inLanguage":"it-IT","potentialAction":[{"@type":"ReadAction","target":["https:\/\/www.article-marketing.eu\/comunicati\/comunicati-stampa\/eventi\/4-seasons-una-nuova-luce-illuminera-la-casina-valadier\/"]}]},{"@type":"BreadcrumbList","@id":"https:\/\/www.article-marketing.eu\/comunicati\/comunicati-stampa\/eventi\/4-seasons-una-nuova-luce-illuminera-la-casina-valadier\/#breadcrumb","itemListElement":[{"@type":"ListItem","position":1,"name":"Home","item":"https:\/\/www.article-marketing.eu\/comunicati\/"},{"@type":"ListItem","position":2,"name":"4 SEASONS, UNA NUOVA LUCE ILLUMINERA\u2019 LA CASINA VALADIER"}]},{"@type":"WebSite","@id":"https:\/\/www.article-marketing.eu\/comunicati\/#website","url":"https:\/\/www.article-marketing.eu\/comunicati\/","name":"Article Marketing","description":"article marketing &amp; press release","potentialAction":[{"@type":"SearchAction","target":{"@type":"EntryPoint","urlTemplate":"https:\/\/www.article-marketing.eu\/comunicati\/?s={search_term_string}"},"query-input":{"@type":"PropertyValueSpecification","valueRequired":true,"valueName":"search_term_string"}}],"inLanguage":"it-IT"},{"@type":"Person","@id":"https:\/\/www.article-marketing.eu\/comunicati\/#\/schema\/person\/44372e4d4d0fa797b18e03ed1ace9017","name":"Redazione Comunicati Stampa","image":{"@type":"ImageObject","inLanguage":"it-IT","@id":"https:\/\/www.article-marketing.eu\/comunicati\/#\/schema\/person\/image\/","url":"https:\/\/secure.gravatar.com\/avatar\/50e5c6421d3072f42e7ace803501602c60d75233d34e29fd05feb91c8760b792?s=96&d=mm&r=g","contentUrl":"https:\/\/secure.gravatar.com\/avatar\/50e5c6421d3072f42e7ace803501602c60d75233d34e29fd05feb91c8760b792?s=96&d=mm&r=g","caption":"Redazione Comunicati Stampa"},"url":"https:\/\/www.article-marketing.eu\/comunicati\/author\/redazione-comunicati-stampa\/"}]}},"_links":{"self":[{"href":"https:\/\/www.article-marketing.eu\/comunicati\/wp-json\/wp\/v2\/posts\/2873","targetHints":{"allow":["GET"]}}],"collection":[{"href":"https:\/\/www.article-marketing.eu\/comunicati\/wp-json\/wp\/v2\/posts"}],"about":[{"href":"https:\/\/www.article-marketing.eu\/comunicati\/wp-json\/wp\/v2\/types\/post"}],"author":[{"embeddable":true,"href":"https:\/\/www.article-marketing.eu\/comunicati\/wp-json\/wp\/v2\/users\/10"}],"replies":[{"embeddable":true,"href":"https:\/\/www.article-marketing.eu\/comunicati\/wp-json\/wp\/v2\/comments?post=2873"}],"version-history":[{"count":0,"href":"https:\/\/www.article-marketing.eu\/comunicati\/wp-json\/wp\/v2\/posts\/2873\/revisions"}],"wp:attachment":[{"href":"https:\/\/www.article-marketing.eu\/comunicati\/wp-json\/wp\/v2\/media?parent=2873"}],"wp:term":[{"taxonomy":"category","embeddable":true,"href":"https:\/\/www.article-marketing.eu\/comunicati\/wp-json\/wp\/v2\/categories?post=2873"},{"taxonomy":"post_tag","embeddable":true,"href":"https:\/\/www.article-marketing.eu\/comunicati\/wp-json\/wp\/v2\/tags?post=2873"}],"curies":[{"name":"wp","href":"https:\/\/api.w.org\/{rel}","templated":true}]}}