{"id":2876,"date":"2009-09-29T12:24:31","date_gmt":"2009-09-29T10:24:31","guid":{"rendered":"http:\/\/www.article-marketing.eu\/comunicati\/senza-categoria\/www-noncipiaceildentista-com-il-blog-che-da-voce-ai-problemi-degli-odontofobici\/"},"modified":"2009-09-29T12:24:31","modified_gmt":"2009-09-29T10:24:31","slug":"www-noncipiaceildentista-com-il-blog-che-da-voce-ai-problemi-degli-odontofobici","status":"publish","type":"post","link":"https:\/\/www.article-marketing.eu\/comunicati\/comunicati-stampa\/www-noncipiaceildentista-com-il-blog-che-da-voce-ai-problemi-degli-odontofobici\/","title":{"rendered":"WWW.NONCIPIACEILDENTISTA.COM IL BLOG CHE D\u00c0 VOCE AI PROBLEMI DEGLI ODONTOFOBICI"},"content":{"rendered":"<p>Pu\u00f2 sembrare uno scherzo ma invece \u00e8 una cosa molto seria: l\u2019odontofobia \u00e8 stata riconosciuta dall\u2019Organizzazione Mondiale della Sanit\u00e0 come una malattia vera e propria, che colpisce tra il 15 ed il 20% della popolazione. Oggi un nuovo blog vuole dare voce ai problemi degli odontofobici ed aiutare a trovare delle soluzioni.<\/p>\n<p>\u00c8 da pochi giorni online il blog www.noncipiaceildentista.com, dedicato ai problemi, ai disagi ed alle esperienze degli odontofobici. Molte persone neanche conoscono questa fobia, eppure, secondo l\u2019Organizzazione Mondiale della Sanit\u00e0, ne \u00e8 affetto il 15-20% della popolazione. L\u2019odontofobia, denominata anche dentofobia, \u00e8 la paura persistente ed irrefrenabile nei confronti delle cure dentali. Come ogni fobia, non \u00e8 un problema da prendere alla leggera, anzi \u00e8 un fenomeno reso ancora pi\u00f9 grave dal fatto che chi ne \u00e8 colpito di solito \u00e8 condannato a vedere il suo disagio incompreso e sottovalutato dagli altri.<br \/>\nProprio per questo \u00e8 nato il blog Noncipiaceildentista.com, e cio\u00e8 per aiutarci a comprendere che l\u2019odontofobia pu\u00f2 portare a situazioni piuttosto gravi: una persona odontofobica, infatti, non riesce a superare la sua paura del dentista neanche se \u00e8 afflitto da seri problemi dentali, che \u2013 se trascurati per anni \u2013 possono portare a pesanti conseguenze sulla salute ma anche sulla vita sociale e sull\u2019autostima. Minimizzare e sottovalutare questa paura \u2013 come se fosse un semplice capriccio da bambini e non una vera patologia &#8211; non pu\u00f2 che peggiorare ulteriormente la situazione. <\/p>\n<p>Noncipiaceildentista.com ha quindi deciso di proclamare sul palcoscenico del Web i 10 diritti degli odontofobici:<br \/>\n1.<br \/>\nAbbiamo diritto ad essere presi sul serio<\/p>\n<p>2.<br \/>\nAbbiamo diritto a non subire angherie solo perch\u00e9 abbiamo paura del dentista<\/p>\n<p>3.<br \/>\nAbbiamo diritto a non subire ulteriori traumi<\/p>\n<p>4.<br \/>\nAbbiamo diritto ad ogni sostegno possibile, anche con nuovi sistemi tecnologici per la cura dei denti<\/p>\n<p>5.<br \/>\nAbbiamo diritto ad una vita sociale senza impedimenti<\/p>\n<p>6.<br \/>\nAbbiamo diritto ad un sorriso: il nostro e quello degli altri<\/p>\n<p>7.<br \/>\nAbbiamo diritto di non rovinarci lo stomaco ingerendo cibo a pezzettoni<\/p>\n<p>8.<br \/>\nAbbiamo diritto a baciare e essere baciati<\/p>\n<p>9.<br \/>\nAbbiamo diritto ad essere amici dello specchio<\/p>\n<p>10.<br \/>\nAbbiamo diritto ai nostri sogni<\/p>\n<p>Gli odontofobici che hanno dato vita a questo blog sono determinati a fare di tutto per vedersi riconosciuti questi diritti e per aiutare tutti gli altri odontofobici ad affermarli. Il blog si propone inoltre di divulgare tutte le informazioni mediche (sia odontoiatriche che psicologiche) necessarie per aiutare gli odontofobici a superare la loro paura oppure ad imparare a convivere con essa in maniera sana, armoniosa e felice. Con la speranza che tutti possano finalmente ritrovare la libert\u00e0 di sorridere.<\/p>\n<p>L&#8217;autore \u00e8 un vero odontofobico. Come tutti gli odontofobici preferisce non sorridere e non mostrare apertamente la sua fobia. Ma sta seriamente pensando di trovare un modo per superare ogni difficolt\u00e0 dentale. Questa s\u00ec che sarebbe una vera rivoluzione!<\/p>\n","protected":false},"excerpt":{"rendered":"<p>Pu\u00f2 sembrare uno scherzo ma invece \u00e8 una cosa molto seria: l\u2019odontofobia \u00e8 stata riconosciuta dall\u2019Organizzazione Mondiale della Sanit\u00e0 come una malattia vera e propria, che colpisce tra il 15 ed il 20% della popolazione. Oggi un nuovo blog vuole dare voce ai problemi degli odontofobici ed aiutare a trovare delle soluzioni.<\/p>\n","protected":false},"author":10,"featured_media":0,"comment_status":"open","ping_status":"open","sticky":false,"template":"","format":"standard","meta":{"cybocfi_hide_featured_image":"","footnotes":""},"categories":[190],"tags":[979,985,9342,9345,9343,9344,9346],"class_list":["post-2876","post","type-post","status-publish","format-standard","hentry","category-comunicati-stampa","tag-blog","tag-dentale","tag-dentista","tag-dentofobia","tag-odontofobia","tag-paura","tag-rivoluzione"],"yoast_head":"<!-- This site is optimized with the Yoast SEO plugin v27.0 - https:\/\/yoast.com\/product\/yoast-seo-wordpress\/ -->\n<title>WWW.NONCIPIACEILDENTISTA.COM IL BLOG CHE D\u00c0 VOCE AI PROBLEMI DEGLI ODONTOFOBICI - Article Marketing<\/title>\n<meta name=\"robots\" content=\"index, follow, max-snippet:-1, max-image-preview:large, max-video-preview:-1\" \/>\n<link rel=\"canonical\" href=\"https:\/\/www.article-marketing.eu\/comunicati\/comunicati-stampa\/www-noncipiaceildentista-com-il-blog-che-da-voce-ai-problemi-degli-odontofobici\/\" \/>\n<meta property=\"og:locale\" content=\"it_IT\" \/>\n<meta property=\"og:type\" content=\"article\" \/>\n<meta property=\"og:title\" content=\"WWW.NONCIPIACEILDENTISTA.COM IL BLOG CHE D\u00c0 VOCE AI PROBLEMI DEGLI ODONTOFOBICI - Article Marketing\" \/>\n<meta property=\"og:description\" content=\"Pu\u00f2 sembrare uno scherzo ma invece \u00e8 una cosa molto seria: l\u2019odontofobia \u00e8 stata riconosciuta dall\u2019Organizzazione Mondiale della Sanit\u00e0 come una malattia vera e propria, che colpisce tra il 15 ed il 20% della popolazione. Oggi un nuovo blog vuole dare voce ai problemi degli odontofobici ed aiutare a trovare delle soluzioni.\" \/>\n<meta property=\"og:url\" content=\"https:\/\/www.article-marketing.eu\/comunicati\/comunicati-stampa\/www-noncipiaceildentista-com-il-blog-che-da-voce-ai-problemi-degli-odontofobici\/\" \/>\n<meta property=\"og:site_name\" content=\"Article Marketing\" \/>\n<meta property=\"article:published_time\" content=\"2009-09-29T10:24:31+00:00\" \/>\n<meta name=\"author\" content=\"Redazione Comunicati Stampa\" \/>\n<meta name=\"twitter:card\" content=\"summary_large_image\" \/>\n<meta name=\"twitter:label1\" content=\"Scritto da\" \/>\n\t<meta name=\"twitter:data1\" content=\"Redazione Comunicati Stampa\" \/>\n\t<meta name=\"twitter:label2\" content=\"Tempo di lettura stimato\" \/>\n\t<meta name=\"twitter:data2\" content=\"2 minuti\" \/>\n<script type=\"application\/ld+json\" class=\"yoast-schema-graph\">{\"@context\":\"https:\/\/schema.org\",\"@graph\":[{\"@type\":\"Article\",\"@id\":\"https:\/\/www.article-marketing.eu\/comunicati\/comunicati-stampa\/www-noncipiaceildentista-com-il-blog-che-da-voce-ai-problemi-degli-odontofobici\/#article\",\"isPartOf\":{\"@id\":\"https:\/\/www.article-marketing.eu\/comunicati\/comunicati-stampa\/www-noncipiaceildentista-com-il-blog-che-da-voce-ai-problemi-degli-odontofobici\/\"},\"author\":{\"name\":\"Redazione Comunicati Stampa\",\"@id\":\"https:\/\/www.article-marketing.eu\/comunicati\/#\/schema\/person\/44372e4d4d0fa797b18e03ed1ace9017\"},\"headline\":\"WWW.NONCIPIACEILDENTISTA.COM IL BLOG CHE D\u00c0 VOCE AI PROBLEMI DEGLI ODONTOFOBICI\",\"datePublished\":\"2009-09-29T10:24:31+00:00\",\"mainEntityOfPage\":{\"@id\":\"https:\/\/www.article-marketing.eu\/comunicati\/comunicati-stampa\/www-noncipiaceildentista-com-il-blog-che-da-voce-ai-problemi-degli-odontofobici\/\"},\"wordCount\":463,\"commentCount\":0,\"keywords\":[\"blog\",\"dentale\",\"dentista\",\"dentofobia\",\"odontofobia\",\"paura\",\"rivoluzione\"],\"articleSection\":[\"Comunicati stampa\"],\"inLanguage\":\"it-IT\",\"potentialAction\":[{\"@type\":\"CommentAction\",\"name\":\"Comment\",\"target\":[\"https:\/\/www.article-marketing.eu\/comunicati\/comunicati-stampa\/www-noncipiaceildentista-com-il-blog-che-da-voce-ai-problemi-degli-odontofobici\/#respond\"]}]},{\"@type\":\"WebPage\",\"@id\":\"https:\/\/www.article-marketing.eu\/comunicati\/comunicati-stampa\/www-noncipiaceildentista-com-il-blog-che-da-voce-ai-problemi-degli-odontofobici\/\",\"url\":\"https:\/\/www.article-marketing.eu\/comunicati\/comunicati-stampa\/www-noncipiaceildentista-com-il-blog-che-da-voce-ai-problemi-degli-odontofobici\/\",\"name\":\"WWW.NONCIPIACEILDENTISTA.COM IL BLOG CHE D\u00c0 VOCE AI PROBLEMI DEGLI ODONTOFOBICI - Article Marketing\",\"isPartOf\":{\"@id\":\"https:\/\/www.article-marketing.eu\/comunicati\/#website\"},\"datePublished\":\"2009-09-29T10:24:31+00:00\",\"author\":{\"@id\":\"https:\/\/www.article-marketing.eu\/comunicati\/#\/schema\/person\/44372e4d4d0fa797b18e03ed1ace9017\"},\"breadcrumb\":{\"@id\":\"https:\/\/www.article-marketing.eu\/comunicati\/comunicati-stampa\/www-noncipiaceildentista-com-il-blog-che-da-voce-ai-problemi-degli-odontofobici\/#breadcrumb\"},\"inLanguage\":\"it-IT\",\"potentialAction\":[{\"@type\":\"ReadAction\",\"target\":[\"https:\/\/www.article-marketing.eu\/comunicati\/comunicati-stampa\/www-noncipiaceildentista-com-il-blog-che-da-voce-ai-problemi-degli-odontofobici\/\"]}]},{\"@type\":\"BreadcrumbList\",\"@id\":\"https:\/\/www.article-marketing.eu\/comunicati\/comunicati-stampa\/www-noncipiaceildentista-com-il-blog-che-da-voce-ai-problemi-degli-odontofobici\/#breadcrumb\",\"itemListElement\":[{\"@type\":\"ListItem\",\"position\":1,\"name\":\"Home\",\"item\":\"https:\/\/www.article-marketing.eu\/comunicati\/\"},{\"@type\":\"ListItem\",\"position\":2,\"name\":\"WWW.NONCIPIACEILDENTISTA.COM IL BLOG CHE D\u00c0 VOCE AI PROBLEMI DEGLI ODONTOFOBICI\"}]},{\"@type\":\"WebSite\",\"@id\":\"https:\/\/www.article-marketing.eu\/comunicati\/#website\",\"url\":\"https:\/\/www.article-marketing.eu\/comunicati\/\",\"name\":\"Article Marketing\",\"description\":\"article marketing &amp; press release\",\"potentialAction\":[{\"@type\":\"SearchAction\",\"target\":{\"@type\":\"EntryPoint\",\"urlTemplate\":\"https:\/\/www.article-marketing.eu\/comunicati\/?s={search_term_string}\"},\"query-input\":{\"@type\":\"PropertyValueSpecification\",\"valueRequired\":true,\"valueName\":\"search_term_string\"}}],\"inLanguage\":\"it-IT\"},{\"@type\":\"Person\",\"@id\":\"https:\/\/www.article-marketing.eu\/comunicati\/#\/schema\/person\/44372e4d4d0fa797b18e03ed1ace9017\",\"name\":\"Redazione Comunicati Stampa\",\"image\":{\"@type\":\"ImageObject\",\"inLanguage\":\"it-IT\",\"@id\":\"https:\/\/www.article-marketing.eu\/comunicati\/#\/schema\/person\/image\/\",\"url\":\"https:\/\/secure.gravatar.com\/avatar\/50e5c6421d3072f42e7ace803501602c60d75233d34e29fd05feb91c8760b792?s=96&d=mm&r=g\",\"contentUrl\":\"https:\/\/secure.gravatar.com\/avatar\/50e5c6421d3072f42e7ace803501602c60d75233d34e29fd05feb91c8760b792?s=96&d=mm&r=g\",\"caption\":\"Redazione Comunicati Stampa\"},\"url\":\"https:\/\/www.article-marketing.eu\/comunicati\/author\/redazione-comunicati-stampa\/\"}]}<\/script>\n<!-- \/ Yoast SEO plugin. -->","yoast_head_json":{"title":"WWW.NONCIPIACEILDENTISTA.COM IL BLOG CHE D\u00c0 VOCE AI PROBLEMI DEGLI ODONTOFOBICI - Article Marketing","robots":{"index":"index","follow":"follow","max-snippet":"max-snippet:-1","max-image-preview":"max-image-preview:large","max-video-preview":"max-video-preview:-1"},"canonical":"https:\/\/www.article-marketing.eu\/comunicati\/comunicati-stampa\/www-noncipiaceildentista-com-il-blog-che-da-voce-ai-problemi-degli-odontofobici\/","og_locale":"it_IT","og_type":"article","og_title":"WWW.NONCIPIACEILDENTISTA.COM IL BLOG CHE D\u00c0 VOCE AI PROBLEMI DEGLI ODONTOFOBICI - Article Marketing","og_description":"Pu\u00f2 sembrare uno scherzo ma invece \u00e8 una cosa molto seria: l\u2019odontofobia \u00e8 stata riconosciuta dall\u2019Organizzazione Mondiale della Sanit\u00e0 come una malattia vera e propria, che colpisce tra il 15 ed il 20% della popolazione. Oggi un nuovo blog vuole dare voce ai problemi degli odontofobici ed aiutare a trovare delle soluzioni.","og_url":"https:\/\/www.article-marketing.eu\/comunicati\/comunicati-stampa\/www-noncipiaceildentista-com-il-blog-che-da-voce-ai-problemi-degli-odontofobici\/","og_site_name":"Article Marketing","article_published_time":"2009-09-29T10:24:31+00:00","author":"Redazione Comunicati Stampa","twitter_card":"summary_large_image","twitter_misc":{"Scritto da":"Redazione Comunicati Stampa","Tempo di lettura stimato":"2 minuti"},"schema":{"@context":"https:\/\/schema.org","@graph":[{"@type":"Article","@id":"https:\/\/www.article-marketing.eu\/comunicati\/comunicati-stampa\/www-noncipiaceildentista-com-il-blog-che-da-voce-ai-problemi-degli-odontofobici\/#article","isPartOf":{"@id":"https:\/\/www.article-marketing.eu\/comunicati\/comunicati-stampa\/www-noncipiaceildentista-com-il-blog-che-da-voce-ai-problemi-degli-odontofobici\/"},"author":{"name":"Redazione Comunicati Stampa","@id":"https:\/\/www.article-marketing.eu\/comunicati\/#\/schema\/person\/44372e4d4d0fa797b18e03ed1ace9017"},"headline":"WWW.NONCIPIACEILDENTISTA.COM IL BLOG CHE D\u00c0 VOCE AI PROBLEMI DEGLI ODONTOFOBICI","datePublished":"2009-09-29T10:24:31+00:00","mainEntityOfPage":{"@id":"https:\/\/www.article-marketing.eu\/comunicati\/comunicati-stampa\/www-noncipiaceildentista-com-il-blog-che-da-voce-ai-problemi-degli-odontofobici\/"},"wordCount":463,"commentCount":0,"keywords":["blog","dentale","dentista","dentofobia","odontofobia","paura","rivoluzione"],"articleSection":["Comunicati stampa"],"inLanguage":"it-IT","potentialAction":[{"@type":"CommentAction","name":"Comment","target":["https:\/\/www.article-marketing.eu\/comunicati\/comunicati-stampa\/www-noncipiaceildentista-com-il-blog-che-da-voce-ai-problemi-degli-odontofobici\/#respond"]}]},{"@type":"WebPage","@id":"https:\/\/www.article-marketing.eu\/comunicati\/comunicati-stampa\/www-noncipiaceildentista-com-il-blog-che-da-voce-ai-problemi-degli-odontofobici\/","url":"https:\/\/www.article-marketing.eu\/comunicati\/comunicati-stampa\/www-noncipiaceildentista-com-il-blog-che-da-voce-ai-problemi-degli-odontofobici\/","name":"WWW.NONCIPIACEILDENTISTA.COM IL BLOG CHE D\u00c0 VOCE AI PROBLEMI DEGLI ODONTOFOBICI - Article Marketing","isPartOf":{"@id":"https:\/\/www.article-marketing.eu\/comunicati\/#website"},"datePublished":"2009-09-29T10:24:31+00:00","author":{"@id":"https:\/\/www.article-marketing.eu\/comunicati\/#\/schema\/person\/44372e4d4d0fa797b18e03ed1ace9017"},"breadcrumb":{"@id":"https:\/\/www.article-marketing.eu\/comunicati\/comunicati-stampa\/www-noncipiaceildentista-com-il-blog-che-da-voce-ai-problemi-degli-odontofobici\/#breadcrumb"},"inLanguage":"it-IT","potentialAction":[{"@type":"ReadAction","target":["https:\/\/www.article-marketing.eu\/comunicati\/comunicati-stampa\/www-noncipiaceildentista-com-il-blog-che-da-voce-ai-problemi-degli-odontofobici\/"]}]},{"@type":"BreadcrumbList","@id":"https:\/\/www.article-marketing.eu\/comunicati\/comunicati-stampa\/www-noncipiaceildentista-com-il-blog-che-da-voce-ai-problemi-degli-odontofobici\/#breadcrumb","itemListElement":[{"@type":"ListItem","position":1,"name":"Home","item":"https:\/\/www.article-marketing.eu\/comunicati\/"},{"@type":"ListItem","position":2,"name":"WWW.NONCIPIACEILDENTISTA.COM IL BLOG CHE D\u00c0 VOCE AI PROBLEMI DEGLI ODONTOFOBICI"}]},{"@type":"WebSite","@id":"https:\/\/www.article-marketing.eu\/comunicati\/#website","url":"https:\/\/www.article-marketing.eu\/comunicati\/","name":"Article Marketing","description":"article marketing &amp; press release","potentialAction":[{"@type":"SearchAction","target":{"@type":"EntryPoint","urlTemplate":"https:\/\/www.article-marketing.eu\/comunicati\/?s={search_term_string}"},"query-input":{"@type":"PropertyValueSpecification","valueRequired":true,"valueName":"search_term_string"}}],"inLanguage":"it-IT"},{"@type":"Person","@id":"https:\/\/www.article-marketing.eu\/comunicati\/#\/schema\/person\/44372e4d4d0fa797b18e03ed1ace9017","name":"Redazione Comunicati Stampa","image":{"@type":"ImageObject","inLanguage":"it-IT","@id":"https:\/\/www.article-marketing.eu\/comunicati\/#\/schema\/person\/image\/","url":"https:\/\/secure.gravatar.com\/avatar\/50e5c6421d3072f42e7ace803501602c60d75233d34e29fd05feb91c8760b792?s=96&d=mm&r=g","contentUrl":"https:\/\/secure.gravatar.com\/avatar\/50e5c6421d3072f42e7ace803501602c60d75233d34e29fd05feb91c8760b792?s=96&d=mm&r=g","caption":"Redazione Comunicati Stampa"},"url":"https:\/\/www.article-marketing.eu\/comunicati\/author\/redazione-comunicati-stampa\/"}]}},"_links":{"self":[{"href":"https:\/\/www.article-marketing.eu\/comunicati\/wp-json\/wp\/v2\/posts\/2876","targetHints":{"allow":["GET"]}}],"collection":[{"href":"https:\/\/www.article-marketing.eu\/comunicati\/wp-json\/wp\/v2\/posts"}],"about":[{"href":"https:\/\/www.article-marketing.eu\/comunicati\/wp-json\/wp\/v2\/types\/post"}],"author":[{"embeddable":true,"href":"https:\/\/www.article-marketing.eu\/comunicati\/wp-json\/wp\/v2\/users\/10"}],"replies":[{"embeddable":true,"href":"https:\/\/www.article-marketing.eu\/comunicati\/wp-json\/wp\/v2\/comments?post=2876"}],"version-history":[{"count":0,"href":"https:\/\/www.article-marketing.eu\/comunicati\/wp-json\/wp\/v2\/posts\/2876\/revisions"}],"wp:attachment":[{"href":"https:\/\/www.article-marketing.eu\/comunicati\/wp-json\/wp\/v2\/media?parent=2876"}],"wp:term":[{"taxonomy":"category","embeddable":true,"href":"https:\/\/www.article-marketing.eu\/comunicati\/wp-json\/wp\/v2\/categories?post=2876"},{"taxonomy":"post_tag","embeddable":true,"href":"https:\/\/www.article-marketing.eu\/comunicati\/wp-json\/wp\/v2\/tags?post=2876"}],"curies":[{"name":"wp","href":"https:\/\/api.w.org\/{rel}","templated":true}]}}