{"id":28768,"date":"2012-08-23T20:39:07","date_gmt":"2012-08-23T18:39:07","guid":{"rendered":"http:\/\/www.article-marketing.eu\/comunicati\/senza-categoria\/per-associazione-disabili\/"},"modified":"2012-08-23T20:39:07","modified_gmt":"2012-08-23T18:39:07","slug":"per-associazione-disabili","status":"publish","type":"post","link":"https:\/\/www.article-marketing.eu\/comunicati\/societa\/diversamente-abili\/per-associazione-disabili\/","title":{"rendered":"Il vostro superfluo per Associazione disabili"},"content":{"rendered":"<p>Il penultimo giorno di scuola (questo giugno) ho accompagnato mio figlio (Quinta elementare) Manuel ad una recita scolastica.<br style=\"margin: 0px; padding: 0px; color: #333333; font-family: 'Lucida Grande', 'Trebuchet MS', Verdana, Helvetica, Arial, sans-serif; font-size: 13px; line-height: 18.200000762939453px; background-color: #e1ebf2;\" \/>Mi aveva solo detto che per la fine delle elementari avevano deciso di preparare una recita per i ragazzi di una associazione volontaria nella cittadina a 15 Km da noi.<br style=\"margin: 0px; padding: 0px; color: #333333; font-family: 'Lucida Grande', 'Trebuchet MS', Verdana, Helvetica, Arial, sans-serif; font-size: 13px; line-height: 18.200000762939453px; background-color: #e1ebf2;\" \/>Solo all&#8217;arrivo ho scoperto che era una associazione di volontari e genitori che si occupano di ragazzi meno fortunati del mio. Non pensavo che cos&igrave; vicino a me ci fossero cos&igrave; tanti ragazzi &#8220;diversamente abili&#8221;. <br style=\"margin: 0px; padding: 0px; color: #333333; font-family: 'Lucida Grande', 'Trebuchet MS', Verdana, Helvetica, Arial, sans-serif; font-size: 13px; line-height: 18.200000762939453px; background-color: #e1ebf2;\" \/>Forse &egrave; meglio dire che non ho mai voluto sapere. <br style=\"margin: 0px; padding: 0px; color: #333333; font-family: 'Lucida Grande', 'Trebuchet MS', Verdana, Helvetica, Arial, sans-serif; font-size: 13px; line-height: 18.200000762939453px; background-color: #e1ebf2;\" \/>Me ne sono rimasto li senza sapere cosa fare ne dove guardare. Al contrario Manuel ed i suoi compagni si sono mischiati subito con questi ragazzi, alcuni pi&ugrave; vicini alla mia et&agrave; che alla loro, con una naturalezza ed una spontaneit&agrave; che mi ha stupito. <br style=\"margin: 0px; padding: 0px; color: #333333; font-family: 'Lucida Grande', 'Trebuchet MS', Verdana, Helvetica, Arial, sans-serif; font-size: 13px; line-height: 18.200000762939453px; background-color: #e1ebf2;\" \/>Gli &#8220;attori&#8221; sono saliti sul palco ed io ero ancora li appoggiato al muro. Mi si &egrave; avvicinata una di questi ragazzi, (Caterina ha detto di chiamarsi) mi ha detto: &#8220;Vieni a sederti con noi, non &egrave; bello stare soli&#8221;. Ha voluto sapere tutto, nome, cognome, et&agrave;, lavoro, qual&#8217;era mio figlio&#8230; Poi, con uno sguardo che non sono riuscito a sostenere, mi ha detto che non devo aver paura di loro, che non sono cattivi e che non devo vergognarmi a guardarli. <br style=\"margin: 0px; padding: 0px; color: #333333; font-family: 'Lucida Grande', 'Trebuchet MS', Verdana, Helvetica, Arial, sans-serif; font-size: 13px; line-height: 18.200000762939453px; background-color: #e1ebf2;\" \/>Mi ha accarezzato la mano in silenzio mentre io non riuscivo a trattenere le lacrime. Anche ora mentre scrivo mi lacrimano gli occhi. <br style=\"margin: 0px; padding: 0px; color: #333333; font-family: 'Lucida Grande', 'Trebuchet MS', Verdana, Helvetica, Arial, sans-serif; font-size: 13px; line-height: 18.200000762939453px; background-color: #e1ebf2;\" \/>Poi &egrave; iniziato lo spettacolo e li ho guardati mentre assistevano, concentrati per non perdere una parola, in silenzio&#8230; per poi esplodere in applausi e fischi di gioia&#8230; (Io non ho mai imparato a fischiare &#8211; mi sta insegnando Caterina)<br style=\"margin: 0px; padding: 0px; color: #333333; font-family: 'Lucida Grande', 'Trebuchet MS', Verdana, Helvetica, Arial, sans-serif; font-size: 13px; line-height: 18.200000762939453px; background-color: #e1ebf2;\" \/>Ho parlato molto con loro (io e Manuel ci torniamo almeno un paio di pomeriggi alla settimana), con i volontari e con i genitori.<br style=\"margin: 0px; padding: 0px; color: #333333; font-family: 'Lucida Grande', 'Trebuchet MS', Verdana, Helvetica, Arial, sans-serif; font-size: 13px; line-height: 18.200000762939453px; background-color: #e1ebf2;\" \/>Ho scoperto che molte cose che io consideravo inutili per loro sono una manna.<br style=\"margin: 0px; padding: 0px; color: #333333; font-family: 'Lucida Grande', 'Trebuchet MS', Verdana, Helvetica, Arial, sans-serif; font-size: 13px; line-height: 18.200000762939453px; background-color: #e1ebf2;\" \/>Avevo una scatola da scarpe piena di <a href=\"http:\/\/only-stamps.blogspot.it\/\" target=\"_blank\">francobolli<\/a> che non usavo, difficili anche da scambiare o vendere, mi vergognavo un po a offrila. Ed invece sembrava che gli avessi dato non so cosa&#8230; Subito si &egrave; formato un gruppetto di &#8220;filatelici&#8221; che si sono divisi il &#8220;malloppo&#8221;. C&#8217;&egrave; chi &egrave; partito in quarta cercando bolli con animali, aerei&#8230;<br style=\"margin: 0px; padding: 0px; color: #333333; font-family: 'Lucida Grande', 'Trebuchet MS', Verdana, Helvetica, Arial, sans-serif; font-size: 13px; line-height: 18.200000762939453px; background-color: #e1ebf2;\" \/>Da giugno in avanti ho fatto un bel po di spazio a casa mia: Vecchi fumetti e riviste, monete, figurine&#8230;.<br style=\"margin: 0px; padding: 0px; color: #333333; font-family: 'Lucida Grande', 'Trebuchet MS', Verdana, Helvetica, Arial, sans-serif; font-size: 13px; line-height: 18.200000762939453px; background-color: #e1ebf2;\" \/>Tutto quello che avevo accumulato negli anni per poi mettere nel dimenticatoio ha finalmente trovato la ragione di esistere.<br style=\"margin: 0px; padding: 0px; color: #333333; font-family: 'Lucida Grande', 'Trebuchet MS', Verdana, Helvetica, Arial, sans-serif; font-size: 13px; line-height: 18.200000762939453px; background-color: #e1ebf2;\" \/><br style=\"margin: 0px; padding: 0px; color: #333333; font-family: 'Lucida Grande', 'Trebuchet MS', Verdana, Helvetica, Arial, sans-serif; font-size: 13px; line-height: 18.200000762939453px; background-color: #e1ebf2;\" \/>Sicuramente tutti voi avrete del materiale inutilizzato in casa, in soffitta, in garage&#8230;<br style=\"margin: 0px; padding: 0px; color: #333333; font-family: 'Lucida Grande', 'Trebuchet MS', Verdana, Helvetica, Arial, sans-serif; font-size: 13px; line-height: 18.200000762939453px; background-color: #e1ebf2;\" \/>Sicuramente (purtroppo) nel vostro paese o nelle vicinanze ci saranno altri centri come quello che sto frequentando io. <br style=\"margin: 0px; padding: 0px; color: #333333; font-family: 'Lucida Grande', 'Trebuchet MS', Verdana, Helvetica, Arial, sans-serif; font-size: 13px; line-height: 18.200000762939453px; background-color: #e1ebf2;\" \/>Date quello che non utilizzate a questi ragazzi, per voi sar&agrave; poca cosa ma per i ragazzi che riceveranno, ve lo assicuro io, sar&agrave; una festa.<br style=\"margin: 0px; padding: 0px; color: #333333; font-family: 'Lucida Grande', 'Trebuchet MS', Verdana, Helvetica, Arial, sans-serif; font-size: 13px; line-height: 18.200000762939453px; background-color: #e1ebf2;\" \/><br style=\"margin: 0px; padding: 0px; color: #333333; font-family: 'Lucida Grande', 'Trebuchet MS', Verdana, Helvetica, Arial, sans-serif; font-size: 13px; line-height: 18.200000762939453px; background-color: #e1ebf2;\" \/>Se non avete il tempo di cercare un centro a cui portare i vostri doni, mandateli a me ed io li dar&ograve; ai &#8220;miei ragazzi&#8221;<\/p>\n","protected":false},"excerpt":{"rendered":"<p>Solo all&#8217;arrivo ho scoperto che era una associazione di volontari e genitori che si occupano di ragazzi meno fortunati del mio. Non pensavo che cos\u00ec vicino a me ci fossero cos\u00ec tanti ragazzi &#8220;diversamente abili&#8221;. <br \/>Forse \u00e8 meglio dire che non ho mai voluto sapere.<\/p>\n","protected":false},"author":10,"featured_media":0,"comment_status":"open","ping_status":"open","sticky":false,"template":"","format":"standard","meta":{"cybocfi_hide_featured_image":"","footnotes":""},"categories":[10948],"tags":[17729,1002,37783,12009,37240,1707],"class_list":["post-28768","post","type-post","status-publish","format-standard","hentry","category-diversamente-abili","tag-aiutare","tag-associazione","tag-associazione-disabili","tag-disabili","tag-diversamente-abili","tag-volontariato"],"yoast_head":"<!-- This site is optimized with the Yoast SEO plugin v27.0 - https:\/\/yoast.com\/product\/yoast-seo-wordpress\/ -->\n<title>Il vostro superfluo per Associazione disabili - Article Marketing<\/title>\n<meta name=\"robots\" content=\"index, follow, max-snippet:-1, max-image-preview:large, max-video-preview:-1\" \/>\n<link rel=\"canonical\" href=\"https:\/\/www.article-marketing.eu\/comunicati\/societa\/diversamente-abili\/per-associazione-disabili\/\" \/>\n<meta property=\"og:locale\" content=\"it_IT\" \/>\n<meta property=\"og:type\" content=\"article\" \/>\n<meta property=\"og:title\" content=\"Il vostro superfluo per Associazione disabili - Article Marketing\" \/>\n<meta property=\"og:description\" content=\"Solo all&#039;arrivo ho scoperto che era una associazione di volontari e genitori che si occupano di ragazzi meno fortunati del mio. Non pensavo che cos\u00ec vicino a me ci fossero cos\u00ec tanti ragazzi &quot;diversamente abili&quot;. Forse \u00e8 meglio dire che non ho mai voluto sapere.\" \/>\n<meta property=\"og:url\" content=\"https:\/\/www.article-marketing.eu\/comunicati\/societa\/diversamente-abili\/per-associazione-disabili\/\" \/>\n<meta property=\"og:site_name\" content=\"Article Marketing\" \/>\n<meta property=\"article:published_time\" content=\"2012-08-23T18:39:07+00:00\" \/>\n<meta name=\"author\" content=\"Redazione Comunicati Stampa\" \/>\n<meta name=\"twitter:card\" content=\"summary_large_image\" \/>\n<meta name=\"twitter:label1\" content=\"Scritto da\" \/>\n\t<meta name=\"twitter:data1\" content=\"Redazione Comunicati Stampa\" \/>\n\t<meta name=\"twitter:label2\" content=\"Tempo di lettura stimato\" \/>\n\t<meta name=\"twitter:data2\" content=\"3 minuti\" \/>\n<script type=\"application\/ld+json\" class=\"yoast-schema-graph\">{\"@context\":\"https:\/\/schema.org\",\"@graph\":[{\"@type\":\"Article\",\"@id\":\"https:\/\/www.article-marketing.eu\/comunicati\/societa\/diversamente-abili\/per-associazione-disabili\/#article\",\"isPartOf\":{\"@id\":\"https:\/\/www.article-marketing.eu\/comunicati\/societa\/diversamente-abili\/per-associazione-disabili\/\"},\"author\":{\"name\":\"Redazione Comunicati Stampa\",\"@id\":\"https:\/\/www.article-marketing.eu\/comunicati\/#\/schema\/person\/44372e4d4d0fa797b18e03ed1ace9017\"},\"headline\":\"Il vostro superfluo per Associazione disabili\",\"datePublished\":\"2012-08-23T18:39:07+00:00\",\"mainEntityOfPage\":{\"@id\":\"https:\/\/www.article-marketing.eu\/comunicati\/societa\/diversamente-abili\/per-associazione-disabili\/\"},\"wordCount\":515,\"commentCount\":0,\"keywords\":[\"aiutare\",\"associazione\",\"Associazione disabili\",\"disabili\",\"diversamente abili\",\"volontariato\"],\"articleSection\":[\"Diversamente abili\"],\"inLanguage\":\"it-IT\",\"potentialAction\":[{\"@type\":\"CommentAction\",\"name\":\"Comment\",\"target\":[\"https:\/\/www.article-marketing.eu\/comunicati\/societa\/diversamente-abili\/per-associazione-disabili\/#respond\"]}]},{\"@type\":\"WebPage\",\"@id\":\"https:\/\/www.article-marketing.eu\/comunicati\/societa\/diversamente-abili\/per-associazione-disabili\/\",\"url\":\"https:\/\/www.article-marketing.eu\/comunicati\/societa\/diversamente-abili\/per-associazione-disabili\/\",\"name\":\"Il vostro superfluo per Associazione disabili - Article Marketing\",\"isPartOf\":{\"@id\":\"https:\/\/www.article-marketing.eu\/comunicati\/#website\"},\"datePublished\":\"2012-08-23T18:39:07+00:00\",\"author\":{\"@id\":\"https:\/\/www.article-marketing.eu\/comunicati\/#\/schema\/person\/44372e4d4d0fa797b18e03ed1ace9017\"},\"breadcrumb\":{\"@id\":\"https:\/\/www.article-marketing.eu\/comunicati\/societa\/diversamente-abili\/per-associazione-disabili\/#breadcrumb\"},\"inLanguage\":\"it-IT\",\"potentialAction\":[{\"@type\":\"ReadAction\",\"target\":[\"https:\/\/www.article-marketing.eu\/comunicati\/societa\/diversamente-abili\/per-associazione-disabili\/\"]}]},{\"@type\":\"BreadcrumbList\",\"@id\":\"https:\/\/www.article-marketing.eu\/comunicati\/societa\/diversamente-abili\/per-associazione-disabili\/#breadcrumb\",\"itemListElement\":[{\"@type\":\"ListItem\",\"position\":1,\"name\":\"Home\",\"item\":\"https:\/\/www.article-marketing.eu\/comunicati\/\"},{\"@type\":\"ListItem\",\"position\":2,\"name\":\"Il vostro superfluo per Associazione disabili\"}]},{\"@type\":\"WebSite\",\"@id\":\"https:\/\/www.article-marketing.eu\/comunicati\/#website\",\"url\":\"https:\/\/www.article-marketing.eu\/comunicati\/\",\"name\":\"Article Marketing\",\"description\":\"article marketing &amp; press release\",\"potentialAction\":[{\"@type\":\"SearchAction\",\"target\":{\"@type\":\"EntryPoint\",\"urlTemplate\":\"https:\/\/www.article-marketing.eu\/comunicati\/?s={search_term_string}\"},\"query-input\":{\"@type\":\"PropertyValueSpecification\",\"valueRequired\":true,\"valueName\":\"search_term_string\"}}],\"inLanguage\":\"it-IT\"},{\"@type\":\"Person\",\"@id\":\"https:\/\/www.article-marketing.eu\/comunicati\/#\/schema\/person\/44372e4d4d0fa797b18e03ed1ace9017\",\"name\":\"Redazione Comunicati Stampa\",\"image\":{\"@type\":\"ImageObject\",\"inLanguage\":\"it-IT\",\"@id\":\"https:\/\/www.article-marketing.eu\/comunicati\/#\/schema\/person\/image\/\",\"url\":\"https:\/\/secure.gravatar.com\/avatar\/50e5c6421d3072f42e7ace803501602c60d75233d34e29fd05feb91c8760b792?s=96&d=mm&r=g\",\"contentUrl\":\"https:\/\/secure.gravatar.com\/avatar\/50e5c6421d3072f42e7ace803501602c60d75233d34e29fd05feb91c8760b792?s=96&d=mm&r=g\",\"caption\":\"Redazione Comunicati Stampa\"},\"url\":\"https:\/\/www.article-marketing.eu\/comunicati\/author\/redazione-comunicati-stampa\/\"}]}<\/script>\n<!-- \/ Yoast SEO plugin. -->","yoast_head_json":{"title":"Il vostro superfluo per Associazione disabili - Article Marketing","robots":{"index":"index","follow":"follow","max-snippet":"max-snippet:-1","max-image-preview":"max-image-preview:large","max-video-preview":"max-video-preview:-1"},"canonical":"https:\/\/www.article-marketing.eu\/comunicati\/societa\/diversamente-abili\/per-associazione-disabili\/","og_locale":"it_IT","og_type":"article","og_title":"Il vostro superfluo per Associazione disabili - Article Marketing","og_description":"Solo all'arrivo ho scoperto che era una associazione di volontari e genitori che si occupano di ragazzi meno fortunati del mio. Non pensavo che cos\u00ec vicino a me ci fossero cos\u00ec tanti ragazzi \"diversamente abili\". Forse \u00e8 meglio dire che non ho mai voluto sapere.","og_url":"https:\/\/www.article-marketing.eu\/comunicati\/societa\/diversamente-abili\/per-associazione-disabili\/","og_site_name":"Article Marketing","article_published_time":"2012-08-23T18:39:07+00:00","author":"Redazione Comunicati Stampa","twitter_card":"summary_large_image","twitter_misc":{"Scritto da":"Redazione Comunicati Stampa","Tempo di lettura stimato":"3 minuti"},"schema":{"@context":"https:\/\/schema.org","@graph":[{"@type":"Article","@id":"https:\/\/www.article-marketing.eu\/comunicati\/societa\/diversamente-abili\/per-associazione-disabili\/#article","isPartOf":{"@id":"https:\/\/www.article-marketing.eu\/comunicati\/societa\/diversamente-abili\/per-associazione-disabili\/"},"author":{"name":"Redazione Comunicati Stampa","@id":"https:\/\/www.article-marketing.eu\/comunicati\/#\/schema\/person\/44372e4d4d0fa797b18e03ed1ace9017"},"headline":"Il vostro superfluo per Associazione disabili","datePublished":"2012-08-23T18:39:07+00:00","mainEntityOfPage":{"@id":"https:\/\/www.article-marketing.eu\/comunicati\/societa\/diversamente-abili\/per-associazione-disabili\/"},"wordCount":515,"commentCount":0,"keywords":["aiutare","associazione","Associazione disabili","disabili","diversamente abili","volontariato"],"articleSection":["Diversamente abili"],"inLanguage":"it-IT","potentialAction":[{"@type":"CommentAction","name":"Comment","target":["https:\/\/www.article-marketing.eu\/comunicati\/societa\/diversamente-abili\/per-associazione-disabili\/#respond"]}]},{"@type":"WebPage","@id":"https:\/\/www.article-marketing.eu\/comunicati\/societa\/diversamente-abili\/per-associazione-disabili\/","url":"https:\/\/www.article-marketing.eu\/comunicati\/societa\/diversamente-abili\/per-associazione-disabili\/","name":"Il vostro superfluo per Associazione disabili - Article Marketing","isPartOf":{"@id":"https:\/\/www.article-marketing.eu\/comunicati\/#website"},"datePublished":"2012-08-23T18:39:07+00:00","author":{"@id":"https:\/\/www.article-marketing.eu\/comunicati\/#\/schema\/person\/44372e4d4d0fa797b18e03ed1ace9017"},"breadcrumb":{"@id":"https:\/\/www.article-marketing.eu\/comunicati\/societa\/diversamente-abili\/per-associazione-disabili\/#breadcrumb"},"inLanguage":"it-IT","potentialAction":[{"@type":"ReadAction","target":["https:\/\/www.article-marketing.eu\/comunicati\/societa\/diversamente-abili\/per-associazione-disabili\/"]}]},{"@type":"BreadcrumbList","@id":"https:\/\/www.article-marketing.eu\/comunicati\/societa\/diversamente-abili\/per-associazione-disabili\/#breadcrumb","itemListElement":[{"@type":"ListItem","position":1,"name":"Home","item":"https:\/\/www.article-marketing.eu\/comunicati\/"},{"@type":"ListItem","position":2,"name":"Il vostro superfluo per Associazione disabili"}]},{"@type":"WebSite","@id":"https:\/\/www.article-marketing.eu\/comunicati\/#website","url":"https:\/\/www.article-marketing.eu\/comunicati\/","name":"Article Marketing","description":"article marketing &amp; press release","potentialAction":[{"@type":"SearchAction","target":{"@type":"EntryPoint","urlTemplate":"https:\/\/www.article-marketing.eu\/comunicati\/?s={search_term_string}"},"query-input":{"@type":"PropertyValueSpecification","valueRequired":true,"valueName":"search_term_string"}}],"inLanguage":"it-IT"},{"@type":"Person","@id":"https:\/\/www.article-marketing.eu\/comunicati\/#\/schema\/person\/44372e4d4d0fa797b18e03ed1ace9017","name":"Redazione Comunicati Stampa","image":{"@type":"ImageObject","inLanguage":"it-IT","@id":"https:\/\/www.article-marketing.eu\/comunicati\/#\/schema\/person\/image\/","url":"https:\/\/secure.gravatar.com\/avatar\/50e5c6421d3072f42e7ace803501602c60d75233d34e29fd05feb91c8760b792?s=96&d=mm&r=g","contentUrl":"https:\/\/secure.gravatar.com\/avatar\/50e5c6421d3072f42e7ace803501602c60d75233d34e29fd05feb91c8760b792?s=96&d=mm&r=g","caption":"Redazione Comunicati Stampa"},"url":"https:\/\/www.article-marketing.eu\/comunicati\/author\/redazione-comunicati-stampa\/"}]}},"_links":{"self":[{"href":"https:\/\/www.article-marketing.eu\/comunicati\/wp-json\/wp\/v2\/posts\/28768","targetHints":{"allow":["GET"]}}],"collection":[{"href":"https:\/\/www.article-marketing.eu\/comunicati\/wp-json\/wp\/v2\/posts"}],"about":[{"href":"https:\/\/www.article-marketing.eu\/comunicati\/wp-json\/wp\/v2\/types\/post"}],"author":[{"embeddable":true,"href":"https:\/\/www.article-marketing.eu\/comunicati\/wp-json\/wp\/v2\/users\/10"}],"replies":[{"embeddable":true,"href":"https:\/\/www.article-marketing.eu\/comunicati\/wp-json\/wp\/v2\/comments?post=28768"}],"version-history":[{"count":0,"href":"https:\/\/www.article-marketing.eu\/comunicati\/wp-json\/wp\/v2\/posts\/28768\/revisions"}],"wp:attachment":[{"href":"https:\/\/www.article-marketing.eu\/comunicati\/wp-json\/wp\/v2\/media?parent=28768"}],"wp:term":[{"taxonomy":"category","embeddable":true,"href":"https:\/\/www.article-marketing.eu\/comunicati\/wp-json\/wp\/v2\/categories?post=28768"},{"taxonomy":"post_tag","embeddable":true,"href":"https:\/\/www.article-marketing.eu\/comunicati\/wp-json\/wp\/v2\/tags?post=28768"}],"curies":[{"name":"wp","href":"https:\/\/api.w.org\/{rel}","templated":true}]}}