{"id":2887,"date":"2009-09-30T15:02:39","date_gmt":"2009-09-30T13:02:39","guid":{"rendered":"http:\/\/www.article-marketing.eu\/comunicati\/senza-categoria\/bredasmile-10-700-euro-raccolti-in-favore-di-frulclaun\/"},"modified":"2009-09-30T15:02:39","modified_gmt":"2009-09-30T13:02:39","slug":"bredasmile-10-700-euro-raccolti-in-favore-di-frulclaun","status":"publish","type":"post","link":"https:\/\/www.article-marketing.eu\/comunicati\/arte-e-cultura\/giornalismo\/bredasmile-10-700-euro-raccolti-in-favore-di-frulclaun\/","title":{"rendered":"BREDASMILE, 10.700 EURO RACCOLTI IN FAVORE DI FRULCLAUN !"},"content":{"rendered":"<p>Il concessionario Breda <a href=\"http:\/\/sarel.bredasys.com\"><em>Sarel<\/em><\/a><br \/>\n(Frosinone) si \u00e8 aggiudicato il portone Pegaso New by Pirac oggetto<br \/>\ndell asta on-line <\/p>\n<p>Sequals (PORDENONE) &#8211; 30 Settembre 2009<\/p>\n<p>Si conclude con numeri estremamente positivi l evento benefico <em>Bredasmile<\/em><br \/>\nsvoltosi lo scorso 12 settembre a Sequals in provincia di Pordenone e<br \/>\norganizzato da <strong>Breda<\/strong> Sistemi Industriali, azienda leader nella<br \/>\nproduzione di portoni sezionali, in collaborazione con aziende partner<br \/>\nlocali, istituzioni e privati cittadini. Il lodevole contributo del<br \/>\npubblico presente alla serata, le offerte volontarie e l asta di<br \/>\nbeneficenza rivolta agli oltre cento rivenditori dell azienda friulana<br \/>\nha portato il totale della somma raccolta a 10.700 euro che saranno<br \/>\ninteramente devoluti a sostegno di<br \/>\n VIP &#8211; Viviamo In Positivo &#8211; FRIULCLAUN Onlus  (www.friulclaun.it),<br \/>\nassociazione di volontariato locale costituita da cittadini liberamente<br \/>\nassociati che offrono il loro servizio, portando la gioia in ospedali,<br \/>\ncase di riposo, comunit\u00e0 e ovunque regni uno stato di disagio e di<br \/>\nsofferenza. Importante il contributo derivante dall asta benefica on-line cha ha visto il concessionario autorizzato di Breda <em>Sarel<\/em><br \/>\ndi Frosinone aggiudicarsi, per una somma pari a 2.200 euro, il portone<br \/>\nmodello Pegaso New realizzato per l occasione dall artista friulano<br \/>\nEnnio Pirac, vero maestro della pittura <em>naif<\/em>.<\/p>\n<p align=\"JUSTIFY\" style=\"margin-bottom: 0cm;\"> Voglio<br \/>\nesprimere un grazie di cuore a Breda Sistemi Industriali e a tutti i<br \/>\npartner organizzatori dell evento   spiega Marco Del Frari,<br \/>\nvicepresidente di Friulclaun. I fondi che abbiamo raccolto grazie a<br \/>\nquesta iniziativa verranno utilizzati in primis per la formazione dei<br \/>\nclaun con dei corsi di perfezionamento riguardanti sia le tecniche di<br \/>\nintrattenimento che corsi di crescita personale perch\u00e9 prestare<br \/>\nservizio per chi soffre, anche come clown, \u00e8 un&#8217;esperienza molto<br \/>\ndelicata e va affrontata con preparazione e competenza. Un altra parte<br \/>\ndei fondi andr\u00e0 a coprire i costi dei viaggi dei claun verso localit\u00e0<br \/>\nin cui \u00e8 necessario portare gioia e serenit\u00e0, sia in Italia, come \u00e8<br \/>\naccaduto per l Abruzzo, ma anche all estero: abbiamo effettuato<br \/>\nmissioni, di recente, in Zambia e in Birmania e fra alcuni giorni<br \/>\nalcuni dei nostri claun partiranno per la Bielorussia   continua Marco<br \/>\nDel Frari. Inoltre stiamo pensando di destinare<br \/>\nparte di questi fondi anche per l acquisto di materiale utile per<br \/>\nl associazione e per i claun che prestano il loro servizio quotidiano. <\/p>\n<p align=\"JUSTIFY\" style=\"margin-bottom: 0cm;\"> Siamo estremamente soddisfatti dei risultati ottenuti dall evento <em>Bredasmile<\/em>,<br \/>\ncon l auspicio che questa edizione sia solamente la prima tappa di un<br \/>\nprogetto pi\u00f9 ampio che coinvolga sempre di pi\u00f9 le istituzioni, le<br \/>\naziende private e i cittadini   spiega in una nota ufficiale Breda<br \/>\nSistemi Industriali. Ringraziamo tutti coloro i quali hanno coordinato<br \/>\ne collaborato all iniziativa e tutte le persone che con la loro<br \/>\nsensibilit\u00e0 hanno sostenuto nella sua sfida quotidiana<br \/>\nFriulclaun, associazione che con il suo operato compie ogni giorno dei<br \/>\nmiracoli portando il sorriso sui volti delle persone che fisicamente<br \/>\nsoffrono per delle malattie. <\/p>\n<p align=\"JUSTIFY\" style=\"margin-bottom: 0cm;\"><em>Bredasmile<\/em><br \/>\nha avuto un largo consenso di pubblico e si \u00e8 arricchita della colorata<br \/>\npresenza dei claun che hanno animato la giornata e dell intervento di<br \/>\nValerio Bertotto, indimenticato capitano dell Udinese che nel corso<br \/>\ndella premiazione del torneo di calcio, svoltosi contestualmente alla<br \/>\nmanifestazione, ha speso parole di elogio per l iniziativa benefica.  <\/p>\n<p><img decoding=\"async\" border=\"0\" id=\"BLOGGER_PHOTO_ID_5387237318699209218\" src=\"http:\/\/1.bp.blogspot.com\/_Tt1BfvyUHPo\/SsNPzG3LUgI\/AAAAAAAABAs\/UlVbjEhmzAI\/s400\/Consegna-Assegno-BREDASmile-600.jpg\" style=\"cursor: pointer; width: 400px; height: 300px;\" \/><\/p>\n<p>Per maggiori informazioni visitate il sito internet BREDASMILE (www.bredasmile.com) ed il sito FRIULCALUN (http:\/\/www.friulclaun.it).<\/p>\n<p><strong><br \/>\n            Breda Sistemi Industriali S.p.A. &#8211; Portoni Sezionali Evoluti<\/strong><br \/>\n            Via Cecilia Danieli, 2 33090 Sequals &#8211; PORDENONE<br \/>\n              Tel. +39 0427.939311<br \/>\n              Fax. +39 0427.939321<br \/>\n              Email breda (at) bredasys.com<br \/>\n              Web http:\/\/www.bredasys.com\/<\/p>\n<p>              <strong>Scaricate il Comunicato in WORD<\/strong><\/p>\n","protected":false},"excerpt":{"rendered":"<p>Grande successo per l iniziativa benefica organizzata da Breda Sistemi Industriali lo scorso 12 settembre a Sequals con il sostegno di aziende partner, istituzioni locali e privati cittadini. La somma raccolta, pari a circa 10.700 euro,sar\u00e0 devoluta all associazione di volontariato Friulclaun<\/p>\n","protected":false},"author":10,"featured_media":0,"comment_status":"open","ping_status":"open","sticky":false,"template":"","format":"standard","meta":{"cybocfi_hide_featured_image":"","footnotes":""},"categories":[218],"tags":[],"class_list":["post-2887","post","type-post","status-publish","format-standard","hentry","category-giornalismo"],"yoast_head":"<!-- This site is optimized with the Yoast SEO plugin v27.0 - https:\/\/yoast.com\/product\/yoast-seo-wordpress\/ -->\n<title>BREDASMILE, 10.700 EURO RACCOLTI IN FAVORE DI FRULCLAUN ! - Article Marketing<\/title>\n<meta name=\"robots\" content=\"index, follow, max-snippet:-1, max-image-preview:large, max-video-preview:-1\" \/>\n<link rel=\"canonical\" href=\"https:\/\/www.article-marketing.eu\/comunicati\/arte-e-cultura\/giornalismo\/bredasmile-10-700-euro-raccolti-in-favore-di-frulclaun\/\" \/>\n<meta property=\"og:locale\" content=\"it_IT\" \/>\n<meta property=\"og:type\" content=\"article\" \/>\n<meta property=\"og:title\" content=\"BREDASMILE, 10.700 EURO RACCOLTI IN FAVORE DI FRULCLAUN ! - Article Marketing\" \/>\n<meta property=\"og:description\" content=\"Grande successo per l iniziativa benefica organizzata da Breda Sistemi Industriali lo scorso 12 settembre a Sequals con il sostegno di aziende partner, istituzioni locali e privati cittadini. La somma raccolta, pari a circa 10.700 euro,sar\u00e0 devoluta all associazione di volontariato Friulclaun\" \/>\n<meta property=\"og:url\" content=\"https:\/\/www.article-marketing.eu\/comunicati\/arte-e-cultura\/giornalismo\/bredasmile-10-700-euro-raccolti-in-favore-di-frulclaun\/\" \/>\n<meta property=\"og:site_name\" content=\"Article Marketing\" \/>\n<meta property=\"article:published_time\" content=\"2009-09-30T13:02:39+00:00\" \/>\n<meta property=\"og:image\" content=\"http:\/\/1.bp.blogspot.com\/_Tt1BfvyUHPo\/SsNPzG3LUgI\/AAAAAAAABAs\/UlVbjEhmzAI\/s400\/Consegna-Assegno-BREDASmile-600.jpg\" \/>\n<meta name=\"author\" content=\"Redazione Comunicati Stampa\" \/>\n<meta name=\"twitter:card\" content=\"summary_large_image\" \/>\n<meta name=\"twitter:label1\" content=\"Scritto da\" \/>\n\t<meta name=\"twitter:data1\" content=\"Redazione Comunicati Stampa\" \/>\n\t<meta name=\"twitter:label2\" content=\"Tempo di lettura stimato\" \/>\n\t<meta name=\"twitter:data2\" content=\"3 minuti\" \/>\n<script type=\"application\/ld+json\" class=\"yoast-schema-graph\">{\"@context\":\"https:\/\/schema.org\",\"@graph\":[{\"@type\":\"Article\",\"@id\":\"https:\/\/www.article-marketing.eu\/comunicati\/arte-e-cultura\/giornalismo\/bredasmile-10-700-euro-raccolti-in-favore-di-frulclaun\/#article\",\"isPartOf\":{\"@id\":\"https:\/\/www.article-marketing.eu\/comunicati\/arte-e-cultura\/giornalismo\/bredasmile-10-700-euro-raccolti-in-favore-di-frulclaun\/\"},\"author\":{\"name\":\"Redazione Comunicati Stampa\",\"@id\":\"https:\/\/www.article-marketing.eu\/comunicati\/#\/schema\/person\/44372e4d4d0fa797b18e03ed1ace9017\"},\"headline\":\"BREDASMILE, 10.700 EURO RACCOLTI IN FAVORE DI FRULCLAUN !\",\"datePublished\":\"2009-09-30T13:02:39+00:00\",\"mainEntityOfPage\":{\"@id\":\"https:\/\/www.article-marketing.eu\/comunicati\/arte-e-cultura\/giornalismo\/bredasmile-10-700-euro-raccolti-in-favore-di-frulclaun\/\"},\"wordCount\":570,\"commentCount\":0,\"image\":{\"@id\":\"https:\/\/www.article-marketing.eu\/comunicati\/arte-e-cultura\/giornalismo\/bredasmile-10-700-euro-raccolti-in-favore-di-frulclaun\/#primaryimage\"},\"thumbnailUrl\":\"http:\/\/1.bp.blogspot.com\/_Tt1BfvyUHPo\/SsNPzG3LUgI\/AAAAAAAABAs\/UlVbjEhmzAI\/s400\/Consegna-Assegno-BREDASmile-600.jpg\",\"articleSection\":[\"Giornalismo\"],\"inLanguage\":\"it-IT\",\"potentialAction\":[{\"@type\":\"CommentAction\",\"name\":\"Comment\",\"target\":[\"https:\/\/www.article-marketing.eu\/comunicati\/arte-e-cultura\/giornalismo\/bredasmile-10-700-euro-raccolti-in-favore-di-frulclaun\/#respond\"]}]},{\"@type\":\"WebPage\",\"@id\":\"https:\/\/www.article-marketing.eu\/comunicati\/arte-e-cultura\/giornalismo\/bredasmile-10-700-euro-raccolti-in-favore-di-frulclaun\/\",\"url\":\"https:\/\/www.article-marketing.eu\/comunicati\/arte-e-cultura\/giornalismo\/bredasmile-10-700-euro-raccolti-in-favore-di-frulclaun\/\",\"name\":\"BREDASMILE, 10.700 EURO RACCOLTI IN FAVORE DI FRULCLAUN ! - Article Marketing\",\"isPartOf\":{\"@id\":\"https:\/\/www.article-marketing.eu\/comunicati\/#website\"},\"primaryImageOfPage\":{\"@id\":\"https:\/\/www.article-marketing.eu\/comunicati\/arte-e-cultura\/giornalismo\/bredasmile-10-700-euro-raccolti-in-favore-di-frulclaun\/#primaryimage\"},\"image\":{\"@id\":\"https:\/\/www.article-marketing.eu\/comunicati\/arte-e-cultura\/giornalismo\/bredasmile-10-700-euro-raccolti-in-favore-di-frulclaun\/#primaryimage\"},\"thumbnailUrl\":\"http:\/\/1.bp.blogspot.com\/_Tt1BfvyUHPo\/SsNPzG3LUgI\/AAAAAAAABAs\/UlVbjEhmzAI\/s400\/Consegna-Assegno-BREDASmile-600.jpg\",\"datePublished\":\"2009-09-30T13:02:39+00:00\",\"author\":{\"@id\":\"https:\/\/www.article-marketing.eu\/comunicati\/#\/schema\/person\/44372e4d4d0fa797b18e03ed1ace9017\"},\"breadcrumb\":{\"@id\":\"https:\/\/www.article-marketing.eu\/comunicati\/arte-e-cultura\/giornalismo\/bredasmile-10-700-euro-raccolti-in-favore-di-frulclaun\/#breadcrumb\"},\"inLanguage\":\"it-IT\",\"potentialAction\":[{\"@type\":\"ReadAction\",\"target\":[\"https:\/\/www.article-marketing.eu\/comunicati\/arte-e-cultura\/giornalismo\/bredasmile-10-700-euro-raccolti-in-favore-di-frulclaun\/\"]}]},{\"@type\":\"ImageObject\",\"inLanguage\":\"it-IT\",\"@id\":\"https:\/\/www.article-marketing.eu\/comunicati\/arte-e-cultura\/giornalismo\/bredasmile-10-700-euro-raccolti-in-favore-di-frulclaun\/#primaryimage\",\"url\":\"http:\/\/1.bp.blogspot.com\/_Tt1BfvyUHPo\/SsNPzG3LUgI\/AAAAAAAABAs\/UlVbjEhmzAI\/s400\/Consegna-Assegno-BREDASmile-600.jpg\",\"contentUrl\":\"http:\/\/1.bp.blogspot.com\/_Tt1BfvyUHPo\/SsNPzG3LUgI\/AAAAAAAABAs\/UlVbjEhmzAI\/s400\/Consegna-Assegno-BREDASmile-600.jpg\"},{\"@type\":\"BreadcrumbList\",\"@id\":\"https:\/\/www.article-marketing.eu\/comunicati\/arte-e-cultura\/giornalismo\/bredasmile-10-700-euro-raccolti-in-favore-di-frulclaun\/#breadcrumb\",\"itemListElement\":[{\"@type\":\"ListItem\",\"position\":1,\"name\":\"Home\",\"item\":\"https:\/\/www.article-marketing.eu\/comunicati\/\"},{\"@type\":\"ListItem\",\"position\":2,\"name\":\"BREDASMILE, 10.700 EURO RACCOLTI IN FAVORE DI FRULCLAUN !\"}]},{\"@type\":\"WebSite\",\"@id\":\"https:\/\/www.article-marketing.eu\/comunicati\/#website\",\"url\":\"https:\/\/www.article-marketing.eu\/comunicati\/\",\"name\":\"Article Marketing\",\"description\":\"article marketing &amp; press release\",\"potentialAction\":[{\"@type\":\"SearchAction\",\"target\":{\"@type\":\"EntryPoint\",\"urlTemplate\":\"https:\/\/www.article-marketing.eu\/comunicati\/?s={search_term_string}\"},\"query-input\":{\"@type\":\"PropertyValueSpecification\",\"valueRequired\":true,\"valueName\":\"search_term_string\"}}],\"inLanguage\":\"it-IT\"},{\"@type\":\"Person\",\"@id\":\"https:\/\/www.article-marketing.eu\/comunicati\/#\/schema\/person\/44372e4d4d0fa797b18e03ed1ace9017\",\"name\":\"Redazione Comunicati Stampa\",\"image\":{\"@type\":\"ImageObject\",\"inLanguage\":\"it-IT\",\"@id\":\"https:\/\/www.article-marketing.eu\/comunicati\/#\/schema\/person\/image\/\",\"url\":\"https:\/\/secure.gravatar.com\/avatar\/50e5c6421d3072f42e7ace803501602c60d75233d34e29fd05feb91c8760b792?s=96&d=mm&r=g\",\"contentUrl\":\"https:\/\/secure.gravatar.com\/avatar\/50e5c6421d3072f42e7ace803501602c60d75233d34e29fd05feb91c8760b792?s=96&d=mm&r=g\",\"caption\":\"Redazione Comunicati Stampa\"},\"url\":\"https:\/\/www.article-marketing.eu\/comunicati\/author\/redazione-comunicati-stampa\/\"}]}<\/script>\n<!-- \/ Yoast SEO plugin. -->","yoast_head_json":{"title":"BREDASMILE, 10.700 EURO RACCOLTI IN FAVORE DI FRULCLAUN ! - Article Marketing","robots":{"index":"index","follow":"follow","max-snippet":"max-snippet:-1","max-image-preview":"max-image-preview:large","max-video-preview":"max-video-preview:-1"},"canonical":"https:\/\/www.article-marketing.eu\/comunicati\/arte-e-cultura\/giornalismo\/bredasmile-10-700-euro-raccolti-in-favore-di-frulclaun\/","og_locale":"it_IT","og_type":"article","og_title":"BREDASMILE, 10.700 EURO RACCOLTI IN FAVORE DI FRULCLAUN ! - Article Marketing","og_description":"Grande successo per l iniziativa benefica organizzata da Breda Sistemi Industriali lo scorso 12 settembre a Sequals con il sostegno di aziende partner, istituzioni locali e privati cittadini. La somma raccolta, pari a circa 10.700 euro,sar\u00e0 devoluta all associazione di volontariato Friulclaun","og_url":"https:\/\/www.article-marketing.eu\/comunicati\/arte-e-cultura\/giornalismo\/bredasmile-10-700-euro-raccolti-in-favore-di-frulclaun\/","og_site_name":"Article Marketing","article_published_time":"2009-09-30T13:02:39+00:00","og_image":[{"url":"http:\/\/1.bp.blogspot.com\/_Tt1BfvyUHPo\/SsNPzG3LUgI\/AAAAAAAABAs\/UlVbjEhmzAI\/s400\/Consegna-Assegno-BREDASmile-600.jpg","type":"","width":"","height":""}],"author":"Redazione Comunicati Stampa","twitter_card":"summary_large_image","twitter_misc":{"Scritto da":"Redazione Comunicati Stampa","Tempo di lettura stimato":"3 minuti"},"schema":{"@context":"https:\/\/schema.org","@graph":[{"@type":"Article","@id":"https:\/\/www.article-marketing.eu\/comunicati\/arte-e-cultura\/giornalismo\/bredasmile-10-700-euro-raccolti-in-favore-di-frulclaun\/#article","isPartOf":{"@id":"https:\/\/www.article-marketing.eu\/comunicati\/arte-e-cultura\/giornalismo\/bredasmile-10-700-euro-raccolti-in-favore-di-frulclaun\/"},"author":{"name":"Redazione Comunicati Stampa","@id":"https:\/\/www.article-marketing.eu\/comunicati\/#\/schema\/person\/44372e4d4d0fa797b18e03ed1ace9017"},"headline":"BREDASMILE, 10.700 EURO RACCOLTI IN FAVORE DI FRULCLAUN !","datePublished":"2009-09-30T13:02:39+00:00","mainEntityOfPage":{"@id":"https:\/\/www.article-marketing.eu\/comunicati\/arte-e-cultura\/giornalismo\/bredasmile-10-700-euro-raccolti-in-favore-di-frulclaun\/"},"wordCount":570,"commentCount":0,"image":{"@id":"https:\/\/www.article-marketing.eu\/comunicati\/arte-e-cultura\/giornalismo\/bredasmile-10-700-euro-raccolti-in-favore-di-frulclaun\/#primaryimage"},"thumbnailUrl":"http:\/\/1.bp.blogspot.com\/_Tt1BfvyUHPo\/SsNPzG3LUgI\/AAAAAAAABAs\/UlVbjEhmzAI\/s400\/Consegna-Assegno-BREDASmile-600.jpg","articleSection":["Giornalismo"],"inLanguage":"it-IT","potentialAction":[{"@type":"CommentAction","name":"Comment","target":["https:\/\/www.article-marketing.eu\/comunicati\/arte-e-cultura\/giornalismo\/bredasmile-10-700-euro-raccolti-in-favore-di-frulclaun\/#respond"]}]},{"@type":"WebPage","@id":"https:\/\/www.article-marketing.eu\/comunicati\/arte-e-cultura\/giornalismo\/bredasmile-10-700-euro-raccolti-in-favore-di-frulclaun\/","url":"https:\/\/www.article-marketing.eu\/comunicati\/arte-e-cultura\/giornalismo\/bredasmile-10-700-euro-raccolti-in-favore-di-frulclaun\/","name":"BREDASMILE, 10.700 EURO RACCOLTI IN FAVORE DI FRULCLAUN ! - Article Marketing","isPartOf":{"@id":"https:\/\/www.article-marketing.eu\/comunicati\/#website"},"primaryImageOfPage":{"@id":"https:\/\/www.article-marketing.eu\/comunicati\/arte-e-cultura\/giornalismo\/bredasmile-10-700-euro-raccolti-in-favore-di-frulclaun\/#primaryimage"},"image":{"@id":"https:\/\/www.article-marketing.eu\/comunicati\/arte-e-cultura\/giornalismo\/bredasmile-10-700-euro-raccolti-in-favore-di-frulclaun\/#primaryimage"},"thumbnailUrl":"http:\/\/1.bp.blogspot.com\/_Tt1BfvyUHPo\/SsNPzG3LUgI\/AAAAAAAABAs\/UlVbjEhmzAI\/s400\/Consegna-Assegno-BREDASmile-600.jpg","datePublished":"2009-09-30T13:02:39+00:00","author":{"@id":"https:\/\/www.article-marketing.eu\/comunicati\/#\/schema\/person\/44372e4d4d0fa797b18e03ed1ace9017"},"breadcrumb":{"@id":"https:\/\/www.article-marketing.eu\/comunicati\/arte-e-cultura\/giornalismo\/bredasmile-10-700-euro-raccolti-in-favore-di-frulclaun\/#breadcrumb"},"inLanguage":"it-IT","potentialAction":[{"@type":"ReadAction","target":["https:\/\/www.article-marketing.eu\/comunicati\/arte-e-cultura\/giornalismo\/bredasmile-10-700-euro-raccolti-in-favore-di-frulclaun\/"]}]},{"@type":"ImageObject","inLanguage":"it-IT","@id":"https:\/\/www.article-marketing.eu\/comunicati\/arte-e-cultura\/giornalismo\/bredasmile-10-700-euro-raccolti-in-favore-di-frulclaun\/#primaryimage","url":"http:\/\/1.bp.blogspot.com\/_Tt1BfvyUHPo\/SsNPzG3LUgI\/AAAAAAAABAs\/UlVbjEhmzAI\/s400\/Consegna-Assegno-BREDASmile-600.jpg","contentUrl":"http:\/\/1.bp.blogspot.com\/_Tt1BfvyUHPo\/SsNPzG3LUgI\/AAAAAAAABAs\/UlVbjEhmzAI\/s400\/Consegna-Assegno-BREDASmile-600.jpg"},{"@type":"BreadcrumbList","@id":"https:\/\/www.article-marketing.eu\/comunicati\/arte-e-cultura\/giornalismo\/bredasmile-10-700-euro-raccolti-in-favore-di-frulclaun\/#breadcrumb","itemListElement":[{"@type":"ListItem","position":1,"name":"Home","item":"https:\/\/www.article-marketing.eu\/comunicati\/"},{"@type":"ListItem","position":2,"name":"BREDASMILE, 10.700 EURO RACCOLTI IN FAVORE DI FRULCLAUN !"}]},{"@type":"WebSite","@id":"https:\/\/www.article-marketing.eu\/comunicati\/#website","url":"https:\/\/www.article-marketing.eu\/comunicati\/","name":"Article Marketing","description":"article marketing &amp; press release","potentialAction":[{"@type":"SearchAction","target":{"@type":"EntryPoint","urlTemplate":"https:\/\/www.article-marketing.eu\/comunicati\/?s={search_term_string}"},"query-input":{"@type":"PropertyValueSpecification","valueRequired":true,"valueName":"search_term_string"}}],"inLanguage":"it-IT"},{"@type":"Person","@id":"https:\/\/www.article-marketing.eu\/comunicati\/#\/schema\/person\/44372e4d4d0fa797b18e03ed1ace9017","name":"Redazione Comunicati Stampa","image":{"@type":"ImageObject","inLanguage":"it-IT","@id":"https:\/\/www.article-marketing.eu\/comunicati\/#\/schema\/person\/image\/","url":"https:\/\/secure.gravatar.com\/avatar\/50e5c6421d3072f42e7ace803501602c60d75233d34e29fd05feb91c8760b792?s=96&d=mm&r=g","contentUrl":"https:\/\/secure.gravatar.com\/avatar\/50e5c6421d3072f42e7ace803501602c60d75233d34e29fd05feb91c8760b792?s=96&d=mm&r=g","caption":"Redazione Comunicati Stampa"},"url":"https:\/\/www.article-marketing.eu\/comunicati\/author\/redazione-comunicati-stampa\/"}]}},"_links":{"self":[{"href":"https:\/\/www.article-marketing.eu\/comunicati\/wp-json\/wp\/v2\/posts\/2887","targetHints":{"allow":["GET"]}}],"collection":[{"href":"https:\/\/www.article-marketing.eu\/comunicati\/wp-json\/wp\/v2\/posts"}],"about":[{"href":"https:\/\/www.article-marketing.eu\/comunicati\/wp-json\/wp\/v2\/types\/post"}],"author":[{"embeddable":true,"href":"https:\/\/www.article-marketing.eu\/comunicati\/wp-json\/wp\/v2\/users\/10"}],"replies":[{"embeddable":true,"href":"https:\/\/www.article-marketing.eu\/comunicati\/wp-json\/wp\/v2\/comments?post=2887"}],"version-history":[{"count":0,"href":"https:\/\/www.article-marketing.eu\/comunicati\/wp-json\/wp\/v2\/posts\/2887\/revisions"}],"wp:attachment":[{"href":"https:\/\/www.article-marketing.eu\/comunicati\/wp-json\/wp\/v2\/media?parent=2887"}],"wp:term":[{"taxonomy":"category","embeddable":true,"href":"https:\/\/www.article-marketing.eu\/comunicati\/wp-json\/wp\/v2\/categories?post=2887"},{"taxonomy":"post_tag","embeddable":true,"href":"https:\/\/www.article-marketing.eu\/comunicati\/wp-json\/wp\/v2\/tags?post=2887"}],"curies":[{"name":"wp","href":"https:\/\/api.w.org\/{rel}","templated":true}]}}