{"id":2889,"date":"2009-09-30T15:59:05","date_gmt":"2009-09-30T13:59:05","guid":{"rendered":"http:\/\/www.article-marketing.eu\/comunicati\/senza-categoria\/mediolanum-market-forum-ottobre-2009-dopo-il-diluvio\/"},"modified":"2009-09-30T15:59:05","modified_gmt":"2009-09-30T13:59:05","slug":"mediolanum-market-forum-ottobre-2009-dopo-il-diluvio","status":"publish","type":"post","link":"https:\/\/www.article-marketing.eu\/comunicati\/economia-e-lavoro\/marketing\/mediolanum-market-forum-ottobre-2009-dopo-il-diluvio\/","title":{"rendered":"\u201cMediolanum Market Forum \u2013 ottobre 2009\u201d. DOPO IL DILUVIO"},"content":{"rendered":"<p>30 settembre 2009. Si avvicina la data della quinta edizione del \u201c<strong>Mediolanum Market Forum<\/strong>\u201d, che si terr\u00e0 <strong>gioved\u00ec 8 ottobre 2009 con diretta su Sky e sul web dalle ore 9.30 alle 13.40<\/strong>&nbsp; presso<strong> Palazzo Mezzanotte<\/strong>, Piazza degli Affari, Milano. <br \/>Il convegno verr\u00e0 trasmesso in tutta Europa in doppio audio (italiano e inglese) sul canale satellitare Mediolanum Channel (Sky 803) ed in streaming worldwide su internet (www.mediolanumchannel.tv) in 3 lingue (italiano, inglese e spagnolo). <br \/>La struttura generale del Forum prevede una ripartizione in 4 blocchi, moderati da <strong>Andrea Cabrini<\/strong>, Direttore di Class \u2013 Cnbc. <strong>La partecipazione \u00e8 strettamente ad invito.<br \/><\/strong><br \/><strong>Introduzione <\/strong><\/p>\n<p>Obbiettivo principale di questa edizione del Mediolanum Market Forum sar\u00e0 quello di valutare quali siano le mosse e gli atteggiamenti pi\u00f9 adatti per cogliere i segnali di ripresa che giungono da diverse parti. Siamo probabilmente al guado della grande crisi, ma \u00e8 necessario saper leggere nel modo corretto tutti gli indicatori &#8211; non sempre omogenei &#8211; che giungono da mercati, economia reale, media e istituzioni. Come ci si comporta <em>allora dopo il diluvio<\/em>? <br \/>L\u2019effetto dirompente che l\u2019ultima grande crisi ha avuto sull\u2019economia e sull\u2019evoluzione produttiva del pianeta sta generando nuovi equilibri, nuovi scenari e nuove opportunit\u00e0. Una nuova etica sembra essere lo strumento per un\u2019economia sostenibile del domani; e poi l\u2019ingegno e la creativit\u00e0, la capacit\u00e0 cio\u00e8 di innovare prodotti e processi produttivi in modo pi\u00f9 efficiente, economico ed ecologico. Siamo dunque in una fase estremamente turbolenta: la ripresa \u00e8 visibile all\u2019orizzonte, ma nel breve periodo potrebbero prevalere ancora timori, incertezze e impulsivit\u00e0. <br \/>Di questo nuovo mondo che si sta generando bisogner\u00e0 imparare le regole, capirne le opportunit\u00e0 e conoscerne alcuni meccanismi. Ecco allora che i protagonisti dell\u2019economia e del mondo bancario potranno chiudere il Forum cercando di delineare il profilo del dopo-crisi, cos\u00ec che la ripresa non diventi un panorama sconosciuto nel quale rischiare di perdersi, ma un mondo migliore colmo di opportunit\u00e0 e regole pi\u00f9 solide per tutti. Il convegno \u00e8 presentato da Banca Mediolanum e organizzato da Mediolanum Comunicazione.<br \/><strong><br \/>Gli argomenti affrontati durante l\u2019incontro<\/strong><\/p>\n<p>ORE 8.00 <br \/>Anteprima della Arnoldo Mosca Mondadori Editore.<\/p>\n<p>ORE10.30 <br \/><strong>PIU\u2019 FORTI DELLA CRISI <\/strong><br \/>Il valore positivo delle crisi. Ogni evoluzione presenta, prima o poi, un momento critico che ne spezza lo sviluppo lineare con uno stravolgimento in grado di ridisegnare i valori in campo e conseguentemente di rilanciare un nuovo e ancor pi\u00f9 significativo progresso. Le opportunit\u00e0 offerte dalla grande crisi del 2009: alcuni casi di successo. <\/p>\n<p>ORE 11.15 &nbsp;<br \/><strong>L\u2019ANNO CHE VERRA\u2019 <\/strong><br \/>I settori e le innovazioni su cui puntare per una ripresa ancor pi\u00f9 impetuosa. La velocit\u00e0 del progresso (tecnologico, informatico, nelle comunicazioni) come una costante in continuo aumento nel corso della storia: un moltiplicatore di opportunit\u00e0 col quale non sempre \u00e8 facile stare al passo. Verranno presentati e raccontati alcuni esempi concreti di produttivit\u00e0, imprenditorialit\u00e0 e ingegno. <\/p>\n<p>ORE 12.20 <br \/><strong>QUELLO CHE SERVE ALLA GENTE <\/strong><br \/>Negli ultimi 20 anni l\u2019atteggiamento e la consapevolezza dei consumatori sono cambiati come pure gli stessi meccanismi di domanda-offerta. Oggi, aziende ma soprattutto banche, imprese e mondo della consulenza stanno davvero dando ai consumatori ci\u00f2 di cui hanno bisogno? Quali sono le priorit\u00e0? Etica nel mondo degli affari e nella fruizione delle risorse: \u2018business oriented\u2019 o \u2018customer oriented\u2019? L\u2019importanza di una corretta ed efficace comunicazione; i guasti di una cattiva comunicazione; l\u2019importanza di saper ascoltare.<\/p>\n<p>ORE 13.00<br \/><strong>IL PARADISO PERDUTO <\/strong><br \/>Il grande nodo dello Scudo Fiscale, tra etica e opportunit\u00e0. Un\u2019operazione coordinata dai pi\u00f9 importanti paesi del mondo che potrebbe portare in Italia alcune centinaia di miliardi di Euro. Dove confluir\u00e0 o dove dovrebbe confluire questa liquidit\u00e0? Che contributo potr\u00e0 dare alla ripresa economica? Avr\u00e0 conseguenze sui mercati e sull\u2019economia del Paese?<\/p>\n<p>Diretta dalle ore 9.30 su Mediolanum Channel Sky 803 ed in streaming worldwide su www.mediolanumchannel.tv<\/p>\n","protected":false},"excerpt":{"rendered":"<p>30 settembre 2009. Si avvicina la data della quinta edizione del \u201cMediolanum Market Forum\u201d, che si terr\u00e0 gioved\u00ec 8 ottobre 2009 con diretta su Sky e sul web dalle ore 9.30 alle 13.40  presso Palazzo Mezzanotte, Piazza degli Affari, Milano.<\/p>\n","protected":false},"author":10,"featured_media":0,"comment_status":"open","ping_status":"open","sticky":false,"template":"","format":"standard","meta":{"cybocfi_hide_featured_image":"","footnotes":""},"categories":[103],"tags":[6970,5311,2262,9349,9362,2760,9353,4369,9352,9351,99,9350,2761,207,2260,9363,9366,9367,2677,9358,9359,9355,9365,9364,1566,6971,1567,1343,9348,9356,9357,9347,9361,3006,6033,6034,6156,6036,5798,9360,9354,7923,9012],"class_list":["post-2889","post","type-post","status-publish","format-standard","hentry","category-marketing","tag-alboran","tag-banca-mediolanum","tag-borsa","tag-borsa-tempo-reale","tag-cesare-geronzi","tag-crisi","tag-crisi-2009","tag-crisi-economica","tag-crisi-economica-2009","tag-decreto-anti-crisi","tag-economia","tag-economia-aziendale","tag-ennio-doris","tag-ennio-morricone","tag-finanza","tag-getulio-alviani","tag-giorgio-mule","tag-giorgio-vigano","tag-investimenti","tag-investimenti-mediolanum","tag-investimenti-sicuri","tag-la-crisi","tag-mario-moretti-polegato","tag-mauro-ferraresi","tag-mediolanum-channel","tag-mediolanum-comunicazione","tag-mediolanum-market-forum","tag-milano","tag-milano-borsa","tag-milano-finanza","tag-milano-finanza-borsa","tag-mmf","tag-mondadori","tag-obama","tag-oscar-giannino","tag-paolo-scaroni","tag-parma","tag-remo-lucchi","tag-siena","tag-sondrio","tag-tema-crisi-economica","tag-treviso","tag-varese"],"yoast_head":"<!-- This site is optimized with the Yoast SEO plugin v27.0 - https:\/\/yoast.com\/product\/yoast-seo-wordpress\/ -->\n<title>\u201cMediolanum Market Forum \u2013 ottobre 2009\u201d. DOPO IL DILUVIO - Article Marketing<\/title>\n<meta name=\"robots\" content=\"index, follow, max-snippet:-1, max-image-preview:large, max-video-preview:-1\" \/>\n<link rel=\"canonical\" href=\"https:\/\/www.article-marketing.eu\/comunicati\/economia-e-lavoro\/marketing\/mediolanum-market-forum-ottobre-2009-dopo-il-diluvio\/\" \/>\n<meta property=\"og:locale\" content=\"it_IT\" \/>\n<meta property=\"og:type\" content=\"article\" \/>\n<meta property=\"og:title\" content=\"\u201cMediolanum Market Forum \u2013 ottobre 2009\u201d. DOPO IL DILUVIO - Article Marketing\" \/>\n<meta property=\"og:description\" content=\"30 settembre 2009. Si avvicina la data della quinta edizione del \u201cMediolanum Market Forum\u201d, che si terr\u00e0 gioved\u00ec 8 ottobre 2009 con diretta su Sky e sul web dalle ore 9.30 alle 13.40 presso Palazzo Mezzanotte, Piazza degli Affari, Milano.\" \/>\n<meta property=\"og:url\" content=\"https:\/\/www.article-marketing.eu\/comunicati\/economia-e-lavoro\/marketing\/mediolanum-market-forum-ottobre-2009-dopo-il-diluvio\/\" \/>\n<meta property=\"og:site_name\" content=\"Article Marketing\" \/>\n<meta property=\"article:published_time\" content=\"2009-09-30T13:59:05+00:00\" \/>\n<meta name=\"author\" content=\"Redazione Comunicati Stampa\" \/>\n<meta name=\"twitter:card\" content=\"summary_large_image\" \/>\n<meta name=\"twitter:label1\" content=\"Scritto da\" \/>\n\t<meta name=\"twitter:data1\" content=\"Redazione Comunicati Stampa\" \/>\n\t<meta name=\"twitter:label2\" content=\"Tempo di lettura stimato\" \/>\n\t<meta name=\"twitter:data2\" content=\"3 minuti\" \/>\n<script type=\"application\/ld+json\" class=\"yoast-schema-graph\">{\"@context\":\"https:\/\/schema.org\",\"@graph\":[{\"@type\":\"Article\",\"@id\":\"https:\/\/www.article-marketing.eu\/comunicati\/economia-e-lavoro\/marketing\/mediolanum-market-forum-ottobre-2009-dopo-il-diluvio\/#article\",\"isPartOf\":{\"@id\":\"https:\/\/www.article-marketing.eu\/comunicati\/economia-e-lavoro\/marketing\/mediolanum-market-forum-ottobre-2009-dopo-il-diluvio\/\"},\"author\":{\"name\":\"Redazione Comunicati Stampa\",\"@id\":\"https:\/\/www.article-marketing.eu\/comunicati\/#\/schema\/person\/44372e4d4d0fa797b18e03ed1ace9017\"},\"headline\":\"\u201cMediolanum Market Forum \u2013 ottobre 2009\u201d. DOPO IL DILUVIO\",\"datePublished\":\"2009-09-30T13:59:05+00:00\",\"mainEntityOfPage\":{\"@id\":\"https:\/\/www.article-marketing.eu\/comunicati\/economia-e-lavoro\/marketing\/mediolanum-market-forum-ottobre-2009-dopo-il-diluvio\/\"},\"wordCount\":626,\"commentCount\":0,\"keywords\":[\"alboran\",\"banca mediolanum\",\"borsa\",\"borsa tempo reale\",\"cesare geronzi\",\"crisi\",\"crisi 2009\",\"CRISI ECONOMICA\",\"crisi economica 2009\",\"decreto anti crisi\",\"economia\",\"economia aziendale\",\"ennio doris\",\"Ennio Morricone\",\"finanza\",\"getulio alviani\",\"giorgio mul\u00e9\",\"giorgio vigan\u00f2\",\"investimenti\",\"investimenti Mediolanum\",\"investimenti sicuri\",\"la crisi\",\"mario moretti polegato\",\"mauro ferraresi\",\"mediolanum channel\",\"mediolanum comunicazione\",\"mediolanum market forum\",\"milano\",\"milano borsa\",\"milano finanza\",\"milano finanza borsa\",\"MMF\",\"mondadori\",\"obama\",\"oscar giannino\",\"paolo scaroni\",\"Parma\",\"remo lucchi\",\"siena\",\"sondrio\",\"tema crisi economica\",\"treviso\",\"varese\"],\"articleSection\":[\"Marketing\"],\"inLanguage\":\"it-IT\",\"potentialAction\":[{\"@type\":\"CommentAction\",\"name\":\"Comment\",\"target\":[\"https:\/\/www.article-marketing.eu\/comunicati\/economia-e-lavoro\/marketing\/mediolanum-market-forum-ottobre-2009-dopo-il-diluvio\/#respond\"]}]},{\"@type\":\"WebPage\",\"@id\":\"https:\/\/www.article-marketing.eu\/comunicati\/economia-e-lavoro\/marketing\/mediolanum-market-forum-ottobre-2009-dopo-il-diluvio\/\",\"url\":\"https:\/\/www.article-marketing.eu\/comunicati\/economia-e-lavoro\/marketing\/mediolanum-market-forum-ottobre-2009-dopo-il-diluvio\/\",\"name\":\"\u201cMediolanum Market Forum \u2013 ottobre 2009\u201d. DOPO IL DILUVIO - Article Marketing\",\"isPartOf\":{\"@id\":\"https:\/\/www.article-marketing.eu\/comunicati\/#website\"},\"datePublished\":\"2009-09-30T13:59:05+00:00\",\"author\":{\"@id\":\"https:\/\/www.article-marketing.eu\/comunicati\/#\/schema\/person\/44372e4d4d0fa797b18e03ed1ace9017\"},\"breadcrumb\":{\"@id\":\"https:\/\/www.article-marketing.eu\/comunicati\/economia-e-lavoro\/marketing\/mediolanum-market-forum-ottobre-2009-dopo-il-diluvio\/#breadcrumb\"},\"inLanguage\":\"it-IT\",\"potentialAction\":[{\"@type\":\"ReadAction\",\"target\":[\"https:\/\/www.article-marketing.eu\/comunicati\/economia-e-lavoro\/marketing\/mediolanum-market-forum-ottobre-2009-dopo-il-diluvio\/\"]}]},{\"@type\":\"BreadcrumbList\",\"@id\":\"https:\/\/www.article-marketing.eu\/comunicati\/economia-e-lavoro\/marketing\/mediolanum-market-forum-ottobre-2009-dopo-il-diluvio\/#breadcrumb\",\"itemListElement\":[{\"@type\":\"ListItem\",\"position\":1,\"name\":\"Home\",\"item\":\"https:\/\/www.article-marketing.eu\/comunicati\/\"},{\"@type\":\"ListItem\",\"position\":2,\"name\":\"\u201cMediolanum Market Forum \u2013 ottobre 2009\u201d. DOPO IL DILUVIO\"}]},{\"@type\":\"WebSite\",\"@id\":\"https:\/\/www.article-marketing.eu\/comunicati\/#website\",\"url\":\"https:\/\/www.article-marketing.eu\/comunicati\/\",\"name\":\"Article Marketing\",\"description\":\"article marketing &amp; press release\",\"potentialAction\":[{\"@type\":\"SearchAction\",\"target\":{\"@type\":\"EntryPoint\",\"urlTemplate\":\"https:\/\/www.article-marketing.eu\/comunicati\/?s={search_term_string}\"},\"query-input\":{\"@type\":\"PropertyValueSpecification\",\"valueRequired\":true,\"valueName\":\"search_term_string\"}}],\"inLanguage\":\"it-IT\"},{\"@type\":\"Person\",\"@id\":\"https:\/\/www.article-marketing.eu\/comunicati\/#\/schema\/person\/44372e4d4d0fa797b18e03ed1ace9017\",\"name\":\"Redazione Comunicati Stampa\",\"image\":{\"@type\":\"ImageObject\",\"inLanguage\":\"it-IT\",\"@id\":\"https:\/\/www.article-marketing.eu\/comunicati\/#\/schema\/person\/image\/\",\"url\":\"https:\/\/secure.gravatar.com\/avatar\/50e5c6421d3072f42e7ace803501602c60d75233d34e29fd05feb91c8760b792?s=96&d=mm&r=g\",\"contentUrl\":\"https:\/\/secure.gravatar.com\/avatar\/50e5c6421d3072f42e7ace803501602c60d75233d34e29fd05feb91c8760b792?s=96&d=mm&r=g\",\"caption\":\"Redazione Comunicati Stampa\"},\"url\":\"https:\/\/www.article-marketing.eu\/comunicati\/author\/redazione-comunicati-stampa\/\"}]}<\/script>\n<!-- \/ Yoast SEO plugin. -->","yoast_head_json":{"title":"\u201cMediolanum Market Forum \u2013 ottobre 2009\u201d. DOPO IL DILUVIO - Article Marketing","robots":{"index":"index","follow":"follow","max-snippet":"max-snippet:-1","max-image-preview":"max-image-preview:large","max-video-preview":"max-video-preview:-1"},"canonical":"https:\/\/www.article-marketing.eu\/comunicati\/economia-e-lavoro\/marketing\/mediolanum-market-forum-ottobre-2009-dopo-il-diluvio\/","og_locale":"it_IT","og_type":"article","og_title":"\u201cMediolanum Market Forum \u2013 ottobre 2009\u201d. DOPO IL DILUVIO - Article Marketing","og_description":"30 settembre 2009. Si avvicina la data della quinta edizione del \u201cMediolanum Market Forum\u201d, che si terr\u00e0 gioved\u00ec 8 ottobre 2009 con diretta su Sky e sul web dalle ore 9.30 alle 13.40 presso Palazzo Mezzanotte, Piazza degli Affari, Milano.","og_url":"https:\/\/www.article-marketing.eu\/comunicati\/economia-e-lavoro\/marketing\/mediolanum-market-forum-ottobre-2009-dopo-il-diluvio\/","og_site_name":"Article Marketing","article_published_time":"2009-09-30T13:59:05+00:00","author":"Redazione Comunicati Stampa","twitter_card":"summary_large_image","twitter_misc":{"Scritto da":"Redazione Comunicati Stampa","Tempo di lettura stimato":"3 minuti"},"schema":{"@context":"https:\/\/schema.org","@graph":[{"@type":"Article","@id":"https:\/\/www.article-marketing.eu\/comunicati\/economia-e-lavoro\/marketing\/mediolanum-market-forum-ottobre-2009-dopo-il-diluvio\/#article","isPartOf":{"@id":"https:\/\/www.article-marketing.eu\/comunicati\/economia-e-lavoro\/marketing\/mediolanum-market-forum-ottobre-2009-dopo-il-diluvio\/"},"author":{"name":"Redazione Comunicati Stampa","@id":"https:\/\/www.article-marketing.eu\/comunicati\/#\/schema\/person\/44372e4d4d0fa797b18e03ed1ace9017"},"headline":"\u201cMediolanum Market Forum \u2013 ottobre 2009\u201d. DOPO IL DILUVIO","datePublished":"2009-09-30T13:59:05+00:00","mainEntityOfPage":{"@id":"https:\/\/www.article-marketing.eu\/comunicati\/economia-e-lavoro\/marketing\/mediolanum-market-forum-ottobre-2009-dopo-il-diluvio\/"},"wordCount":626,"commentCount":0,"keywords":["alboran","banca mediolanum","borsa","borsa tempo reale","cesare geronzi","crisi","crisi 2009","CRISI ECONOMICA","crisi economica 2009","decreto anti crisi","economia","economia aziendale","ennio doris","Ennio Morricone","finanza","getulio alviani","giorgio mul\u00e9","giorgio vigan\u00f2","investimenti","investimenti Mediolanum","investimenti sicuri","la crisi","mario moretti polegato","mauro ferraresi","mediolanum channel","mediolanum comunicazione","mediolanum market forum","milano","milano borsa","milano finanza","milano finanza borsa","MMF","mondadori","obama","oscar giannino","paolo scaroni","Parma","remo lucchi","siena","sondrio","tema crisi economica","treviso","varese"],"articleSection":["Marketing"],"inLanguage":"it-IT","potentialAction":[{"@type":"CommentAction","name":"Comment","target":["https:\/\/www.article-marketing.eu\/comunicati\/economia-e-lavoro\/marketing\/mediolanum-market-forum-ottobre-2009-dopo-il-diluvio\/#respond"]}]},{"@type":"WebPage","@id":"https:\/\/www.article-marketing.eu\/comunicati\/economia-e-lavoro\/marketing\/mediolanum-market-forum-ottobre-2009-dopo-il-diluvio\/","url":"https:\/\/www.article-marketing.eu\/comunicati\/economia-e-lavoro\/marketing\/mediolanum-market-forum-ottobre-2009-dopo-il-diluvio\/","name":"\u201cMediolanum Market Forum \u2013 ottobre 2009\u201d. DOPO IL DILUVIO - Article Marketing","isPartOf":{"@id":"https:\/\/www.article-marketing.eu\/comunicati\/#website"},"datePublished":"2009-09-30T13:59:05+00:00","author":{"@id":"https:\/\/www.article-marketing.eu\/comunicati\/#\/schema\/person\/44372e4d4d0fa797b18e03ed1ace9017"},"breadcrumb":{"@id":"https:\/\/www.article-marketing.eu\/comunicati\/economia-e-lavoro\/marketing\/mediolanum-market-forum-ottobre-2009-dopo-il-diluvio\/#breadcrumb"},"inLanguage":"it-IT","potentialAction":[{"@type":"ReadAction","target":["https:\/\/www.article-marketing.eu\/comunicati\/economia-e-lavoro\/marketing\/mediolanum-market-forum-ottobre-2009-dopo-il-diluvio\/"]}]},{"@type":"BreadcrumbList","@id":"https:\/\/www.article-marketing.eu\/comunicati\/economia-e-lavoro\/marketing\/mediolanum-market-forum-ottobre-2009-dopo-il-diluvio\/#breadcrumb","itemListElement":[{"@type":"ListItem","position":1,"name":"Home","item":"https:\/\/www.article-marketing.eu\/comunicati\/"},{"@type":"ListItem","position":2,"name":"\u201cMediolanum Market Forum \u2013 ottobre 2009\u201d. DOPO IL DILUVIO"}]},{"@type":"WebSite","@id":"https:\/\/www.article-marketing.eu\/comunicati\/#website","url":"https:\/\/www.article-marketing.eu\/comunicati\/","name":"Article Marketing","description":"article marketing &amp; press release","potentialAction":[{"@type":"SearchAction","target":{"@type":"EntryPoint","urlTemplate":"https:\/\/www.article-marketing.eu\/comunicati\/?s={search_term_string}"},"query-input":{"@type":"PropertyValueSpecification","valueRequired":true,"valueName":"search_term_string"}}],"inLanguage":"it-IT"},{"@type":"Person","@id":"https:\/\/www.article-marketing.eu\/comunicati\/#\/schema\/person\/44372e4d4d0fa797b18e03ed1ace9017","name":"Redazione Comunicati Stampa","image":{"@type":"ImageObject","inLanguage":"it-IT","@id":"https:\/\/www.article-marketing.eu\/comunicati\/#\/schema\/person\/image\/","url":"https:\/\/secure.gravatar.com\/avatar\/50e5c6421d3072f42e7ace803501602c60d75233d34e29fd05feb91c8760b792?s=96&d=mm&r=g","contentUrl":"https:\/\/secure.gravatar.com\/avatar\/50e5c6421d3072f42e7ace803501602c60d75233d34e29fd05feb91c8760b792?s=96&d=mm&r=g","caption":"Redazione Comunicati Stampa"},"url":"https:\/\/www.article-marketing.eu\/comunicati\/author\/redazione-comunicati-stampa\/"}]}},"_links":{"self":[{"href":"https:\/\/www.article-marketing.eu\/comunicati\/wp-json\/wp\/v2\/posts\/2889","targetHints":{"allow":["GET"]}}],"collection":[{"href":"https:\/\/www.article-marketing.eu\/comunicati\/wp-json\/wp\/v2\/posts"}],"about":[{"href":"https:\/\/www.article-marketing.eu\/comunicati\/wp-json\/wp\/v2\/types\/post"}],"author":[{"embeddable":true,"href":"https:\/\/www.article-marketing.eu\/comunicati\/wp-json\/wp\/v2\/users\/10"}],"replies":[{"embeddable":true,"href":"https:\/\/www.article-marketing.eu\/comunicati\/wp-json\/wp\/v2\/comments?post=2889"}],"version-history":[{"count":0,"href":"https:\/\/www.article-marketing.eu\/comunicati\/wp-json\/wp\/v2\/posts\/2889\/revisions"}],"wp:attachment":[{"href":"https:\/\/www.article-marketing.eu\/comunicati\/wp-json\/wp\/v2\/media?parent=2889"}],"wp:term":[{"taxonomy":"category","embeddable":true,"href":"https:\/\/www.article-marketing.eu\/comunicati\/wp-json\/wp\/v2\/categories?post=2889"},{"taxonomy":"post_tag","embeddable":true,"href":"https:\/\/www.article-marketing.eu\/comunicati\/wp-json\/wp\/v2\/tags?post=2889"}],"curies":[{"name":"wp","href":"https:\/\/api.w.org\/{rel}","templated":true}]}}