{"id":2893,"date":"2009-10-01T09:42:12","date_gmt":"2009-10-01T07:42:12","guid":{"rendered":"http:\/\/www.article-marketing.eu\/comunicati\/senza-categoria\/spettacolo-teatrale-in-oltrepo-pavese-con-i-verbavolant\/"},"modified":"2009-10-01T09:42:12","modified_gmt":"2009-10-01T07:42:12","slug":"spettacolo-teatrale-in-oltrepo-pavese-con-i-verbavolant","status":"publish","type":"post","link":"https:\/\/www.article-marketing.eu\/comunicati\/arte-e-cultura\/teatro\/spettacolo-teatrale-in-oltrepo-pavese-con-i-verbavolant\/","title":{"rendered":"Spettacolo teatrale in Oltrep\u00f2 Pavese con i Verbavolant"},"content":{"rendered":"<p align=\"justify\"><img decoding=\"async\" vspace=\"0\" hspace=\"0\" border=\"0\" align=\"baseline\" alt=\"La Figlia del fuoco, Spettacolo teatrale in Oltrep\u00f2 Pavese\" src=\"http:\/\/www.oltrepeat.com\/images\/stories\/figlia_fuoco_small.jpg\" \/><br \/>\nI Verba Volant di ArteMusica propongono un nuovo spettacolo teatrale che sar\u00e0 inscenato&nbsp; sabato 31 ottobre 2009 a Varzi, Oltrep\u00f2 Pavese , presso il Cinema Teatro Italia.<br \/>E il tema gi\u00e0 incuriosisce il pubblico&#8230; <\/p>\n<p align=\"justify\">Le testimonianze storiche emerse durante il <strong>Convegno sulla Stregoneria<\/strong> tenutosi a <strong>Oramala <\/strong>nel<br \/>\ngiugno del 2008 hanno dato avvio a un rinnovato fermento culturale da<br \/>\ncui stanno nascendo, in maniera incalzante, nuove proposte e nuove idee<br \/>\nche sfociano in eventi e spettacoli tematici di grande suggestione e di<br \/>\nforte richiamo. <\/p>\n<p align=\"justify\">\nA poco pi\u00f9 di un anno di distanza dal successo di <strong>Et sicut advenit<\/strong>, i <strong>Verba Volant <\/strong>di ArteMusica di <strong>Varzi<\/strong>, <a href=\"http:\/\/www.oltrepeat.com\/\" target=\"_self\"><strong>Oltrep\u00f2 Pavese<\/strong><\/a> ,propongono un nuovo spettacolo sullo stesso filone del precedente.\n<\/p>\n<p>La rappresentazione teatrale, dal titolo <u><strong>&quot;La figlia<br \/>\ndel fuoco&quot;<\/strong><\/u> , avr\u00e0 luogo sabato 31 ottobre 2009 a <strong>Varzi<\/strong>, <strong>Oltrep\u00f2 Pavese<\/strong> , presso il <strong>Cinema<br \/>\nTeatro Italia<\/strong>, e il tema gi\u00e0 incuriosisce il pubblico. Ma questa storia<br \/>\ndi una strega e di un inquisitore, portata in scena in una data<br \/>\nsimbolica di una festa che esisteva ben prima dell\u2019importazione di<br \/>\n<strong>Halloween<\/strong>, contiene anche altro. Contiene le paure di un popolo<br \/>\nignorante, che giudica senza neppure preoccuparsi di conoscere la<br \/>\nverit\u00e0, contiene un sapere antico, fatto di contatto con la madre<br \/>\nterra, contiene l\u2019oscura e inespressa attrazione fra un uomo e una<br \/>\ndonna che per ruolo e posizione sociale dovrebbero rimanere distanti,<br \/>\ncontiene la forza di un potere che \u00e8 costretto a diventare violenza<br \/>\nquando vorrebbe essere protezione. <\/p>\n<p align=\"justify\">\nIn un\u2019ambientazione storica con un preciso radicamento territoriale, la<br \/>\nprotagonista di questa vicenda immaginaria \u00e8 Drusilla, una donna che sa<br \/>\nleggere e scrivere e conosce le virt\u00f9 di erbe e piante. Ma<br \/>\nl\u2019Inquisizione sar\u00e0 in grado di comprendere che questo suo \u201cdono\u201d \u00e8<br \/>\nfrutto di conoscenze tramandate nel tempo e non di incantesimi dettati<br \/>\ndal demonio? E Drusilla, che comprende le persone oltre le parole, si<br \/>\npiegher\u00e0 a ci\u00f2 che le viene proposto come \u201cla pi\u00f9 grande fede e la<br \/>\nsalvezza della sua anima\u201d?\n<\/p>\n<p align=\"justify\">\nL\u2019originale sceneggiatura di Laura Brignoli diventa spettacolo con la<br \/>\nstraordinaria scenografia di Caterina Turrone, le musiche suggestive di<br \/>\nManuela Tagliani, la sapiente regia di Giovanni Calvi e l\u2019ormai<br \/>\nindiscussa simpatia dei giovani attori della Valle St\u00e0ffora: uno<br \/>\nspettacolo transtemporale, avvincente, certamente emozionante.<\/p>\n","protected":false},"excerpt":{"rendered":"<p>I Verba Volant di ArteMusica propongono un nuovo spettacolo teatrale che sar\u00e0 inscenato  sabato 31 ottobre 2009 a Varzi, Oltrep\u00f2 Pavese , presso il Cinema Teatro Italia.<br \/>\nE il tema gi\u00e0 incuriosisce il pubblico&#8230;<\/p>\n","protected":false},"author":10,"featured_media":0,"comment_status":"open","ping_status":"open","sticky":false,"template":"","format":"standard","meta":{"cybocfi_hide_featured_image":"","footnotes":""},"categories":[1467],"tags":[596,456,9388,2017,9387,9389,1468,9386,9385],"class_list":["post-2893","post","type-post","status-publish","format-standard","hentry","category-teatro","tag-cultura","tag-eventi","tag-inquisizione","tag-manifestazioni","tag-oltrepo-pavese","tag-stregoneria","tag-teatro","tag-varzi","tag-verbavolant"],"yoast_head":"<!-- This site is optimized with the Yoast SEO plugin v27.0 - https:\/\/yoast.com\/product\/yoast-seo-wordpress\/ -->\n<title>Spettacolo teatrale in Oltrep\u00f2 Pavese con i Verbavolant - Article Marketing<\/title>\n<meta name=\"robots\" content=\"index, follow, max-snippet:-1, max-image-preview:large, max-video-preview:-1\" \/>\n<link rel=\"canonical\" href=\"https:\/\/www.article-marketing.eu\/comunicati\/arte-e-cultura\/teatro\/spettacolo-teatrale-in-oltrepo-pavese-con-i-verbavolant\/\" \/>\n<meta property=\"og:locale\" content=\"it_IT\" \/>\n<meta property=\"og:type\" content=\"article\" \/>\n<meta property=\"og:title\" content=\"Spettacolo teatrale in Oltrep\u00f2 Pavese con i Verbavolant - Article Marketing\" \/>\n<meta property=\"og:description\" content=\"I Verba Volant di ArteMusica propongono un nuovo spettacolo teatrale che sar\u00e0 inscenato sabato 31 ottobre 2009 a Varzi, Oltrep\u00f2 Pavese , presso il Cinema Teatro Italia. E il tema gi\u00e0 incuriosisce il pubblico...\" \/>\n<meta property=\"og:url\" content=\"https:\/\/www.article-marketing.eu\/comunicati\/arte-e-cultura\/teatro\/spettacolo-teatrale-in-oltrepo-pavese-con-i-verbavolant\/\" \/>\n<meta property=\"og:site_name\" content=\"Article Marketing\" \/>\n<meta property=\"article:published_time\" content=\"2009-10-01T07:42:12+00:00\" \/>\n<meta property=\"og:image\" content=\"http:\/\/www.oltrepeat.com\/images\/stories\/figlia_fuoco_small.jpg\" \/>\n<meta name=\"author\" content=\"Redazione Comunicati Stampa\" \/>\n<meta name=\"twitter:card\" content=\"summary_large_image\" \/>\n<meta name=\"twitter:label1\" content=\"Scritto da\" \/>\n\t<meta name=\"twitter:data1\" content=\"Redazione Comunicati Stampa\" \/>\n\t<meta name=\"twitter:label2\" content=\"Tempo di lettura stimato\" \/>\n\t<meta name=\"twitter:data2\" content=\"2 minuti\" \/>\n<script type=\"application\/ld+json\" class=\"yoast-schema-graph\">{\"@context\":\"https:\/\/schema.org\",\"@graph\":[{\"@type\":\"Article\",\"@id\":\"https:\/\/www.article-marketing.eu\/comunicati\/arte-e-cultura\/teatro\/spettacolo-teatrale-in-oltrepo-pavese-con-i-verbavolant\/#article\",\"isPartOf\":{\"@id\":\"https:\/\/www.article-marketing.eu\/comunicati\/arte-e-cultura\/teatro\/spettacolo-teatrale-in-oltrepo-pavese-con-i-verbavolant\/\"},\"author\":{\"name\":\"Redazione Comunicati Stampa\",\"@id\":\"https:\/\/www.article-marketing.eu\/comunicati\/#\/schema\/person\/44372e4d4d0fa797b18e03ed1ace9017\"},\"headline\":\"Spettacolo teatrale in Oltrep\u00f2 Pavese con i Verbavolant\",\"datePublished\":\"2009-10-01T07:42:12+00:00\",\"mainEntityOfPage\":{\"@id\":\"https:\/\/www.article-marketing.eu\/comunicati\/arte-e-cultura\/teatro\/spettacolo-teatrale-in-oltrepo-pavese-con-i-verbavolant\/\"},\"wordCount\":375,\"commentCount\":0,\"image\":{\"@id\":\"https:\/\/www.article-marketing.eu\/comunicati\/arte-e-cultura\/teatro\/spettacolo-teatrale-in-oltrepo-pavese-con-i-verbavolant\/#primaryimage\"},\"thumbnailUrl\":\"http:\/\/www.oltrepeat.com\/images\/stories\/figlia_fuoco_small.jpg\",\"keywords\":[\"cultura\",\"eventi\",\"Inquisizione\",\"manifestazioni\",\"Oltrep\u00f2 Pavese\",\"stregoneria\",\"teatro\",\"Varzi\",\"Verbavolant\"],\"articleSection\":[\"Teatro\"],\"inLanguage\":\"it-IT\",\"potentialAction\":[{\"@type\":\"CommentAction\",\"name\":\"Comment\",\"target\":[\"https:\/\/www.article-marketing.eu\/comunicati\/arte-e-cultura\/teatro\/spettacolo-teatrale-in-oltrepo-pavese-con-i-verbavolant\/#respond\"]}]},{\"@type\":\"WebPage\",\"@id\":\"https:\/\/www.article-marketing.eu\/comunicati\/arte-e-cultura\/teatro\/spettacolo-teatrale-in-oltrepo-pavese-con-i-verbavolant\/\",\"url\":\"https:\/\/www.article-marketing.eu\/comunicati\/arte-e-cultura\/teatro\/spettacolo-teatrale-in-oltrepo-pavese-con-i-verbavolant\/\",\"name\":\"Spettacolo teatrale in Oltrep\u00f2 Pavese con i Verbavolant - Article Marketing\",\"isPartOf\":{\"@id\":\"https:\/\/www.article-marketing.eu\/comunicati\/#website\"},\"primaryImageOfPage\":{\"@id\":\"https:\/\/www.article-marketing.eu\/comunicati\/arte-e-cultura\/teatro\/spettacolo-teatrale-in-oltrepo-pavese-con-i-verbavolant\/#primaryimage\"},\"image\":{\"@id\":\"https:\/\/www.article-marketing.eu\/comunicati\/arte-e-cultura\/teatro\/spettacolo-teatrale-in-oltrepo-pavese-con-i-verbavolant\/#primaryimage\"},\"thumbnailUrl\":\"http:\/\/www.oltrepeat.com\/images\/stories\/figlia_fuoco_small.jpg\",\"datePublished\":\"2009-10-01T07:42:12+00:00\",\"author\":{\"@id\":\"https:\/\/www.article-marketing.eu\/comunicati\/#\/schema\/person\/44372e4d4d0fa797b18e03ed1ace9017\"},\"breadcrumb\":{\"@id\":\"https:\/\/www.article-marketing.eu\/comunicati\/arte-e-cultura\/teatro\/spettacolo-teatrale-in-oltrepo-pavese-con-i-verbavolant\/#breadcrumb\"},\"inLanguage\":\"it-IT\",\"potentialAction\":[{\"@type\":\"ReadAction\",\"target\":[\"https:\/\/www.article-marketing.eu\/comunicati\/arte-e-cultura\/teatro\/spettacolo-teatrale-in-oltrepo-pavese-con-i-verbavolant\/\"]}]},{\"@type\":\"ImageObject\",\"inLanguage\":\"it-IT\",\"@id\":\"https:\/\/www.article-marketing.eu\/comunicati\/arte-e-cultura\/teatro\/spettacolo-teatrale-in-oltrepo-pavese-con-i-verbavolant\/#primaryimage\",\"url\":\"http:\/\/www.oltrepeat.com\/images\/stories\/figlia_fuoco_small.jpg\",\"contentUrl\":\"http:\/\/www.oltrepeat.com\/images\/stories\/figlia_fuoco_small.jpg\"},{\"@type\":\"BreadcrumbList\",\"@id\":\"https:\/\/www.article-marketing.eu\/comunicati\/arte-e-cultura\/teatro\/spettacolo-teatrale-in-oltrepo-pavese-con-i-verbavolant\/#breadcrumb\",\"itemListElement\":[{\"@type\":\"ListItem\",\"position\":1,\"name\":\"Home\",\"item\":\"https:\/\/www.article-marketing.eu\/comunicati\/\"},{\"@type\":\"ListItem\",\"position\":2,\"name\":\"Spettacolo teatrale in Oltrep\u00f2 Pavese con i Verbavolant\"}]},{\"@type\":\"WebSite\",\"@id\":\"https:\/\/www.article-marketing.eu\/comunicati\/#website\",\"url\":\"https:\/\/www.article-marketing.eu\/comunicati\/\",\"name\":\"Article Marketing\",\"description\":\"article marketing &amp; press release\",\"potentialAction\":[{\"@type\":\"SearchAction\",\"target\":{\"@type\":\"EntryPoint\",\"urlTemplate\":\"https:\/\/www.article-marketing.eu\/comunicati\/?s={search_term_string}\"},\"query-input\":{\"@type\":\"PropertyValueSpecification\",\"valueRequired\":true,\"valueName\":\"search_term_string\"}}],\"inLanguage\":\"it-IT\"},{\"@type\":\"Person\",\"@id\":\"https:\/\/www.article-marketing.eu\/comunicati\/#\/schema\/person\/44372e4d4d0fa797b18e03ed1ace9017\",\"name\":\"Redazione Comunicati Stampa\",\"image\":{\"@type\":\"ImageObject\",\"inLanguage\":\"it-IT\",\"@id\":\"https:\/\/www.article-marketing.eu\/comunicati\/#\/schema\/person\/image\/\",\"url\":\"https:\/\/secure.gravatar.com\/avatar\/50e5c6421d3072f42e7ace803501602c60d75233d34e29fd05feb91c8760b792?s=96&d=mm&r=g\",\"contentUrl\":\"https:\/\/secure.gravatar.com\/avatar\/50e5c6421d3072f42e7ace803501602c60d75233d34e29fd05feb91c8760b792?s=96&d=mm&r=g\",\"caption\":\"Redazione Comunicati Stampa\"},\"url\":\"https:\/\/www.article-marketing.eu\/comunicati\/author\/redazione-comunicati-stampa\/\"}]}<\/script>\n<!-- \/ Yoast SEO plugin. -->","yoast_head_json":{"title":"Spettacolo teatrale in Oltrep\u00f2 Pavese con i Verbavolant - Article Marketing","robots":{"index":"index","follow":"follow","max-snippet":"max-snippet:-1","max-image-preview":"max-image-preview:large","max-video-preview":"max-video-preview:-1"},"canonical":"https:\/\/www.article-marketing.eu\/comunicati\/arte-e-cultura\/teatro\/spettacolo-teatrale-in-oltrepo-pavese-con-i-verbavolant\/","og_locale":"it_IT","og_type":"article","og_title":"Spettacolo teatrale in Oltrep\u00f2 Pavese con i Verbavolant - Article Marketing","og_description":"I Verba Volant di ArteMusica propongono un nuovo spettacolo teatrale che sar\u00e0 inscenato sabato 31 ottobre 2009 a Varzi, Oltrep\u00f2 Pavese , presso il Cinema Teatro Italia. E il tema gi\u00e0 incuriosisce il pubblico...","og_url":"https:\/\/www.article-marketing.eu\/comunicati\/arte-e-cultura\/teatro\/spettacolo-teatrale-in-oltrepo-pavese-con-i-verbavolant\/","og_site_name":"Article Marketing","article_published_time":"2009-10-01T07:42:12+00:00","og_image":[{"url":"http:\/\/www.oltrepeat.com\/images\/stories\/figlia_fuoco_small.jpg","type":"","width":"","height":""}],"author":"Redazione Comunicati Stampa","twitter_card":"summary_large_image","twitter_misc":{"Scritto da":"Redazione Comunicati Stampa","Tempo di lettura stimato":"2 minuti"},"schema":{"@context":"https:\/\/schema.org","@graph":[{"@type":"Article","@id":"https:\/\/www.article-marketing.eu\/comunicati\/arte-e-cultura\/teatro\/spettacolo-teatrale-in-oltrepo-pavese-con-i-verbavolant\/#article","isPartOf":{"@id":"https:\/\/www.article-marketing.eu\/comunicati\/arte-e-cultura\/teatro\/spettacolo-teatrale-in-oltrepo-pavese-con-i-verbavolant\/"},"author":{"name":"Redazione Comunicati Stampa","@id":"https:\/\/www.article-marketing.eu\/comunicati\/#\/schema\/person\/44372e4d4d0fa797b18e03ed1ace9017"},"headline":"Spettacolo teatrale in Oltrep\u00f2 Pavese con i Verbavolant","datePublished":"2009-10-01T07:42:12+00:00","mainEntityOfPage":{"@id":"https:\/\/www.article-marketing.eu\/comunicati\/arte-e-cultura\/teatro\/spettacolo-teatrale-in-oltrepo-pavese-con-i-verbavolant\/"},"wordCount":375,"commentCount":0,"image":{"@id":"https:\/\/www.article-marketing.eu\/comunicati\/arte-e-cultura\/teatro\/spettacolo-teatrale-in-oltrepo-pavese-con-i-verbavolant\/#primaryimage"},"thumbnailUrl":"http:\/\/www.oltrepeat.com\/images\/stories\/figlia_fuoco_small.jpg","keywords":["cultura","eventi","Inquisizione","manifestazioni","Oltrep\u00f2 Pavese","stregoneria","teatro","Varzi","Verbavolant"],"articleSection":["Teatro"],"inLanguage":"it-IT","potentialAction":[{"@type":"CommentAction","name":"Comment","target":["https:\/\/www.article-marketing.eu\/comunicati\/arte-e-cultura\/teatro\/spettacolo-teatrale-in-oltrepo-pavese-con-i-verbavolant\/#respond"]}]},{"@type":"WebPage","@id":"https:\/\/www.article-marketing.eu\/comunicati\/arte-e-cultura\/teatro\/spettacolo-teatrale-in-oltrepo-pavese-con-i-verbavolant\/","url":"https:\/\/www.article-marketing.eu\/comunicati\/arte-e-cultura\/teatro\/spettacolo-teatrale-in-oltrepo-pavese-con-i-verbavolant\/","name":"Spettacolo teatrale in Oltrep\u00f2 Pavese con i Verbavolant - Article Marketing","isPartOf":{"@id":"https:\/\/www.article-marketing.eu\/comunicati\/#website"},"primaryImageOfPage":{"@id":"https:\/\/www.article-marketing.eu\/comunicati\/arte-e-cultura\/teatro\/spettacolo-teatrale-in-oltrepo-pavese-con-i-verbavolant\/#primaryimage"},"image":{"@id":"https:\/\/www.article-marketing.eu\/comunicati\/arte-e-cultura\/teatro\/spettacolo-teatrale-in-oltrepo-pavese-con-i-verbavolant\/#primaryimage"},"thumbnailUrl":"http:\/\/www.oltrepeat.com\/images\/stories\/figlia_fuoco_small.jpg","datePublished":"2009-10-01T07:42:12+00:00","author":{"@id":"https:\/\/www.article-marketing.eu\/comunicati\/#\/schema\/person\/44372e4d4d0fa797b18e03ed1ace9017"},"breadcrumb":{"@id":"https:\/\/www.article-marketing.eu\/comunicati\/arte-e-cultura\/teatro\/spettacolo-teatrale-in-oltrepo-pavese-con-i-verbavolant\/#breadcrumb"},"inLanguage":"it-IT","potentialAction":[{"@type":"ReadAction","target":["https:\/\/www.article-marketing.eu\/comunicati\/arte-e-cultura\/teatro\/spettacolo-teatrale-in-oltrepo-pavese-con-i-verbavolant\/"]}]},{"@type":"ImageObject","inLanguage":"it-IT","@id":"https:\/\/www.article-marketing.eu\/comunicati\/arte-e-cultura\/teatro\/spettacolo-teatrale-in-oltrepo-pavese-con-i-verbavolant\/#primaryimage","url":"http:\/\/www.oltrepeat.com\/images\/stories\/figlia_fuoco_small.jpg","contentUrl":"http:\/\/www.oltrepeat.com\/images\/stories\/figlia_fuoco_small.jpg"},{"@type":"BreadcrumbList","@id":"https:\/\/www.article-marketing.eu\/comunicati\/arte-e-cultura\/teatro\/spettacolo-teatrale-in-oltrepo-pavese-con-i-verbavolant\/#breadcrumb","itemListElement":[{"@type":"ListItem","position":1,"name":"Home","item":"https:\/\/www.article-marketing.eu\/comunicati\/"},{"@type":"ListItem","position":2,"name":"Spettacolo teatrale in Oltrep\u00f2 Pavese con i Verbavolant"}]},{"@type":"WebSite","@id":"https:\/\/www.article-marketing.eu\/comunicati\/#website","url":"https:\/\/www.article-marketing.eu\/comunicati\/","name":"Article Marketing","description":"article marketing &amp; press release","potentialAction":[{"@type":"SearchAction","target":{"@type":"EntryPoint","urlTemplate":"https:\/\/www.article-marketing.eu\/comunicati\/?s={search_term_string}"},"query-input":{"@type":"PropertyValueSpecification","valueRequired":true,"valueName":"search_term_string"}}],"inLanguage":"it-IT"},{"@type":"Person","@id":"https:\/\/www.article-marketing.eu\/comunicati\/#\/schema\/person\/44372e4d4d0fa797b18e03ed1ace9017","name":"Redazione Comunicati Stampa","image":{"@type":"ImageObject","inLanguage":"it-IT","@id":"https:\/\/www.article-marketing.eu\/comunicati\/#\/schema\/person\/image\/","url":"https:\/\/secure.gravatar.com\/avatar\/50e5c6421d3072f42e7ace803501602c60d75233d34e29fd05feb91c8760b792?s=96&d=mm&r=g","contentUrl":"https:\/\/secure.gravatar.com\/avatar\/50e5c6421d3072f42e7ace803501602c60d75233d34e29fd05feb91c8760b792?s=96&d=mm&r=g","caption":"Redazione Comunicati Stampa"},"url":"https:\/\/www.article-marketing.eu\/comunicati\/author\/redazione-comunicati-stampa\/"}]}},"_links":{"self":[{"href":"https:\/\/www.article-marketing.eu\/comunicati\/wp-json\/wp\/v2\/posts\/2893","targetHints":{"allow":["GET"]}}],"collection":[{"href":"https:\/\/www.article-marketing.eu\/comunicati\/wp-json\/wp\/v2\/posts"}],"about":[{"href":"https:\/\/www.article-marketing.eu\/comunicati\/wp-json\/wp\/v2\/types\/post"}],"author":[{"embeddable":true,"href":"https:\/\/www.article-marketing.eu\/comunicati\/wp-json\/wp\/v2\/users\/10"}],"replies":[{"embeddable":true,"href":"https:\/\/www.article-marketing.eu\/comunicati\/wp-json\/wp\/v2\/comments?post=2893"}],"version-history":[{"count":0,"href":"https:\/\/www.article-marketing.eu\/comunicati\/wp-json\/wp\/v2\/posts\/2893\/revisions"}],"wp:attachment":[{"href":"https:\/\/www.article-marketing.eu\/comunicati\/wp-json\/wp\/v2\/media?parent=2893"}],"wp:term":[{"taxonomy":"category","embeddable":true,"href":"https:\/\/www.article-marketing.eu\/comunicati\/wp-json\/wp\/v2\/categories?post=2893"},{"taxonomy":"post_tag","embeddable":true,"href":"https:\/\/www.article-marketing.eu\/comunicati\/wp-json\/wp\/v2\/tags?post=2893"}],"curies":[{"name":"wp","href":"https:\/\/api.w.org\/{rel}","templated":true}]}}