{"id":2894,"date":"2009-10-01T09:49:26","date_gmt":"2009-10-01T07:49:26","guid":{"rendered":"http:\/\/www.article-marketing.eu\/comunicati\/senza-categoria\/valencia-tra-antico-e-contemporaneo\/"},"modified":"2009-10-01T09:49:26","modified_gmt":"2009-10-01T07:49:26","slug":"valencia-tra-antico-e-contemporaneo","status":"publish","type":"post","link":"https:\/\/www.article-marketing.eu\/comunicati\/viaggi-e-vacanze\/viaggi-e-turismo\/valencia-tra-antico-e-contemporaneo\/","title":{"rendered":"Valencia tra antico e contemporaneo"},"content":{"rendered":"<p>Una citt\u00e0 dall&#8217;anima antica e dalla veste contemporanea.<br \/>\n<br \/>Questa \u00e8 Valencia, terza citt\u00e0 di Spagna che grazie alle<br \/>\navveniristiche opere degli ultimi anni ha saputo darsi una forte<br \/>\nidentit\u00e0 ridimensionando il complesso d&#8217;inferiorit\u00e0 nei confronti delle<br \/>\ndue sorelle maggiori.<\/p>\n<p>Il nuovo millennio, infatti, ha visto sorgere a Valencia l&#8217;alba di<br \/>\nuna nuova era grazie alla spettacolare Ciudad de las Artes y las<br \/>\nCiencias con i suoi 350.000 metri quadri di superficie dedicati a<br \/>\nmusei, acquari, cinema e planetari dalle architetture acrobatiche.<br \/>\n<br \/>Anche il seguitissimo evento velistico della Coppa America 2007 ha<br \/>\ncontribuito a puntare i riflettori su questa citt\u00e0 di mare dal passato<br \/>\nglorioso che si \u00e8 fatta apprezzare per la grande ricchezza culturale.<\/p>\n<p>Fondata dai Romani nel 138 a.C. sulla fertile terra bagnata dal<br \/>\nmare e dal Rio Turia, Valencia vide passare sul suo suolo martoriato<br \/>\nVisigoti, Arabi e Aragonesi. Qui si consumarono anche l&#8217;epiche gesta<br \/>\nmedievali del cavaliere castigliano El Cid, ma il secolo d&#8217;oro della<br \/>\ncitt\u00e0 fu il Quattrocento, quando Valencia si arricch\u00ec grazie al suo<br \/>\nfiorente porto. La parabola ascendente si arrest\u00f2 per\u00f2 nei secoli<br \/>\nsuccessivi, quando la scoperta di nuovi mondi spost\u00f2 il baricentro<br \/>\ndelle rotte dal Mediterraneo all&#8217;Atlantico.<\/p>\n<p>Oggi la citt\u00e0 rinasce grazie alla cultura dei suoi numerosi e<br \/>\nprestigiosi musei, all&#8217;architettura delle sue moderne strutture e alle<br \/>\nportata dei suoi grandi eventi. Ma oltre a questo, Valencia \u00e8 molto di<br \/>\npi\u00f9. La citt\u00e0 mediterranea ha un volto antico molto suggestivo da<br \/>\nmostrare con i suoi palazzi barocchi, i portali in pietra, la<br \/>\ncattedrale gotica e addirittura un preziosissimo calice che si pensa<br \/>\npossa essere il Sacro Graal.<\/p>\n<p>Nel mese di marzo Valencia offre uno spettacolo imperdibile grazie<br \/>\nalle celebrazioni di Las Fellas dedicate a San Giuseppe. Un&#8217;atmosfera<br \/>\ndi festa invade tutti i quartieri della citt\u00e0 che si danno appuntamento<br \/>\nnel suo cuore, a Plaza Ayuntamiento per il grande fal\u00f2 in cui vengono<br \/>\nbruciate gigantesche strutture in legno e cartapesta, costruite apposta<br \/>\nper rendere omaggio al santo protettore dei carpentieri.<\/p>\n<p>La specialit\u00e0 gastronomica di Valencia? B\u00e8, nientemeno che il<br \/>\npiatto spagnolo pi\u00f9 amato e conosciuto al mondo: la \u201cpaella\u201d.<br \/>\nOriginario di questa citt\u00e0, il famoso piatto prende il nome dalla<br \/>\npentola di metallo in cui viene cotto ed \u00e8 preparato con riso,<br \/>\nzafferano, carne di pollo e coniglio e verdure. Unica la ricetta<br \/>\noriginale, infinite le variazioni.<br \/>\n<br \/>Se invece vi chiedete cosa ordinare da bere in uno dei tanti<br \/>\nlocali che animano la citt\u00e0, eccovi servita la tipica \u201chorchata\u201d,<br \/>\ndissetante bevanda a base di acqua, zucchero e \u201cchufa\u201d, una pianta<br \/>\nlocale. Non perdetevi infine la squisita \u201cagua de Valencia\u201d, un<br \/>\ncocktail a base di succo d&#8217;arancia, spumante spagnolo e vodka.<\/p>\n<p>Bello tutto l&#8217;anno, il clima mite di Valencia alterna inverni<br \/>\ntemperati a estati molto calde. Pi\u00f9 fresche e gradevoli le temperature<br \/>\nnel resto dell&#8217;anno.<\/p>\n<p>Nella citt\u00e0 spagnola abitano 738.400 persone. La lingua ufficiale \u00e8 lo spagnolo e la moneta \u00e8 l&#8217;Euro.<br \/><\/p>\n","protected":false},"excerpt":{"rendered":"<p>Una citt\u00e0 dall&#8217;anima antica e dalla veste contemporanea.<br \/>\nQuesta \u00e8 Valencia, terza citt\u00e0 di Spagna che grazie alle avveniristiche opere degli ultimi anni ha saputo darsi una forte identit\u00e0 ridimensionando il complesso d&#8217;inferiorit\u00e0 nei confronti delle due sorelle maggiori.<\/p>\n<p>Il nuovo millennio, infatti, ha visto sorgere a Valencia l&#8217;alba di una nuova era grazie alla spettacolare Ciudad de las Artes y las Ciencias con i suoi 350.000 metri quadri di superficie dedicati a musei, acquari, cinema e planetari dalle architetture acrobatiche.<br \/>\nAnche il seguitissimo evento velistico della Coppa America 2007 ha contribuito a puntare i riflettori su questa citt\u00e0 di mare dal passato glorioso che si \u00e8 fatta apprezzare per la grande ricchezza culturale &#8230;<\/p>\n","protected":false},"author":10,"featured_media":0,"comment_status":"open","ping_status":"open","sticky":false,"template":"","format":"standard","meta":{"cybocfi_hide_featured_image":"","footnotes":""},"categories":[2],"tags":[1743,253,3,9390,4],"class_list":["post-2894","post","type-post","status-publish","format-standard","hentry","category-viaggi-e-turismo","tag-spagna","tag-turismo","tag-vacanze","tag-valencia","tag-viaggi"],"yoast_head":"<!-- This site is optimized with the Yoast SEO plugin v27.0 - https:\/\/yoast.com\/product\/yoast-seo-wordpress\/ -->\n<title>Valencia tra antico e contemporaneo - Article Marketing<\/title>\n<meta name=\"robots\" content=\"index, follow, max-snippet:-1, max-image-preview:large, max-video-preview:-1\" \/>\n<link rel=\"canonical\" href=\"https:\/\/www.article-marketing.eu\/comunicati\/viaggi-e-vacanze\/viaggi-e-turismo\/valencia-tra-antico-e-contemporaneo\/\" \/>\n<meta property=\"og:locale\" content=\"it_IT\" \/>\n<meta property=\"og:type\" content=\"article\" \/>\n<meta property=\"og:title\" content=\"Valencia tra antico e contemporaneo - Article Marketing\" \/>\n<meta property=\"og:description\" content=\"Una citt\u00e0 dall&#039;anima antica e dalla veste contemporanea. Questa \u00e8 Valencia, terza citt\u00e0 di Spagna che grazie alle avveniristiche opere degli ultimi anni ha saputo darsi una forte identit\u00e0 ridimensionando il complesso d&#039;inferiorit\u00e0 nei confronti delle due sorelle maggiori. Il nuovo millennio, infatti, ha visto sorgere a Valencia l&#039;alba di una nuova era grazie alla spettacolare Ciudad de las Artes y las Ciencias con i suoi 350.000 metri quadri di superficie dedicati a musei, acquari, cinema e planetari dalle architetture acrobatiche. Anche il seguitissimo evento velistico della Coppa America 2007 ha contribuito a puntare i riflettori su questa citt\u00e0 di mare dal passato glorioso che si \u00e8 fatta apprezzare per la grande ricchezza culturale ...\" \/>\n<meta property=\"og:url\" content=\"https:\/\/www.article-marketing.eu\/comunicati\/viaggi-e-vacanze\/viaggi-e-turismo\/valencia-tra-antico-e-contemporaneo\/\" \/>\n<meta property=\"og:site_name\" content=\"Article Marketing\" \/>\n<meta property=\"article:published_time\" content=\"2009-10-01T07:49:26+00:00\" \/>\n<meta name=\"author\" content=\"Redazione Comunicati Stampa\" \/>\n<meta name=\"twitter:card\" content=\"summary_large_image\" \/>\n<meta name=\"twitter:label1\" content=\"Scritto da\" \/>\n\t<meta name=\"twitter:data1\" content=\"Redazione Comunicati Stampa\" \/>\n\t<meta name=\"twitter:label2\" content=\"Tempo di lettura stimato\" \/>\n\t<meta name=\"twitter:data2\" content=\"2 minuti\" \/>\n<script type=\"application\/ld+json\" class=\"yoast-schema-graph\">{\"@context\":\"https:\/\/schema.org\",\"@graph\":[{\"@type\":\"Article\",\"@id\":\"https:\/\/www.article-marketing.eu\/comunicati\/viaggi-e-vacanze\/viaggi-e-turismo\/valencia-tra-antico-e-contemporaneo\/#article\",\"isPartOf\":{\"@id\":\"https:\/\/www.article-marketing.eu\/comunicati\/viaggi-e-vacanze\/viaggi-e-turismo\/valencia-tra-antico-e-contemporaneo\/\"},\"author\":{\"name\":\"Redazione Comunicati Stampa\",\"@id\":\"https:\/\/www.article-marketing.eu\/comunicati\/#\/schema\/person\/44372e4d4d0fa797b18e03ed1ace9017\"},\"headline\":\"Valencia tra antico e contemporaneo\",\"datePublished\":\"2009-10-01T07:49:26+00:00\",\"mainEntityOfPage\":{\"@id\":\"https:\/\/www.article-marketing.eu\/comunicati\/viaggi-e-vacanze\/viaggi-e-turismo\/valencia-tra-antico-e-contemporaneo\/\"},\"wordCount\":473,\"commentCount\":0,\"keywords\":[\"spagna\",\"turismo\",\"vacanze\",\"Valencia\",\"viaggi\"],\"articleSection\":[\"Viaggi e Turismo\"],\"inLanguage\":\"it-IT\",\"potentialAction\":[{\"@type\":\"CommentAction\",\"name\":\"Comment\",\"target\":[\"https:\/\/www.article-marketing.eu\/comunicati\/viaggi-e-vacanze\/viaggi-e-turismo\/valencia-tra-antico-e-contemporaneo\/#respond\"]}]},{\"@type\":\"WebPage\",\"@id\":\"https:\/\/www.article-marketing.eu\/comunicati\/viaggi-e-vacanze\/viaggi-e-turismo\/valencia-tra-antico-e-contemporaneo\/\",\"url\":\"https:\/\/www.article-marketing.eu\/comunicati\/viaggi-e-vacanze\/viaggi-e-turismo\/valencia-tra-antico-e-contemporaneo\/\",\"name\":\"Valencia tra antico e contemporaneo - Article Marketing\",\"isPartOf\":{\"@id\":\"https:\/\/www.article-marketing.eu\/comunicati\/#website\"},\"datePublished\":\"2009-10-01T07:49:26+00:00\",\"author\":{\"@id\":\"https:\/\/www.article-marketing.eu\/comunicati\/#\/schema\/person\/44372e4d4d0fa797b18e03ed1ace9017\"},\"breadcrumb\":{\"@id\":\"https:\/\/www.article-marketing.eu\/comunicati\/viaggi-e-vacanze\/viaggi-e-turismo\/valencia-tra-antico-e-contemporaneo\/#breadcrumb\"},\"inLanguage\":\"it-IT\",\"potentialAction\":[{\"@type\":\"ReadAction\",\"target\":[\"https:\/\/www.article-marketing.eu\/comunicati\/viaggi-e-vacanze\/viaggi-e-turismo\/valencia-tra-antico-e-contemporaneo\/\"]}]},{\"@type\":\"BreadcrumbList\",\"@id\":\"https:\/\/www.article-marketing.eu\/comunicati\/viaggi-e-vacanze\/viaggi-e-turismo\/valencia-tra-antico-e-contemporaneo\/#breadcrumb\",\"itemListElement\":[{\"@type\":\"ListItem\",\"position\":1,\"name\":\"Home\",\"item\":\"https:\/\/www.article-marketing.eu\/comunicati\/\"},{\"@type\":\"ListItem\",\"position\":2,\"name\":\"Valencia tra antico e contemporaneo\"}]},{\"@type\":\"WebSite\",\"@id\":\"https:\/\/www.article-marketing.eu\/comunicati\/#website\",\"url\":\"https:\/\/www.article-marketing.eu\/comunicati\/\",\"name\":\"Article Marketing\",\"description\":\"article marketing &amp; press release\",\"potentialAction\":[{\"@type\":\"SearchAction\",\"target\":{\"@type\":\"EntryPoint\",\"urlTemplate\":\"https:\/\/www.article-marketing.eu\/comunicati\/?s={search_term_string}\"},\"query-input\":{\"@type\":\"PropertyValueSpecification\",\"valueRequired\":true,\"valueName\":\"search_term_string\"}}],\"inLanguage\":\"it-IT\"},{\"@type\":\"Person\",\"@id\":\"https:\/\/www.article-marketing.eu\/comunicati\/#\/schema\/person\/44372e4d4d0fa797b18e03ed1ace9017\",\"name\":\"Redazione Comunicati Stampa\",\"image\":{\"@type\":\"ImageObject\",\"inLanguage\":\"it-IT\",\"@id\":\"https:\/\/www.article-marketing.eu\/comunicati\/#\/schema\/person\/image\/\",\"url\":\"https:\/\/secure.gravatar.com\/avatar\/50e5c6421d3072f42e7ace803501602c60d75233d34e29fd05feb91c8760b792?s=96&d=mm&r=g\",\"contentUrl\":\"https:\/\/secure.gravatar.com\/avatar\/50e5c6421d3072f42e7ace803501602c60d75233d34e29fd05feb91c8760b792?s=96&d=mm&r=g\",\"caption\":\"Redazione Comunicati Stampa\"},\"url\":\"https:\/\/www.article-marketing.eu\/comunicati\/author\/redazione-comunicati-stampa\/\"}]}<\/script>\n<!-- \/ Yoast SEO plugin. -->","yoast_head_json":{"title":"Valencia tra antico e contemporaneo - Article Marketing","robots":{"index":"index","follow":"follow","max-snippet":"max-snippet:-1","max-image-preview":"max-image-preview:large","max-video-preview":"max-video-preview:-1"},"canonical":"https:\/\/www.article-marketing.eu\/comunicati\/viaggi-e-vacanze\/viaggi-e-turismo\/valencia-tra-antico-e-contemporaneo\/","og_locale":"it_IT","og_type":"article","og_title":"Valencia tra antico e contemporaneo - Article Marketing","og_description":"Una citt\u00e0 dall'anima antica e dalla veste contemporanea. Questa \u00e8 Valencia, terza citt\u00e0 di Spagna che grazie alle avveniristiche opere degli ultimi anni ha saputo darsi una forte identit\u00e0 ridimensionando il complesso d'inferiorit\u00e0 nei confronti delle due sorelle maggiori. Il nuovo millennio, infatti, ha visto sorgere a Valencia l'alba di una nuova era grazie alla spettacolare Ciudad de las Artes y las Ciencias con i suoi 350.000 metri quadri di superficie dedicati a musei, acquari, cinema e planetari dalle architetture acrobatiche. Anche il seguitissimo evento velistico della Coppa America 2007 ha contribuito a puntare i riflettori su questa citt\u00e0 di mare dal passato glorioso che si \u00e8 fatta apprezzare per la grande ricchezza culturale ...","og_url":"https:\/\/www.article-marketing.eu\/comunicati\/viaggi-e-vacanze\/viaggi-e-turismo\/valencia-tra-antico-e-contemporaneo\/","og_site_name":"Article Marketing","article_published_time":"2009-10-01T07:49:26+00:00","author":"Redazione Comunicati Stampa","twitter_card":"summary_large_image","twitter_misc":{"Scritto da":"Redazione Comunicati Stampa","Tempo di lettura stimato":"2 minuti"},"schema":{"@context":"https:\/\/schema.org","@graph":[{"@type":"Article","@id":"https:\/\/www.article-marketing.eu\/comunicati\/viaggi-e-vacanze\/viaggi-e-turismo\/valencia-tra-antico-e-contemporaneo\/#article","isPartOf":{"@id":"https:\/\/www.article-marketing.eu\/comunicati\/viaggi-e-vacanze\/viaggi-e-turismo\/valencia-tra-antico-e-contemporaneo\/"},"author":{"name":"Redazione Comunicati Stampa","@id":"https:\/\/www.article-marketing.eu\/comunicati\/#\/schema\/person\/44372e4d4d0fa797b18e03ed1ace9017"},"headline":"Valencia tra antico e contemporaneo","datePublished":"2009-10-01T07:49:26+00:00","mainEntityOfPage":{"@id":"https:\/\/www.article-marketing.eu\/comunicati\/viaggi-e-vacanze\/viaggi-e-turismo\/valencia-tra-antico-e-contemporaneo\/"},"wordCount":473,"commentCount":0,"keywords":["spagna","turismo","vacanze","Valencia","viaggi"],"articleSection":["Viaggi e Turismo"],"inLanguage":"it-IT","potentialAction":[{"@type":"CommentAction","name":"Comment","target":["https:\/\/www.article-marketing.eu\/comunicati\/viaggi-e-vacanze\/viaggi-e-turismo\/valencia-tra-antico-e-contemporaneo\/#respond"]}]},{"@type":"WebPage","@id":"https:\/\/www.article-marketing.eu\/comunicati\/viaggi-e-vacanze\/viaggi-e-turismo\/valencia-tra-antico-e-contemporaneo\/","url":"https:\/\/www.article-marketing.eu\/comunicati\/viaggi-e-vacanze\/viaggi-e-turismo\/valencia-tra-antico-e-contemporaneo\/","name":"Valencia tra antico e contemporaneo - Article Marketing","isPartOf":{"@id":"https:\/\/www.article-marketing.eu\/comunicati\/#website"},"datePublished":"2009-10-01T07:49:26+00:00","author":{"@id":"https:\/\/www.article-marketing.eu\/comunicati\/#\/schema\/person\/44372e4d4d0fa797b18e03ed1ace9017"},"breadcrumb":{"@id":"https:\/\/www.article-marketing.eu\/comunicati\/viaggi-e-vacanze\/viaggi-e-turismo\/valencia-tra-antico-e-contemporaneo\/#breadcrumb"},"inLanguage":"it-IT","potentialAction":[{"@type":"ReadAction","target":["https:\/\/www.article-marketing.eu\/comunicati\/viaggi-e-vacanze\/viaggi-e-turismo\/valencia-tra-antico-e-contemporaneo\/"]}]},{"@type":"BreadcrumbList","@id":"https:\/\/www.article-marketing.eu\/comunicati\/viaggi-e-vacanze\/viaggi-e-turismo\/valencia-tra-antico-e-contemporaneo\/#breadcrumb","itemListElement":[{"@type":"ListItem","position":1,"name":"Home","item":"https:\/\/www.article-marketing.eu\/comunicati\/"},{"@type":"ListItem","position":2,"name":"Valencia tra antico e contemporaneo"}]},{"@type":"WebSite","@id":"https:\/\/www.article-marketing.eu\/comunicati\/#website","url":"https:\/\/www.article-marketing.eu\/comunicati\/","name":"Article Marketing","description":"article marketing &amp; press release","potentialAction":[{"@type":"SearchAction","target":{"@type":"EntryPoint","urlTemplate":"https:\/\/www.article-marketing.eu\/comunicati\/?s={search_term_string}"},"query-input":{"@type":"PropertyValueSpecification","valueRequired":true,"valueName":"search_term_string"}}],"inLanguage":"it-IT"},{"@type":"Person","@id":"https:\/\/www.article-marketing.eu\/comunicati\/#\/schema\/person\/44372e4d4d0fa797b18e03ed1ace9017","name":"Redazione Comunicati Stampa","image":{"@type":"ImageObject","inLanguage":"it-IT","@id":"https:\/\/www.article-marketing.eu\/comunicati\/#\/schema\/person\/image\/","url":"https:\/\/secure.gravatar.com\/avatar\/50e5c6421d3072f42e7ace803501602c60d75233d34e29fd05feb91c8760b792?s=96&d=mm&r=g","contentUrl":"https:\/\/secure.gravatar.com\/avatar\/50e5c6421d3072f42e7ace803501602c60d75233d34e29fd05feb91c8760b792?s=96&d=mm&r=g","caption":"Redazione Comunicati Stampa"},"url":"https:\/\/www.article-marketing.eu\/comunicati\/author\/redazione-comunicati-stampa\/"}]}},"_links":{"self":[{"href":"https:\/\/www.article-marketing.eu\/comunicati\/wp-json\/wp\/v2\/posts\/2894","targetHints":{"allow":["GET"]}}],"collection":[{"href":"https:\/\/www.article-marketing.eu\/comunicati\/wp-json\/wp\/v2\/posts"}],"about":[{"href":"https:\/\/www.article-marketing.eu\/comunicati\/wp-json\/wp\/v2\/types\/post"}],"author":[{"embeddable":true,"href":"https:\/\/www.article-marketing.eu\/comunicati\/wp-json\/wp\/v2\/users\/10"}],"replies":[{"embeddable":true,"href":"https:\/\/www.article-marketing.eu\/comunicati\/wp-json\/wp\/v2\/comments?post=2894"}],"version-history":[{"count":0,"href":"https:\/\/www.article-marketing.eu\/comunicati\/wp-json\/wp\/v2\/posts\/2894\/revisions"}],"wp:attachment":[{"href":"https:\/\/www.article-marketing.eu\/comunicati\/wp-json\/wp\/v2\/media?parent=2894"}],"wp:term":[{"taxonomy":"category","embeddable":true,"href":"https:\/\/www.article-marketing.eu\/comunicati\/wp-json\/wp\/v2\/categories?post=2894"},{"taxonomy":"post_tag","embeddable":true,"href":"https:\/\/www.article-marketing.eu\/comunicati\/wp-json\/wp\/v2\/tags?post=2894"}],"curies":[{"name":"wp","href":"https:\/\/api.w.org\/{rel}","templated":true}]}}