{"id":2906,"date":"2009-10-01T16:10:19","date_gmt":"2009-10-01T14:10:19","guid":{"rendered":"http:\/\/www.article-marketing.eu\/comunicati\/senza-categoria\/matilde-serao-racconta-la-sua-napoli\/"},"modified":"2009-10-01T16:10:19","modified_gmt":"2009-10-01T14:10:19","slug":"matilde-serao-racconta-la-sua-napoli","status":"publish","type":"post","link":"https:\/\/www.article-marketing.eu\/comunicati\/arte-e-cultura\/matilde-serao-racconta-la-sua-napoli\/","title":{"rendered":"matilde serao racconta la sua Napoli"},"content":{"rendered":"<p class=\" \" style=\"TEXT-ALIGN: justify; MARGIN: 5pt 0cm 0pt; TEXT-AUTOSPACE: ideograph-numeric\">L\u2019associazione culturale Insolitaguida, reduce dalle tanto apprezzate iniziative volte a far riscoprire e valorizzare i mille volti pi\u00f9 stravaganti di Napoli, ha ideato per l\u2019autunno 2009 una nuova passeggiata narrata per le strade del centro storico tutta al femminile. Donne, infatti, saranno le accompagnatrici, che avranno il compito di far rivivere ai partecipanti la Napoli di un tempo, e donna \u00e8 la fonte di tale ricostruzione storica che, grazie al suo carattere anticonformista e per niente incline ai canoni dell\u2019alta societ\u00e0, ha avuto modo di vivere e raccontare cent\u2019anni di storia di Napoli: Matilde Serao.<\/p>\n<p class=\" \" style=\"TEXT-ALIGN: justify; MARGIN: 5pt 0cm 0pt; TEXT-AUTOSPACE: ideograph-numeric\">La fondatrice de \u201cIl Mattino\u201d, infatti, ha avuto la fortuna di conoscere e frequentare non solo l\u2019alt\u00e0 societ\u00e0 partenopea ma anche la forza motrice di Napoli: il popolo con tutte le sue superstizioni, le devozioni per i Santi e il modo spensierato di affrontare la vita che tutt\u2019oggi ritroviamo nei napoletani.<\/p>\n<p class=\" \" style=\"TEXT-ALIGN: justify; MARGIN: 0cm 0cm 10pt\">Punto di partenza \u00e8 la centralissima Piazza del Ges\u00f9, scelta guidata dal parallelismo con l\u2019inizio della carriera scolastica della Serao. Da l\u00ec il percorso prosegue per vicoli e vicarielli all\u2019interno della regione popolana di Napoli ( area delimitata a nord da Piazza del Ges\u00f9, a sud da Santa Maria la Nova, a est da via Mezzocannone e ad ovest da via Monteoliveto )&nbsp; soffermandosi di tanto in tanto nei punti legati a leggende e curiosit\u00e0 raccontate dalla stessa scrittrice nelle sue opere. <\/p>\n<p class=\" \" style=\"TEXT-ALIGN: justify; MARGIN: 5pt 0cm 0pt; TEXT-AUTOSPACE: ideograph-numeric\">Quella che emerger\u00e0 sar\u00e0 una Napoli piena di colore e vivacit\u00e0, ma anche di miseria e povert\u00e0 che ancora oggi trova confronti nella Napoli del terzo millennio.<\/p>\n<p class=\" \" style=\"TEXT-ALIGN: justify; MARGIN: 5pt 0cm 0pt; TEXT-AUTOSPACE: ideograph-numeric\">Nel corso dell\u2019 itinerario non mancheranno anche aneddoti legati ad un altro aspetto tanto amato dalla Serao: la cucina napoletana e le tante storie, a volte reali a volte meno, legate a queste e a quella ricetta. <\/p>\n<p class=\" \" style=\"TEXT-ALIGN: justify\">Agli appuntamenti previsti per le ore 17:00 dei Sabati 3 Ottobre e&nbsp; 21 Novembre, se ne aggiungeranno altri in base alle richieste di gruppi di almeno 10 persone.<\/p>\n<p class=\" \" style=\"TEXT-ALIGN: justify; MARGIN: 0cm 0cm 10pt\">Si ricorda che per prendere parte all\u2019evento (contributo di partecipazione \u20ac 6, previste agevolazioni per studenti, over 65 e CRAL convenzionati) \u00e8 necessario prenotare chiamando il numero 338 965 22 88 oppure visitando il sito internet <a href=\"http:\/\/www.insolitaguida.it\/\">www.insolitaguida.it<\/a>, ove \u00e8 possibile reperire ulteriori informazioni e curiosit\u00e0 su una Napoli \u201cinsolita\u201d.<\/p>\n<p class=\" \" style=\"TEXT-ALIGN: justify; MARGIN: 0cm 0cm 10pt\">&nbsp;<\/p>\n<p class=\" \" style=\"TEXT-ALIGN: justify; MARGIN: 0cm 0cm 10pt\">&nbsp;<\/p>\n","protected":false},"excerpt":{"rendered":"<p>una divertente passeggiata tra i vicoli di Napoli.Nel corso dell\u2019 itinerario non mancheranno anche aneddoti legati ad un altro aspetto tanto amato dalla Serao: la cucina napoletana e le tante storie, a volte reali a volte meno, legate a queste e a quella ricetta.<\/p>\n","protected":false},"author":10,"featured_media":0,"comment_status":"open","ping_status":"open","sticky":false,"template":"","format":"standard","meta":{"cybocfi_hide_featured_image":"","footnotes":""},"categories":[27],"tags":[4655,597],"class_list":["post-2906","post","type-post","status-publish","format-standard","hentry","category-arte-e-cultura","tag-centro-storico","tag-napoli"],"yoast_head":"<!-- This site is optimized with the Yoast SEO plugin v27.0 - https:\/\/yoast.com\/product\/yoast-seo-wordpress\/ -->\n<title>matilde serao racconta la sua Napoli - Article Marketing<\/title>\n<meta name=\"robots\" content=\"index, follow, max-snippet:-1, max-image-preview:large, max-video-preview:-1\" \/>\n<link rel=\"canonical\" href=\"https:\/\/www.article-marketing.eu\/comunicati\/arte-e-cultura\/matilde-serao-racconta-la-sua-napoli\/\" \/>\n<meta property=\"og:locale\" content=\"it_IT\" \/>\n<meta property=\"og:type\" content=\"article\" \/>\n<meta property=\"og:title\" content=\"matilde serao racconta la sua Napoli - Article Marketing\" \/>\n<meta property=\"og:description\" content=\"una divertente passeggiata tra i vicoli di Napoli.Nel corso dell\u2019 itinerario non mancheranno anche aneddoti legati ad un altro aspetto tanto amato dalla Serao: la cucina napoletana e le tante storie, a volte reali a volte meno, legate a queste e a quella ricetta.\" \/>\n<meta property=\"og:url\" content=\"https:\/\/www.article-marketing.eu\/comunicati\/arte-e-cultura\/matilde-serao-racconta-la-sua-napoli\/\" \/>\n<meta property=\"og:site_name\" content=\"Article Marketing\" \/>\n<meta property=\"article:published_time\" content=\"2009-10-01T14:10:19+00:00\" \/>\n<meta name=\"author\" content=\"Redazione Comunicati Stampa\" \/>\n<meta name=\"twitter:card\" content=\"summary_large_image\" \/>\n<meta name=\"twitter:label1\" content=\"Scritto da\" \/>\n\t<meta name=\"twitter:data1\" content=\"Redazione Comunicati Stampa\" \/>\n\t<meta name=\"twitter:label2\" content=\"Tempo di lettura stimato\" \/>\n\t<meta name=\"twitter:data2\" content=\"2 minuti\" \/>\n<script type=\"application\/ld+json\" class=\"yoast-schema-graph\">{\"@context\":\"https:\/\/schema.org\",\"@graph\":[{\"@type\":\"Article\",\"@id\":\"https:\/\/www.article-marketing.eu\/comunicati\/arte-e-cultura\/matilde-serao-racconta-la-sua-napoli\/#article\",\"isPartOf\":{\"@id\":\"https:\/\/www.article-marketing.eu\/comunicati\/arte-e-cultura\/matilde-serao-racconta-la-sua-napoli\/\"},\"author\":{\"name\":\"Redazione Comunicati Stampa\",\"@id\":\"https:\/\/www.article-marketing.eu\/comunicati\/#\/schema\/person\/44372e4d4d0fa797b18e03ed1ace9017\"},\"headline\":\"matilde serao racconta la sua Napoli\",\"datePublished\":\"2009-10-01T14:10:19+00:00\",\"mainEntityOfPage\":{\"@id\":\"https:\/\/www.article-marketing.eu\/comunicati\/arte-e-cultura\/matilde-serao-racconta-la-sua-napoli\/\"},\"wordCount\":372,\"commentCount\":0,\"keywords\":[\"centro storico\",\"napoli\"],\"articleSection\":[\"Arte e cultura\"],\"inLanguage\":\"it-IT\",\"potentialAction\":[{\"@type\":\"CommentAction\",\"name\":\"Comment\",\"target\":[\"https:\/\/www.article-marketing.eu\/comunicati\/arte-e-cultura\/matilde-serao-racconta-la-sua-napoli\/#respond\"]}]},{\"@type\":\"WebPage\",\"@id\":\"https:\/\/www.article-marketing.eu\/comunicati\/arte-e-cultura\/matilde-serao-racconta-la-sua-napoli\/\",\"url\":\"https:\/\/www.article-marketing.eu\/comunicati\/arte-e-cultura\/matilde-serao-racconta-la-sua-napoli\/\",\"name\":\"matilde serao racconta la sua Napoli - Article Marketing\",\"isPartOf\":{\"@id\":\"https:\/\/www.article-marketing.eu\/comunicati\/#website\"},\"datePublished\":\"2009-10-01T14:10:19+00:00\",\"author\":{\"@id\":\"https:\/\/www.article-marketing.eu\/comunicati\/#\/schema\/person\/44372e4d4d0fa797b18e03ed1ace9017\"},\"breadcrumb\":{\"@id\":\"https:\/\/www.article-marketing.eu\/comunicati\/arte-e-cultura\/matilde-serao-racconta-la-sua-napoli\/#breadcrumb\"},\"inLanguage\":\"it-IT\",\"potentialAction\":[{\"@type\":\"ReadAction\",\"target\":[\"https:\/\/www.article-marketing.eu\/comunicati\/arte-e-cultura\/matilde-serao-racconta-la-sua-napoli\/\"]}]},{\"@type\":\"BreadcrumbList\",\"@id\":\"https:\/\/www.article-marketing.eu\/comunicati\/arte-e-cultura\/matilde-serao-racconta-la-sua-napoli\/#breadcrumb\",\"itemListElement\":[{\"@type\":\"ListItem\",\"position\":1,\"name\":\"Home\",\"item\":\"https:\/\/www.article-marketing.eu\/comunicati\/\"},{\"@type\":\"ListItem\",\"position\":2,\"name\":\"matilde serao racconta la sua Napoli\"}]},{\"@type\":\"WebSite\",\"@id\":\"https:\/\/www.article-marketing.eu\/comunicati\/#website\",\"url\":\"https:\/\/www.article-marketing.eu\/comunicati\/\",\"name\":\"Article Marketing\",\"description\":\"article marketing &amp; press release\",\"potentialAction\":[{\"@type\":\"SearchAction\",\"target\":{\"@type\":\"EntryPoint\",\"urlTemplate\":\"https:\/\/www.article-marketing.eu\/comunicati\/?s={search_term_string}\"},\"query-input\":{\"@type\":\"PropertyValueSpecification\",\"valueRequired\":true,\"valueName\":\"search_term_string\"}}],\"inLanguage\":\"it-IT\"},{\"@type\":\"Person\",\"@id\":\"https:\/\/www.article-marketing.eu\/comunicati\/#\/schema\/person\/44372e4d4d0fa797b18e03ed1ace9017\",\"name\":\"Redazione Comunicati Stampa\",\"image\":{\"@type\":\"ImageObject\",\"inLanguage\":\"it-IT\",\"@id\":\"https:\/\/www.article-marketing.eu\/comunicati\/#\/schema\/person\/image\/\",\"url\":\"https:\/\/secure.gravatar.com\/avatar\/50e5c6421d3072f42e7ace803501602c60d75233d34e29fd05feb91c8760b792?s=96&d=mm&r=g\",\"contentUrl\":\"https:\/\/secure.gravatar.com\/avatar\/50e5c6421d3072f42e7ace803501602c60d75233d34e29fd05feb91c8760b792?s=96&d=mm&r=g\",\"caption\":\"Redazione Comunicati Stampa\"},\"url\":\"https:\/\/www.article-marketing.eu\/comunicati\/author\/redazione-comunicati-stampa\/\"}]}<\/script>\n<!-- \/ Yoast SEO plugin. -->","yoast_head_json":{"title":"matilde serao racconta la sua Napoli - Article Marketing","robots":{"index":"index","follow":"follow","max-snippet":"max-snippet:-1","max-image-preview":"max-image-preview:large","max-video-preview":"max-video-preview:-1"},"canonical":"https:\/\/www.article-marketing.eu\/comunicati\/arte-e-cultura\/matilde-serao-racconta-la-sua-napoli\/","og_locale":"it_IT","og_type":"article","og_title":"matilde serao racconta la sua Napoli - Article Marketing","og_description":"una divertente passeggiata tra i vicoli di Napoli.Nel corso dell\u2019 itinerario non mancheranno anche aneddoti legati ad un altro aspetto tanto amato dalla Serao: la cucina napoletana e le tante storie, a volte reali a volte meno, legate a queste e a quella ricetta.","og_url":"https:\/\/www.article-marketing.eu\/comunicati\/arte-e-cultura\/matilde-serao-racconta-la-sua-napoli\/","og_site_name":"Article Marketing","article_published_time":"2009-10-01T14:10:19+00:00","author":"Redazione Comunicati Stampa","twitter_card":"summary_large_image","twitter_misc":{"Scritto da":"Redazione Comunicati Stampa","Tempo di lettura stimato":"2 minuti"},"schema":{"@context":"https:\/\/schema.org","@graph":[{"@type":"Article","@id":"https:\/\/www.article-marketing.eu\/comunicati\/arte-e-cultura\/matilde-serao-racconta-la-sua-napoli\/#article","isPartOf":{"@id":"https:\/\/www.article-marketing.eu\/comunicati\/arte-e-cultura\/matilde-serao-racconta-la-sua-napoli\/"},"author":{"name":"Redazione Comunicati Stampa","@id":"https:\/\/www.article-marketing.eu\/comunicati\/#\/schema\/person\/44372e4d4d0fa797b18e03ed1ace9017"},"headline":"matilde serao racconta la sua Napoli","datePublished":"2009-10-01T14:10:19+00:00","mainEntityOfPage":{"@id":"https:\/\/www.article-marketing.eu\/comunicati\/arte-e-cultura\/matilde-serao-racconta-la-sua-napoli\/"},"wordCount":372,"commentCount":0,"keywords":["centro storico","napoli"],"articleSection":["Arte e cultura"],"inLanguage":"it-IT","potentialAction":[{"@type":"CommentAction","name":"Comment","target":["https:\/\/www.article-marketing.eu\/comunicati\/arte-e-cultura\/matilde-serao-racconta-la-sua-napoli\/#respond"]}]},{"@type":"WebPage","@id":"https:\/\/www.article-marketing.eu\/comunicati\/arte-e-cultura\/matilde-serao-racconta-la-sua-napoli\/","url":"https:\/\/www.article-marketing.eu\/comunicati\/arte-e-cultura\/matilde-serao-racconta-la-sua-napoli\/","name":"matilde serao racconta la sua Napoli - Article Marketing","isPartOf":{"@id":"https:\/\/www.article-marketing.eu\/comunicati\/#website"},"datePublished":"2009-10-01T14:10:19+00:00","author":{"@id":"https:\/\/www.article-marketing.eu\/comunicati\/#\/schema\/person\/44372e4d4d0fa797b18e03ed1ace9017"},"breadcrumb":{"@id":"https:\/\/www.article-marketing.eu\/comunicati\/arte-e-cultura\/matilde-serao-racconta-la-sua-napoli\/#breadcrumb"},"inLanguage":"it-IT","potentialAction":[{"@type":"ReadAction","target":["https:\/\/www.article-marketing.eu\/comunicati\/arte-e-cultura\/matilde-serao-racconta-la-sua-napoli\/"]}]},{"@type":"BreadcrumbList","@id":"https:\/\/www.article-marketing.eu\/comunicati\/arte-e-cultura\/matilde-serao-racconta-la-sua-napoli\/#breadcrumb","itemListElement":[{"@type":"ListItem","position":1,"name":"Home","item":"https:\/\/www.article-marketing.eu\/comunicati\/"},{"@type":"ListItem","position":2,"name":"matilde serao racconta la sua Napoli"}]},{"@type":"WebSite","@id":"https:\/\/www.article-marketing.eu\/comunicati\/#website","url":"https:\/\/www.article-marketing.eu\/comunicati\/","name":"Article Marketing","description":"article marketing &amp; press release","potentialAction":[{"@type":"SearchAction","target":{"@type":"EntryPoint","urlTemplate":"https:\/\/www.article-marketing.eu\/comunicati\/?s={search_term_string}"},"query-input":{"@type":"PropertyValueSpecification","valueRequired":true,"valueName":"search_term_string"}}],"inLanguage":"it-IT"},{"@type":"Person","@id":"https:\/\/www.article-marketing.eu\/comunicati\/#\/schema\/person\/44372e4d4d0fa797b18e03ed1ace9017","name":"Redazione Comunicati Stampa","image":{"@type":"ImageObject","inLanguage":"it-IT","@id":"https:\/\/www.article-marketing.eu\/comunicati\/#\/schema\/person\/image\/","url":"https:\/\/secure.gravatar.com\/avatar\/50e5c6421d3072f42e7ace803501602c60d75233d34e29fd05feb91c8760b792?s=96&d=mm&r=g","contentUrl":"https:\/\/secure.gravatar.com\/avatar\/50e5c6421d3072f42e7ace803501602c60d75233d34e29fd05feb91c8760b792?s=96&d=mm&r=g","caption":"Redazione Comunicati Stampa"},"url":"https:\/\/www.article-marketing.eu\/comunicati\/author\/redazione-comunicati-stampa\/"}]}},"_links":{"self":[{"href":"https:\/\/www.article-marketing.eu\/comunicati\/wp-json\/wp\/v2\/posts\/2906","targetHints":{"allow":["GET"]}}],"collection":[{"href":"https:\/\/www.article-marketing.eu\/comunicati\/wp-json\/wp\/v2\/posts"}],"about":[{"href":"https:\/\/www.article-marketing.eu\/comunicati\/wp-json\/wp\/v2\/types\/post"}],"author":[{"embeddable":true,"href":"https:\/\/www.article-marketing.eu\/comunicati\/wp-json\/wp\/v2\/users\/10"}],"replies":[{"embeddable":true,"href":"https:\/\/www.article-marketing.eu\/comunicati\/wp-json\/wp\/v2\/comments?post=2906"}],"version-history":[{"count":0,"href":"https:\/\/www.article-marketing.eu\/comunicati\/wp-json\/wp\/v2\/posts\/2906\/revisions"}],"wp:attachment":[{"href":"https:\/\/www.article-marketing.eu\/comunicati\/wp-json\/wp\/v2\/media?parent=2906"}],"wp:term":[{"taxonomy":"category","embeddable":true,"href":"https:\/\/www.article-marketing.eu\/comunicati\/wp-json\/wp\/v2\/categories?post=2906"},{"taxonomy":"post_tag","embeddable":true,"href":"https:\/\/www.article-marketing.eu\/comunicati\/wp-json\/wp\/v2\/tags?post=2906"}],"curies":[{"name":"wp","href":"https:\/\/api.w.org\/{rel}","templated":true}]}}