{"id":2939,"date":"2009-10-06T09:49:59","date_gmt":"2009-10-06T07:49:59","guid":{"rendered":"http:\/\/www.article-marketing.eu\/comunicati\/senza-categoria\/roma-biofiera-15-18-ottobre-2009\/"},"modified":"2009-10-06T09:49:59","modified_gmt":"2009-10-06T07:49:59","slug":"roma-biofiera-15-18-ottobre-2009","status":"publish","type":"post","link":"https:\/\/www.article-marketing.eu\/comunicati\/comunicati-stampa\/eventi\/roma-biofiera-15-18-ottobre-2009\/","title":{"rendered":"Roma: Biofiera, 15 \u2013 18 Ottobre 2009"},"content":{"rendered":"<p>La bioagricoltura, ma anche la bioarchitettura, le industrie biotessili, la bioedilizia, la biocosmesi e le bioenergie sono sicuramente dei campi in espansione, sui quali si dovrebbe investire sempre di pi\u00f9 per assicurare a noi stessi e alle generazioni future un mondo pi\u00f9 pulito, uno sviluppo sostenibile e uno stile di vita pi\u00f9 sano. La Biofiera che dal 2006 si svolge a Roma, al Parco della Resistenza, \u00e8 una grande occasione per tutti coloro che vogliono addentrarsi nel mondo del biologico, con tutte le sue diverse sfaccettature e applicazioni nella vita quotidiana, e scoprire come migliorare la propria vita partendo da piccole cose, come l\u2019alimentazione e la cura della propria persona. E non c\u2019\u00e8 luogo migliore della capitale per mettersi in contatto con l\u2019universo Bio: l\u2019Italia \u00e8 infatti il paese leader a livello europeo nella produzione del biologico (oltre un terzo delle imprese biologiche europee sono italiane), mentre a livello mondiale il nostro paese raggiunge un onorevole terzo posto, preceduto solo da Australia ed Argentina; il Lazio \u00e8 inoltre la regione italiana in cui si registra il pi\u00f9 alto consumo di prodotti biologici. Se prenoterete un <a href=\"http:\/\/it.flashbooking.com\/navigation\/europa_italia_roma_hotel----_all.html\">hotel 5 stelle a Roma<\/a> tra il 15 e il 18 ottobre avrete dunque la possibilit\u00e0 non solo di visitare gli splendidi monumenti e palazzi della citt\u00e0, ma anche di scoprire degli ottimi prodotti che contribuiscono a rendere il Belpaese famoso in tutto il mondo, e di capire come \u00e8 possibile, con semplici accorgimenti, migliorare la propria vita. <\/p>\n<p>Come ogni anno, i turisti in viaggio a Roma avranno modo di visitare numerosi stand o di fare una pausa nei vari punti di ristoro, tutti rigorosamente dedicati al mondo del biologico, e potranno cos\u00ec assaggiare prodotti eno-gastronomici di qualit\u00e0, e soprattutto sani. Uno degli obiettivi della fiera \u00e8 infatti promuovere, sin dall\u2019infanzia, uno stile di vita sano, alla base del quale non pu\u00f2 che esserci un\u2019alimentazione equilibrata. Non solo cibo, per\u00f2: il termine Bio raccoglie moltissimi altri ambiti, e prendendo in affitto monolocali a Roma e visitando la fiera avrete dunque modo di partecipare a dibattiti e discussioni e visitare vari spazi espositivi dedicati alla bioarchitettura (che utilizza materiali naturali ed elimina le fonti di inquinamento interno) e alla bioedilizia (che realizza immobili compatibili con l\u2019ambiente nel quale vengono inseriti). Particolarmente interessanti sono inoltre gli spazi dedicati all\u2019industria biotessile e alla biocosmesi (che si occupa di realizzare prodotti per la cura e la bellezza del corpo esclusivamente con ingredienti naturali), che attirano soprattutto il pubblico femminile, ma non solo, ma da non perdere sono anche gli stand dedicati all\u2019agriturismo bio (aziende agricole che producono seguendo i principi dell\u2019agricoltura biologica), e alle bioenergie (energie da materiale organico). <\/p>\n<p>La Biofiera si pone dunque come uno spazio di informazione ed approfondimento, che per\u00f2 non mancher\u00e0 di offrire numerose occasioni di svago e divertimento, pensate anche per i pi\u00f9 piccoli: grazie a laboratori ludico-didattici e spettacoli di animazione, la Biofiera diventer\u00e0 una grande festa durante la quale i bambini impareranno ad addentrarsi, divertendosi, nel mondo del biologico. <\/p>\n<p>Prezzi: ingresso gratuito<br \/>Date: 15 \u2013 18 Ottobre 2009 <br \/>Dove: Parco della Resistenza, Roma, Italia<\/p>\n","protected":false},"excerpt":{"rendered":"<p>Dal 15 al 18 ottobre Roma ospiter\u00e0 la quarta edizione di Biofiera, un grande evento interamente dedicato a tutto ci\u00f2 che \u00e8 biologico.<\/p>\n","protected":false},"author":10,"featured_media":0,"comment_status":"open","ping_status":"open","sticky":false,"template":"","format":"standard","meta":{"cybocfi_hide_featured_image":"","footnotes":""},"categories":[388],"tags":[9494,3241,9496,8358,9497,9493,9495,251],"class_list":["post-2939","post","type-post","status-publish","format-standard","hentry","category-eventi","tag-bioagricoltura","tag-bioarchitettura","tag-biocosmesi","tag-bioedilizia","tag-bioenergie","tag-biofiera","tag-biotessile","tag-roma"],"yoast_head":"<!-- This site is optimized with the Yoast SEO plugin v27.0 - https:\/\/yoast.com\/product\/yoast-seo-wordpress\/ -->\n<title>Roma: Biofiera, 15 \u2013 18 Ottobre 2009 - Article Marketing<\/title>\n<meta name=\"robots\" content=\"index, follow, max-snippet:-1, max-image-preview:large, max-video-preview:-1\" \/>\n<link rel=\"canonical\" href=\"https:\/\/www.article-marketing.eu\/comunicati\/comunicati-stampa\/eventi\/roma-biofiera-15-18-ottobre-2009\/\" \/>\n<meta property=\"og:locale\" content=\"it_IT\" \/>\n<meta property=\"og:type\" content=\"article\" \/>\n<meta property=\"og:title\" content=\"Roma: Biofiera, 15 \u2013 18 Ottobre 2009 - Article Marketing\" \/>\n<meta property=\"og:description\" content=\"Dal 15 al 18 ottobre Roma ospiter\u00e0 la quarta edizione di Biofiera, un grande evento interamente dedicato a tutto ci\u00f2 che \u00e8 biologico.\" \/>\n<meta property=\"og:url\" content=\"https:\/\/www.article-marketing.eu\/comunicati\/comunicati-stampa\/eventi\/roma-biofiera-15-18-ottobre-2009\/\" \/>\n<meta property=\"og:site_name\" content=\"Article Marketing\" \/>\n<meta property=\"article:published_time\" content=\"2009-10-06T07:49:59+00:00\" \/>\n<meta name=\"author\" content=\"Redazione Comunicati Stampa\" \/>\n<meta name=\"twitter:card\" content=\"summary_large_image\" \/>\n<meta name=\"twitter:label1\" content=\"Scritto da\" \/>\n\t<meta name=\"twitter:data1\" content=\"Redazione Comunicati Stampa\" \/>\n\t<meta name=\"twitter:label2\" content=\"Tempo di lettura stimato\" \/>\n\t<meta name=\"twitter:data2\" content=\"3 minuti\" \/>\n<script type=\"application\/ld+json\" class=\"yoast-schema-graph\">{\"@context\":\"https:\/\/schema.org\",\"@graph\":[{\"@type\":\"Article\",\"@id\":\"https:\/\/www.article-marketing.eu\/comunicati\/comunicati-stampa\/eventi\/roma-biofiera-15-18-ottobre-2009\/#article\",\"isPartOf\":{\"@id\":\"https:\/\/www.article-marketing.eu\/comunicati\/comunicati-stampa\/eventi\/roma-biofiera-15-18-ottobre-2009\/\"},\"author\":{\"name\":\"Redazione Comunicati Stampa\",\"@id\":\"https:\/\/www.article-marketing.eu\/comunicati\/#\/schema\/person\/44372e4d4d0fa797b18e03ed1ace9017\"},\"headline\":\"Roma: Biofiera, 15 \u2013 18 Ottobre 2009\",\"datePublished\":\"2009-10-06T07:49:59+00:00\",\"mainEntityOfPage\":{\"@id\":\"https:\/\/www.article-marketing.eu\/comunicati\/comunicati-stampa\/eventi\/roma-biofiera-15-18-ottobre-2009\/\"},\"wordCount\":510,\"commentCount\":0,\"keywords\":[\"bioagricoltura\",\"bioarchitettura\",\"biocosmesi\",\"bioedilizia\",\"bioenergie\",\"Biofiera\",\"biotessile\",\"roma\"],\"articleSection\":[\"Eventi\"],\"inLanguage\":\"it-IT\",\"potentialAction\":[{\"@type\":\"CommentAction\",\"name\":\"Comment\",\"target\":[\"https:\/\/www.article-marketing.eu\/comunicati\/comunicati-stampa\/eventi\/roma-biofiera-15-18-ottobre-2009\/#respond\"]}]},{\"@type\":\"WebPage\",\"@id\":\"https:\/\/www.article-marketing.eu\/comunicati\/comunicati-stampa\/eventi\/roma-biofiera-15-18-ottobre-2009\/\",\"url\":\"https:\/\/www.article-marketing.eu\/comunicati\/comunicati-stampa\/eventi\/roma-biofiera-15-18-ottobre-2009\/\",\"name\":\"Roma: Biofiera, 15 \u2013 18 Ottobre 2009 - Article Marketing\",\"isPartOf\":{\"@id\":\"https:\/\/www.article-marketing.eu\/comunicati\/#website\"},\"datePublished\":\"2009-10-06T07:49:59+00:00\",\"author\":{\"@id\":\"https:\/\/www.article-marketing.eu\/comunicati\/#\/schema\/person\/44372e4d4d0fa797b18e03ed1ace9017\"},\"breadcrumb\":{\"@id\":\"https:\/\/www.article-marketing.eu\/comunicati\/comunicati-stampa\/eventi\/roma-biofiera-15-18-ottobre-2009\/#breadcrumb\"},\"inLanguage\":\"it-IT\",\"potentialAction\":[{\"@type\":\"ReadAction\",\"target\":[\"https:\/\/www.article-marketing.eu\/comunicati\/comunicati-stampa\/eventi\/roma-biofiera-15-18-ottobre-2009\/\"]}]},{\"@type\":\"BreadcrumbList\",\"@id\":\"https:\/\/www.article-marketing.eu\/comunicati\/comunicati-stampa\/eventi\/roma-biofiera-15-18-ottobre-2009\/#breadcrumb\",\"itemListElement\":[{\"@type\":\"ListItem\",\"position\":1,\"name\":\"Home\",\"item\":\"https:\/\/www.article-marketing.eu\/comunicati\/\"},{\"@type\":\"ListItem\",\"position\":2,\"name\":\"Roma: Biofiera, 15 \u2013 18 Ottobre 2009\"}]},{\"@type\":\"WebSite\",\"@id\":\"https:\/\/www.article-marketing.eu\/comunicati\/#website\",\"url\":\"https:\/\/www.article-marketing.eu\/comunicati\/\",\"name\":\"Article Marketing\",\"description\":\"article marketing &amp; press release\",\"potentialAction\":[{\"@type\":\"SearchAction\",\"target\":{\"@type\":\"EntryPoint\",\"urlTemplate\":\"https:\/\/www.article-marketing.eu\/comunicati\/?s={search_term_string}\"},\"query-input\":{\"@type\":\"PropertyValueSpecification\",\"valueRequired\":true,\"valueName\":\"search_term_string\"}}],\"inLanguage\":\"it-IT\"},{\"@type\":\"Person\",\"@id\":\"https:\/\/www.article-marketing.eu\/comunicati\/#\/schema\/person\/44372e4d4d0fa797b18e03ed1ace9017\",\"name\":\"Redazione Comunicati Stampa\",\"image\":{\"@type\":\"ImageObject\",\"inLanguage\":\"it-IT\",\"@id\":\"https:\/\/www.article-marketing.eu\/comunicati\/#\/schema\/person\/image\/\",\"url\":\"https:\/\/secure.gravatar.com\/avatar\/50e5c6421d3072f42e7ace803501602c60d75233d34e29fd05feb91c8760b792?s=96&d=mm&r=g\",\"contentUrl\":\"https:\/\/secure.gravatar.com\/avatar\/50e5c6421d3072f42e7ace803501602c60d75233d34e29fd05feb91c8760b792?s=96&d=mm&r=g\",\"caption\":\"Redazione Comunicati Stampa\"},\"url\":\"https:\/\/www.article-marketing.eu\/comunicati\/author\/redazione-comunicati-stampa\/\"}]}<\/script>\n<!-- \/ Yoast SEO plugin. -->","yoast_head_json":{"title":"Roma: Biofiera, 15 \u2013 18 Ottobre 2009 - Article Marketing","robots":{"index":"index","follow":"follow","max-snippet":"max-snippet:-1","max-image-preview":"max-image-preview:large","max-video-preview":"max-video-preview:-1"},"canonical":"https:\/\/www.article-marketing.eu\/comunicati\/comunicati-stampa\/eventi\/roma-biofiera-15-18-ottobre-2009\/","og_locale":"it_IT","og_type":"article","og_title":"Roma: Biofiera, 15 \u2013 18 Ottobre 2009 - Article Marketing","og_description":"Dal 15 al 18 ottobre Roma ospiter\u00e0 la quarta edizione di Biofiera, un grande evento interamente dedicato a tutto ci\u00f2 che \u00e8 biologico.","og_url":"https:\/\/www.article-marketing.eu\/comunicati\/comunicati-stampa\/eventi\/roma-biofiera-15-18-ottobre-2009\/","og_site_name":"Article Marketing","article_published_time":"2009-10-06T07:49:59+00:00","author":"Redazione Comunicati Stampa","twitter_card":"summary_large_image","twitter_misc":{"Scritto da":"Redazione Comunicati Stampa","Tempo di lettura stimato":"3 minuti"},"schema":{"@context":"https:\/\/schema.org","@graph":[{"@type":"Article","@id":"https:\/\/www.article-marketing.eu\/comunicati\/comunicati-stampa\/eventi\/roma-biofiera-15-18-ottobre-2009\/#article","isPartOf":{"@id":"https:\/\/www.article-marketing.eu\/comunicati\/comunicati-stampa\/eventi\/roma-biofiera-15-18-ottobre-2009\/"},"author":{"name":"Redazione Comunicati Stampa","@id":"https:\/\/www.article-marketing.eu\/comunicati\/#\/schema\/person\/44372e4d4d0fa797b18e03ed1ace9017"},"headline":"Roma: Biofiera, 15 \u2013 18 Ottobre 2009","datePublished":"2009-10-06T07:49:59+00:00","mainEntityOfPage":{"@id":"https:\/\/www.article-marketing.eu\/comunicati\/comunicati-stampa\/eventi\/roma-biofiera-15-18-ottobre-2009\/"},"wordCount":510,"commentCount":0,"keywords":["bioagricoltura","bioarchitettura","biocosmesi","bioedilizia","bioenergie","Biofiera","biotessile","roma"],"articleSection":["Eventi"],"inLanguage":"it-IT","potentialAction":[{"@type":"CommentAction","name":"Comment","target":["https:\/\/www.article-marketing.eu\/comunicati\/comunicati-stampa\/eventi\/roma-biofiera-15-18-ottobre-2009\/#respond"]}]},{"@type":"WebPage","@id":"https:\/\/www.article-marketing.eu\/comunicati\/comunicati-stampa\/eventi\/roma-biofiera-15-18-ottobre-2009\/","url":"https:\/\/www.article-marketing.eu\/comunicati\/comunicati-stampa\/eventi\/roma-biofiera-15-18-ottobre-2009\/","name":"Roma: Biofiera, 15 \u2013 18 Ottobre 2009 - Article Marketing","isPartOf":{"@id":"https:\/\/www.article-marketing.eu\/comunicati\/#website"},"datePublished":"2009-10-06T07:49:59+00:00","author":{"@id":"https:\/\/www.article-marketing.eu\/comunicati\/#\/schema\/person\/44372e4d4d0fa797b18e03ed1ace9017"},"breadcrumb":{"@id":"https:\/\/www.article-marketing.eu\/comunicati\/comunicati-stampa\/eventi\/roma-biofiera-15-18-ottobre-2009\/#breadcrumb"},"inLanguage":"it-IT","potentialAction":[{"@type":"ReadAction","target":["https:\/\/www.article-marketing.eu\/comunicati\/comunicati-stampa\/eventi\/roma-biofiera-15-18-ottobre-2009\/"]}]},{"@type":"BreadcrumbList","@id":"https:\/\/www.article-marketing.eu\/comunicati\/comunicati-stampa\/eventi\/roma-biofiera-15-18-ottobre-2009\/#breadcrumb","itemListElement":[{"@type":"ListItem","position":1,"name":"Home","item":"https:\/\/www.article-marketing.eu\/comunicati\/"},{"@type":"ListItem","position":2,"name":"Roma: Biofiera, 15 \u2013 18 Ottobre 2009"}]},{"@type":"WebSite","@id":"https:\/\/www.article-marketing.eu\/comunicati\/#website","url":"https:\/\/www.article-marketing.eu\/comunicati\/","name":"Article Marketing","description":"article marketing &amp; press release","potentialAction":[{"@type":"SearchAction","target":{"@type":"EntryPoint","urlTemplate":"https:\/\/www.article-marketing.eu\/comunicati\/?s={search_term_string}"},"query-input":{"@type":"PropertyValueSpecification","valueRequired":true,"valueName":"search_term_string"}}],"inLanguage":"it-IT"},{"@type":"Person","@id":"https:\/\/www.article-marketing.eu\/comunicati\/#\/schema\/person\/44372e4d4d0fa797b18e03ed1ace9017","name":"Redazione Comunicati Stampa","image":{"@type":"ImageObject","inLanguage":"it-IT","@id":"https:\/\/www.article-marketing.eu\/comunicati\/#\/schema\/person\/image\/","url":"https:\/\/secure.gravatar.com\/avatar\/50e5c6421d3072f42e7ace803501602c60d75233d34e29fd05feb91c8760b792?s=96&d=mm&r=g","contentUrl":"https:\/\/secure.gravatar.com\/avatar\/50e5c6421d3072f42e7ace803501602c60d75233d34e29fd05feb91c8760b792?s=96&d=mm&r=g","caption":"Redazione Comunicati Stampa"},"url":"https:\/\/www.article-marketing.eu\/comunicati\/author\/redazione-comunicati-stampa\/"}]}},"_links":{"self":[{"href":"https:\/\/www.article-marketing.eu\/comunicati\/wp-json\/wp\/v2\/posts\/2939","targetHints":{"allow":["GET"]}}],"collection":[{"href":"https:\/\/www.article-marketing.eu\/comunicati\/wp-json\/wp\/v2\/posts"}],"about":[{"href":"https:\/\/www.article-marketing.eu\/comunicati\/wp-json\/wp\/v2\/types\/post"}],"author":[{"embeddable":true,"href":"https:\/\/www.article-marketing.eu\/comunicati\/wp-json\/wp\/v2\/users\/10"}],"replies":[{"embeddable":true,"href":"https:\/\/www.article-marketing.eu\/comunicati\/wp-json\/wp\/v2\/comments?post=2939"}],"version-history":[{"count":0,"href":"https:\/\/www.article-marketing.eu\/comunicati\/wp-json\/wp\/v2\/posts\/2939\/revisions"}],"wp:attachment":[{"href":"https:\/\/www.article-marketing.eu\/comunicati\/wp-json\/wp\/v2\/media?parent=2939"}],"wp:term":[{"taxonomy":"category","embeddable":true,"href":"https:\/\/www.article-marketing.eu\/comunicati\/wp-json\/wp\/v2\/categories?post=2939"},{"taxonomy":"post_tag","embeddable":true,"href":"https:\/\/www.article-marketing.eu\/comunicati\/wp-json\/wp\/v2\/tags?post=2939"}],"curies":[{"name":"wp","href":"https:\/\/api.w.org\/{rel}","templated":true}]}}