{"id":2941,"date":"2009-10-06T10:40:49","date_gmt":"2009-10-06T08:40:49","guid":{"rendered":"http:\/\/www.article-marketing.eu\/comunicati\/senza-categoria\/il-sangue-e-la-neve-con-ottavia-piccolo-in-prima-assoluta-in-italia\/"},"modified":"2009-10-06T10:40:49","modified_gmt":"2009-10-06T08:40:49","slug":"il-sangue-e-la-neve-con-ottavia-piccolo-in-prima-assoluta-in-italia","status":"publish","type":"post","link":"https:\/\/www.article-marketing.eu\/comunicati\/arte-e-cultura\/cinema\/il-sangue-e-la-neve-con-ottavia-piccolo-in-prima-assoluta-in-italia\/","title":{"rendered":"&#8220;Il sangue e la neve&#8221; con Ottavia Piccolo in prima assoluta in Italia"},"content":{"rendered":"<p><strong>&#8220;Il sangue e la neve&#8221;<\/strong><br \/>\n    con <strong>Ottavia Piccolo<\/strong><strong> <\/strong><br \/>\n    regia <strong>Felice Cappa<\/strong><\/p>\n<p>    <em>Funziona cos\u00ec: la stampa si divide in  <\/em>chi \u00e8 per la Russia<em>  e  <\/em>chi non \u00e8 con la Russia<em> . Se sei per la Russia dopo 5\/6 anni ti fanno deputato. Se non sei per la Russia non devi fare il giornalista. La tua \u00e8 propaganda contro lo Stato. La propaganda contro lo Stato si punisce. Con la morte. Prima o poi.<\/em><br \/>\n    <br \/>\n    La Russia raccontata da Anna Politkovskaja. Il potere, l ingiustizia, la violenza, la guerra in Cecenia, la fame di Groznyj, le tombe dei bambini uccisi a Beslan, le trattative con i terroristi nel teatro di Dubrovka a Mosca.<br \/>\n    <strong>Ottavia Piccolo<\/strong> d\u00e0 voce alle parole di <strong><em>Anna Politkovskaja<\/em><\/strong>, a tre anni dall uccisione della giornalista russa, brutalmente assassinata all et\u00e0 di quarantotto anni, il 7 ottobre del 2006, mentre indagava sulle torture compiute in Cecenia.<br \/>\n    I pensieri e i racconti della giornalista sono stati riscritti in forma drammaturgica da <strong>Stefano Massini<\/strong>.<br \/>\n    Attingendo agli articoli usciti sulla <em>Novaja Gazeta<\/em> fra il 1999 e il 2006, Massini ha rimesso insieme pezzo per pezzo la vita di una donna che ha sfidato il potere e ha pagato con la morte.<br \/>\n    Nell interpretazione di <strong>Ottavia Piccolo<\/strong> si ritrovano lo smarrimento, l orrore, la dignit\u00e0 e anche l ironia di una cronista che cerca di raccontare i fatti a dispetto della censura.<br \/>\n    Il video \u00e8 stato girato dal regista Rai <strong>Felice Cappa<\/strong> tra le rovine dell ex cementificio Italcementi ad Alzano Lombardo (Bergamo).<br \/>\n    Presentato in anteprima alla 66a Mostra del cinema di Venezia, durante le giornate  Cinema e diritti umani , <em>Il sangue e la neve<\/em> verr\u00e0 proiettato alle 21 presso il Cinema Azzurro di Ancona, l&#8217;ingresso \u00e8 gratuito e l&#8217;attrice sar\u00e0 presente alla proiezione per incontrare il pubblico presente in sala.<br \/>\n    <\/p>\n","protected":false},"excerpt":{"rendered":"<p>Il Film presentato in anteprima alla 66a Mostra del cinema di Venezia \u00e8 in prima assoluta al Cinema Azzurro di Ancona giovedi 8 ottobre<\/p>\n","protected":false},"author":10,"featured_media":0,"comment_status":"open","ping_status":"open","sticky":false,"template":"","format":"standard","meta":{"cybocfi_hide_featured_image":"","footnotes":""},"categories":[202],"tags":[],"class_list":["post-2941","post","type-post","status-publish","format-standard","hentry","category-cinema"],"yoast_head":"<!-- This site is optimized with the Yoast SEO plugin v27.0 - https:\/\/yoast.com\/product\/yoast-seo-wordpress\/ -->\n<title>&quot;Il sangue e la neve&quot; con Ottavia Piccolo in prima assoluta in Italia - Article Marketing<\/title>\n<meta name=\"robots\" content=\"index, follow, max-snippet:-1, max-image-preview:large, max-video-preview:-1\" \/>\n<link rel=\"canonical\" href=\"https:\/\/www.article-marketing.eu\/comunicati\/arte-e-cultura\/cinema\/il-sangue-e-la-neve-con-ottavia-piccolo-in-prima-assoluta-in-italia\/\" \/>\n<meta property=\"og:locale\" content=\"it_IT\" \/>\n<meta property=\"og:type\" content=\"article\" \/>\n<meta property=\"og:title\" content=\"&quot;Il sangue e la neve&quot; con Ottavia Piccolo in prima assoluta in Italia - Article Marketing\" \/>\n<meta property=\"og:description\" content=\"Il Film presentato in anteprima alla 66a Mostra del cinema di Venezia \u00e8 in prima assoluta al Cinema Azzurro di Ancona giovedi 8 ottobre\" \/>\n<meta property=\"og:url\" content=\"https:\/\/www.article-marketing.eu\/comunicati\/arte-e-cultura\/cinema\/il-sangue-e-la-neve-con-ottavia-piccolo-in-prima-assoluta-in-italia\/\" \/>\n<meta property=\"og:site_name\" content=\"Article Marketing\" \/>\n<meta property=\"article:published_time\" content=\"2009-10-06T08:40:49+00:00\" \/>\n<meta name=\"author\" content=\"Redazione Comunicati Stampa\" \/>\n<meta name=\"twitter:card\" content=\"summary_large_image\" \/>\n<meta name=\"twitter:label1\" content=\"Scritto da\" \/>\n\t<meta name=\"twitter:data1\" content=\"Redazione Comunicati Stampa\" \/>\n\t<meta name=\"twitter:label2\" content=\"Tempo di lettura stimato\" \/>\n\t<meta name=\"twitter:data2\" content=\"1 minuto\" \/>\n<script type=\"application\/ld+json\" class=\"yoast-schema-graph\">{\"@context\":\"https:\/\/schema.org\",\"@graph\":[{\"@type\":\"Article\",\"@id\":\"https:\/\/www.article-marketing.eu\/comunicati\/arte-e-cultura\/cinema\/il-sangue-e-la-neve-con-ottavia-piccolo-in-prima-assoluta-in-italia\/#article\",\"isPartOf\":{\"@id\":\"https:\/\/www.article-marketing.eu\/comunicati\/arte-e-cultura\/cinema\/il-sangue-e-la-neve-con-ottavia-piccolo-in-prima-assoluta-in-italia\/\"},\"author\":{\"name\":\"Redazione Comunicati Stampa\",\"@id\":\"https:\/\/www.article-marketing.eu\/comunicati\/#\/schema\/person\/44372e4d4d0fa797b18e03ed1ace9017\"},\"headline\":\"&#8220;Il sangue e la neve&#8221; con Ottavia Piccolo in prima assoluta in Italia\",\"datePublished\":\"2009-10-06T08:40:49+00:00\",\"mainEntityOfPage\":{\"@id\":\"https:\/\/www.article-marketing.eu\/comunicati\/arte-e-cultura\/cinema\/il-sangue-e-la-neve-con-ottavia-piccolo-in-prima-assoluta-in-italia\/\"},\"wordCount\":299,\"commentCount\":0,\"articleSection\":[\"Cinema\"],\"inLanguage\":\"it-IT\",\"potentialAction\":[{\"@type\":\"CommentAction\",\"name\":\"Comment\",\"target\":[\"https:\/\/www.article-marketing.eu\/comunicati\/arte-e-cultura\/cinema\/il-sangue-e-la-neve-con-ottavia-piccolo-in-prima-assoluta-in-italia\/#respond\"]}]},{\"@type\":\"WebPage\",\"@id\":\"https:\/\/www.article-marketing.eu\/comunicati\/arte-e-cultura\/cinema\/il-sangue-e-la-neve-con-ottavia-piccolo-in-prima-assoluta-in-italia\/\",\"url\":\"https:\/\/www.article-marketing.eu\/comunicati\/arte-e-cultura\/cinema\/il-sangue-e-la-neve-con-ottavia-piccolo-in-prima-assoluta-in-italia\/\",\"name\":\"\\\"Il sangue e la neve\\\" con Ottavia Piccolo in prima assoluta in Italia - Article Marketing\",\"isPartOf\":{\"@id\":\"https:\/\/www.article-marketing.eu\/comunicati\/#website\"},\"datePublished\":\"2009-10-06T08:40:49+00:00\",\"author\":{\"@id\":\"https:\/\/www.article-marketing.eu\/comunicati\/#\/schema\/person\/44372e4d4d0fa797b18e03ed1ace9017\"},\"breadcrumb\":{\"@id\":\"https:\/\/www.article-marketing.eu\/comunicati\/arte-e-cultura\/cinema\/il-sangue-e-la-neve-con-ottavia-piccolo-in-prima-assoluta-in-italia\/#breadcrumb\"},\"inLanguage\":\"it-IT\",\"potentialAction\":[{\"@type\":\"ReadAction\",\"target\":[\"https:\/\/www.article-marketing.eu\/comunicati\/arte-e-cultura\/cinema\/il-sangue-e-la-neve-con-ottavia-piccolo-in-prima-assoluta-in-italia\/\"]}]},{\"@type\":\"BreadcrumbList\",\"@id\":\"https:\/\/www.article-marketing.eu\/comunicati\/arte-e-cultura\/cinema\/il-sangue-e-la-neve-con-ottavia-piccolo-in-prima-assoluta-in-italia\/#breadcrumb\",\"itemListElement\":[{\"@type\":\"ListItem\",\"position\":1,\"name\":\"Home\",\"item\":\"https:\/\/www.article-marketing.eu\/comunicati\/\"},{\"@type\":\"ListItem\",\"position\":2,\"name\":\"&#8220;Il sangue e la neve&#8221; con Ottavia Piccolo in prima assoluta in Italia\"}]},{\"@type\":\"WebSite\",\"@id\":\"https:\/\/www.article-marketing.eu\/comunicati\/#website\",\"url\":\"https:\/\/www.article-marketing.eu\/comunicati\/\",\"name\":\"Article Marketing\",\"description\":\"article marketing &amp; press release\",\"potentialAction\":[{\"@type\":\"SearchAction\",\"target\":{\"@type\":\"EntryPoint\",\"urlTemplate\":\"https:\/\/www.article-marketing.eu\/comunicati\/?s={search_term_string}\"},\"query-input\":{\"@type\":\"PropertyValueSpecification\",\"valueRequired\":true,\"valueName\":\"search_term_string\"}}],\"inLanguage\":\"it-IT\"},{\"@type\":\"Person\",\"@id\":\"https:\/\/www.article-marketing.eu\/comunicati\/#\/schema\/person\/44372e4d4d0fa797b18e03ed1ace9017\",\"name\":\"Redazione Comunicati Stampa\",\"image\":{\"@type\":\"ImageObject\",\"inLanguage\":\"it-IT\",\"@id\":\"https:\/\/www.article-marketing.eu\/comunicati\/#\/schema\/person\/image\/\",\"url\":\"https:\/\/secure.gravatar.com\/avatar\/50e5c6421d3072f42e7ace803501602c60d75233d34e29fd05feb91c8760b792?s=96&d=mm&r=g\",\"contentUrl\":\"https:\/\/secure.gravatar.com\/avatar\/50e5c6421d3072f42e7ace803501602c60d75233d34e29fd05feb91c8760b792?s=96&d=mm&r=g\",\"caption\":\"Redazione Comunicati Stampa\"},\"url\":\"https:\/\/www.article-marketing.eu\/comunicati\/author\/redazione-comunicati-stampa\/\"}]}<\/script>\n<!-- \/ Yoast SEO plugin. -->","yoast_head_json":{"title":"\"Il sangue e la neve\" con Ottavia Piccolo in prima assoluta in Italia - Article Marketing","robots":{"index":"index","follow":"follow","max-snippet":"max-snippet:-1","max-image-preview":"max-image-preview:large","max-video-preview":"max-video-preview:-1"},"canonical":"https:\/\/www.article-marketing.eu\/comunicati\/arte-e-cultura\/cinema\/il-sangue-e-la-neve-con-ottavia-piccolo-in-prima-assoluta-in-italia\/","og_locale":"it_IT","og_type":"article","og_title":"\"Il sangue e la neve\" con Ottavia Piccolo in prima assoluta in Italia - Article Marketing","og_description":"Il Film presentato in anteprima alla 66a Mostra del cinema di Venezia \u00e8 in prima assoluta al Cinema Azzurro di Ancona giovedi 8 ottobre","og_url":"https:\/\/www.article-marketing.eu\/comunicati\/arte-e-cultura\/cinema\/il-sangue-e-la-neve-con-ottavia-piccolo-in-prima-assoluta-in-italia\/","og_site_name":"Article Marketing","article_published_time":"2009-10-06T08:40:49+00:00","author":"Redazione Comunicati Stampa","twitter_card":"summary_large_image","twitter_misc":{"Scritto da":"Redazione Comunicati Stampa","Tempo di lettura stimato":"1 minuto"},"schema":{"@context":"https:\/\/schema.org","@graph":[{"@type":"Article","@id":"https:\/\/www.article-marketing.eu\/comunicati\/arte-e-cultura\/cinema\/il-sangue-e-la-neve-con-ottavia-piccolo-in-prima-assoluta-in-italia\/#article","isPartOf":{"@id":"https:\/\/www.article-marketing.eu\/comunicati\/arte-e-cultura\/cinema\/il-sangue-e-la-neve-con-ottavia-piccolo-in-prima-assoluta-in-italia\/"},"author":{"name":"Redazione Comunicati Stampa","@id":"https:\/\/www.article-marketing.eu\/comunicati\/#\/schema\/person\/44372e4d4d0fa797b18e03ed1ace9017"},"headline":"&#8220;Il sangue e la neve&#8221; con Ottavia Piccolo in prima assoluta in Italia","datePublished":"2009-10-06T08:40:49+00:00","mainEntityOfPage":{"@id":"https:\/\/www.article-marketing.eu\/comunicati\/arte-e-cultura\/cinema\/il-sangue-e-la-neve-con-ottavia-piccolo-in-prima-assoluta-in-italia\/"},"wordCount":299,"commentCount":0,"articleSection":["Cinema"],"inLanguage":"it-IT","potentialAction":[{"@type":"CommentAction","name":"Comment","target":["https:\/\/www.article-marketing.eu\/comunicati\/arte-e-cultura\/cinema\/il-sangue-e-la-neve-con-ottavia-piccolo-in-prima-assoluta-in-italia\/#respond"]}]},{"@type":"WebPage","@id":"https:\/\/www.article-marketing.eu\/comunicati\/arte-e-cultura\/cinema\/il-sangue-e-la-neve-con-ottavia-piccolo-in-prima-assoluta-in-italia\/","url":"https:\/\/www.article-marketing.eu\/comunicati\/arte-e-cultura\/cinema\/il-sangue-e-la-neve-con-ottavia-piccolo-in-prima-assoluta-in-italia\/","name":"\"Il sangue e la neve\" con Ottavia Piccolo in prima assoluta in Italia - Article Marketing","isPartOf":{"@id":"https:\/\/www.article-marketing.eu\/comunicati\/#website"},"datePublished":"2009-10-06T08:40:49+00:00","author":{"@id":"https:\/\/www.article-marketing.eu\/comunicati\/#\/schema\/person\/44372e4d4d0fa797b18e03ed1ace9017"},"breadcrumb":{"@id":"https:\/\/www.article-marketing.eu\/comunicati\/arte-e-cultura\/cinema\/il-sangue-e-la-neve-con-ottavia-piccolo-in-prima-assoluta-in-italia\/#breadcrumb"},"inLanguage":"it-IT","potentialAction":[{"@type":"ReadAction","target":["https:\/\/www.article-marketing.eu\/comunicati\/arte-e-cultura\/cinema\/il-sangue-e-la-neve-con-ottavia-piccolo-in-prima-assoluta-in-italia\/"]}]},{"@type":"BreadcrumbList","@id":"https:\/\/www.article-marketing.eu\/comunicati\/arte-e-cultura\/cinema\/il-sangue-e-la-neve-con-ottavia-piccolo-in-prima-assoluta-in-italia\/#breadcrumb","itemListElement":[{"@type":"ListItem","position":1,"name":"Home","item":"https:\/\/www.article-marketing.eu\/comunicati\/"},{"@type":"ListItem","position":2,"name":"&#8220;Il sangue e la neve&#8221; con Ottavia Piccolo in prima assoluta in Italia"}]},{"@type":"WebSite","@id":"https:\/\/www.article-marketing.eu\/comunicati\/#website","url":"https:\/\/www.article-marketing.eu\/comunicati\/","name":"Article Marketing","description":"article marketing &amp; press release","potentialAction":[{"@type":"SearchAction","target":{"@type":"EntryPoint","urlTemplate":"https:\/\/www.article-marketing.eu\/comunicati\/?s={search_term_string}"},"query-input":{"@type":"PropertyValueSpecification","valueRequired":true,"valueName":"search_term_string"}}],"inLanguage":"it-IT"},{"@type":"Person","@id":"https:\/\/www.article-marketing.eu\/comunicati\/#\/schema\/person\/44372e4d4d0fa797b18e03ed1ace9017","name":"Redazione Comunicati Stampa","image":{"@type":"ImageObject","inLanguage":"it-IT","@id":"https:\/\/www.article-marketing.eu\/comunicati\/#\/schema\/person\/image\/","url":"https:\/\/secure.gravatar.com\/avatar\/50e5c6421d3072f42e7ace803501602c60d75233d34e29fd05feb91c8760b792?s=96&d=mm&r=g","contentUrl":"https:\/\/secure.gravatar.com\/avatar\/50e5c6421d3072f42e7ace803501602c60d75233d34e29fd05feb91c8760b792?s=96&d=mm&r=g","caption":"Redazione Comunicati Stampa"},"url":"https:\/\/www.article-marketing.eu\/comunicati\/author\/redazione-comunicati-stampa\/"}]}},"_links":{"self":[{"href":"https:\/\/www.article-marketing.eu\/comunicati\/wp-json\/wp\/v2\/posts\/2941","targetHints":{"allow":["GET"]}}],"collection":[{"href":"https:\/\/www.article-marketing.eu\/comunicati\/wp-json\/wp\/v2\/posts"}],"about":[{"href":"https:\/\/www.article-marketing.eu\/comunicati\/wp-json\/wp\/v2\/types\/post"}],"author":[{"embeddable":true,"href":"https:\/\/www.article-marketing.eu\/comunicati\/wp-json\/wp\/v2\/users\/10"}],"replies":[{"embeddable":true,"href":"https:\/\/www.article-marketing.eu\/comunicati\/wp-json\/wp\/v2\/comments?post=2941"}],"version-history":[{"count":0,"href":"https:\/\/www.article-marketing.eu\/comunicati\/wp-json\/wp\/v2\/posts\/2941\/revisions"}],"wp:attachment":[{"href":"https:\/\/www.article-marketing.eu\/comunicati\/wp-json\/wp\/v2\/media?parent=2941"}],"wp:term":[{"taxonomy":"category","embeddable":true,"href":"https:\/\/www.article-marketing.eu\/comunicati\/wp-json\/wp\/v2\/categories?post=2941"},{"taxonomy":"post_tag","embeddable":true,"href":"https:\/\/www.article-marketing.eu\/comunicati\/wp-json\/wp\/v2\/tags?post=2941"}],"curies":[{"name":"wp","href":"https:\/\/api.w.org\/{rel}","templated":true}]}}