{"id":2945,"date":"2009-10-06T11:28:46","date_gmt":"2009-10-06T09:28:46","guid":{"rendered":"http:\/\/www.article-marketing.eu\/comunicati\/senza-categoria\/fernanda-lessa-un-calendario-aggressivo\/"},"modified":"2009-10-06T11:28:46","modified_gmt":"2009-10-06T09:28:46","slug":"fernanda-lessa-un-calendario-aggressivo","status":"publish","type":"post","link":"https:\/\/www.article-marketing.eu\/comunicati\/arte-e-cultura\/cinema\/fernanda-lessa-un-calendario-aggressivo\/","title":{"rendered":"Fernanda Lessa, un calendario aggressivo"},"content":{"rendered":"<p> Mora, piglio aggressivo e un calendario dal tono allusivamente saffico.<br \/>\nCos\u00ec si presentava per &quot;GQ&quot; Fernanda Lessa nel 2003. La sua compagna di<br \/>\ncalendario era Federica Fontana ma in questo caso le luci sono tutte<br \/>\nsulla brasiliana, all&#8217;epoca al massimo della forma e della notoriet\u00e0.<br \/>\nProprio in quell&#8217;anno la modella era infatti protagonista di alcuni<br \/>\nprogrammi tanto in Rai quanto su Mediaset. E il calendario era<br \/>\nl&#8217;investitura a **** symbol.<\/p>\n<p>Nei primi anni del 2000 infatti il calendario era ancora un<br \/>\nobiettivo riservato a poche. Ancora doveva arrivare l&#8217;invasione con<br \/>\ndecine di lunari ogni anno a dar spazio tanto a volti noti quanto a<br \/>\nstarlette alle prime armi con tanta voglia di apparire.<\/p>\n<p>Quello per &quot;GQ&quot; accanto a Federica Fontana, per la Lessa era<br \/>\ndavvero l&#8217;imprimatur definitivo. Il suo volto (e il suo corpo) erano<br \/>\ndiventati celebri inizialmente per una serie di spot pubblicitari.<br \/>\nTutti assaggi che avevano fatto alzare l&#8217;adrenalina dei fan giunta al<br \/>\nlivello massimo al momento del calendario. Che tra l&#8217;altro presentava<br \/>\nuna serie di scatti non solo di nudo ma ad altissimo tasso erotico. <\/p>\n<p>Fernanda ormai \u00e8 lontano dai riflettori da molto tempo. L&#8217;ultima<br \/>\nvolta che si \u00e8 prsentato al grande pubblico \u00e8 stato nel 2006 per<br \/>\n&quot;L&#8217;Isola dei famosi&quot;. Dallo stesso anno \u00e8 la compagna del tastierista<br \/>\ndei Subsonica Boosta, con il quale ha avuto due figile. E la sua<br \/>\nprincipale attivit\u00e0 ormai, oltre a quella di mamma, sembra essere<br \/>\nquella di Dj, che svolge nei locali di tutta Europa.\n <\/p>\n<p>&nbsp;<\/p>\n<p>Divenuta famosa in Italia grazie a vari spot pubblicitari (in particolare la campagna Alice ADSL, con Valentino Rossi, ma anche Armani, L&#8217;Or\u00e9al, Swatch, Campari, Alfa Romeo), nel 2003 le viene affidata la conduzione del programma televisivo Oltremoda su Rai Uno, Moda Mare a Porto Cervo con Paolo Bonolis su canale 5, Italian Music Awards con Piero Chiambretti, e nel 2006 partecipa al reality show L&#8217;isola dei famosi.<\/p>\n<p>Lavora anche come Dj nei locali di tutta l&#8217;Europa.<\/p>\n<p>&nbsp;<\/p>\n<p>Fernanda Lessa, modella brasiliana dalle misure statuarie, \u00e8 diventata<br \/>\nrapidamente famosa nel nostro paese grazie ad una fortunata pubblicit\u00e0<br \/>\nche l&#8217;ha vista affiancata al campione nerazzurro <a href=\"http:\/\/biografieonline.it\/biografia.htm?BioID=566&amp;biografia=Christian+Vieri\" class=\"linkedbio\" title=\"Biografia di Christian Vieri\">Bobo Vieri<\/a>, spot che fra l&#8217;altro ha scatenato una serie di pettegolezzi su una sua presunta relazione con l&#8217;attaccante interista (gi\u00e0 fidanzato con l&#8217;altrettanto famosa ex velina di Striscia la Notizia Elisabetta Canalis).<\/p>\n<p>Modella da quando aveva 17 anni, Fernanda \u00e8 nata a Rio de Janeiro<br \/>\nil 15 aprile del 1977. Le sue misure farebbero invidia ad una statua<br \/>\ngreca tanto sono sinonimo di perfezione ed equilibrio fra le parti:<br \/>\nalta un metro e 78 centimetri, ha i centimetri ideali per fare la top<br \/>\nmodel: 90-62-90.<\/p>\n<p>La sua carriera, come ovvio, \u00e8 iniziata in Brasile ma poi il<br \/>\nvorticoso mondo della moda l&#8217;ha portata a lavorare anche in altri<br \/>\nPaesi. Fra i quali vi \u00e8 appunto l&#8217;Italia, patria degli stilisti e della<br \/>\nbellezza, in cui si \u00e8 trasferita solo da qualche anno. Una sbarcata sul<br \/>\nsuolo italico, cos\u00ec voracemente affamato di volti e personaggi, \u00e8 stata<br \/>\nimmortalata in moltissime pubblicit\u00e0 ed ha sfilato per gli stilisti di<br \/>\nmoda pi\u00f9 noti. <\/p>\n<p>Fra le tappe della sua carriera, naturalmente, non poteva mancare<br \/>\nMilano dove, quando si \u00e8 trattato di celebrare i tradizionali tre<br \/>\ngiorni dedicati alla moda, \u00e8 risultata una delle regine della<br \/>\nmanifestazione.<\/p>\n<p>L&#8217;industria cosmetica, grazie alla sua pelle perfettamente levigata<br \/>\ne priva di qualsiasi difetto, l&#8217;ha poi prontamente utilizzata come<br \/>\ndonna immagine (fra le campagne che ha realizzato si possono nominare<br \/>\ngiganti quali Armani a L&#8217;Or\u00e9al, Swatch, Campari e Alfa Romeo).<\/p>\n<p>Ad ogni modo, come detto, la vera notoriet\u00e0 \u00e8 derivata a Fernanda grazie allo spot in cui compare con Christian Vieri<br \/>\ne, molto pi\u00f9 a questo che a quello, alle dicerie che successivamente si<br \/>\nsono scatenate sul suo conto, in cui l&#8217;immaginario collettivo la vedeva<br \/>\nin competizione con l&#8217;altra bellissima dello schermo, Elisabetta Canalis.<br \/>\nEntrambi i protagonisti hanno sempre per\u00f2 smentito vigorosamente ogni<br \/>\ncoinvolgimento. Fra l&#8217;altro, una smentita \u00e8 avvenuta in modo clamoroso<br \/>\nproprio di fronte alle telecamere e alla stessa Canalis quando, in<br \/>\noccasione del programma &quot;Moda Mare&quot;, Fernanda afferm\u00f2 testualmente che:<br \/>\n&quot;<em>Con una ragazza bella come Elisabetta, Vieri non ha di certo bisogno di cercarsene un&#8217;altra<\/em>&quot;.<\/p>\n<p>Nel 2003 si era parlato di lei per un&#8217;apparizione al DopoFestival<br \/>\ndi Sanremo, in qualit\u00e0 di invitata speciale, ma i continui pettegolezzi<br \/>\nsul suo conto l&#8217;hanno fatta desistere dall&#8217;apparire in video. <\/p>\n<p>Sul piano caratteriale Fernanda Lessa \u00e8 una ragazza solare e<br \/>\naperta, portata per il divertimento e l&#8217;aria aperta. Il suo sogno, pur<br \/>\nessendo molto legata alla sua terra (e come non potrebbe, trattandosi<br \/>\ndel meraviglioso Brasile), \u00e8 quello di vivere a Firenze in compagnia<br \/>\ndel suo Yorkshire, Zuzus. Ma non solo con lui, ovviamente. Ad<br \/>\nintromettersi nell&#8217;idillio fra lei e il suo cane ci sarebbe anche<br \/>\nl&#8217;attuale compagno, Vittorio Mango, produttore fotografico con casa a<br \/>\nMilano, di cui Fernanda si dice molto gelosa.<\/p>\n","protected":false},"excerpt":{"rendered":"<p>Mora, piglio aggressivo e un calendario dal tono allusivamente saffico. Cos\u00ec si presentava per &#8220;GQ&#8221; Fernanda Lessa nel 2003. La sua compagna di calendario era Federica Fontana ma in questo caso le luci sono tutte sulla brasiliana, all&#8217;epoca al massimo della forma e della notoriet\u00e0. Proprio in quell&#8217;anno la modella era infatti protagonista di alcuni programmi tanto in Rai quanto su Mediaset. E il calendario era l&#8217;investitura a **** symbol.<\/p>\n<p>Nei primi anni del 2000 infatti il calendario era ancora un obiettivo riservato a poche. Ancora doveva arrivare l&#8217;invasione con decine di lunari ogni anno a dar spazio tanto a volti noti quanto a starlette alle prime armi con tanta voglia di apparire.<\/p>\n<p>Quello per &#8220;GQ&#8221; accanto a Federica Fontana, per la Lessa era davvero l&#8217;imprimatur definitivo. Il suo volto (e il suo corpo) erano diventati celebri inizialmente per una serie di spot pubblicitari. Tutti assaggi che avevano fatto alzare l&#8217;adrenalina dei fan giunta al livello massimo al momento del calendario. Che tra l&#8217;altro presentava una serie di scatti non solo di nudo ma ad altissimo tasso erotico.<\/p>\n<p>Fernanda ormai \u00e8 lontano dai riflettori da molto tempo. L&#8217;ultima volta che si \u00e8 prsentato al grande pubblico \u00e8 stato nel 2006 per &#8220;L&#8217;Isola dei famosi&#8221;. Dallo stesso anno \u00e8 la compagna del tastierista dei Subsonica Boosta, con il quale ha avuto due figile. E la sua principale attivit\u00e0 ormai, oltre a quella di mamma, sembra essere quella di Dj, che svolge nei locali di tutta Europa.<\/p>\n","protected":false},"author":10,"featured_media":0,"comment_status":"open","ping_status":"open","sticky":false,"template":"","format":"standard","meta":{"cybocfi_hide_featured_image":"","footnotes":""},"categories":[202],"tags":[385,9510,7847],"class_list":["post-2945","post","type-post","status-publish","format-standard","hentry","category-cinema","tag-calendario","tag-fernanda-lessa","tag-sexy"],"yoast_head":"<!-- This site is optimized with the Yoast SEO plugin v27.0 - https:\/\/yoast.com\/product\/yoast-seo-wordpress\/ -->\n<title>Fernanda Lessa, un calendario aggressivo - Article Marketing<\/title>\n<meta name=\"robots\" content=\"index, follow, max-snippet:-1, max-image-preview:large, max-video-preview:-1\" \/>\n<link rel=\"canonical\" href=\"https:\/\/www.article-marketing.eu\/comunicati\/arte-e-cultura\/cinema\/fernanda-lessa-un-calendario-aggressivo\/\" \/>\n<meta property=\"og:locale\" content=\"it_IT\" \/>\n<meta property=\"og:type\" content=\"article\" \/>\n<meta property=\"og:title\" content=\"Fernanda Lessa, un calendario aggressivo - Article Marketing\" \/>\n<meta property=\"og:description\" content=\"Mora, piglio aggressivo e un calendario dal tono allusivamente saffico. Cos\u00ec si presentava per &quot;GQ&quot; Fernanda Lessa nel 2003. La sua compagna di calendario era Federica Fontana ma in questo caso le luci sono tutte sulla brasiliana, all&#039;epoca al massimo della forma e della notoriet\u00e0. Proprio in quell&#039;anno la modella era infatti protagonista di alcuni programmi tanto in Rai quanto su Mediaset. E il calendario era l&#039;investitura a **** symbol. Nei primi anni del 2000 infatti il calendario era ancora un obiettivo riservato a poche. Ancora doveva arrivare l&#039;invasione con decine di lunari ogni anno a dar spazio tanto a volti noti quanto a starlette alle prime armi con tanta voglia di apparire. Quello per &quot;GQ&quot; accanto a Federica Fontana, per la Lessa era davvero l&#039;imprimatur definitivo. Il suo volto (e il suo corpo) erano diventati celebri inizialmente per una serie di spot pubblicitari. Tutti assaggi che avevano fatto alzare l&#039;adrenalina dei fan giunta al livello massimo al momento del calendario. Che tra l&#039;altro presentava una serie di scatti non solo di nudo ma ad altissimo tasso erotico. Fernanda ormai \u00e8 lontano dai riflettori da molto tempo. L&#039;ultima volta che si \u00e8 prsentato al grande pubblico \u00e8 stato nel 2006 per &quot;L&#039;Isola dei famosi&quot;. Dallo stesso anno \u00e8 la compagna del tastierista dei Subsonica Boosta, con il quale ha avuto due figile. E la sua principale attivit\u00e0 ormai, oltre a quella di mamma, sembra essere quella di Dj, che svolge nei locali di tutta Europa.\" \/>\n<meta property=\"og:url\" content=\"https:\/\/www.article-marketing.eu\/comunicati\/arte-e-cultura\/cinema\/fernanda-lessa-un-calendario-aggressivo\/\" \/>\n<meta property=\"og:site_name\" content=\"Article Marketing\" \/>\n<meta property=\"article:published_time\" content=\"2009-10-06T09:28:46+00:00\" \/>\n<meta name=\"author\" content=\"Redazione Comunicati Stampa\" \/>\n<meta name=\"twitter:card\" content=\"summary_large_image\" \/>\n<meta name=\"twitter:label1\" content=\"Scritto da\" \/>\n\t<meta name=\"twitter:data1\" content=\"Redazione Comunicati Stampa\" \/>\n\t<meta name=\"twitter:label2\" content=\"Tempo di lettura stimato\" \/>\n\t<meta name=\"twitter:data2\" content=\"4 minuti\" \/>\n<script type=\"application\/ld+json\" class=\"yoast-schema-graph\">{\"@context\":\"https:\/\/schema.org\",\"@graph\":[{\"@type\":\"Article\",\"@id\":\"https:\/\/www.article-marketing.eu\/comunicati\/arte-e-cultura\/cinema\/fernanda-lessa-un-calendario-aggressivo\/#article\",\"isPartOf\":{\"@id\":\"https:\/\/www.article-marketing.eu\/comunicati\/arte-e-cultura\/cinema\/fernanda-lessa-un-calendario-aggressivo\/\"},\"author\":{\"name\":\"Redazione Comunicati Stampa\",\"@id\":\"https:\/\/www.article-marketing.eu\/comunicati\/#\/schema\/person\/44372e4d4d0fa797b18e03ed1ace9017\"},\"headline\":\"Fernanda Lessa, un calendario aggressivo\",\"datePublished\":\"2009-10-06T09:28:46+00:00\",\"mainEntityOfPage\":{\"@id\":\"https:\/\/www.article-marketing.eu\/comunicati\/arte-e-cultura\/cinema\/fernanda-lessa-un-calendario-aggressivo\/\"},\"wordCount\":792,\"commentCount\":0,\"keywords\":[\"calendario\",\"fernanda lessa\",\"sexy\"],\"articleSection\":[\"Cinema\"],\"inLanguage\":\"it-IT\",\"potentialAction\":[{\"@type\":\"CommentAction\",\"name\":\"Comment\",\"target\":[\"https:\/\/www.article-marketing.eu\/comunicati\/arte-e-cultura\/cinema\/fernanda-lessa-un-calendario-aggressivo\/#respond\"]}]},{\"@type\":\"WebPage\",\"@id\":\"https:\/\/www.article-marketing.eu\/comunicati\/arte-e-cultura\/cinema\/fernanda-lessa-un-calendario-aggressivo\/\",\"url\":\"https:\/\/www.article-marketing.eu\/comunicati\/arte-e-cultura\/cinema\/fernanda-lessa-un-calendario-aggressivo\/\",\"name\":\"Fernanda Lessa, un calendario aggressivo - Article Marketing\",\"isPartOf\":{\"@id\":\"https:\/\/www.article-marketing.eu\/comunicati\/#website\"},\"datePublished\":\"2009-10-06T09:28:46+00:00\",\"author\":{\"@id\":\"https:\/\/www.article-marketing.eu\/comunicati\/#\/schema\/person\/44372e4d4d0fa797b18e03ed1ace9017\"},\"breadcrumb\":{\"@id\":\"https:\/\/www.article-marketing.eu\/comunicati\/arte-e-cultura\/cinema\/fernanda-lessa-un-calendario-aggressivo\/#breadcrumb\"},\"inLanguage\":\"it-IT\",\"potentialAction\":[{\"@type\":\"ReadAction\",\"target\":[\"https:\/\/www.article-marketing.eu\/comunicati\/arte-e-cultura\/cinema\/fernanda-lessa-un-calendario-aggressivo\/\"]}]},{\"@type\":\"BreadcrumbList\",\"@id\":\"https:\/\/www.article-marketing.eu\/comunicati\/arte-e-cultura\/cinema\/fernanda-lessa-un-calendario-aggressivo\/#breadcrumb\",\"itemListElement\":[{\"@type\":\"ListItem\",\"position\":1,\"name\":\"Home\",\"item\":\"https:\/\/www.article-marketing.eu\/comunicati\/\"},{\"@type\":\"ListItem\",\"position\":2,\"name\":\"Fernanda Lessa, un calendario aggressivo\"}]},{\"@type\":\"WebSite\",\"@id\":\"https:\/\/www.article-marketing.eu\/comunicati\/#website\",\"url\":\"https:\/\/www.article-marketing.eu\/comunicati\/\",\"name\":\"Article Marketing\",\"description\":\"article marketing &amp; press release\",\"potentialAction\":[{\"@type\":\"SearchAction\",\"target\":{\"@type\":\"EntryPoint\",\"urlTemplate\":\"https:\/\/www.article-marketing.eu\/comunicati\/?s={search_term_string}\"},\"query-input\":{\"@type\":\"PropertyValueSpecification\",\"valueRequired\":true,\"valueName\":\"search_term_string\"}}],\"inLanguage\":\"it-IT\"},{\"@type\":\"Person\",\"@id\":\"https:\/\/www.article-marketing.eu\/comunicati\/#\/schema\/person\/44372e4d4d0fa797b18e03ed1ace9017\",\"name\":\"Redazione Comunicati Stampa\",\"image\":{\"@type\":\"ImageObject\",\"inLanguage\":\"it-IT\",\"@id\":\"https:\/\/www.article-marketing.eu\/comunicati\/#\/schema\/person\/image\/\",\"url\":\"https:\/\/secure.gravatar.com\/avatar\/50e5c6421d3072f42e7ace803501602c60d75233d34e29fd05feb91c8760b792?s=96&d=mm&r=g\",\"contentUrl\":\"https:\/\/secure.gravatar.com\/avatar\/50e5c6421d3072f42e7ace803501602c60d75233d34e29fd05feb91c8760b792?s=96&d=mm&r=g\",\"caption\":\"Redazione Comunicati Stampa\"},\"url\":\"https:\/\/www.article-marketing.eu\/comunicati\/author\/redazione-comunicati-stampa\/\"}]}<\/script>\n<!-- \/ Yoast SEO plugin. -->","yoast_head_json":{"title":"Fernanda Lessa, un calendario aggressivo - Article Marketing","robots":{"index":"index","follow":"follow","max-snippet":"max-snippet:-1","max-image-preview":"max-image-preview:large","max-video-preview":"max-video-preview:-1"},"canonical":"https:\/\/www.article-marketing.eu\/comunicati\/arte-e-cultura\/cinema\/fernanda-lessa-un-calendario-aggressivo\/","og_locale":"it_IT","og_type":"article","og_title":"Fernanda Lessa, un calendario aggressivo - Article Marketing","og_description":"Mora, piglio aggressivo e un calendario dal tono allusivamente saffico. Cos\u00ec si presentava per \"GQ\" Fernanda Lessa nel 2003. La sua compagna di calendario era Federica Fontana ma in questo caso le luci sono tutte sulla brasiliana, all'epoca al massimo della forma e della notoriet\u00e0. Proprio in quell'anno la modella era infatti protagonista di alcuni programmi tanto in Rai quanto su Mediaset. E il calendario era l'investitura a **** symbol. Nei primi anni del 2000 infatti il calendario era ancora un obiettivo riservato a poche. Ancora doveva arrivare l'invasione con decine di lunari ogni anno a dar spazio tanto a volti noti quanto a starlette alle prime armi con tanta voglia di apparire. Quello per \"GQ\" accanto a Federica Fontana, per la Lessa era davvero l'imprimatur definitivo. Il suo volto (e il suo corpo) erano diventati celebri inizialmente per una serie di spot pubblicitari. Tutti assaggi che avevano fatto alzare l'adrenalina dei fan giunta al livello massimo al momento del calendario. Che tra l'altro presentava una serie di scatti non solo di nudo ma ad altissimo tasso erotico. Fernanda ormai \u00e8 lontano dai riflettori da molto tempo. L'ultima volta che si \u00e8 prsentato al grande pubblico \u00e8 stato nel 2006 per \"L'Isola dei famosi\". Dallo stesso anno \u00e8 la compagna del tastierista dei Subsonica Boosta, con il quale ha avuto due figile. E la sua principale attivit\u00e0 ormai, oltre a quella di mamma, sembra essere quella di Dj, che svolge nei locali di tutta Europa.","og_url":"https:\/\/www.article-marketing.eu\/comunicati\/arte-e-cultura\/cinema\/fernanda-lessa-un-calendario-aggressivo\/","og_site_name":"Article Marketing","article_published_time":"2009-10-06T09:28:46+00:00","author":"Redazione Comunicati Stampa","twitter_card":"summary_large_image","twitter_misc":{"Scritto da":"Redazione Comunicati Stampa","Tempo di lettura stimato":"4 minuti"},"schema":{"@context":"https:\/\/schema.org","@graph":[{"@type":"Article","@id":"https:\/\/www.article-marketing.eu\/comunicati\/arte-e-cultura\/cinema\/fernanda-lessa-un-calendario-aggressivo\/#article","isPartOf":{"@id":"https:\/\/www.article-marketing.eu\/comunicati\/arte-e-cultura\/cinema\/fernanda-lessa-un-calendario-aggressivo\/"},"author":{"name":"Redazione Comunicati Stampa","@id":"https:\/\/www.article-marketing.eu\/comunicati\/#\/schema\/person\/44372e4d4d0fa797b18e03ed1ace9017"},"headline":"Fernanda Lessa, un calendario aggressivo","datePublished":"2009-10-06T09:28:46+00:00","mainEntityOfPage":{"@id":"https:\/\/www.article-marketing.eu\/comunicati\/arte-e-cultura\/cinema\/fernanda-lessa-un-calendario-aggressivo\/"},"wordCount":792,"commentCount":0,"keywords":["calendario","fernanda lessa","sexy"],"articleSection":["Cinema"],"inLanguage":"it-IT","potentialAction":[{"@type":"CommentAction","name":"Comment","target":["https:\/\/www.article-marketing.eu\/comunicati\/arte-e-cultura\/cinema\/fernanda-lessa-un-calendario-aggressivo\/#respond"]}]},{"@type":"WebPage","@id":"https:\/\/www.article-marketing.eu\/comunicati\/arte-e-cultura\/cinema\/fernanda-lessa-un-calendario-aggressivo\/","url":"https:\/\/www.article-marketing.eu\/comunicati\/arte-e-cultura\/cinema\/fernanda-lessa-un-calendario-aggressivo\/","name":"Fernanda Lessa, un calendario aggressivo - Article Marketing","isPartOf":{"@id":"https:\/\/www.article-marketing.eu\/comunicati\/#website"},"datePublished":"2009-10-06T09:28:46+00:00","author":{"@id":"https:\/\/www.article-marketing.eu\/comunicati\/#\/schema\/person\/44372e4d4d0fa797b18e03ed1ace9017"},"breadcrumb":{"@id":"https:\/\/www.article-marketing.eu\/comunicati\/arte-e-cultura\/cinema\/fernanda-lessa-un-calendario-aggressivo\/#breadcrumb"},"inLanguage":"it-IT","potentialAction":[{"@type":"ReadAction","target":["https:\/\/www.article-marketing.eu\/comunicati\/arte-e-cultura\/cinema\/fernanda-lessa-un-calendario-aggressivo\/"]}]},{"@type":"BreadcrumbList","@id":"https:\/\/www.article-marketing.eu\/comunicati\/arte-e-cultura\/cinema\/fernanda-lessa-un-calendario-aggressivo\/#breadcrumb","itemListElement":[{"@type":"ListItem","position":1,"name":"Home","item":"https:\/\/www.article-marketing.eu\/comunicati\/"},{"@type":"ListItem","position":2,"name":"Fernanda Lessa, un calendario aggressivo"}]},{"@type":"WebSite","@id":"https:\/\/www.article-marketing.eu\/comunicati\/#website","url":"https:\/\/www.article-marketing.eu\/comunicati\/","name":"Article Marketing","description":"article marketing &amp; press release","potentialAction":[{"@type":"SearchAction","target":{"@type":"EntryPoint","urlTemplate":"https:\/\/www.article-marketing.eu\/comunicati\/?s={search_term_string}"},"query-input":{"@type":"PropertyValueSpecification","valueRequired":true,"valueName":"search_term_string"}}],"inLanguage":"it-IT"},{"@type":"Person","@id":"https:\/\/www.article-marketing.eu\/comunicati\/#\/schema\/person\/44372e4d4d0fa797b18e03ed1ace9017","name":"Redazione Comunicati Stampa","image":{"@type":"ImageObject","inLanguage":"it-IT","@id":"https:\/\/www.article-marketing.eu\/comunicati\/#\/schema\/person\/image\/","url":"https:\/\/secure.gravatar.com\/avatar\/50e5c6421d3072f42e7ace803501602c60d75233d34e29fd05feb91c8760b792?s=96&d=mm&r=g","contentUrl":"https:\/\/secure.gravatar.com\/avatar\/50e5c6421d3072f42e7ace803501602c60d75233d34e29fd05feb91c8760b792?s=96&d=mm&r=g","caption":"Redazione Comunicati Stampa"},"url":"https:\/\/www.article-marketing.eu\/comunicati\/author\/redazione-comunicati-stampa\/"}]}},"_links":{"self":[{"href":"https:\/\/www.article-marketing.eu\/comunicati\/wp-json\/wp\/v2\/posts\/2945","targetHints":{"allow":["GET"]}}],"collection":[{"href":"https:\/\/www.article-marketing.eu\/comunicati\/wp-json\/wp\/v2\/posts"}],"about":[{"href":"https:\/\/www.article-marketing.eu\/comunicati\/wp-json\/wp\/v2\/types\/post"}],"author":[{"embeddable":true,"href":"https:\/\/www.article-marketing.eu\/comunicati\/wp-json\/wp\/v2\/users\/10"}],"replies":[{"embeddable":true,"href":"https:\/\/www.article-marketing.eu\/comunicati\/wp-json\/wp\/v2\/comments?post=2945"}],"version-history":[{"count":0,"href":"https:\/\/www.article-marketing.eu\/comunicati\/wp-json\/wp\/v2\/posts\/2945\/revisions"}],"wp:attachment":[{"href":"https:\/\/www.article-marketing.eu\/comunicati\/wp-json\/wp\/v2\/media?parent=2945"}],"wp:term":[{"taxonomy":"category","embeddable":true,"href":"https:\/\/www.article-marketing.eu\/comunicati\/wp-json\/wp\/v2\/categories?post=2945"},{"taxonomy":"post_tag","embeddable":true,"href":"https:\/\/www.article-marketing.eu\/comunicati\/wp-json\/wp\/v2\/tags?post=2945"}],"curies":[{"name":"wp","href":"https:\/\/api.w.org\/{rel}","templated":true}]}}