{"id":29513,"date":"2009-04-09T16:00:28","date_gmt":"2009-04-09T14:00:28","guid":{"rendered":"http:\/\/www.article-marketing.eu\/comunicati\/senza-categoria\/tradizioni-pasquali-in-italia\/"},"modified":"2009-04-09T16:00:28","modified_gmt":"2009-04-09T14:00:28","slug":"tradizioni-pasquali-in-italia","status":"publish","type":"post","link":"https:\/\/www.article-marketing.eu\/comunicati\/arte-e-cultura\/tradizioni-pasquali-in-italia\/","title":{"rendered":"Tradizioni Pasquali in Italia."},"content":{"rendered":"<p style=\"MARGIN: 0cm 0cm 10pt; TEXT-ALIGN: justify\">Mancano pochi giorni ormai al 12 Aprile. Tra una settimana sar\u00e0 <strong>Pasqua<\/strong>. Come ben sappiamo \u00e8 la maggiore festivit\u00e0 del calendario liturgico della Chiesa Cattolica e delle altre Chiese cristiane che celebrano la Resurrezione di Ges\u00f9 di Nazareth avvenuta, secondo le Scritture, tre giorni dopo la sua morte in croce. <\/p>\n<p>Pasqua \u00e8 una festa mobile, nel senso che viene celebrata ogni anno in una domenica diversa. Quest\u2019ultima viene fissata, seconda quanto stabilito nel Concilio di Nicea, la prima domenica dopo la luna piena seguente l\u2019equinozio di primavera. <\/p>\n<p>A <strong>Pasqua<\/strong> l\u2019Italia &quot;mette in scena&quot; oltre <em>tremila<\/em> rappresentazioni viventi. Da Nord a Sud \u00e8 un susseguirsi di processioni, riti religiosi, feste popolari, rappresentazioni sacre, sagre e tradizioni folcloristiche. Interi Paesi scendono in Piazza, durante la <em>Settimama Santa<\/em>, per celebrare e commemorare il dramma sacro della Morte e della Resurrezione di Cristo. <\/p>\n<p>La notte del Venerd\u00ec Santo le strade si illuminano di fiaccole e vengono solcate da affollate processioni: talvolta i penitenti sono a piedi scalzi o in catene per rendere pi\u00f9 difficili e faticosi i percorsi della redenzione. <\/p>\n<p>A <strong>Sassari<\/strong>, ad esempio, le celebrazioni si aprono con la messa nelle Chiesa delle monache Cappuccine e con la benedizione delle Palme nella Chiesa della Santissima Trinit\u00e0. Celebrazione di grande effetto \u00e8 la rappresentazione della \u201c<strong><em>Madonna dei Sette Dolori<\/em><\/strong>\u201d: una statua della Vergine Maria viene portata in processione dai membri di tutte le confraternite alla ricerca del Figlio morto. Nel Venerd\u00ec Santo si ripete il rito della deposizione del Cristo, seguito dalla Via Crucis e dalla processione del Cristo morto. La Domenica si svolge il suggestivo rito dell\u2019incontro tra Madre e Figlio. La Madonna, comincia il suo percorso in Piazza Sant\u2019Antonio e vaga per le vie della citt\u00e0 per arrivare in Piazza Colonna Mariana dove avviene il commovente incontro con il Cristo Risorto. <\/p>\n<p>A <strong>Sulmona<\/strong> si rinnova uno dei riti pi\u00f9 suggestivi di tutto l\u2019Abruzzo. Si tratta de &quot;<strong><em>La Madonna che scappa<\/em><\/strong>&quot;. La domenica mattina, dall&#8217;antica chiesa medievale di Santa Maria della Tomba, ha inizio la processione con la statua della Madonna di Loreto portata a spalle dai confratelli che di dirigono verso Piazza Garibaldi. Inizialmente la statua di Maria procede lentamente per poi iniziare una corsa verso il Figlio. Durante questa corsa, la Madonna perde il manto nero che la avvolge, al posto del fazzoletto del lutto tra le sue mani spunta una rosa rossa e candide colombe si levano tutt\u2019intorno alle statue della madre e del figlio finalmente riunite. Comincia cos\u00ec un corteo che percorre festoso le vie della citt\u00e0 accompagnato dal suono delle campane in festa e dai fuochi d\u2019artificio. Secondo la tradizione, la perdita del velo, la rosa rossa e le colombe sono auspici di prosperit\u00e0.<\/p>\n<p>A <strong>Firenze<\/strong>, anche quest\u2019anno, prender\u00e0 vita la celebrazione \u201c<strong><em>Lo scoppio del carro<\/em><\/strong>\u201d. Ma in che consiste tale rito? Un carro viene trasportato da buoi bianchi, scortati da 150 tra musicisti, sbandieratori e armati, dal Piazzale del Prato fino al Duomo di Firenze e si tende ad esso un filo di ferro che lo unisce all\u2019altare maggiore. Lungo il filo viene legata una colombina che porta nel becco un ramoscello di ulivo e che ha il compito di scivolare verso il carro con la miccia accesa per incendiare i fuochi d\u2019artificio contenuti su di esso. La tradizione vuol che se lo scoppio risulta perfetto e se la colombina compie il percorso per intero per Firenze si preannuncia un anno positivo. <\/p>\n<p>Grande attesa per le feste di Pasqua anche a <strong>Roma<\/strong>! In questa particolare occasione si celebrer\u00e0 la XII edizione del Festival di Pasqua: la manifestazione \u00e8 dedicata alla musica sacra nel mondo.&nbsp;Si assister\u00e0 ad un concerto dedicato alla pace con la speranza di donare serenit\u00e0 ed armonia nei cuori degli italiani.<\/p>\n<p>La domenica delle Palme rappresenta un momento importante per l&#8217;inizio della tradizione in <strong>Calabria<\/strong>. Con l\u2019inizio della Settimana Santa, infatti, cominciano i preparativi della pasqua. Si inizia, fra mercoled\u00ec e gioved\u00ec, a preparare i \u201cSepolcri\u201d in ognuna delle Chiese sparse dei paesi. I veli che scendono dal soffitto di ogni sepolcro simboleggiano il sudario in cui \u00e8 stato avvolto il Cristo dopo la sua deposizione nel sepolcro.<br \/>Fino al venerd\u00ec pomeriggio al centro del sepolcro rimane un cuscino vuoto. Alle 15:00, ora in cui \u00e8 morto Ges\u00f9, su quel cuscino viene deposto il crocifisso.<br \/>La giornata del Venerd\u00ec \u00e8 tutta dedicata alla processione, che ripercorre le fasi della Passione, percorrendo le vie dei paesi.<\/p>\n<p>A <strong>Lucca<\/strong> le manifestazioni della Settimana Santa cominciano la <em>Domenica delle Palme<\/em> nella Piazza del Paese dove viene rappresentato l\u2019arrivo di Ges\u00f9 e dei Discepoli a Gerusalemme. Le manifestazioni proseguono il <em>Gioved\u00ec Santo<\/em> con la \u201cLavanda dei Piedi\u201d e la rappresentazione scenica dell\u2019Ultima Cena. Il <em>Venerd\u00ec Santo<\/em> il paese viene illuminato per la ricostruzione del Calvario e vari personaggi ricostruiscono le stazioni della Via Crucis. <\/p>\n<p>A <strong>Bormio,<\/strong> in provincia di Sondrio, esiste una tradizione unica nel suo genere, che affonda le sue radici nella natura pastorale di questa terra: sono i \u201c<strong><em>Pasquali<\/em><\/strong>\u201d, vero e proprio rito propiziatorio per la nuova stagione dopo i rigori dell\u2019inverno. I Pasquali consistono nella benedizione di cinque agnellini che vengono trasportati nella chiesa arciprete ornati nel migliore dei modi da ciascuno dei cinque rioni in cui \u00e8 suddiviso il borgo. Ogni pastore rionale conduce il suo agnellino alla chiesa di appartenenza. La preparazione dei Pasquali comincia in pieno inverno quando la Pasqua \u00e8 ancora lontana. Nei singoli rioni vengono costituiti gruppi di giovani guidati da un capo. Ogni gruppo sceglie un tema che abbia attinenza con la Pasqua che va realizzato attraverso una composizione artigianale e artistica. <\/p>\n<p>La Settimana Santa nell\u2019isola di <strong>Procida<\/strong> \u00e8 da secoli una delle pi\u00f9 suggestive tradizioni pasquali italiane. Un continuo di emozioni che hanno il loro culmine nelle celebrazioni religiose del Gioved\u00ec e Venerd\u00ec Santo la cui preparazione aggrega, nei mesi precedenti, migliaia di persone. Gioved\u00ec Santo al tramonto si svolge la <em><strong>processione dei Dodici Apostoli incappucciati<\/strong><\/em> organizzata dalla pi\u00f9 antica confraternita dell\u2019isola, quella dei Bianchi fondata nel 1583 dal Cardinale Innico d\u2019Avalos d\u2019Aragona. La prima parte si svolge in una delle tredici chiese dell\u2019isola dove i dodici confratelli dapprima indossano il loro abito da confraternita e poi celebrano il rituale della Lavanda dei Piedi. Terminata la funzione religiosa, gli apostoli si incappucciano e, con una croce nella spalla e una corona di spine sul capo, procedono per le strade dell\u2019isola scortati dalla figura del \u201ccenturione\u201d, dai cerimonieri e dai restanti partecipanti delle confraternite che sfilano con in mano dei grossi ceri. Al termine della processione si celebra l\u2019Ultima Cena con gli apostoli disposti lungo un tavolo dove consumano un pasto a base di legumi, pesce arrostito, agnello, pane azzimo e vino. Il momento pi\u00f9 suggestivo della Settimana Santa \u00e8 il Venerd\u00ec Santo. In questo giorno solenne si svolge la processione dei <strong>Misteri<\/strong>. <br \/>Questa viene organizzata dalla confraternita dei <strong>Turchini<\/strong> o dell&#8217;<strong>Immacolata Concezione<\/strong>, fondata nel 1629 dai padri Gesuiti e tutti i partecipanti, per l&#8217;occasione, indossano l&#8217;abito bianco sormontato dalla &quot;mozzetta&quot;, o mantello, di colore azzurro. I <strong>misteri<\/strong> rappresentano episodi dell&#8217;Antico Testamento o del Vangelo e vengono raggruppati per tema religioso. <br \/>La processione si apre con il suono di una tromba e la risposta di 3 colpi di tamburo: questo il richiamo che accompagner\u00e0 la processione tutta.<\/p>\n<p><strong><em><u>La redazione di bed and breakfast mania ne approfitta per augurarvi una serena Pasqua, che vi porti felicit\u00e0, fortuna e che Ges\u00f9 vegli su di voi. Auguri <\/u><\/em><\/strong><\/p>\n<p><strong><em><u>Un pensiero va rivolto soprattutto alle vittime del disastro in Abruzzo\u2026 che tutto possa risolversi per il meglio.<\/u><\/em><\/strong><\/p>\n","protected":false},"excerpt":{"rendered":"<p>A Pasqua l\u2019Italia &#8220;mette in scena&#8221; oltre tremila rappresentazioni viventi. Da Nord a Sud \u00e8 un susseguirsi di processioni, riti religiosi, feste popolari, rappresentazioni sacre, sagre e tradizioni folcloristiche.<\/p>\n","protected":false},"author":10,"featured_media":0,"comment_status":"open","ping_status":"open","sticky":false,"template":"","format":"standard","meta":{"cybocfi_hide_featured_image":"","footnotes":""},"categories":[27],"tags":[38394],"class_list":["post-29513","post","type-post","status-publish","format-standard","hentry","category-arte-e-cultura","tag-tradizioni-pasquali-in-italia"],"yoast_head":"<!-- This site is optimized with the Yoast SEO plugin v27.0 - https:\/\/yoast.com\/product\/yoast-seo-wordpress\/ -->\n<title>Tradizioni Pasquali in Italia. - Article Marketing<\/title>\n<meta name=\"robots\" content=\"index, follow, max-snippet:-1, max-image-preview:large, max-video-preview:-1\" \/>\n<link rel=\"canonical\" href=\"https:\/\/www.article-marketing.eu\/comunicati\/arte-e-cultura\/tradizioni-pasquali-in-italia\/\" \/>\n<meta property=\"og:locale\" content=\"it_IT\" \/>\n<meta property=\"og:type\" content=\"article\" \/>\n<meta property=\"og:title\" content=\"Tradizioni Pasquali in Italia. - Article Marketing\" \/>\n<meta property=\"og:description\" content=\"A Pasqua l\u2019Italia &quot;mette in scena&quot; oltre tremila rappresentazioni viventi. Da Nord a Sud \u00e8 un susseguirsi di processioni, riti religiosi, feste popolari, rappresentazioni sacre, sagre e tradizioni folcloristiche.\" \/>\n<meta property=\"og:url\" content=\"https:\/\/www.article-marketing.eu\/comunicati\/arte-e-cultura\/tradizioni-pasquali-in-italia\/\" \/>\n<meta property=\"og:site_name\" content=\"Article Marketing\" \/>\n<meta property=\"article:published_time\" content=\"2009-04-09T14:00:28+00:00\" \/>\n<meta name=\"author\" content=\"Redazione Comunicati Stampa\" \/>\n<meta name=\"twitter:card\" content=\"summary_large_image\" \/>\n<meta name=\"twitter:label1\" content=\"Scritto da\" \/>\n\t<meta name=\"twitter:data1\" content=\"Redazione Comunicati Stampa\" \/>\n\t<meta name=\"twitter:label2\" content=\"Tempo di lettura stimato\" \/>\n\t<meta name=\"twitter:data2\" content=\"6 minuti\" \/>\n<script type=\"application\/ld+json\" class=\"yoast-schema-graph\">{\"@context\":\"https:\/\/schema.org\",\"@graph\":[{\"@type\":\"Article\",\"@id\":\"https:\/\/www.article-marketing.eu\/comunicati\/arte-e-cultura\/tradizioni-pasquali-in-italia\/#article\",\"isPartOf\":{\"@id\":\"https:\/\/www.article-marketing.eu\/comunicati\/arte-e-cultura\/tradizioni-pasquali-in-italia\/\"},\"author\":{\"name\":\"Redazione Comunicati Stampa\",\"@id\":\"https:\/\/www.article-marketing.eu\/comunicati\/#\/schema\/person\/44372e4d4d0fa797b18e03ed1ace9017\"},\"headline\":\"Tradizioni Pasquali in Italia.\",\"datePublished\":\"2009-04-09T14:00:28+00:00\",\"mainEntityOfPage\":{\"@id\":\"https:\/\/www.article-marketing.eu\/comunicati\/arte-e-cultura\/tradizioni-pasquali-in-italia\/\"},\"wordCount\":1258,\"commentCount\":0,\"keywords\":[\"Tradizioni Pasquali in Italia\"],\"articleSection\":[\"Arte e cultura\"],\"inLanguage\":\"it-IT\",\"potentialAction\":[{\"@type\":\"CommentAction\",\"name\":\"Comment\",\"target\":[\"https:\/\/www.article-marketing.eu\/comunicati\/arte-e-cultura\/tradizioni-pasquali-in-italia\/#respond\"]}]},{\"@type\":\"WebPage\",\"@id\":\"https:\/\/www.article-marketing.eu\/comunicati\/arte-e-cultura\/tradizioni-pasquali-in-italia\/\",\"url\":\"https:\/\/www.article-marketing.eu\/comunicati\/arte-e-cultura\/tradizioni-pasquali-in-italia\/\",\"name\":\"Tradizioni Pasquali in Italia. - Article Marketing\",\"isPartOf\":{\"@id\":\"https:\/\/www.article-marketing.eu\/comunicati\/#website\"},\"datePublished\":\"2009-04-09T14:00:28+00:00\",\"author\":{\"@id\":\"https:\/\/www.article-marketing.eu\/comunicati\/#\/schema\/person\/44372e4d4d0fa797b18e03ed1ace9017\"},\"breadcrumb\":{\"@id\":\"https:\/\/www.article-marketing.eu\/comunicati\/arte-e-cultura\/tradizioni-pasquali-in-italia\/#breadcrumb\"},\"inLanguage\":\"it-IT\",\"potentialAction\":[{\"@type\":\"ReadAction\",\"target\":[\"https:\/\/www.article-marketing.eu\/comunicati\/arte-e-cultura\/tradizioni-pasquali-in-italia\/\"]}]},{\"@type\":\"BreadcrumbList\",\"@id\":\"https:\/\/www.article-marketing.eu\/comunicati\/arte-e-cultura\/tradizioni-pasquali-in-italia\/#breadcrumb\",\"itemListElement\":[{\"@type\":\"ListItem\",\"position\":1,\"name\":\"Home\",\"item\":\"https:\/\/www.article-marketing.eu\/comunicati\/\"},{\"@type\":\"ListItem\",\"position\":2,\"name\":\"Tradizioni Pasquali in Italia.\"}]},{\"@type\":\"WebSite\",\"@id\":\"https:\/\/www.article-marketing.eu\/comunicati\/#website\",\"url\":\"https:\/\/www.article-marketing.eu\/comunicati\/\",\"name\":\"Article Marketing\",\"description\":\"article marketing &amp; press release\",\"potentialAction\":[{\"@type\":\"SearchAction\",\"target\":{\"@type\":\"EntryPoint\",\"urlTemplate\":\"https:\/\/www.article-marketing.eu\/comunicati\/?s={search_term_string}\"},\"query-input\":{\"@type\":\"PropertyValueSpecification\",\"valueRequired\":true,\"valueName\":\"search_term_string\"}}],\"inLanguage\":\"it-IT\"},{\"@type\":\"Person\",\"@id\":\"https:\/\/www.article-marketing.eu\/comunicati\/#\/schema\/person\/44372e4d4d0fa797b18e03ed1ace9017\",\"name\":\"Redazione Comunicati Stampa\",\"image\":{\"@type\":\"ImageObject\",\"inLanguage\":\"it-IT\",\"@id\":\"https:\/\/www.article-marketing.eu\/comunicati\/#\/schema\/person\/image\/\",\"url\":\"https:\/\/secure.gravatar.com\/avatar\/50e5c6421d3072f42e7ace803501602c60d75233d34e29fd05feb91c8760b792?s=96&d=mm&r=g\",\"contentUrl\":\"https:\/\/secure.gravatar.com\/avatar\/50e5c6421d3072f42e7ace803501602c60d75233d34e29fd05feb91c8760b792?s=96&d=mm&r=g\",\"caption\":\"Redazione Comunicati Stampa\"},\"url\":\"https:\/\/www.article-marketing.eu\/comunicati\/author\/redazione-comunicati-stampa\/\"}]}<\/script>\n<!-- \/ Yoast SEO plugin. -->","yoast_head_json":{"title":"Tradizioni Pasquali in Italia. - Article Marketing","robots":{"index":"index","follow":"follow","max-snippet":"max-snippet:-1","max-image-preview":"max-image-preview:large","max-video-preview":"max-video-preview:-1"},"canonical":"https:\/\/www.article-marketing.eu\/comunicati\/arte-e-cultura\/tradizioni-pasquali-in-italia\/","og_locale":"it_IT","og_type":"article","og_title":"Tradizioni Pasquali in Italia. - Article Marketing","og_description":"A Pasqua l\u2019Italia \"mette in scena\" oltre tremila rappresentazioni viventi. Da Nord a Sud \u00e8 un susseguirsi di processioni, riti religiosi, feste popolari, rappresentazioni sacre, sagre e tradizioni folcloristiche.","og_url":"https:\/\/www.article-marketing.eu\/comunicati\/arte-e-cultura\/tradizioni-pasquali-in-italia\/","og_site_name":"Article Marketing","article_published_time":"2009-04-09T14:00:28+00:00","author":"Redazione Comunicati Stampa","twitter_card":"summary_large_image","twitter_misc":{"Scritto da":"Redazione Comunicati Stampa","Tempo di lettura stimato":"6 minuti"},"schema":{"@context":"https:\/\/schema.org","@graph":[{"@type":"Article","@id":"https:\/\/www.article-marketing.eu\/comunicati\/arte-e-cultura\/tradizioni-pasquali-in-italia\/#article","isPartOf":{"@id":"https:\/\/www.article-marketing.eu\/comunicati\/arte-e-cultura\/tradizioni-pasquali-in-italia\/"},"author":{"name":"Redazione Comunicati Stampa","@id":"https:\/\/www.article-marketing.eu\/comunicati\/#\/schema\/person\/44372e4d4d0fa797b18e03ed1ace9017"},"headline":"Tradizioni Pasquali in Italia.","datePublished":"2009-04-09T14:00:28+00:00","mainEntityOfPage":{"@id":"https:\/\/www.article-marketing.eu\/comunicati\/arte-e-cultura\/tradizioni-pasquali-in-italia\/"},"wordCount":1258,"commentCount":0,"keywords":["Tradizioni Pasquali in Italia"],"articleSection":["Arte e cultura"],"inLanguage":"it-IT","potentialAction":[{"@type":"CommentAction","name":"Comment","target":["https:\/\/www.article-marketing.eu\/comunicati\/arte-e-cultura\/tradizioni-pasquali-in-italia\/#respond"]}]},{"@type":"WebPage","@id":"https:\/\/www.article-marketing.eu\/comunicati\/arte-e-cultura\/tradizioni-pasquali-in-italia\/","url":"https:\/\/www.article-marketing.eu\/comunicati\/arte-e-cultura\/tradizioni-pasquali-in-italia\/","name":"Tradizioni Pasquali in Italia. - Article Marketing","isPartOf":{"@id":"https:\/\/www.article-marketing.eu\/comunicati\/#website"},"datePublished":"2009-04-09T14:00:28+00:00","author":{"@id":"https:\/\/www.article-marketing.eu\/comunicati\/#\/schema\/person\/44372e4d4d0fa797b18e03ed1ace9017"},"breadcrumb":{"@id":"https:\/\/www.article-marketing.eu\/comunicati\/arte-e-cultura\/tradizioni-pasquali-in-italia\/#breadcrumb"},"inLanguage":"it-IT","potentialAction":[{"@type":"ReadAction","target":["https:\/\/www.article-marketing.eu\/comunicati\/arte-e-cultura\/tradizioni-pasquali-in-italia\/"]}]},{"@type":"BreadcrumbList","@id":"https:\/\/www.article-marketing.eu\/comunicati\/arte-e-cultura\/tradizioni-pasquali-in-italia\/#breadcrumb","itemListElement":[{"@type":"ListItem","position":1,"name":"Home","item":"https:\/\/www.article-marketing.eu\/comunicati\/"},{"@type":"ListItem","position":2,"name":"Tradizioni Pasquali in Italia."}]},{"@type":"WebSite","@id":"https:\/\/www.article-marketing.eu\/comunicati\/#website","url":"https:\/\/www.article-marketing.eu\/comunicati\/","name":"Article Marketing","description":"article marketing &amp; press release","potentialAction":[{"@type":"SearchAction","target":{"@type":"EntryPoint","urlTemplate":"https:\/\/www.article-marketing.eu\/comunicati\/?s={search_term_string}"},"query-input":{"@type":"PropertyValueSpecification","valueRequired":true,"valueName":"search_term_string"}}],"inLanguage":"it-IT"},{"@type":"Person","@id":"https:\/\/www.article-marketing.eu\/comunicati\/#\/schema\/person\/44372e4d4d0fa797b18e03ed1ace9017","name":"Redazione Comunicati Stampa","image":{"@type":"ImageObject","inLanguage":"it-IT","@id":"https:\/\/www.article-marketing.eu\/comunicati\/#\/schema\/person\/image\/","url":"https:\/\/secure.gravatar.com\/avatar\/50e5c6421d3072f42e7ace803501602c60d75233d34e29fd05feb91c8760b792?s=96&d=mm&r=g","contentUrl":"https:\/\/secure.gravatar.com\/avatar\/50e5c6421d3072f42e7ace803501602c60d75233d34e29fd05feb91c8760b792?s=96&d=mm&r=g","caption":"Redazione Comunicati Stampa"},"url":"https:\/\/www.article-marketing.eu\/comunicati\/author\/redazione-comunicati-stampa\/"}]}},"_links":{"self":[{"href":"https:\/\/www.article-marketing.eu\/comunicati\/wp-json\/wp\/v2\/posts\/29513","targetHints":{"allow":["GET"]}}],"collection":[{"href":"https:\/\/www.article-marketing.eu\/comunicati\/wp-json\/wp\/v2\/posts"}],"about":[{"href":"https:\/\/www.article-marketing.eu\/comunicati\/wp-json\/wp\/v2\/types\/post"}],"author":[{"embeddable":true,"href":"https:\/\/www.article-marketing.eu\/comunicati\/wp-json\/wp\/v2\/users\/10"}],"replies":[{"embeddable":true,"href":"https:\/\/www.article-marketing.eu\/comunicati\/wp-json\/wp\/v2\/comments?post=29513"}],"version-history":[{"count":0,"href":"https:\/\/www.article-marketing.eu\/comunicati\/wp-json\/wp\/v2\/posts\/29513\/revisions"}],"wp:attachment":[{"href":"https:\/\/www.article-marketing.eu\/comunicati\/wp-json\/wp\/v2\/media?parent=29513"}],"wp:term":[{"taxonomy":"category","embeddable":true,"href":"https:\/\/www.article-marketing.eu\/comunicati\/wp-json\/wp\/v2\/categories?post=29513"},{"taxonomy":"post_tag","embeddable":true,"href":"https:\/\/www.article-marketing.eu\/comunicati\/wp-json\/wp\/v2\/tags?post=29513"}],"curies":[{"name":"wp","href":"https:\/\/api.w.org\/{rel}","templated":true}]}}