{"id":29518,"date":"2009-10-07T19:43:12","date_gmt":"2009-10-07T17:43:12","guid":{"rendered":"http:\/\/www.article-marketing.eu\/comunicati\/senza-categoria\/in-vacanza-a-genova-ex-repubblica-marinara\/"},"modified":"2018-07-10T05:34:59","modified_gmt":"2018-07-10T03:34:59","slug":"in-vacanza-a-genova-ex-repubblica-marinara","status":"publish","type":"post","link":"https:\/\/www.article-marketing.eu\/comunicati\/viaggi-e-vacanze\/in-vacanza-a-genova-ex-repubblica-marinara\/","title":{"rendered":"In vacanza a Genova, ex repubblica marinara"},"content":{"rendered":"<p>Rappresenta un immenso patrimonio d\u2019arte, grazie ai palazzi, al porto, all\u2019acquario, alle sculture, ai musei e alle chiese. <strong>Genova<\/strong> \u00e8 una citt\u00e0 multiforme: fiera della propria storia politica e culturale, affascinante, splendida e vera citt\u00e0 di mare.<\/p>\n<p>Alloggiare in uno dei tanti bed and breakfast a Genova, situati vicino ai luoghi di maggior interesse turistico, vi permetter\u00e0 di visitare le bellezze della citt\u00e0 in modo pi\u00f9 agevole.<\/p>\n<p>Genova fu nel Medioevo una grande potenza marinara; nel XVI secolo i Doria, acuti mecenati delle arti, ne consolidarono la posizione di preminenza.<\/p>\n<p>Il centro medievale, il pi\u00f9 grande d&#8217;Europa, \u00e8 caratterizzato da vicoli dove, tra botteghe, trattorie e negozi caratteristici, si scorge il nobile passato della citt\u00e0, fatto di palazzi cinquecenteschi, edicole barocche, chiese romaniche affacciate su piccole piazze.<\/p>\n<p>In prossimit\u00e0 del porto \u00e8 situato <strong>l\u2019Acquario di Genova<\/strong>. Qui vivono foche, delfini, pinguini, squali ed innumerevoli specie di pesci che nuotano in enormi vasche. Vi assicuro che \u00e8 uno spettacolo da non perdere! <br \/>Inoltre proprio dal porto vi sono imbarcazioni grazie alle quali potrete fare il giro del golfo. Se l\u2019altezza non vi spaventa invece vi consiglio un giro nella ruota panoramica che sovrasta <strong>Ponte Spinola<\/strong>.&nbsp; <\/p>\n<p>Per la gioia dei pi\u00f9 piccoli esiste una vera e propria \u201c<strong>citt\u00e0 dei bambini<\/strong>\u201d. Potranno divertirsi con giochi, sfide, gare insieme ai loro coetanei. <\/p>\n<p>Il <strong>Galata Museo del Mare<\/strong>, il pi\u00f9 grande museo marittimo del Mediterraneo, sorge nel Palazzo Galata all&#8217;interno del porto antico nel quartiere <strong>Darsena<\/strong> dove le galee della Repubblica marinara venivano costruite. Il museo ospita al suo interno una sezione dedicata ai transatlantici con carte nautiche. Inoltre qui si svolgono numerose mostre ed attivit\u00e0 con scuole.<\/p>\n<p>Nella zona del <strong>Porto Antico<\/strong> potrete visitare il <strong>Museo Nazionale dell\u2019Antartide<\/strong>. Si tratta di un museo scientifico raccordato al Programma Nazionale di Ricerche in Antartide e per tale motivo \u00e8 continuamente aggiornato per quel che riguarda i contenuti e rinnovato dal punto di vista degli elementi espositivi e degli strumenti di divulgazione e didattici. Sono a disposizione degli studenti e degli accompagnatori dei tavoli di lavoro per osservazioni al microscopio, videocamera e PC multimediali.<\/p>\n<p>Come detto in precedenza, a Genova numerosi sono i palazzi che arricchiscono il patrimonio artistico della citt\u00e0, come il <strong>Palazzo Ducale<\/strong>, sede espositiva e centro culturale di Genova; <strong>Villa Pinelli<\/strong>, nel cuore del verde Parco Storico di Villa Serra. <\/p>\n<p>Numerose anche le chiese da visitare. La pi\u00f9 rinomata \u00e8 la <strong>Cattedrale di San Lorenzo<\/strong> testimonianza di diversi stili architettonici.<\/p>\n<p>Gli amanti dello shopping potranno recarsi in <strong>Via XX settembre<\/strong>. Assieme al Corso Italia che costeggia il lungomare \u00e8 uno dei luoghi prediletti per le passeggiate dei genovesi. Qui non mancano di certo negozi, boutique, ristoranti, bar e pub. <\/p>\n","protected":false},"excerpt":{"rendered":"<p>Citt\u00e0 d&#8217;arte e grande porto di mare, luogo di fiorenti traffici e scambi commerciali, Genova \u00e8 una delle grandi sorprese d&#8217;Italia.<\/p>\n","protected":false},"author":10,"featured_media":0,"comment_status":"open","ping_status":"open","sticky":false,"template":"","format":"standard","meta":{"cybocfi_hide_featured_image":"","footnotes":""},"categories":[280],"tags":[38405,36242,38403,38404,38402,38401],"class_list":["post-29518","post","type-post","status-publish","format-standard","hentry","category-viaggi-e-vacanze","tag-bb-a-genova","tag-bed-and-breakfast-a-genova","tag-cosa-vedere-a-genova","tag-dormire-a-genova","tag-informazioni-turistiche-a-genova","tag-turismo-a-genova"],"yoast_head":"<!-- This site is optimized with the Yoast SEO plugin v27.0 - https:\/\/yoast.com\/product\/yoast-seo-wordpress\/ -->\n<title>In vacanza a Genova, ex repubblica marinara - Article Marketing<\/title>\n<meta name=\"robots\" content=\"index, follow, max-snippet:-1, max-image-preview:large, max-video-preview:-1\" \/>\n<link rel=\"canonical\" href=\"https:\/\/www.article-marketing.eu\/comunicati\/viaggi-e-vacanze\/in-vacanza-a-genova-ex-repubblica-marinara\/\" \/>\n<meta property=\"og:locale\" content=\"it_IT\" \/>\n<meta property=\"og:type\" content=\"article\" \/>\n<meta property=\"og:title\" content=\"In vacanza a Genova, ex repubblica marinara - Article Marketing\" \/>\n<meta property=\"og:description\" content=\"Citt\u00e0 d&#039;arte e grande porto di mare, luogo di fiorenti traffici e scambi commerciali, Genova \u00e8 una delle grandi sorprese d&#039;Italia.\" \/>\n<meta property=\"og:url\" content=\"https:\/\/www.article-marketing.eu\/comunicati\/viaggi-e-vacanze\/in-vacanza-a-genova-ex-repubblica-marinara\/\" \/>\n<meta property=\"og:site_name\" content=\"Article Marketing\" \/>\n<meta property=\"article:published_time\" content=\"2009-10-07T17:43:12+00:00\" \/>\n<meta property=\"article:modified_time\" content=\"2018-07-10T03:34:59+00:00\" \/>\n<meta name=\"author\" content=\"Redazione Comunicati Stampa\" \/>\n<meta name=\"twitter:card\" content=\"summary_large_image\" \/>\n<meta name=\"twitter:label1\" content=\"Scritto da\" \/>\n\t<meta name=\"twitter:data1\" content=\"Redazione Comunicati Stampa\" \/>\n\t<meta name=\"twitter:label2\" content=\"Tempo di lettura stimato\" \/>\n\t<meta name=\"twitter:data2\" content=\"2 minuti\" \/>\n<script type=\"application\/ld+json\" class=\"yoast-schema-graph\">{\"@context\":\"https:\/\/schema.org\",\"@graph\":[{\"@type\":\"Article\",\"@id\":\"https:\/\/www.article-marketing.eu\/comunicati\/viaggi-e-vacanze\/in-vacanza-a-genova-ex-repubblica-marinara\/#article\",\"isPartOf\":{\"@id\":\"https:\/\/www.article-marketing.eu\/comunicati\/viaggi-e-vacanze\/in-vacanza-a-genova-ex-repubblica-marinara\/\"},\"author\":{\"name\":\"Redazione Comunicati Stampa\",\"@id\":\"https:\/\/www.article-marketing.eu\/comunicati\/#\/schema\/person\/44372e4d4d0fa797b18e03ed1ace9017\"},\"headline\":\"In vacanza a Genova, ex repubblica marinara\",\"datePublished\":\"2009-10-07T17:43:12+00:00\",\"dateModified\":\"2018-07-10T03:34:59+00:00\",\"mainEntityOfPage\":{\"@id\":\"https:\/\/www.article-marketing.eu\/comunicati\/viaggi-e-vacanze\/in-vacanza-a-genova-ex-repubblica-marinara\/\"},\"wordCount\":451,\"commentCount\":0,\"keywords\":[\"B&amp;B a Genova\",\"bed and breakfast a genova\",\"cosa vedere a Genova\",\"dormire a Genova\",\"informazioni turistiche a Genova\",\"turismo a Genova\"],\"articleSection\":[\"Viaggi e vacanze\"],\"inLanguage\":\"it-IT\",\"potentialAction\":[{\"@type\":\"CommentAction\",\"name\":\"Comment\",\"target\":[\"https:\/\/www.article-marketing.eu\/comunicati\/viaggi-e-vacanze\/in-vacanza-a-genova-ex-repubblica-marinara\/#respond\"]}]},{\"@type\":\"WebPage\",\"@id\":\"https:\/\/www.article-marketing.eu\/comunicati\/viaggi-e-vacanze\/in-vacanza-a-genova-ex-repubblica-marinara\/\",\"url\":\"https:\/\/www.article-marketing.eu\/comunicati\/viaggi-e-vacanze\/in-vacanza-a-genova-ex-repubblica-marinara\/\",\"name\":\"In vacanza a Genova, ex repubblica marinara - Article Marketing\",\"isPartOf\":{\"@id\":\"https:\/\/www.article-marketing.eu\/comunicati\/#website\"},\"datePublished\":\"2009-10-07T17:43:12+00:00\",\"dateModified\":\"2018-07-10T03:34:59+00:00\",\"author\":{\"@id\":\"https:\/\/www.article-marketing.eu\/comunicati\/#\/schema\/person\/44372e4d4d0fa797b18e03ed1ace9017\"},\"breadcrumb\":{\"@id\":\"https:\/\/www.article-marketing.eu\/comunicati\/viaggi-e-vacanze\/in-vacanza-a-genova-ex-repubblica-marinara\/#breadcrumb\"},\"inLanguage\":\"it-IT\",\"potentialAction\":[{\"@type\":\"ReadAction\",\"target\":[\"https:\/\/www.article-marketing.eu\/comunicati\/viaggi-e-vacanze\/in-vacanza-a-genova-ex-repubblica-marinara\/\"]}]},{\"@type\":\"BreadcrumbList\",\"@id\":\"https:\/\/www.article-marketing.eu\/comunicati\/viaggi-e-vacanze\/in-vacanza-a-genova-ex-repubblica-marinara\/#breadcrumb\",\"itemListElement\":[{\"@type\":\"ListItem\",\"position\":1,\"name\":\"Home\",\"item\":\"https:\/\/www.article-marketing.eu\/comunicati\/\"},{\"@type\":\"ListItem\",\"position\":2,\"name\":\"In vacanza a Genova, ex repubblica marinara\"}]},{\"@type\":\"WebSite\",\"@id\":\"https:\/\/www.article-marketing.eu\/comunicati\/#website\",\"url\":\"https:\/\/www.article-marketing.eu\/comunicati\/\",\"name\":\"Article Marketing\",\"description\":\"article marketing &amp; press release\",\"potentialAction\":[{\"@type\":\"SearchAction\",\"target\":{\"@type\":\"EntryPoint\",\"urlTemplate\":\"https:\/\/www.article-marketing.eu\/comunicati\/?s={search_term_string}\"},\"query-input\":{\"@type\":\"PropertyValueSpecification\",\"valueRequired\":true,\"valueName\":\"search_term_string\"}}],\"inLanguage\":\"it-IT\"},{\"@type\":\"Person\",\"@id\":\"https:\/\/www.article-marketing.eu\/comunicati\/#\/schema\/person\/44372e4d4d0fa797b18e03ed1ace9017\",\"name\":\"Redazione Comunicati Stampa\",\"image\":{\"@type\":\"ImageObject\",\"inLanguage\":\"it-IT\",\"@id\":\"https:\/\/www.article-marketing.eu\/comunicati\/#\/schema\/person\/image\/\",\"url\":\"https:\/\/secure.gravatar.com\/avatar\/50e5c6421d3072f42e7ace803501602c60d75233d34e29fd05feb91c8760b792?s=96&d=mm&r=g\",\"contentUrl\":\"https:\/\/secure.gravatar.com\/avatar\/50e5c6421d3072f42e7ace803501602c60d75233d34e29fd05feb91c8760b792?s=96&d=mm&r=g\",\"caption\":\"Redazione Comunicati Stampa\"},\"url\":\"https:\/\/www.article-marketing.eu\/comunicati\/author\/redazione-comunicati-stampa\/\"}]}<\/script>\n<!-- \/ Yoast SEO plugin. -->","yoast_head_json":{"title":"In vacanza a Genova, ex repubblica marinara - Article Marketing","robots":{"index":"index","follow":"follow","max-snippet":"max-snippet:-1","max-image-preview":"max-image-preview:large","max-video-preview":"max-video-preview:-1"},"canonical":"https:\/\/www.article-marketing.eu\/comunicati\/viaggi-e-vacanze\/in-vacanza-a-genova-ex-repubblica-marinara\/","og_locale":"it_IT","og_type":"article","og_title":"In vacanza a Genova, ex repubblica marinara - Article Marketing","og_description":"Citt\u00e0 d'arte e grande porto di mare, luogo di fiorenti traffici e scambi commerciali, Genova \u00e8 una delle grandi sorprese d'Italia.","og_url":"https:\/\/www.article-marketing.eu\/comunicati\/viaggi-e-vacanze\/in-vacanza-a-genova-ex-repubblica-marinara\/","og_site_name":"Article Marketing","article_published_time":"2009-10-07T17:43:12+00:00","article_modified_time":"2018-07-10T03:34:59+00:00","author":"Redazione Comunicati Stampa","twitter_card":"summary_large_image","twitter_misc":{"Scritto da":"Redazione Comunicati Stampa","Tempo di lettura stimato":"2 minuti"},"schema":{"@context":"https:\/\/schema.org","@graph":[{"@type":"Article","@id":"https:\/\/www.article-marketing.eu\/comunicati\/viaggi-e-vacanze\/in-vacanza-a-genova-ex-repubblica-marinara\/#article","isPartOf":{"@id":"https:\/\/www.article-marketing.eu\/comunicati\/viaggi-e-vacanze\/in-vacanza-a-genova-ex-repubblica-marinara\/"},"author":{"name":"Redazione Comunicati Stampa","@id":"https:\/\/www.article-marketing.eu\/comunicati\/#\/schema\/person\/44372e4d4d0fa797b18e03ed1ace9017"},"headline":"In vacanza a Genova, ex repubblica marinara","datePublished":"2009-10-07T17:43:12+00:00","dateModified":"2018-07-10T03:34:59+00:00","mainEntityOfPage":{"@id":"https:\/\/www.article-marketing.eu\/comunicati\/viaggi-e-vacanze\/in-vacanza-a-genova-ex-repubblica-marinara\/"},"wordCount":451,"commentCount":0,"keywords":["B&amp;B a Genova","bed and breakfast a genova","cosa vedere a Genova","dormire a Genova","informazioni turistiche a Genova","turismo a Genova"],"articleSection":["Viaggi e vacanze"],"inLanguage":"it-IT","potentialAction":[{"@type":"CommentAction","name":"Comment","target":["https:\/\/www.article-marketing.eu\/comunicati\/viaggi-e-vacanze\/in-vacanza-a-genova-ex-repubblica-marinara\/#respond"]}]},{"@type":"WebPage","@id":"https:\/\/www.article-marketing.eu\/comunicati\/viaggi-e-vacanze\/in-vacanza-a-genova-ex-repubblica-marinara\/","url":"https:\/\/www.article-marketing.eu\/comunicati\/viaggi-e-vacanze\/in-vacanza-a-genova-ex-repubblica-marinara\/","name":"In vacanza a Genova, ex repubblica marinara - Article Marketing","isPartOf":{"@id":"https:\/\/www.article-marketing.eu\/comunicati\/#website"},"datePublished":"2009-10-07T17:43:12+00:00","dateModified":"2018-07-10T03:34:59+00:00","author":{"@id":"https:\/\/www.article-marketing.eu\/comunicati\/#\/schema\/person\/44372e4d4d0fa797b18e03ed1ace9017"},"breadcrumb":{"@id":"https:\/\/www.article-marketing.eu\/comunicati\/viaggi-e-vacanze\/in-vacanza-a-genova-ex-repubblica-marinara\/#breadcrumb"},"inLanguage":"it-IT","potentialAction":[{"@type":"ReadAction","target":["https:\/\/www.article-marketing.eu\/comunicati\/viaggi-e-vacanze\/in-vacanza-a-genova-ex-repubblica-marinara\/"]}]},{"@type":"BreadcrumbList","@id":"https:\/\/www.article-marketing.eu\/comunicati\/viaggi-e-vacanze\/in-vacanza-a-genova-ex-repubblica-marinara\/#breadcrumb","itemListElement":[{"@type":"ListItem","position":1,"name":"Home","item":"https:\/\/www.article-marketing.eu\/comunicati\/"},{"@type":"ListItem","position":2,"name":"In vacanza a Genova, ex repubblica marinara"}]},{"@type":"WebSite","@id":"https:\/\/www.article-marketing.eu\/comunicati\/#website","url":"https:\/\/www.article-marketing.eu\/comunicati\/","name":"Article Marketing","description":"article marketing &amp; press release","potentialAction":[{"@type":"SearchAction","target":{"@type":"EntryPoint","urlTemplate":"https:\/\/www.article-marketing.eu\/comunicati\/?s={search_term_string}"},"query-input":{"@type":"PropertyValueSpecification","valueRequired":true,"valueName":"search_term_string"}}],"inLanguage":"it-IT"},{"@type":"Person","@id":"https:\/\/www.article-marketing.eu\/comunicati\/#\/schema\/person\/44372e4d4d0fa797b18e03ed1ace9017","name":"Redazione Comunicati Stampa","image":{"@type":"ImageObject","inLanguage":"it-IT","@id":"https:\/\/www.article-marketing.eu\/comunicati\/#\/schema\/person\/image\/","url":"https:\/\/secure.gravatar.com\/avatar\/50e5c6421d3072f42e7ace803501602c60d75233d34e29fd05feb91c8760b792?s=96&d=mm&r=g","contentUrl":"https:\/\/secure.gravatar.com\/avatar\/50e5c6421d3072f42e7ace803501602c60d75233d34e29fd05feb91c8760b792?s=96&d=mm&r=g","caption":"Redazione Comunicati Stampa"},"url":"https:\/\/www.article-marketing.eu\/comunicati\/author\/redazione-comunicati-stampa\/"}]}},"_links":{"self":[{"href":"https:\/\/www.article-marketing.eu\/comunicati\/wp-json\/wp\/v2\/posts\/29518","targetHints":{"allow":["GET"]}}],"collection":[{"href":"https:\/\/www.article-marketing.eu\/comunicati\/wp-json\/wp\/v2\/posts"}],"about":[{"href":"https:\/\/www.article-marketing.eu\/comunicati\/wp-json\/wp\/v2\/types\/post"}],"author":[{"embeddable":true,"href":"https:\/\/www.article-marketing.eu\/comunicati\/wp-json\/wp\/v2\/users\/10"}],"replies":[{"embeddable":true,"href":"https:\/\/www.article-marketing.eu\/comunicati\/wp-json\/wp\/v2\/comments?post=29518"}],"version-history":[{"count":1,"href":"https:\/\/www.article-marketing.eu\/comunicati\/wp-json\/wp\/v2\/posts\/29518\/revisions"}],"predecessor-version":[{"id":61849,"href":"https:\/\/www.article-marketing.eu\/comunicati\/wp-json\/wp\/v2\/posts\/29518\/revisions\/61849"}],"wp:attachment":[{"href":"https:\/\/www.article-marketing.eu\/comunicati\/wp-json\/wp\/v2\/media?parent=29518"}],"wp:term":[{"taxonomy":"category","embeddable":true,"href":"https:\/\/www.article-marketing.eu\/comunicati\/wp-json\/wp\/v2\/categories?post=29518"},{"taxonomy":"post_tag","embeddable":true,"href":"https:\/\/www.article-marketing.eu\/comunicati\/wp-json\/wp\/v2\/tags?post=29518"}],"curies":[{"name":"wp","href":"https:\/\/api.w.org\/{rel}","templated":true}]}}