{"id":2969,"date":"2009-10-07T15:45:43","date_gmt":"2009-10-07T13:45:43","guid":{"rendered":"http:\/\/www.article-marketing.eu\/comunicati\/senza-categoria\/portoni-breda-on-tour-nella-capitale-con-omega-professional\/"},"modified":"2009-10-07T15:45:43","modified_gmt":"2009-10-07T13:45:43","slug":"portoni-breda-on-tour-nella-capitale-con-omega-professional","status":"publish","type":"post","link":"https:\/\/www.article-marketing.eu\/comunicati\/arte-e-cultura\/giornalismo\/portoni-breda-on-tour-nella-capitale-con-omega-professional\/","title":{"rendered":"PORTONI BREDA ON-TOUR NELLA CAPITALE CON OMEGA PROFESSIONAL"},"content":{"rendered":"<p align=\"left\">Sequals (PORDENONE) &#8211; 7 Ottobre 2009<\/p>\n<p align=\"JUSTIFY\" style=\"margin-bottom: 0cm;\"><u><a href=\"http:\/\/omega-professional.bredasys.com\/\"><strong>Omega Professional<\/strong><\/a><\/u><strong>, Concessionario Breda Sistemi Industriali con sede a Roma,<br \/>\nintensifica gli sforzi commerciali impegnandosi in importanti azioni<br \/>\npromozionali sul territorio. In particolare, il conce<strong>ssionario sar\u00e0 presente al <\/strong><strong>Centro Roma Est<\/strong><strong>,<br \/>\nil polo commerciale pi\u00f9 grande e conosciuto della capitale, fino a<br \/>\ngioved\u00ec 22 ottobre; a seguire, il meglio della collezione de portoni<br \/>\nsezionali Breda sar\u00e0 esposto a <\/strong><strong>Moa Casa<\/strong><strong>,<br \/>\nrassegna fieristica dedicata all arredo e al design in programma alla<br \/>\nfiera di Roma da sabato 24 a domenica 1 novembre. Omega concluder\u00e0 il<br \/>\ntour commerciale con l esposizione nel <\/strong><strong>Centro Porta di Roma<\/strong><strong> dal 3 al 20 novembre.<\/strong><\/strong><\/p>\n<p align=\"JUSTIFY\" style=\"margin-bottom: 0cm;\"><strong>Sar\u00e0<br \/>\nl occasione per far apprezzare ai visitatori la serie di portoni<br \/>\nsezionali Domus Line in cui materiali, colori e allestimenti si<br \/>\ncombinano<br \/>\nmirabilmente con la tecnologia costruttiva che da sempre caratterizza<br \/>\nla qualit\u00e0 dei portoni sezionali Breda. Una linea connotata da grande<br \/>\nversatilit\u00e0 che consente di arricchire qualsiasi struttura<br \/>\narchitettonica con bellezza, stile e originalit\u00e0.<\/strong><\/p>\n<p align=\"JUSTIFY\" style=\"margin-bottom: 0cm;\"><strong>Nello specifico, Omega esporr\u00e0 i portoni modello <\/strong><strong>Cupis <\/strong><strong>e<\/strong><strong> Athes<\/strong><strong>.<br \/>\nIl primo \u00e8 una porta garage realizzata in acciaio effetto legno che si<br \/>\nadatta alla perfezione ad ambientazioni classiche. I pannelli sono<br \/>\nrivestiti con effetto legno e garantiscono un risultato estetico di<br \/>\nassoluto prestigio. La colorazione, disponibile nella variante quercia<br \/>\ndorata, quercia chiara, noce, mogano e simil legno verde, \u00e8 ottenuta<br \/>\ncon un innovativa tecnica di laminazione e successiva applicazione di<br \/>\nfilm plastici con protezione anti UVA.<\/strong><\/p>\n<p align=\"JUSTIFY\" style=\"margin-bottom: 0cm;\"><strong>Il secondo, Athes, si caratterizza dalla lavorazione a specchio dei pannelli, creando forme geometriche eleganti e<br \/>\nperfette, dalle pareti lisce prive di nervature. Tutto \u00e8 armonia ed<br \/>\nequilibrio, tutto induce a sfiorare con la mano le superfici lisce e<br \/>\nperfette. \u00c8 questo il fascino della perfezione.<\/strong><\/p>\n<p> <img decoding=\"async\" border=\"0\" id=\"BLOGGER_PHOTO_ID_5389830433082169538\" src=\"http:\/\/2.bp.blogspot.com\/_Tt1BfvyUHPo\/SsyGOOtz2MI\/AAAAAAAABA0\/K3eE0urIxB4\/s400\/Omega-Roma_est.jpg\" style=\"cursor: pointer; width: 400px; height: 300px;\" \/><\/p>\n<p>\n  Link al Set Flickr <strong>OMEGA PROFESSIONAL al Centro Commerciale Roma EST<\/strong><\/p>\n<p>\n            <strong><\/p>\n<p>                                      Per maggiori informazioni visitate il sito internet Breda Sistemi Industriali.<\/p>\n<p>                                    <strong><br \/>\n                                    Breda Sistemi Industriali S.p.A. &#8211; Portoni Sezionali Evoluti<\/strong><br \/>\n                                    Via Cecilia Danieli, 2 33090 Sequals &#8211; PORDENONE<br \/>\n                                      Tel. +39 0427.939311<br \/>\n                                      Fax. +39 0427.939321<br \/>\n                                      Email breda (at) bredasys.com<br \/>\n                                      Web http:\/\/www.bredasys.com\/<\/strong><\/p>\n<p>              <strong>Scaricate il Comunicato in WORD<\/strong><\/p>\n","protected":false},"excerpt":{"rendered":"<p>Fino a gioved\u00ec 22 ottobre il Centro Commerciale Roma Est, il pi\u00f9 grande e importante della citt\u00e0 eterna, ospiter\u00e0 il rivenditore di Breda Sistemi Industriali per promuovere al meglio i modelli di portoni sezionali e delle porte garage dell azienda friulana leader del settore<\/p>\n","protected":false},"author":10,"featured_media":0,"comment_status":"open","ping_status":"open","sticky":false,"template":"","format":"standard","meta":{"cybocfi_hide_featured_image":"","footnotes":""},"categories":[218],"tags":[],"class_list":["post-2969","post","type-post","status-publish","format-standard","hentry","category-giornalismo"],"yoast_head":"<!-- This site is optimized with the Yoast SEO plugin v27.0 - https:\/\/yoast.com\/product\/yoast-seo-wordpress\/ -->\n<title>PORTONI BREDA ON-TOUR NELLA CAPITALE CON OMEGA PROFESSIONAL - Article Marketing<\/title>\n<meta name=\"robots\" content=\"index, follow, max-snippet:-1, max-image-preview:large, max-video-preview:-1\" \/>\n<link rel=\"canonical\" href=\"https:\/\/www.article-marketing.eu\/comunicati\/arte-e-cultura\/giornalismo\/portoni-breda-on-tour-nella-capitale-con-omega-professional\/\" \/>\n<meta property=\"og:locale\" content=\"it_IT\" \/>\n<meta property=\"og:type\" content=\"article\" \/>\n<meta property=\"og:title\" content=\"PORTONI BREDA ON-TOUR NELLA CAPITALE CON OMEGA PROFESSIONAL - Article Marketing\" \/>\n<meta property=\"og:description\" content=\"Fino a gioved\u00ec 22 ottobre il Centro Commerciale Roma Est, il pi\u00f9 grande e importante della citt\u00e0 eterna, ospiter\u00e0 il rivenditore di Breda Sistemi Industriali per promuovere al meglio i modelli di portoni sezionali e delle porte garage dell azienda friulana leader del settore\" \/>\n<meta property=\"og:url\" content=\"https:\/\/www.article-marketing.eu\/comunicati\/arte-e-cultura\/giornalismo\/portoni-breda-on-tour-nella-capitale-con-omega-professional\/\" \/>\n<meta property=\"og:site_name\" content=\"Article Marketing\" \/>\n<meta property=\"article:published_time\" content=\"2009-10-07T13:45:43+00:00\" \/>\n<meta property=\"og:image\" content=\"http:\/\/2.bp.blogspot.com\/_Tt1BfvyUHPo\/SsyGOOtz2MI\/AAAAAAAABA0\/K3eE0urIxB4\/s400\/Omega-Roma_est.jpg\" \/>\n<meta name=\"author\" content=\"Redazione Comunicati Stampa\" \/>\n<meta name=\"twitter:card\" content=\"summary_large_image\" \/>\n<meta name=\"twitter:label1\" content=\"Scritto da\" \/>\n\t<meta name=\"twitter:data1\" content=\"Redazione Comunicati Stampa\" \/>\n\t<meta name=\"twitter:label2\" content=\"Tempo di lettura stimato\" \/>\n\t<meta name=\"twitter:data2\" content=\"2 minuti\" \/>\n<script type=\"application\/ld+json\" class=\"yoast-schema-graph\">{\"@context\":\"https:\/\/schema.org\",\"@graph\":[{\"@type\":\"Article\",\"@id\":\"https:\/\/www.article-marketing.eu\/comunicati\/arte-e-cultura\/giornalismo\/portoni-breda-on-tour-nella-capitale-con-omega-professional\/#article\",\"isPartOf\":{\"@id\":\"https:\/\/www.article-marketing.eu\/comunicati\/arte-e-cultura\/giornalismo\/portoni-breda-on-tour-nella-capitale-con-omega-professional\/\"},\"author\":{\"name\":\"Redazione Comunicati Stampa\",\"@id\":\"https:\/\/www.article-marketing.eu\/comunicati\/#\/schema\/person\/44372e4d4d0fa797b18e03ed1ace9017\"},\"headline\":\"PORTONI BREDA ON-TOUR NELLA CAPITALE CON OMEGA PROFESSIONAL\",\"datePublished\":\"2009-10-07T13:45:43+00:00\",\"mainEntityOfPage\":{\"@id\":\"https:\/\/www.article-marketing.eu\/comunicati\/arte-e-cultura\/giornalismo\/portoni-breda-on-tour-nella-capitale-con-omega-professional\/\"},\"wordCount\":335,\"commentCount\":0,\"image\":{\"@id\":\"https:\/\/www.article-marketing.eu\/comunicati\/arte-e-cultura\/giornalismo\/portoni-breda-on-tour-nella-capitale-con-omega-professional\/#primaryimage\"},\"thumbnailUrl\":\"http:\/\/2.bp.blogspot.com\/_Tt1BfvyUHPo\/SsyGOOtz2MI\/AAAAAAAABA0\/K3eE0urIxB4\/s400\/Omega-Roma_est.jpg\",\"articleSection\":[\"Giornalismo\"],\"inLanguage\":\"it-IT\",\"potentialAction\":[{\"@type\":\"CommentAction\",\"name\":\"Comment\",\"target\":[\"https:\/\/www.article-marketing.eu\/comunicati\/arte-e-cultura\/giornalismo\/portoni-breda-on-tour-nella-capitale-con-omega-professional\/#respond\"]}]},{\"@type\":\"WebPage\",\"@id\":\"https:\/\/www.article-marketing.eu\/comunicati\/arte-e-cultura\/giornalismo\/portoni-breda-on-tour-nella-capitale-con-omega-professional\/\",\"url\":\"https:\/\/www.article-marketing.eu\/comunicati\/arte-e-cultura\/giornalismo\/portoni-breda-on-tour-nella-capitale-con-omega-professional\/\",\"name\":\"PORTONI BREDA ON-TOUR NELLA CAPITALE CON OMEGA PROFESSIONAL - Article Marketing\",\"isPartOf\":{\"@id\":\"https:\/\/www.article-marketing.eu\/comunicati\/#website\"},\"primaryImageOfPage\":{\"@id\":\"https:\/\/www.article-marketing.eu\/comunicati\/arte-e-cultura\/giornalismo\/portoni-breda-on-tour-nella-capitale-con-omega-professional\/#primaryimage\"},\"image\":{\"@id\":\"https:\/\/www.article-marketing.eu\/comunicati\/arte-e-cultura\/giornalismo\/portoni-breda-on-tour-nella-capitale-con-omega-professional\/#primaryimage\"},\"thumbnailUrl\":\"http:\/\/2.bp.blogspot.com\/_Tt1BfvyUHPo\/SsyGOOtz2MI\/AAAAAAAABA0\/K3eE0urIxB4\/s400\/Omega-Roma_est.jpg\",\"datePublished\":\"2009-10-07T13:45:43+00:00\",\"author\":{\"@id\":\"https:\/\/www.article-marketing.eu\/comunicati\/#\/schema\/person\/44372e4d4d0fa797b18e03ed1ace9017\"},\"breadcrumb\":{\"@id\":\"https:\/\/www.article-marketing.eu\/comunicati\/arte-e-cultura\/giornalismo\/portoni-breda-on-tour-nella-capitale-con-omega-professional\/#breadcrumb\"},\"inLanguage\":\"it-IT\",\"potentialAction\":[{\"@type\":\"ReadAction\",\"target\":[\"https:\/\/www.article-marketing.eu\/comunicati\/arte-e-cultura\/giornalismo\/portoni-breda-on-tour-nella-capitale-con-omega-professional\/\"]}]},{\"@type\":\"ImageObject\",\"inLanguage\":\"it-IT\",\"@id\":\"https:\/\/www.article-marketing.eu\/comunicati\/arte-e-cultura\/giornalismo\/portoni-breda-on-tour-nella-capitale-con-omega-professional\/#primaryimage\",\"url\":\"http:\/\/2.bp.blogspot.com\/_Tt1BfvyUHPo\/SsyGOOtz2MI\/AAAAAAAABA0\/K3eE0urIxB4\/s400\/Omega-Roma_est.jpg\",\"contentUrl\":\"http:\/\/2.bp.blogspot.com\/_Tt1BfvyUHPo\/SsyGOOtz2MI\/AAAAAAAABA0\/K3eE0urIxB4\/s400\/Omega-Roma_est.jpg\"},{\"@type\":\"BreadcrumbList\",\"@id\":\"https:\/\/www.article-marketing.eu\/comunicati\/arte-e-cultura\/giornalismo\/portoni-breda-on-tour-nella-capitale-con-omega-professional\/#breadcrumb\",\"itemListElement\":[{\"@type\":\"ListItem\",\"position\":1,\"name\":\"Home\",\"item\":\"https:\/\/www.article-marketing.eu\/comunicati\/\"},{\"@type\":\"ListItem\",\"position\":2,\"name\":\"PORTONI BREDA ON-TOUR NELLA CAPITALE CON OMEGA PROFESSIONAL\"}]},{\"@type\":\"WebSite\",\"@id\":\"https:\/\/www.article-marketing.eu\/comunicati\/#website\",\"url\":\"https:\/\/www.article-marketing.eu\/comunicati\/\",\"name\":\"Article Marketing\",\"description\":\"article marketing &amp; press release\",\"potentialAction\":[{\"@type\":\"SearchAction\",\"target\":{\"@type\":\"EntryPoint\",\"urlTemplate\":\"https:\/\/www.article-marketing.eu\/comunicati\/?s={search_term_string}\"},\"query-input\":{\"@type\":\"PropertyValueSpecification\",\"valueRequired\":true,\"valueName\":\"search_term_string\"}}],\"inLanguage\":\"it-IT\"},{\"@type\":\"Person\",\"@id\":\"https:\/\/www.article-marketing.eu\/comunicati\/#\/schema\/person\/44372e4d4d0fa797b18e03ed1ace9017\",\"name\":\"Redazione Comunicati Stampa\",\"image\":{\"@type\":\"ImageObject\",\"inLanguage\":\"it-IT\",\"@id\":\"https:\/\/www.article-marketing.eu\/comunicati\/#\/schema\/person\/image\/\",\"url\":\"https:\/\/secure.gravatar.com\/avatar\/50e5c6421d3072f42e7ace803501602c60d75233d34e29fd05feb91c8760b792?s=96&d=mm&r=g\",\"contentUrl\":\"https:\/\/secure.gravatar.com\/avatar\/50e5c6421d3072f42e7ace803501602c60d75233d34e29fd05feb91c8760b792?s=96&d=mm&r=g\",\"caption\":\"Redazione Comunicati Stampa\"},\"url\":\"https:\/\/www.article-marketing.eu\/comunicati\/author\/redazione-comunicati-stampa\/\"}]}<\/script>\n<!-- \/ Yoast SEO plugin. -->","yoast_head_json":{"title":"PORTONI BREDA ON-TOUR NELLA CAPITALE CON OMEGA PROFESSIONAL - Article Marketing","robots":{"index":"index","follow":"follow","max-snippet":"max-snippet:-1","max-image-preview":"max-image-preview:large","max-video-preview":"max-video-preview:-1"},"canonical":"https:\/\/www.article-marketing.eu\/comunicati\/arte-e-cultura\/giornalismo\/portoni-breda-on-tour-nella-capitale-con-omega-professional\/","og_locale":"it_IT","og_type":"article","og_title":"PORTONI BREDA ON-TOUR NELLA CAPITALE CON OMEGA PROFESSIONAL - Article Marketing","og_description":"Fino a gioved\u00ec 22 ottobre il Centro Commerciale Roma Est, il pi\u00f9 grande e importante della citt\u00e0 eterna, ospiter\u00e0 il rivenditore di Breda Sistemi Industriali per promuovere al meglio i modelli di portoni sezionali e delle porte garage dell azienda friulana leader del settore","og_url":"https:\/\/www.article-marketing.eu\/comunicati\/arte-e-cultura\/giornalismo\/portoni-breda-on-tour-nella-capitale-con-omega-professional\/","og_site_name":"Article Marketing","article_published_time":"2009-10-07T13:45:43+00:00","og_image":[{"url":"http:\/\/2.bp.blogspot.com\/_Tt1BfvyUHPo\/SsyGOOtz2MI\/AAAAAAAABA0\/K3eE0urIxB4\/s400\/Omega-Roma_est.jpg","type":"","width":"","height":""}],"author":"Redazione Comunicati Stampa","twitter_card":"summary_large_image","twitter_misc":{"Scritto da":"Redazione Comunicati Stampa","Tempo di lettura stimato":"2 minuti"},"schema":{"@context":"https:\/\/schema.org","@graph":[{"@type":"Article","@id":"https:\/\/www.article-marketing.eu\/comunicati\/arte-e-cultura\/giornalismo\/portoni-breda-on-tour-nella-capitale-con-omega-professional\/#article","isPartOf":{"@id":"https:\/\/www.article-marketing.eu\/comunicati\/arte-e-cultura\/giornalismo\/portoni-breda-on-tour-nella-capitale-con-omega-professional\/"},"author":{"name":"Redazione Comunicati Stampa","@id":"https:\/\/www.article-marketing.eu\/comunicati\/#\/schema\/person\/44372e4d4d0fa797b18e03ed1ace9017"},"headline":"PORTONI BREDA ON-TOUR NELLA CAPITALE CON OMEGA PROFESSIONAL","datePublished":"2009-10-07T13:45:43+00:00","mainEntityOfPage":{"@id":"https:\/\/www.article-marketing.eu\/comunicati\/arte-e-cultura\/giornalismo\/portoni-breda-on-tour-nella-capitale-con-omega-professional\/"},"wordCount":335,"commentCount":0,"image":{"@id":"https:\/\/www.article-marketing.eu\/comunicati\/arte-e-cultura\/giornalismo\/portoni-breda-on-tour-nella-capitale-con-omega-professional\/#primaryimage"},"thumbnailUrl":"http:\/\/2.bp.blogspot.com\/_Tt1BfvyUHPo\/SsyGOOtz2MI\/AAAAAAAABA0\/K3eE0urIxB4\/s400\/Omega-Roma_est.jpg","articleSection":["Giornalismo"],"inLanguage":"it-IT","potentialAction":[{"@type":"CommentAction","name":"Comment","target":["https:\/\/www.article-marketing.eu\/comunicati\/arte-e-cultura\/giornalismo\/portoni-breda-on-tour-nella-capitale-con-omega-professional\/#respond"]}]},{"@type":"WebPage","@id":"https:\/\/www.article-marketing.eu\/comunicati\/arte-e-cultura\/giornalismo\/portoni-breda-on-tour-nella-capitale-con-omega-professional\/","url":"https:\/\/www.article-marketing.eu\/comunicati\/arte-e-cultura\/giornalismo\/portoni-breda-on-tour-nella-capitale-con-omega-professional\/","name":"PORTONI BREDA ON-TOUR NELLA CAPITALE CON OMEGA PROFESSIONAL - Article Marketing","isPartOf":{"@id":"https:\/\/www.article-marketing.eu\/comunicati\/#website"},"primaryImageOfPage":{"@id":"https:\/\/www.article-marketing.eu\/comunicati\/arte-e-cultura\/giornalismo\/portoni-breda-on-tour-nella-capitale-con-omega-professional\/#primaryimage"},"image":{"@id":"https:\/\/www.article-marketing.eu\/comunicati\/arte-e-cultura\/giornalismo\/portoni-breda-on-tour-nella-capitale-con-omega-professional\/#primaryimage"},"thumbnailUrl":"http:\/\/2.bp.blogspot.com\/_Tt1BfvyUHPo\/SsyGOOtz2MI\/AAAAAAAABA0\/K3eE0urIxB4\/s400\/Omega-Roma_est.jpg","datePublished":"2009-10-07T13:45:43+00:00","author":{"@id":"https:\/\/www.article-marketing.eu\/comunicati\/#\/schema\/person\/44372e4d4d0fa797b18e03ed1ace9017"},"breadcrumb":{"@id":"https:\/\/www.article-marketing.eu\/comunicati\/arte-e-cultura\/giornalismo\/portoni-breda-on-tour-nella-capitale-con-omega-professional\/#breadcrumb"},"inLanguage":"it-IT","potentialAction":[{"@type":"ReadAction","target":["https:\/\/www.article-marketing.eu\/comunicati\/arte-e-cultura\/giornalismo\/portoni-breda-on-tour-nella-capitale-con-omega-professional\/"]}]},{"@type":"ImageObject","inLanguage":"it-IT","@id":"https:\/\/www.article-marketing.eu\/comunicati\/arte-e-cultura\/giornalismo\/portoni-breda-on-tour-nella-capitale-con-omega-professional\/#primaryimage","url":"http:\/\/2.bp.blogspot.com\/_Tt1BfvyUHPo\/SsyGOOtz2MI\/AAAAAAAABA0\/K3eE0urIxB4\/s400\/Omega-Roma_est.jpg","contentUrl":"http:\/\/2.bp.blogspot.com\/_Tt1BfvyUHPo\/SsyGOOtz2MI\/AAAAAAAABA0\/K3eE0urIxB4\/s400\/Omega-Roma_est.jpg"},{"@type":"BreadcrumbList","@id":"https:\/\/www.article-marketing.eu\/comunicati\/arte-e-cultura\/giornalismo\/portoni-breda-on-tour-nella-capitale-con-omega-professional\/#breadcrumb","itemListElement":[{"@type":"ListItem","position":1,"name":"Home","item":"https:\/\/www.article-marketing.eu\/comunicati\/"},{"@type":"ListItem","position":2,"name":"PORTONI BREDA ON-TOUR NELLA CAPITALE CON OMEGA PROFESSIONAL"}]},{"@type":"WebSite","@id":"https:\/\/www.article-marketing.eu\/comunicati\/#website","url":"https:\/\/www.article-marketing.eu\/comunicati\/","name":"Article Marketing","description":"article marketing &amp; press release","potentialAction":[{"@type":"SearchAction","target":{"@type":"EntryPoint","urlTemplate":"https:\/\/www.article-marketing.eu\/comunicati\/?s={search_term_string}"},"query-input":{"@type":"PropertyValueSpecification","valueRequired":true,"valueName":"search_term_string"}}],"inLanguage":"it-IT"},{"@type":"Person","@id":"https:\/\/www.article-marketing.eu\/comunicati\/#\/schema\/person\/44372e4d4d0fa797b18e03ed1ace9017","name":"Redazione Comunicati Stampa","image":{"@type":"ImageObject","inLanguage":"it-IT","@id":"https:\/\/www.article-marketing.eu\/comunicati\/#\/schema\/person\/image\/","url":"https:\/\/secure.gravatar.com\/avatar\/50e5c6421d3072f42e7ace803501602c60d75233d34e29fd05feb91c8760b792?s=96&d=mm&r=g","contentUrl":"https:\/\/secure.gravatar.com\/avatar\/50e5c6421d3072f42e7ace803501602c60d75233d34e29fd05feb91c8760b792?s=96&d=mm&r=g","caption":"Redazione Comunicati Stampa"},"url":"https:\/\/www.article-marketing.eu\/comunicati\/author\/redazione-comunicati-stampa\/"}]}},"_links":{"self":[{"href":"https:\/\/www.article-marketing.eu\/comunicati\/wp-json\/wp\/v2\/posts\/2969","targetHints":{"allow":["GET"]}}],"collection":[{"href":"https:\/\/www.article-marketing.eu\/comunicati\/wp-json\/wp\/v2\/posts"}],"about":[{"href":"https:\/\/www.article-marketing.eu\/comunicati\/wp-json\/wp\/v2\/types\/post"}],"author":[{"embeddable":true,"href":"https:\/\/www.article-marketing.eu\/comunicati\/wp-json\/wp\/v2\/users\/10"}],"replies":[{"embeddable":true,"href":"https:\/\/www.article-marketing.eu\/comunicati\/wp-json\/wp\/v2\/comments?post=2969"}],"version-history":[{"count":0,"href":"https:\/\/www.article-marketing.eu\/comunicati\/wp-json\/wp\/v2\/posts\/2969\/revisions"}],"wp:attachment":[{"href":"https:\/\/www.article-marketing.eu\/comunicati\/wp-json\/wp\/v2\/media?parent=2969"}],"wp:term":[{"taxonomy":"category","embeddable":true,"href":"https:\/\/www.article-marketing.eu\/comunicati\/wp-json\/wp\/v2\/categories?post=2969"},{"taxonomy":"post_tag","embeddable":true,"href":"https:\/\/www.article-marketing.eu\/comunicati\/wp-json\/wp\/v2\/tags?post=2969"}],"curies":[{"name":"wp","href":"https:\/\/api.w.org\/{rel}","templated":true}]}}