{"id":2973,"date":"2009-10-08T11:16:22","date_gmt":"2009-10-08T09:16:22","guid":{"rendered":"http:\/\/www.article-marketing.eu\/comunicati\/senza-categoria\/viaggi-st-moritz-perla-delle-alpi\/"},"modified":"2009-10-08T11:16:22","modified_gmt":"2009-10-08T09:16:22","slug":"viaggi-st-moritz-perla-delle-alpi","status":"publish","type":"post","link":"https:\/\/www.article-marketing.eu\/comunicati\/viaggi-e-vacanze\/viaggi-e-turismo\/viaggi-st-moritz-perla-delle-alpi\/","title":{"rendered":"Viaggi : St. Moritz perla delle Alpi"},"content":{"rendered":"<p>Una delle capitali mondiali della mondanit\u00e0: gran parte del jet set<br \/>\ninternazionale, dopo aver passato le vacanze estive in qualche paradiso<br \/>\ndei Caraibi o a Montecarlo o in Costa Smeralda, d&#8217;inverno si<br \/>\ntrasferisce in questa perla delle Alpi che porta il nome di Sankt<br \/>\nMoritz.<br \/>\n<br \/>Sankt Moritz si trova nella parte pi\u00f9 ad est della Svizzera, nel<br \/>\nCanton Grigioni, una sorta di stato nello stato, dove sono presenti tre<br \/>\ndei maggiori ceppi di popolazione presenti nel territorio elvetico:<br \/>\nquello tedesco (il maggioritario, con quasi il sessanta per cento della<br \/>\npopolazione), quello italiano (poco pi\u00f9 del venti per cento) e quello<br \/>\nromancio (circa il cinque per cento).<\/p>\n<p>In realt\u00e0 l&#8217;idioma originario della citt\u00e0 era proprio il romancio,<br \/>\nuna lingua neolatina parlata in tutta la Valle dell&#8217;Engadina (di cui<br \/>\nSankt Moritz fa parte) che per\u00f2 presenta numerose varianti, tante<br \/>\nquante erano le comunit\u00e0 insediate nel territorio che tra loro avevano<br \/>\ndifficili possibilit\u00e0 di comunicazione. Si contano cos\u00ec almeno cinque<br \/>\ndiversi \u201cromanci\u201d (Sursilvano, Sottosilvano, Surmirano, Alto Engadino,<br \/>\nBasso Engadino) ai quali si \u00e8 cercato nel corso del tempo di dare un<br \/>\nprofilo unitario costruendo il cosiddetto Rumantsch Grischun, una sorta<br \/>\ndi \u201cneolingua romancia\u201d che ha lo scopo di uniformare i vari dialetti<br \/>\nper costruire una lingua comune e potenzialmente pi\u00f9 \u201cduratura\u201d.<\/p>\n<p>Un motivo di preoccupazione rispetto alla conservazione del<br \/>\nromancio \u00e8 paradossalmente dato dal turismo: sia la sempre pi\u00f9<br \/>\nmassiccia presenza di ospiti tedeschi, italiani, francesi che qui<br \/>\nvengono ad abitare stabilmente, sia la forte immigrazione dai vicini<br \/>\nterritori (soprattutto di lingua tedesca) hanno portato ad una netta<br \/>\ndiminuzione dei residenti che parlano questa lingua (il caso di Sankt<br \/>\nMortiz lo dimostra appieno).<\/p>\n<p>Il Canton Grigioni \u00e8 anche il pi\u00f9 popoloso dell&#8217;intera Svizzera con<br \/>\ncirca duecentomila abitanti; Sankt Moritz invece conta una popolazione<br \/>\ndi circa seimila residenti stabili cui si devono aggiungere una media<br \/>\ntra cinquemila e ventimila ospiti che la frequentano per i periodi di<br \/>\nvacanza.<br \/>\n<br \/>La citt\u00e0 infatti vive di turismo di alta fascia: sono<br \/>\nnumerosissime le seconde case, gli appartamenti e gli hotel che offrono<br \/>\nun sistema ricettivo davvero importante nel contesto delle Alpi.<\/p>\n<p>La storia della citt\u00e0 \u00e8 legata alle sue terme pare conosciute<br \/>\naddirittura dall&#8217;et\u00e0 del bronzo; il primo documento che cita la<br \/>\nlocalit\u00e0 \u00e8 per\u00f2 dell&#8217;inizio del dodicesimo secolo (viene menzionata la<br \/>\nchiesa cittadina). Sankt Moritz era inserita nel Libero Stato delle Tre<br \/>\nLeghe (precisamente faceva parte della Lega Grigia, da cui Grigioni),<br \/>\nuno stato che progressivamente ottenne l&#8217;indipendenza dal Sacro Romano<br \/>\nImpero e che rest\u00f2 separato dalla Svizzera propriamente detta (pur con<br \/>\nuna stabile alleanza) fino all&#8217;arrivo delle truppe napoleoniche.<\/p>\n<p>Napoleone un\u00ec tutti i territori svizzeri creando uno stato vassallo<br \/>\n(cos\u00ec come aveva fatto in Italia con le varie Repubbliche Napoleoniche)<br \/>\ne vi inser\u00ec i territori delle Tre Leghe; terminata l&#8217;esperienza<br \/>\nnapoleonica, lo stato svizzero assunse le attuali sembianze e i<br \/>\nGrigioni entrarono stabilmente a farne parte.<\/p>\n<p>Il turismo si \u00e8 sviluppato a Sant Moritz a partire dalla fine<br \/>\ndell&#8217;Ottocento: non solo sciatori ma anche appassionati del curling<br \/>\nprovenienti dai paesi anglosassoni che giocavano sul lago ghiacciato<br \/>\ndella citt\u00e0; lo sviluppo fu continuo e viene testimoniato dal fatto che<br \/>\ngi\u00e0 a inizio degli anni trenta del Novecento la citt\u00e0 era dotata di un<br \/>\nimpianto di risalita e da un altro piccolo primato, quello di essere la<br \/>\nprima localit\u00e0 della Svizzera ad essersi dotata di un sistema di<br \/>\nilluminazione pubblica.<\/p>\n<p>Sankt Moritz ha anche pi\u00f9 volte ospitato importanti avvenimenti<br \/>\nsportivi: per ben due volte le olimpiadi invernali (edizioni degli anni<br \/>\n1928 e 1948) e per tre volte i campionati del mondo di sci (1934, 1974,<br \/>\n2003).<\/p>\n<p>In citt\u00e0 si pu\u00f2 arrivare, oltre che col treno e l&#8217;automobile, anche<br \/>\ncon l&#8217;aereo: a Samedan c&#8217;\u00e8 l&#8217;aeroporto di Sankt Moritz che \u00e8 anche lo<br \/>\nscalo posto alla maggior altitudine in Europa; su di esso opera Air<br \/>\nEngadina che fornisce un servizio di taxi aereo verso i principali<br \/>\nscali europei.<br \/>\n<br \/>La moneta ufficiale di Sankt Moritz \u00e8 il Franco Svizzero; la<br \/>\nrappresentativa diplomatica italiana pi\u00f9 vicina si trova a Lugano dove<br \/>\n\u00e8 attivo il consolato generale d&#8217;Italia in Via Ferruccio Perri al<br \/>\nnumero 16.<\/p>\n","protected":false},"excerpt":{"rendered":"<p>Una delle capitali mondiali della mondanit\u00e0: gran parte del jet set internazionale, dopo aver passato le vacanze estive in qualche paradiso dei Caraibi o a Montecarlo o in Costa Smeralda, d&#8217;inverno si trasferisce in questa perla delle Alpi che porta il nome di Sankt Moritz.<br \/>\nSankt Moritz si trova nella parte pi\u00f9 ad est della Svizzera, nel Canton Grigioni, una sorta di stato nello stato, dove sono presenti tre dei maggiori ceppi di popolazione presenti nel territorio elvetico: quello tedesco (il maggioritario, con quasi il sessanta per cento della popolazione), quello italiano (poco pi\u00f9 del venti per cento) e quello romancio (circa il cinque per cento).<\/p>\n<p>In realt\u00e0 l&#8217;idioma originario della citt\u00e0 era proprio il romancio, una lingua neolatina parlata in tutta la Valle dell&#8217;Engadina (di cui Sankt Moritz fa parte) che per\u00f2 presenta numerose varianti, tante quante erano le comunit\u00e0 insediate nel territorio che tra loro avevano difficili possibilit\u00e0 di comunicazione. Si contano cos\u00ec almeno cinque diversi \u201cromanci\u201d (Sursilvano, Sottosilvano, Surmirano, Alto Engadino, Basso Engadino) ai quali si \u00e8 cercato nel corso del tempo di dare un profilo unitario costruendo il cosiddetto Rumantsch Grischun, una sorta di \u201cneolingua romancia\u201d che ha lo scopo di uniformare i vari dialetti per costruire una lingua comune e potenzialmente pi\u00f9 \u201cduratura\u201d.<\/p>\n<p>Un motivo di preoccupazione rispetto alla conservazione del romancio \u00e8 paradossalmente dato dal turismo: sia la sempre pi\u00f9 massiccia presenza di ospiti tedeschi, italiani, francesi che qui vengono ad abitare stabilmente, sia la forte immigrazione dai vicini territori (soprattutto di lingua tedesca) hanno portato ad una netta diminuzione dei residenti che parlano questa lingua (il caso di Sankt Mortiz lo dimostra appieno).<\/p>\n<p>Il Canton Grigioni \u00e8 anche il pi\u00f9 popoloso dell&#8217;intera Svizzera con circa duecentomila abitanti; Sankt Moritz invece conta una popolazione di circa seimila residenti stabili cui si devono aggiungere una media tra cinquemila e ventimila ospiti che la frequentano per i periodi di vacanza.<br \/>\nLa citt\u00e0 infatti vive di turismo di alta fascia: sono numerosissime le seconde case, gli appartamenti e gli hotel che offrono un sistema ricettivo davvero importante nel contesto delle Alpi.<\/p>\n<p>La storia della citt\u00e0 \u00e8 legata alle sue terme pare conosciute addirittura dall&#8217;et\u00e0 del bronzo; il primo documento che cita la localit\u00e0 \u00e8 per\u00f2 dell&#8217;inizio del dodicesimo secolo (viene menzionata la chiesa cittadina). Sankt Moritz era inserita nel Libero Stato delle Tre Leghe (precisamente faceva parte della Lega Grigia, da cui Grigioni), uno stato che progressivamente ottenne l&#8217;indipendenza dal Sacro Romano Impero e che rest\u00f2 separato dalla Svizzera propriamente detta (pur con una stabile alleanza) fino all&#8217;arrivo delle truppe napoleoniche.<\/p>\n<p>Napoleone un\u00ec tutti i territori svizzeri creando uno stato vassallo (cos\u00ec come aveva fatto in Italia con le varie Repubbliche Napoleoniche) e vi inser\u00ec i territori delle Tre Leghe; terminata l&#8217;esperienza napoleonica, lo stato svizzero assunse le attuali sembianze e i Grigioni entrarono stabilmente a farne parte.<\/p>\n<p>Il turismo si \u00e8 sviluppato a Sant Moritz a partire dalla fine dell&#8217;Ottocento: non solo sciatori ma anche appassionati del curling provenienti dai paesi anglosassoni che giocavano sul lago ghiacciato della citt\u00e0; lo sviluppo fu continuo e viene testimoniato dal fatto che gi\u00e0 a inizio degli anni trenta del Novecento la citt\u00e0 era dotata di un impianto di risalita e da un altro piccolo primato, quello di essere la prima localit\u00e0 della Svizzera ad essersi dotata di un sistema di illuminazione pubblica.<\/p>\n<p>Sankt Moritz ha anche pi\u00f9 volte ospitato importanti avvenimenti sportivi: per ben due volte le olimpiadi invernali (edizioni degli anni 1928 e 1948) e per tre volte i campionati del mondo di sci (1934, 1974, 2003).<\/p>\n<p>In citt\u00e0 si pu\u00f2 arrivare, oltre che col treno e l&#8217;automobile, anche con l&#8217;aereo: a Samedan c&#8217;\u00e8 l&#8217;aeroporto di Sankt Moritz che \u00e8 anche lo scalo posto alla maggior altitudine in Europa; su di esso opera Air Engadina che fornisce un servizio di taxi aereo verso i principali scali europei.<br \/>\nLa moneta ufficiale di Sankt Moritz \u00e8 il Franco Svizzero; la rappresentativa diplomatica italiana pi\u00f9 vicina si trova a Lugano dove \u00e8 attivo il consolato generale d&#8217;Italia in Via Ferruccio Perri al numero 16.<\/p>\n","protected":false},"author":10,"featured_media":0,"comment_status":"open","ping_status":"open","sticky":false,"template":"","format":"standard","meta":{"cybocfi_hide_featured_image":"","footnotes":""},"categories":[2],"tags":[9610,1633,253,3,4],"class_list":["post-2973","post","type-post","status-publish","format-standard","hentry","category-viaggi-e-turismo","tag-alpi","tag-st-moritz","tag-turismo","tag-vacanze","tag-viaggi"],"yoast_head":"<!-- This site is optimized with the Yoast SEO plugin v27.0 - https:\/\/yoast.com\/product\/yoast-seo-wordpress\/ -->\n<title>Viaggi : St. Moritz perla delle Alpi - Article Marketing<\/title>\n<meta name=\"robots\" content=\"index, follow, max-snippet:-1, max-image-preview:large, max-video-preview:-1\" \/>\n<link rel=\"canonical\" href=\"https:\/\/www.article-marketing.eu\/comunicati\/viaggi-e-vacanze\/viaggi-e-turismo\/viaggi-st-moritz-perla-delle-alpi\/\" \/>\n<meta property=\"og:locale\" content=\"it_IT\" \/>\n<meta property=\"og:type\" content=\"article\" \/>\n<meta property=\"og:title\" content=\"Viaggi : St. Moritz perla delle Alpi - Article Marketing\" \/>\n<meta property=\"og:description\" content=\"Una delle capitali mondiali della mondanit\u00e0: gran parte del jet set internazionale, dopo aver passato le vacanze estive in qualche paradiso dei Caraibi o a Montecarlo o in Costa Smeralda, d&#039;inverno si trasferisce in questa perla delle Alpi che porta il nome di Sankt Moritz. Sankt Moritz si trova nella parte pi\u00f9 ad est della Svizzera, nel Canton Grigioni, una sorta di stato nello stato, dove sono presenti tre dei maggiori ceppi di popolazione presenti nel territorio elvetico: quello tedesco (il maggioritario, con quasi il sessanta per cento della popolazione), quello italiano (poco pi\u00f9 del venti per cento) e quello romancio (circa il cinque per cento). In realt\u00e0 l&#039;idioma originario della citt\u00e0 era proprio il romancio, una lingua neolatina parlata in tutta la Valle dell&#039;Engadina (di cui Sankt Moritz fa parte) che per\u00f2 presenta numerose varianti, tante quante erano le comunit\u00e0 insediate nel territorio che tra loro avevano difficili possibilit\u00e0 di comunicazione. Si contano cos\u00ec almeno cinque diversi \u201cromanci\u201d (Sursilvano, Sottosilvano, Surmirano, Alto Engadino, Basso Engadino) ai quali si \u00e8 cercato nel corso del tempo di dare un profilo unitario costruendo il cosiddetto Rumantsch Grischun, una sorta di \u201cneolingua romancia\u201d che ha lo scopo di uniformare i vari dialetti per costruire una lingua comune e potenzialmente pi\u00f9 \u201cduratura\u201d. Un motivo di preoccupazione rispetto alla conservazione del romancio \u00e8 paradossalmente dato dal turismo: sia la sempre pi\u00f9 massiccia presenza di ospiti tedeschi, italiani, francesi che qui vengono ad abitare stabilmente, sia la forte immigrazione dai vicini territori (soprattutto di lingua tedesca) hanno portato ad una netta diminuzione dei residenti che parlano questa lingua (il caso di Sankt Mortiz lo dimostra appieno). Il Canton Grigioni \u00e8 anche il pi\u00f9 popoloso dell&#039;intera Svizzera con circa duecentomila abitanti; Sankt Moritz invece conta una popolazione di circa seimila residenti stabili cui si devono aggiungere una media tra cinquemila e ventimila ospiti che la frequentano per i periodi di vacanza. La citt\u00e0 infatti vive di turismo di alta fascia: sono numerosissime le seconde case, gli appartamenti e gli hotel che offrono un sistema ricettivo davvero importante nel contesto delle Alpi. La storia della citt\u00e0 \u00e8 legata alle sue terme pare conosciute addirittura dall&#039;et\u00e0 del bronzo; il primo documento che cita la localit\u00e0 \u00e8 per\u00f2 dell&#039;inizio del dodicesimo secolo (viene menzionata la chiesa cittadina). Sankt Moritz era inserita nel Libero Stato delle Tre Leghe (precisamente faceva parte della Lega Grigia, da cui Grigioni), uno stato che progressivamente ottenne l&#039;indipendenza dal Sacro Romano Impero e che rest\u00f2 separato dalla Svizzera propriamente detta (pur con una stabile alleanza) fino all&#039;arrivo delle truppe napoleoniche. Napoleone un\u00ec tutti i territori svizzeri creando uno stato vassallo (cos\u00ec come aveva fatto in Italia con le varie Repubbliche Napoleoniche) e vi inser\u00ec i territori delle Tre Leghe; terminata l&#039;esperienza napoleonica, lo stato svizzero assunse le attuali sembianze e i Grigioni entrarono stabilmente a farne parte. Il turismo si \u00e8 sviluppato a Sant Moritz a partire dalla fine dell&#039;Ottocento: non solo sciatori ma anche appassionati del curling provenienti dai paesi anglosassoni che giocavano sul lago ghiacciato della citt\u00e0; lo sviluppo fu continuo e viene testimoniato dal fatto che gi\u00e0 a inizio degli anni trenta del Novecento la citt\u00e0 era dotata di un impianto di risalita e da un altro piccolo primato, quello di essere la prima localit\u00e0 della Svizzera ad essersi dotata di un sistema di illuminazione pubblica. Sankt Moritz ha anche pi\u00f9 volte ospitato importanti avvenimenti sportivi: per ben due volte le olimpiadi invernali (edizioni degli anni 1928 e 1948) e per tre volte i campionati del mondo di sci (1934, 1974, 2003). In citt\u00e0 si pu\u00f2 arrivare, oltre che col treno e l&#039;automobile, anche con l&#039;aereo: a Samedan c&#039;\u00e8 l&#039;aeroporto di Sankt Moritz che \u00e8 anche lo scalo posto alla maggior altitudine in Europa; su di esso opera Air Engadina che fornisce un servizio di taxi aereo verso i principali scali europei. La moneta ufficiale di Sankt Moritz \u00e8 il Franco Svizzero; la rappresentativa diplomatica italiana pi\u00f9 vicina si trova a Lugano dove \u00e8 attivo il consolato generale d&#039;Italia in Via Ferruccio Perri al numero 16.\" \/>\n<meta property=\"og:url\" content=\"https:\/\/www.article-marketing.eu\/comunicati\/viaggi-e-vacanze\/viaggi-e-turismo\/viaggi-st-moritz-perla-delle-alpi\/\" \/>\n<meta property=\"og:site_name\" content=\"Article Marketing\" \/>\n<meta property=\"article:published_time\" content=\"2009-10-08T09:16:22+00:00\" \/>\n<meta name=\"author\" content=\"Redazione Comunicati Stampa\" \/>\n<meta name=\"twitter:card\" content=\"summary_large_image\" \/>\n<meta name=\"twitter:label1\" content=\"Scritto da\" \/>\n\t<meta name=\"twitter:data1\" content=\"Redazione Comunicati Stampa\" \/>\n\t<meta name=\"twitter:label2\" content=\"Tempo di lettura stimato\" \/>\n\t<meta name=\"twitter:data2\" content=\"3 minuti\" \/>\n<script type=\"application\/ld+json\" class=\"yoast-schema-graph\">{\"@context\":\"https:\/\/schema.org\",\"@graph\":[{\"@type\":\"Article\",\"@id\":\"https:\/\/www.article-marketing.eu\/comunicati\/viaggi-e-vacanze\/viaggi-e-turismo\/viaggi-st-moritz-perla-delle-alpi\/#article\",\"isPartOf\":{\"@id\":\"https:\/\/www.article-marketing.eu\/comunicati\/viaggi-e-vacanze\/viaggi-e-turismo\/viaggi-st-moritz-perla-delle-alpi\/\"},\"author\":{\"name\":\"Redazione Comunicati Stampa\",\"@id\":\"https:\/\/www.article-marketing.eu\/comunicati\/#\/schema\/person\/44372e4d4d0fa797b18e03ed1ace9017\"},\"headline\":\"Viaggi : St. Moritz perla delle Alpi\",\"datePublished\":\"2009-10-08T09:16:22+00:00\",\"mainEntityOfPage\":{\"@id\":\"https:\/\/www.article-marketing.eu\/comunicati\/viaggi-e-vacanze\/viaggi-e-turismo\/viaggi-st-moritz-perla-delle-alpi\/\"},\"wordCount\":664,\"commentCount\":0,\"keywords\":[\"alpi\",\"St.Moritz\",\"turismo\",\"vacanze\",\"viaggi\"],\"articleSection\":[\"Viaggi e Turismo\"],\"inLanguage\":\"it-IT\",\"potentialAction\":[{\"@type\":\"CommentAction\",\"name\":\"Comment\",\"target\":[\"https:\/\/www.article-marketing.eu\/comunicati\/viaggi-e-vacanze\/viaggi-e-turismo\/viaggi-st-moritz-perla-delle-alpi\/#respond\"]}]},{\"@type\":\"WebPage\",\"@id\":\"https:\/\/www.article-marketing.eu\/comunicati\/viaggi-e-vacanze\/viaggi-e-turismo\/viaggi-st-moritz-perla-delle-alpi\/\",\"url\":\"https:\/\/www.article-marketing.eu\/comunicati\/viaggi-e-vacanze\/viaggi-e-turismo\/viaggi-st-moritz-perla-delle-alpi\/\",\"name\":\"Viaggi : St. Moritz perla delle Alpi - Article Marketing\",\"isPartOf\":{\"@id\":\"https:\/\/www.article-marketing.eu\/comunicati\/#website\"},\"datePublished\":\"2009-10-08T09:16:22+00:00\",\"author\":{\"@id\":\"https:\/\/www.article-marketing.eu\/comunicati\/#\/schema\/person\/44372e4d4d0fa797b18e03ed1ace9017\"},\"breadcrumb\":{\"@id\":\"https:\/\/www.article-marketing.eu\/comunicati\/viaggi-e-vacanze\/viaggi-e-turismo\/viaggi-st-moritz-perla-delle-alpi\/#breadcrumb\"},\"inLanguage\":\"it-IT\",\"potentialAction\":[{\"@type\":\"ReadAction\",\"target\":[\"https:\/\/www.article-marketing.eu\/comunicati\/viaggi-e-vacanze\/viaggi-e-turismo\/viaggi-st-moritz-perla-delle-alpi\/\"]}]},{\"@type\":\"BreadcrumbList\",\"@id\":\"https:\/\/www.article-marketing.eu\/comunicati\/viaggi-e-vacanze\/viaggi-e-turismo\/viaggi-st-moritz-perla-delle-alpi\/#breadcrumb\",\"itemListElement\":[{\"@type\":\"ListItem\",\"position\":1,\"name\":\"Home\",\"item\":\"https:\/\/www.article-marketing.eu\/comunicati\/\"},{\"@type\":\"ListItem\",\"position\":2,\"name\":\"Viaggi : St. Moritz perla delle Alpi\"}]},{\"@type\":\"WebSite\",\"@id\":\"https:\/\/www.article-marketing.eu\/comunicati\/#website\",\"url\":\"https:\/\/www.article-marketing.eu\/comunicati\/\",\"name\":\"Article Marketing\",\"description\":\"article marketing &amp; press release\",\"potentialAction\":[{\"@type\":\"SearchAction\",\"target\":{\"@type\":\"EntryPoint\",\"urlTemplate\":\"https:\/\/www.article-marketing.eu\/comunicati\/?s={search_term_string}\"},\"query-input\":{\"@type\":\"PropertyValueSpecification\",\"valueRequired\":true,\"valueName\":\"search_term_string\"}}],\"inLanguage\":\"it-IT\"},{\"@type\":\"Person\",\"@id\":\"https:\/\/www.article-marketing.eu\/comunicati\/#\/schema\/person\/44372e4d4d0fa797b18e03ed1ace9017\",\"name\":\"Redazione Comunicati Stampa\",\"image\":{\"@type\":\"ImageObject\",\"inLanguage\":\"it-IT\",\"@id\":\"https:\/\/www.article-marketing.eu\/comunicati\/#\/schema\/person\/image\/\",\"url\":\"https:\/\/secure.gravatar.com\/avatar\/50e5c6421d3072f42e7ace803501602c60d75233d34e29fd05feb91c8760b792?s=96&d=mm&r=g\",\"contentUrl\":\"https:\/\/secure.gravatar.com\/avatar\/50e5c6421d3072f42e7ace803501602c60d75233d34e29fd05feb91c8760b792?s=96&d=mm&r=g\",\"caption\":\"Redazione Comunicati Stampa\"},\"url\":\"https:\/\/www.article-marketing.eu\/comunicati\/author\/redazione-comunicati-stampa\/\"}]}<\/script>\n<!-- \/ Yoast SEO plugin. -->","yoast_head_json":{"title":"Viaggi : St. Moritz perla delle Alpi - Article Marketing","robots":{"index":"index","follow":"follow","max-snippet":"max-snippet:-1","max-image-preview":"max-image-preview:large","max-video-preview":"max-video-preview:-1"},"canonical":"https:\/\/www.article-marketing.eu\/comunicati\/viaggi-e-vacanze\/viaggi-e-turismo\/viaggi-st-moritz-perla-delle-alpi\/","og_locale":"it_IT","og_type":"article","og_title":"Viaggi : St. Moritz perla delle Alpi - Article Marketing","og_description":"Una delle capitali mondiali della mondanit\u00e0: gran parte del jet set internazionale, dopo aver passato le vacanze estive in qualche paradiso dei Caraibi o a Montecarlo o in Costa Smeralda, d'inverno si trasferisce in questa perla delle Alpi che porta il nome di Sankt Moritz. Sankt Moritz si trova nella parte pi\u00f9 ad est della Svizzera, nel Canton Grigioni, una sorta di stato nello stato, dove sono presenti tre dei maggiori ceppi di popolazione presenti nel territorio elvetico: quello tedesco (il maggioritario, con quasi il sessanta per cento della popolazione), quello italiano (poco pi\u00f9 del venti per cento) e quello romancio (circa il cinque per cento). In realt\u00e0 l'idioma originario della citt\u00e0 era proprio il romancio, una lingua neolatina parlata in tutta la Valle dell'Engadina (di cui Sankt Moritz fa parte) che per\u00f2 presenta numerose varianti, tante quante erano le comunit\u00e0 insediate nel territorio che tra loro avevano difficili possibilit\u00e0 di comunicazione. Si contano cos\u00ec almeno cinque diversi \u201cromanci\u201d (Sursilvano, Sottosilvano, Surmirano, Alto Engadino, Basso Engadino) ai quali si \u00e8 cercato nel corso del tempo di dare un profilo unitario costruendo il cosiddetto Rumantsch Grischun, una sorta di \u201cneolingua romancia\u201d che ha lo scopo di uniformare i vari dialetti per costruire una lingua comune e potenzialmente pi\u00f9 \u201cduratura\u201d. Un motivo di preoccupazione rispetto alla conservazione del romancio \u00e8 paradossalmente dato dal turismo: sia la sempre pi\u00f9 massiccia presenza di ospiti tedeschi, italiani, francesi che qui vengono ad abitare stabilmente, sia la forte immigrazione dai vicini territori (soprattutto di lingua tedesca) hanno portato ad una netta diminuzione dei residenti che parlano questa lingua (il caso di Sankt Mortiz lo dimostra appieno). Il Canton Grigioni \u00e8 anche il pi\u00f9 popoloso dell'intera Svizzera con circa duecentomila abitanti; Sankt Moritz invece conta una popolazione di circa seimila residenti stabili cui si devono aggiungere una media tra cinquemila e ventimila ospiti che la frequentano per i periodi di vacanza. La citt\u00e0 infatti vive di turismo di alta fascia: sono numerosissime le seconde case, gli appartamenti e gli hotel che offrono un sistema ricettivo davvero importante nel contesto delle Alpi. La storia della citt\u00e0 \u00e8 legata alle sue terme pare conosciute addirittura dall'et\u00e0 del bronzo; il primo documento che cita la localit\u00e0 \u00e8 per\u00f2 dell'inizio del dodicesimo secolo (viene menzionata la chiesa cittadina). Sankt Moritz era inserita nel Libero Stato delle Tre Leghe (precisamente faceva parte della Lega Grigia, da cui Grigioni), uno stato che progressivamente ottenne l'indipendenza dal Sacro Romano Impero e che rest\u00f2 separato dalla Svizzera propriamente detta (pur con una stabile alleanza) fino all'arrivo delle truppe napoleoniche. Napoleone un\u00ec tutti i territori svizzeri creando uno stato vassallo (cos\u00ec come aveva fatto in Italia con le varie Repubbliche Napoleoniche) e vi inser\u00ec i territori delle Tre Leghe; terminata l'esperienza napoleonica, lo stato svizzero assunse le attuali sembianze e i Grigioni entrarono stabilmente a farne parte. Il turismo si \u00e8 sviluppato a Sant Moritz a partire dalla fine dell'Ottocento: non solo sciatori ma anche appassionati del curling provenienti dai paesi anglosassoni che giocavano sul lago ghiacciato della citt\u00e0; lo sviluppo fu continuo e viene testimoniato dal fatto che gi\u00e0 a inizio degli anni trenta del Novecento la citt\u00e0 era dotata di un impianto di risalita e da un altro piccolo primato, quello di essere la prima localit\u00e0 della Svizzera ad essersi dotata di un sistema di illuminazione pubblica. Sankt Moritz ha anche pi\u00f9 volte ospitato importanti avvenimenti sportivi: per ben due volte le olimpiadi invernali (edizioni degli anni 1928 e 1948) e per tre volte i campionati del mondo di sci (1934, 1974, 2003). In citt\u00e0 si pu\u00f2 arrivare, oltre che col treno e l'automobile, anche con l'aereo: a Samedan c'\u00e8 l'aeroporto di Sankt Moritz che \u00e8 anche lo scalo posto alla maggior altitudine in Europa; su di esso opera Air Engadina che fornisce un servizio di taxi aereo verso i principali scali europei. La moneta ufficiale di Sankt Moritz \u00e8 il Franco Svizzero; la rappresentativa diplomatica italiana pi\u00f9 vicina si trova a Lugano dove \u00e8 attivo il consolato generale d'Italia in Via Ferruccio Perri al numero 16.","og_url":"https:\/\/www.article-marketing.eu\/comunicati\/viaggi-e-vacanze\/viaggi-e-turismo\/viaggi-st-moritz-perla-delle-alpi\/","og_site_name":"Article Marketing","article_published_time":"2009-10-08T09:16:22+00:00","author":"Redazione Comunicati Stampa","twitter_card":"summary_large_image","twitter_misc":{"Scritto da":"Redazione Comunicati Stampa","Tempo di lettura stimato":"3 minuti"},"schema":{"@context":"https:\/\/schema.org","@graph":[{"@type":"Article","@id":"https:\/\/www.article-marketing.eu\/comunicati\/viaggi-e-vacanze\/viaggi-e-turismo\/viaggi-st-moritz-perla-delle-alpi\/#article","isPartOf":{"@id":"https:\/\/www.article-marketing.eu\/comunicati\/viaggi-e-vacanze\/viaggi-e-turismo\/viaggi-st-moritz-perla-delle-alpi\/"},"author":{"name":"Redazione Comunicati Stampa","@id":"https:\/\/www.article-marketing.eu\/comunicati\/#\/schema\/person\/44372e4d4d0fa797b18e03ed1ace9017"},"headline":"Viaggi : St. Moritz perla delle Alpi","datePublished":"2009-10-08T09:16:22+00:00","mainEntityOfPage":{"@id":"https:\/\/www.article-marketing.eu\/comunicati\/viaggi-e-vacanze\/viaggi-e-turismo\/viaggi-st-moritz-perla-delle-alpi\/"},"wordCount":664,"commentCount":0,"keywords":["alpi","St.Moritz","turismo","vacanze","viaggi"],"articleSection":["Viaggi e Turismo"],"inLanguage":"it-IT","potentialAction":[{"@type":"CommentAction","name":"Comment","target":["https:\/\/www.article-marketing.eu\/comunicati\/viaggi-e-vacanze\/viaggi-e-turismo\/viaggi-st-moritz-perla-delle-alpi\/#respond"]}]},{"@type":"WebPage","@id":"https:\/\/www.article-marketing.eu\/comunicati\/viaggi-e-vacanze\/viaggi-e-turismo\/viaggi-st-moritz-perla-delle-alpi\/","url":"https:\/\/www.article-marketing.eu\/comunicati\/viaggi-e-vacanze\/viaggi-e-turismo\/viaggi-st-moritz-perla-delle-alpi\/","name":"Viaggi : St. Moritz perla delle Alpi - Article Marketing","isPartOf":{"@id":"https:\/\/www.article-marketing.eu\/comunicati\/#website"},"datePublished":"2009-10-08T09:16:22+00:00","author":{"@id":"https:\/\/www.article-marketing.eu\/comunicati\/#\/schema\/person\/44372e4d4d0fa797b18e03ed1ace9017"},"breadcrumb":{"@id":"https:\/\/www.article-marketing.eu\/comunicati\/viaggi-e-vacanze\/viaggi-e-turismo\/viaggi-st-moritz-perla-delle-alpi\/#breadcrumb"},"inLanguage":"it-IT","potentialAction":[{"@type":"ReadAction","target":["https:\/\/www.article-marketing.eu\/comunicati\/viaggi-e-vacanze\/viaggi-e-turismo\/viaggi-st-moritz-perla-delle-alpi\/"]}]},{"@type":"BreadcrumbList","@id":"https:\/\/www.article-marketing.eu\/comunicati\/viaggi-e-vacanze\/viaggi-e-turismo\/viaggi-st-moritz-perla-delle-alpi\/#breadcrumb","itemListElement":[{"@type":"ListItem","position":1,"name":"Home","item":"https:\/\/www.article-marketing.eu\/comunicati\/"},{"@type":"ListItem","position":2,"name":"Viaggi : St. Moritz perla delle Alpi"}]},{"@type":"WebSite","@id":"https:\/\/www.article-marketing.eu\/comunicati\/#website","url":"https:\/\/www.article-marketing.eu\/comunicati\/","name":"Article Marketing","description":"article marketing &amp; press release","potentialAction":[{"@type":"SearchAction","target":{"@type":"EntryPoint","urlTemplate":"https:\/\/www.article-marketing.eu\/comunicati\/?s={search_term_string}"},"query-input":{"@type":"PropertyValueSpecification","valueRequired":true,"valueName":"search_term_string"}}],"inLanguage":"it-IT"},{"@type":"Person","@id":"https:\/\/www.article-marketing.eu\/comunicati\/#\/schema\/person\/44372e4d4d0fa797b18e03ed1ace9017","name":"Redazione Comunicati Stampa","image":{"@type":"ImageObject","inLanguage":"it-IT","@id":"https:\/\/www.article-marketing.eu\/comunicati\/#\/schema\/person\/image\/","url":"https:\/\/secure.gravatar.com\/avatar\/50e5c6421d3072f42e7ace803501602c60d75233d34e29fd05feb91c8760b792?s=96&d=mm&r=g","contentUrl":"https:\/\/secure.gravatar.com\/avatar\/50e5c6421d3072f42e7ace803501602c60d75233d34e29fd05feb91c8760b792?s=96&d=mm&r=g","caption":"Redazione Comunicati Stampa"},"url":"https:\/\/www.article-marketing.eu\/comunicati\/author\/redazione-comunicati-stampa\/"}]}},"_links":{"self":[{"href":"https:\/\/www.article-marketing.eu\/comunicati\/wp-json\/wp\/v2\/posts\/2973","targetHints":{"allow":["GET"]}}],"collection":[{"href":"https:\/\/www.article-marketing.eu\/comunicati\/wp-json\/wp\/v2\/posts"}],"about":[{"href":"https:\/\/www.article-marketing.eu\/comunicati\/wp-json\/wp\/v2\/types\/post"}],"author":[{"embeddable":true,"href":"https:\/\/www.article-marketing.eu\/comunicati\/wp-json\/wp\/v2\/users\/10"}],"replies":[{"embeddable":true,"href":"https:\/\/www.article-marketing.eu\/comunicati\/wp-json\/wp\/v2\/comments?post=2973"}],"version-history":[{"count":0,"href":"https:\/\/www.article-marketing.eu\/comunicati\/wp-json\/wp\/v2\/posts\/2973\/revisions"}],"wp:attachment":[{"href":"https:\/\/www.article-marketing.eu\/comunicati\/wp-json\/wp\/v2\/media?parent=2973"}],"wp:term":[{"taxonomy":"category","embeddable":true,"href":"https:\/\/www.article-marketing.eu\/comunicati\/wp-json\/wp\/v2\/categories?post=2973"},{"taxonomy":"post_tag","embeddable":true,"href":"https:\/\/www.article-marketing.eu\/comunicati\/wp-json\/wp\/v2\/tags?post=2973"}],"curies":[{"name":"wp","href":"https:\/\/api.w.org\/{rel}","templated":true}]}}