{"id":2975,"date":"2009-10-08T13:18:30","date_gmt":"2009-10-08T11:18:30","guid":{"rendered":"http:\/\/www.article-marketing.eu\/comunicati\/senza-categoria\/in-diretta-dal-mediolanum-market-forum-presso-il-palazzo-della-borsa-di-milano-piu-forti-della-crisi\/"},"modified":"2009-10-08T13:18:30","modified_gmt":"2009-10-08T11:18:30","slug":"in-diretta-dal-mediolanum-market-forum-presso-il-palazzo-della-borsa-di-milano-piu-forti-della-crisi","status":"publish","type":"post","link":"https:\/\/www.article-marketing.eu\/comunicati\/economia-e-lavoro\/in-diretta-dal-mediolanum-market-forum-presso-il-palazzo-della-borsa-di-milano-piu-forti-della-crisi\/","title":{"rendered":"In diretta dal Mediolanum Market Forum presso il palazzo della Borsa di Milano: Piu\u2019 forti della crisi"},"content":{"rendered":"<p>In questo blocco del programma si approfondir\u00e0 il tema del valore positivo<br \/>\ndelle crisi. Ogni evoluzione presenta, prima o poi, un momento critico che ne<br \/>\nspezza lo sviluppo lineare con uno sconquasso in grado di ridisegnare i valori<br \/>\nin campo e conseguentemente di rilanciare un nuovo e ancor pi\u00f9 significativo<br \/>\nprogresso. Le opportunit\u00e0 offerte dalla grande crisi del 2009: vengono<br \/>\npresentati alcuni casi di successo.<\/p>\n<p>Interverranno:<br \/>\n&#8211; Alberto Bauli, Presidente Bauli S.p.A.<br \/>\n&#8211; Enrico Bracalente, Amministratore Unico Gruppo Nero Giardini<br \/>\n&#8211; Massimo Doris, A. D. Banca Mediolanum<br \/>\n&#8211; Oscar Giannino, Giornalista<br \/>\n&#8211; Remo Lucchi, A. D. Gfk Eurisko<br \/>\n&#8211; Giorgio Vigan\u00f2, Presidente e A. D. di RVA Rasini Vigan\u00f2 S.p.A.<\/p>\n<p>Ecco le loro testimonianze.<\/p>\n<p>Alberto Bauli, Presidente Bauli S.p.A.: \u201cIn questo anno difficile \u00e8 stato<br \/>\npossibile crescere ed acquisire quattro marchi storici, operazione gi\u00e0 in atto<br \/>\nda tempo. Soprattutto in tempo di crisi, puntiamo alla qualit\u00e0 della gestione,<br \/>\ndegli investimenti. Siamo preparati a sfruttare tutte le occasioni e a cogliere<br \/>\nil giusto momento. Aumentando le dimensioni possiamo puntare alla maggiore<br \/>\neconomia di scala; il denaro costa poco\u2026 \u00e8 il giusto momento per fare<br \/>\nacquisizioni. C\u2019era la corsa da parte della banche per supportare il nostro<br \/>\nprogetto di espansione. C\u2019\u00e8 spazio per fare di pi\u00f9. Il valore delle aziende \u00e8<br \/>\nsceso, questa \u00e8 una crisi che riassetter\u00e0 il tessuto economico. A riguardo<br \/>\ndell\u2019export: faremo una joint venture con un\u2019azienda indiana; l\u00ec esporteremo la<br \/>\ntecnologia che adottiamo, che permette una shelf life allungabile, dunque un<br \/>\nrisparmio notevole&quot;. <\/p>\n<p>Massimo Doris, A. D. Banca Mediolanum:\u201d Noi abbiamo conseguito risultati<br \/>\nstraordinari quest\u2019anno, +110% rispetto allo scorso anno, nettamente superiori<br \/>\nrispetto ai nostri concorrenti. Dobbiamo dire grazie al mix fra decisioni<br \/>\nstrategiche e opportunit\u00e0 di business. Quando l\u2019anno scorso si parlava di mutui<br \/>\nabbiamo preso una decisione di tagliare i tassi, non solo per i nuovi clienti<br \/>\nma anche per quelli che gi\u00e0 lo avevano sottoscritto. In tanti aspetti ci siamo<br \/>\nposti diversamente dalle altre banche. Ci siamo evidenziati anche per la<br \/>\ndecisione, subito dopo il fallimento della Lehman, di non penalizzare i nostri<br \/>\nclienti e di rimborsarli. Infine abbiamo raddoppiato gli investimenti<br \/>\npubblicitari ed aumentato le trasmissioni sul nostro canale per tenere<br \/>\ninformato il mercato. Per il futuro punteremo a prodotti nuovi, come il conto<br \/>\nFreedom con grandi vantaggi per il clienti, investiremo sempre in pubblicit\u00e0 e<br \/>\ncontinueremo ad aumentare la formazione. Prevediamo nuovi corsi sia per i<br \/>\nconsulenti, sia per i manager, ma anche di tipo finanziario per i clienti\u201d.<\/p>\n<p>Remo Lucchi, A. D. Gfk Eurisko afferma: \u201cIl PIL \u00e8 letteralmente precipitato<br \/>\nnel 2008. Le aziende che non hanno preso dei provvedimenti in termini di costi<br \/>\nrischiano molto, perch\u00e9 non c\u2019\u00e8 una ripresa a breve. Bisogna fare innovazione<br \/>\ndi prodotto, fare veri investimenti per innovazione vera, di prodotto e di<br \/>\nprocesso. Per fare qualit\u00e0 a prezzi interessanti, bisogna fare innovazione di<br \/>\nqualit\u00e0 e deve essere perseguita da tutti\u201d.<\/p>\n<p>Enrico Bracalente, Amministratore Unico Gruppo Nero Giardini aggiunge:<br \/>\n\u201cL\u2019approccio migliore per affrontare una crisi \u00e8 aggredirla. Noi gi\u00e0 alla fine<br \/>\n2007 abbiamo avuto le prime avvisaglie, quindi dai primi mesi del 2008 abbiamo<br \/>\ncominciato a fare strategie mirate, investendo moltissimo in formazione,<br \/>\ncreando una struttura commerciale con pi\u00f9 venditori, aumentando la<br \/>\ncomunicazione. Prodotto, servizio e comunicazione sono i tre fattori principali<br \/>\nper un&#8217;azienda. In questi momenti difficili bisogna investire sempre, avere la<br \/>\nforza economica ed il coraggio. Quando nel 2000 tutti dicevano di dislocare<br \/>\nall&#8217;estero io sono andato in controtendenza, e questa scelta mi sta premiando<br \/>\nanche se allora non \u00e8 stato facile. Il fatto che oggi il cliente guarda la<br \/>\nprovenienza del prodotto premia la nostra scelta. In sintesi: noi imprenditori<br \/>\ndobbiamo sempre guardare avanti con ottimismo\u201d.<\/p>\n<p>Prosegue Giorgio Vigan\u00f2, Presidente e A. D. di RVA Rasini Vigan\u00f2 S.p.A.:<br \/>\n\u201cQuesta crisi \u00e8 stata anomala perch\u00e9 divisa in pi\u00f9 tempi. Noi da subito abbiamo<br \/>\ncercato di soddisfare meglio le esigenze del cliente. Siamo un\u2019azienda<br \/>\nfamigliare e quindi abbiamo tempi decisionali brevi. Nel 2009 il trend, che per<br \/>\nnoi era in aumento, ha avuto un rallentamento, ma non un arresto. Abbiamo<br \/>\ncreato una nuova sede che ci ha aiutato molto; abbiamo investito non solo in<br \/>\nnuove risorse umane, ma anche nella loro formazione ed abbiamo puntato molto<br \/>\nanche nella comunicazione. Investendo anche nel sociale\u201d.<\/p>\n<p>Conclude Oscar Giannino, giornalista opinionista: \u201cS\u00ec, ci sono tante<br \/>\nopportunit\u00e0 in questa crisi. Ho un termometro aggiornato a ieri di tutto quello<br \/>\nche fanno le aziende. Il dato \u00e8 che i grandi gruppi hanno fatto tagli molto<br \/>\nincisivi. Mentre prima si doveva fare outsourcing, oggi bisogna fare inforcing,<br \/>\ninvestendo sulla formazione. Oggi la manifatturiera italiana non \u00e8 morta, anzi<br \/>\n\u00e8 vitale pi\u00f9 che mai. Da aprile noi stiamo assistendo nel settore della<br \/>\nmanifattura ad un processo di dislocazione mondiale, soprattutto intorno alla<br \/>\nCina. Di fronte a questa sfida avremo una crescita come quella che si \u00e8 vista<br \/>\ndopo l&#8217;Euro\u201d.<\/p>\n<p class=\"MsoNormal\">Su <a href=\"http:\/\/www.mediolanumchannel.tv\/mediolanum_market_forum\/mmf_200910_pillole.php\">Mediolanum Chanell<\/a><br \/>\n\u00e8 possibile vedere diversi contributi degli ospiti al Mediolanum Market Forum<br \/>\ndi ottobre 2008.<\/p>\n","protected":false},"excerpt":{"rendered":"<p>Il Mediolanum Market Forum &#8211; Ottobre 2009, alla sua V edizione affronta l\u2019effetto dirompente che l\u2019ultima grande crisi ha avuto sull\u2019economia e sull\u2019evoluzione produttiva del pianeta, generando nuovi equilibri, nuovi scenari, nuove opportunit\u00e0.<\/p>\n","protected":false},"author":10,"featured_media":0,"comment_status":"open","ping_status":"open","sticky":false,"template":"","format":"standard","meta":{"cybocfi_hide_featured_image":"","footnotes":""},"categories":[59],"tags":[6970,5311,2262,9349,9362,2760,9353,4369,9352,9351,99,9350,2761,207,2260,9363,9366,9367,2677,9358,9359,9355,9365,9364,1566,6971,1567,1343,9348,9356,9357,9347,9361,3006,6033,6034,6156,6036,5798,9360,9354,7923,9012],"class_list":["post-2975","post","type-post","status-publish","format-standard","hentry","category-economia-e-lavoro","tag-alboran","tag-banca-mediolanum","tag-borsa","tag-borsa-tempo-reale","tag-cesare-geronzi","tag-crisi","tag-crisi-2009","tag-crisi-economica","tag-crisi-economica-2009","tag-decreto-anti-crisi","tag-economia","tag-economia-aziendale","tag-ennio-doris","tag-ennio-morricone","tag-finanza","tag-getulio-alviani","tag-giorgio-mule","tag-giorgio-vigano","tag-investimenti","tag-investimenti-mediolanum","tag-investimenti-sicuri","tag-la-crisi","tag-mario-moretti-polegato","tag-mauro-ferraresi","tag-mediolanum-channel","tag-mediolanum-comunicazione","tag-mediolanum-market-forum","tag-milano","tag-milano-borsa","tag-milano-finanza","tag-milano-finanza-borsa","tag-mmf","tag-mondadori","tag-obama","tag-oscar-giannino","tag-paolo-scaroni","tag-parma","tag-remo-lucchi","tag-siena","tag-sondrio","tag-tema-crisi-economica","tag-treviso","tag-varese"],"yoast_head":"<!-- This site is optimized with the Yoast SEO plugin v27.0 - https:\/\/yoast.com\/product\/yoast-seo-wordpress\/ -->\n<title>In diretta dal Mediolanum Market Forum presso il palazzo della Borsa di Milano: Piu\u2019 forti della crisi - Article Marketing<\/title>\n<meta name=\"robots\" content=\"index, follow, max-snippet:-1, max-image-preview:large, max-video-preview:-1\" \/>\n<link rel=\"canonical\" href=\"https:\/\/www.article-marketing.eu\/comunicati\/economia-e-lavoro\/in-diretta-dal-mediolanum-market-forum-presso-il-palazzo-della-borsa-di-milano-piu-forti-della-crisi\/\" \/>\n<meta property=\"og:locale\" content=\"it_IT\" \/>\n<meta property=\"og:type\" content=\"article\" \/>\n<meta property=\"og:title\" content=\"In diretta dal Mediolanum Market Forum presso il palazzo della Borsa di Milano: Piu\u2019 forti della crisi - Article Marketing\" \/>\n<meta property=\"og:description\" content=\"Il Mediolanum Market Forum - Ottobre 2009, alla sua V edizione affronta l\u2019effetto dirompente che l\u2019ultima grande crisi ha avuto sull\u2019economia e sull\u2019evoluzione produttiva del pianeta, generando nuovi equilibri, nuovi scenari, nuove opportunit\u00e0.\" \/>\n<meta property=\"og:url\" content=\"https:\/\/www.article-marketing.eu\/comunicati\/economia-e-lavoro\/in-diretta-dal-mediolanum-market-forum-presso-il-palazzo-della-borsa-di-milano-piu-forti-della-crisi\/\" \/>\n<meta property=\"og:site_name\" content=\"Article Marketing\" \/>\n<meta property=\"article:published_time\" content=\"2009-10-08T11:18:30+00:00\" \/>\n<meta name=\"author\" content=\"Redazione Comunicati Stampa\" \/>\n<meta name=\"twitter:card\" content=\"summary_large_image\" \/>\n<meta name=\"twitter:label1\" content=\"Scritto da\" \/>\n\t<meta name=\"twitter:data1\" content=\"Redazione Comunicati Stampa\" \/>\n\t<meta name=\"twitter:label2\" content=\"Tempo di lettura stimato\" \/>\n\t<meta name=\"twitter:data2\" content=\"4 minuti\" \/>\n<script type=\"application\/ld+json\" class=\"yoast-schema-graph\">{\"@context\":\"https:\/\/schema.org\",\"@graph\":[{\"@type\":\"Article\",\"@id\":\"https:\/\/www.article-marketing.eu\/comunicati\/economia-e-lavoro\/in-diretta-dal-mediolanum-market-forum-presso-il-palazzo-della-borsa-di-milano-piu-forti-della-crisi\/#article\",\"isPartOf\":{\"@id\":\"https:\/\/www.article-marketing.eu\/comunicati\/economia-e-lavoro\/in-diretta-dal-mediolanum-market-forum-presso-il-palazzo-della-borsa-di-milano-piu-forti-della-crisi\/\"},\"author\":{\"name\":\"Redazione Comunicati Stampa\",\"@id\":\"https:\/\/www.article-marketing.eu\/comunicati\/#\/schema\/person\/44372e4d4d0fa797b18e03ed1ace9017\"},\"headline\":\"In diretta dal Mediolanum Market Forum presso il palazzo della Borsa di Milano: Piu\u2019 forti della crisi\",\"datePublished\":\"2009-10-08T11:18:30+00:00\",\"mainEntityOfPage\":{\"@id\":\"https:\/\/www.article-marketing.eu\/comunicati\/economia-e-lavoro\/in-diretta-dal-mediolanum-market-forum-presso-il-palazzo-della-borsa-di-milano-piu-forti-della-crisi\/\"},\"wordCount\":825,\"commentCount\":0,\"keywords\":[\"alboran\",\"banca mediolanum\",\"borsa\",\"borsa tempo reale\",\"cesare geronzi\",\"crisi\",\"crisi 2009\",\"CRISI ECONOMICA\",\"crisi economica 2009\",\"decreto anti crisi\",\"economia\",\"economia aziendale\",\"ennio doris\",\"Ennio Morricone\",\"finanza\",\"getulio alviani\",\"giorgio mul\u00e9\",\"giorgio vigan\u00f2\",\"investimenti\",\"investimenti Mediolanum\",\"investimenti sicuri\",\"la crisi\",\"mario moretti polegato\",\"mauro ferraresi\",\"mediolanum channel\",\"mediolanum comunicazione\",\"mediolanum market forum\",\"milano\",\"milano borsa\",\"milano finanza\",\"milano finanza borsa\",\"MMF\",\"mondadori\",\"obama\",\"oscar giannino\",\"paolo scaroni\",\"Parma\",\"remo lucchi\",\"siena\",\"sondrio\",\"tema crisi economica\",\"treviso\",\"varese\"],\"articleSection\":[\"Economia e lavoro\"],\"inLanguage\":\"it-IT\",\"potentialAction\":[{\"@type\":\"CommentAction\",\"name\":\"Comment\",\"target\":[\"https:\/\/www.article-marketing.eu\/comunicati\/economia-e-lavoro\/in-diretta-dal-mediolanum-market-forum-presso-il-palazzo-della-borsa-di-milano-piu-forti-della-crisi\/#respond\"]}]},{\"@type\":\"WebPage\",\"@id\":\"https:\/\/www.article-marketing.eu\/comunicati\/economia-e-lavoro\/in-diretta-dal-mediolanum-market-forum-presso-il-palazzo-della-borsa-di-milano-piu-forti-della-crisi\/\",\"url\":\"https:\/\/www.article-marketing.eu\/comunicati\/economia-e-lavoro\/in-diretta-dal-mediolanum-market-forum-presso-il-palazzo-della-borsa-di-milano-piu-forti-della-crisi\/\",\"name\":\"In diretta dal Mediolanum Market Forum presso il palazzo della Borsa di Milano: Piu\u2019 forti della crisi - Article Marketing\",\"isPartOf\":{\"@id\":\"https:\/\/www.article-marketing.eu\/comunicati\/#website\"},\"datePublished\":\"2009-10-08T11:18:30+00:00\",\"author\":{\"@id\":\"https:\/\/www.article-marketing.eu\/comunicati\/#\/schema\/person\/44372e4d4d0fa797b18e03ed1ace9017\"},\"breadcrumb\":{\"@id\":\"https:\/\/www.article-marketing.eu\/comunicati\/economia-e-lavoro\/in-diretta-dal-mediolanum-market-forum-presso-il-palazzo-della-borsa-di-milano-piu-forti-della-crisi\/#breadcrumb\"},\"inLanguage\":\"it-IT\",\"potentialAction\":[{\"@type\":\"ReadAction\",\"target\":[\"https:\/\/www.article-marketing.eu\/comunicati\/economia-e-lavoro\/in-diretta-dal-mediolanum-market-forum-presso-il-palazzo-della-borsa-di-milano-piu-forti-della-crisi\/\"]}]},{\"@type\":\"BreadcrumbList\",\"@id\":\"https:\/\/www.article-marketing.eu\/comunicati\/economia-e-lavoro\/in-diretta-dal-mediolanum-market-forum-presso-il-palazzo-della-borsa-di-milano-piu-forti-della-crisi\/#breadcrumb\",\"itemListElement\":[{\"@type\":\"ListItem\",\"position\":1,\"name\":\"Home\",\"item\":\"https:\/\/www.article-marketing.eu\/comunicati\/\"},{\"@type\":\"ListItem\",\"position\":2,\"name\":\"In diretta dal Mediolanum Market Forum presso il palazzo della Borsa di Milano: Piu\u2019 forti della crisi\"}]},{\"@type\":\"WebSite\",\"@id\":\"https:\/\/www.article-marketing.eu\/comunicati\/#website\",\"url\":\"https:\/\/www.article-marketing.eu\/comunicati\/\",\"name\":\"Article Marketing\",\"description\":\"article marketing &amp; press release\",\"potentialAction\":[{\"@type\":\"SearchAction\",\"target\":{\"@type\":\"EntryPoint\",\"urlTemplate\":\"https:\/\/www.article-marketing.eu\/comunicati\/?s={search_term_string}\"},\"query-input\":{\"@type\":\"PropertyValueSpecification\",\"valueRequired\":true,\"valueName\":\"search_term_string\"}}],\"inLanguage\":\"it-IT\"},{\"@type\":\"Person\",\"@id\":\"https:\/\/www.article-marketing.eu\/comunicati\/#\/schema\/person\/44372e4d4d0fa797b18e03ed1ace9017\",\"name\":\"Redazione Comunicati Stampa\",\"image\":{\"@type\":\"ImageObject\",\"inLanguage\":\"it-IT\",\"@id\":\"https:\/\/www.article-marketing.eu\/comunicati\/#\/schema\/person\/image\/\",\"url\":\"https:\/\/secure.gravatar.com\/avatar\/50e5c6421d3072f42e7ace803501602c60d75233d34e29fd05feb91c8760b792?s=96&d=mm&r=g\",\"contentUrl\":\"https:\/\/secure.gravatar.com\/avatar\/50e5c6421d3072f42e7ace803501602c60d75233d34e29fd05feb91c8760b792?s=96&d=mm&r=g\",\"caption\":\"Redazione Comunicati Stampa\"},\"url\":\"https:\/\/www.article-marketing.eu\/comunicati\/author\/redazione-comunicati-stampa\/\"}]}<\/script>\n<!-- \/ Yoast SEO plugin. -->","yoast_head_json":{"title":"In diretta dal Mediolanum Market Forum presso il palazzo della Borsa di Milano: Piu\u2019 forti della crisi - Article Marketing","robots":{"index":"index","follow":"follow","max-snippet":"max-snippet:-1","max-image-preview":"max-image-preview:large","max-video-preview":"max-video-preview:-1"},"canonical":"https:\/\/www.article-marketing.eu\/comunicati\/economia-e-lavoro\/in-diretta-dal-mediolanum-market-forum-presso-il-palazzo-della-borsa-di-milano-piu-forti-della-crisi\/","og_locale":"it_IT","og_type":"article","og_title":"In diretta dal Mediolanum Market Forum presso il palazzo della Borsa di Milano: Piu\u2019 forti della crisi - Article Marketing","og_description":"Il Mediolanum Market Forum - Ottobre 2009, alla sua V edizione affronta l\u2019effetto dirompente che l\u2019ultima grande crisi ha avuto sull\u2019economia e sull\u2019evoluzione produttiva del pianeta, generando nuovi equilibri, nuovi scenari, nuove opportunit\u00e0.","og_url":"https:\/\/www.article-marketing.eu\/comunicati\/economia-e-lavoro\/in-diretta-dal-mediolanum-market-forum-presso-il-palazzo-della-borsa-di-milano-piu-forti-della-crisi\/","og_site_name":"Article Marketing","article_published_time":"2009-10-08T11:18:30+00:00","author":"Redazione Comunicati Stampa","twitter_card":"summary_large_image","twitter_misc":{"Scritto da":"Redazione Comunicati Stampa","Tempo di lettura stimato":"4 minuti"},"schema":{"@context":"https:\/\/schema.org","@graph":[{"@type":"Article","@id":"https:\/\/www.article-marketing.eu\/comunicati\/economia-e-lavoro\/in-diretta-dal-mediolanum-market-forum-presso-il-palazzo-della-borsa-di-milano-piu-forti-della-crisi\/#article","isPartOf":{"@id":"https:\/\/www.article-marketing.eu\/comunicati\/economia-e-lavoro\/in-diretta-dal-mediolanum-market-forum-presso-il-palazzo-della-borsa-di-milano-piu-forti-della-crisi\/"},"author":{"name":"Redazione Comunicati Stampa","@id":"https:\/\/www.article-marketing.eu\/comunicati\/#\/schema\/person\/44372e4d4d0fa797b18e03ed1ace9017"},"headline":"In diretta dal Mediolanum Market Forum presso il palazzo della Borsa di Milano: Piu\u2019 forti della crisi","datePublished":"2009-10-08T11:18:30+00:00","mainEntityOfPage":{"@id":"https:\/\/www.article-marketing.eu\/comunicati\/economia-e-lavoro\/in-diretta-dal-mediolanum-market-forum-presso-il-palazzo-della-borsa-di-milano-piu-forti-della-crisi\/"},"wordCount":825,"commentCount":0,"keywords":["alboran","banca mediolanum","borsa","borsa tempo reale","cesare geronzi","crisi","crisi 2009","CRISI ECONOMICA","crisi economica 2009","decreto anti crisi","economia","economia aziendale","ennio doris","Ennio Morricone","finanza","getulio alviani","giorgio mul\u00e9","giorgio vigan\u00f2","investimenti","investimenti Mediolanum","investimenti sicuri","la crisi","mario moretti polegato","mauro ferraresi","mediolanum channel","mediolanum comunicazione","mediolanum market forum","milano","milano borsa","milano finanza","milano finanza borsa","MMF","mondadori","obama","oscar giannino","paolo scaroni","Parma","remo lucchi","siena","sondrio","tema crisi economica","treviso","varese"],"articleSection":["Economia e lavoro"],"inLanguage":"it-IT","potentialAction":[{"@type":"CommentAction","name":"Comment","target":["https:\/\/www.article-marketing.eu\/comunicati\/economia-e-lavoro\/in-diretta-dal-mediolanum-market-forum-presso-il-palazzo-della-borsa-di-milano-piu-forti-della-crisi\/#respond"]}]},{"@type":"WebPage","@id":"https:\/\/www.article-marketing.eu\/comunicati\/economia-e-lavoro\/in-diretta-dal-mediolanum-market-forum-presso-il-palazzo-della-borsa-di-milano-piu-forti-della-crisi\/","url":"https:\/\/www.article-marketing.eu\/comunicati\/economia-e-lavoro\/in-diretta-dal-mediolanum-market-forum-presso-il-palazzo-della-borsa-di-milano-piu-forti-della-crisi\/","name":"In diretta dal Mediolanum Market Forum presso il palazzo della Borsa di Milano: Piu\u2019 forti della crisi - Article Marketing","isPartOf":{"@id":"https:\/\/www.article-marketing.eu\/comunicati\/#website"},"datePublished":"2009-10-08T11:18:30+00:00","author":{"@id":"https:\/\/www.article-marketing.eu\/comunicati\/#\/schema\/person\/44372e4d4d0fa797b18e03ed1ace9017"},"breadcrumb":{"@id":"https:\/\/www.article-marketing.eu\/comunicati\/economia-e-lavoro\/in-diretta-dal-mediolanum-market-forum-presso-il-palazzo-della-borsa-di-milano-piu-forti-della-crisi\/#breadcrumb"},"inLanguage":"it-IT","potentialAction":[{"@type":"ReadAction","target":["https:\/\/www.article-marketing.eu\/comunicati\/economia-e-lavoro\/in-diretta-dal-mediolanum-market-forum-presso-il-palazzo-della-borsa-di-milano-piu-forti-della-crisi\/"]}]},{"@type":"BreadcrumbList","@id":"https:\/\/www.article-marketing.eu\/comunicati\/economia-e-lavoro\/in-diretta-dal-mediolanum-market-forum-presso-il-palazzo-della-borsa-di-milano-piu-forti-della-crisi\/#breadcrumb","itemListElement":[{"@type":"ListItem","position":1,"name":"Home","item":"https:\/\/www.article-marketing.eu\/comunicati\/"},{"@type":"ListItem","position":2,"name":"In diretta dal Mediolanum Market Forum presso il palazzo della Borsa di Milano: Piu\u2019 forti della crisi"}]},{"@type":"WebSite","@id":"https:\/\/www.article-marketing.eu\/comunicati\/#website","url":"https:\/\/www.article-marketing.eu\/comunicati\/","name":"Article Marketing","description":"article marketing &amp; press release","potentialAction":[{"@type":"SearchAction","target":{"@type":"EntryPoint","urlTemplate":"https:\/\/www.article-marketing.eu\/comunicati\/?s={search_term_string}"},"query-input":{"@type":"PropertyValueSpecification","valueRequired":true,"valueName":"search_term_string"}}],"inLanguage":"it-IT"},{"@type":"Person","@id":"https:\/\/www.article-marketing.eu\/comunicati\/#\/schema\/person\/44372e4d4d0fa797b18e03ed1ace9017","name":"Redazione Comunicati Stampa","image":{"@type":"ImageObject","inLanguage":"it-IT","@id":"https:\/\/www.article-marketing.eu\/comunicati\/#\/schema\/person\/image\/","url":"https:\/\/secure.gravatar.com\/avatar\/50e5c6421d3072f42e7ace803501602c60d75233d34e29fd05feb91c8760b792?s=96&d=mm&r=g","contentUrl":"https:\/\/secure.gravatar.com\/avatar\/50e5c6421d3072f42e7ace803501602c60d75233d34e29fd05feb91c8760b792?s=96&d=mm&r=g","caption":"Redazione Comunicati Stampa"},"url":"https:\/\/www.article-marketing.eu\/comunicati\/author\/redazione-comunicati-stampa\/"}]}},"_links":{"self":[{"href":"https:\/\/www.article-marketing.eu\/comunicati\/wp-json\/wp\/v2\/posts\/2975","targetHints":{"allow":["GET"]}}],"collection":[{"href":"https:\/\/www.article-marketing.eu\/comunicati\/wp-json\/wp\/v2\/posts"}],"about":[{"href":"https:\/\/www.article-marketing.eu\/comunicati\/wp-json\/wp\/v2\/types\/post"}],"author":[{"embeddable":true,"href":"https:\/\/www.article-marketing.eu\/comunicati\/wp-json\/wp\/v2\/users\/10"}],"replies":[{"embeddable":true,"href":"https:\/\/www.article-marketing.eu\/comunicati\/wp-json\/wp\/v2\/comments?post=2975"}],"version-history":[{"count":0,"href":"https:\/\/www.article-marketing.eu\/comunicati\/wp-json\/wp\/v2\/posts\/2975\/revisions"}],"wp:attachment":[{"href":"https:\/\/www.article-marketing.eu\/comunicati\/wp-json\/wp\/v2\/media?parent=2975"}],"wp:term":[{"taxonomy":"category","embeddable":true,"href":"https:\/\/www.article-marketing.eu\/comunicati\/wp-json\/wp\/v2\/categories?post=2975"},{"taxonomy":"post_tag","embeddable":true,"href":"https:\/\/www.article-marketing.eu\/comunicati\/wp-json\/wp\/v2\/tags?post=2975"}],"curies":[{"name":"wp","href":"https:\/\/api.w.org\/{rel}","templated":true}]}}