{"id":2987,"date":"2009-10-09T11:16:24","date_gmt":"2009-10-09T09:16:24","guid":{"rendered":"http:\/\/www.article-marketing.eu\/comunicati\/senza-categoria\/il-turismo-in-bicicletta-come-attivit%e0-per-tenere-vivo-il-fisico-e-la-mente\/"},"modified":"2009-10-09T11:16:24","modified_gmt":"2009-10-09T09:16:24","slug":"il-turismo-in-bicicletta-come-attivit%e0-per-tenere-vivo-il-fisico-e-la-mente","status":"publish","type":"post","link":"https:\/\/www.article-marketing.eu\/comunicati\/viaggi-e-vacanze\/viaggi-e-turismo\/il-turismo-in-bicicletta-come-attivit%e0-per-tenere-vivo-il-fisico-e-la-mente\/","title":{"rendered":"Il turismo in bicicletta come attivit\u00e0 per tenere vivo il fisico e la mente"},"content":{"rendered":"<p class=\"MsoNormal\">La bicicletta fu inventata in tempi piuttosto lontani,<br \/>\nma ancora oggi mantiene le sue caratteristiche di mezzo a propulsione muscolare<br \/>\nbasato sul principio dell\u2019antichissima invenzione della ruota.<br \/>\nSospinta dalla forza delle gambe dell\u2019uomo, la bicicletta \u00e8 diventata nel tempo<br \/>\nuno strumento indispensabile per trasportare le persone lungo medio-brevi<br \/>\nspostamenti, soprattutto per quanto riguarda le classi meno abbienti, come<br \/>\ntestimoniano i tanti film neorealisti risalenti al secondo Dopoguerra, in cui<br \/>\nspesso la bicicletta \u00e8 la protagonista involontaria di tante pellicole, una su<br \/>\ntutte, naturalmente, <em>Ladri di Biciclette<\/em><br \/>\ndi <em>Vittorio De Sica<\/em>.<br \/>\nMano a mano la societ\u00e0 ha migliorato il proprio tenore di vita e la bicicletta<br \/>\nha cominciato a diventare non pi\u00f9 un mezzo destinato alle classi popolari meno<br \/>\nabbienti, diventando un po\u2019 meno mezzo di trasporto e un po\u2019 pi\u00f9 strumento di<br \/>\nsvago legato allo sport e alle attivit\u00e0 agonistiche.<br \/>\nIl <strong>cicloturismo <\/strong>riassume entrambi questi aspetti. Alla base di questa forma di<br \/>\nturismo ci sono dunque tante componenti che hanno caratterizzato la storia<br \/>\ndell\u2019essere umano, dalla voglia di esplorazione, alla necessit\u00e0 di praticare<br \/>\nun\u2019attivit\u00e0 sportiva, al piacere dato dallo spostarsi per i paesi con un<br \/>\nspirito sicuramente pi\u00f9 \u201c<em>a misura d\u2019uomo<\/em>\u201d,<br \/>\nnell\u2019epoca in cui le distanze spaziali sono state azzerate dal viaggio aereo.<br \/>\nE\u2019 in questo spirito che \u00e8 nato, fra gli altri, l\u2019<em>EuroVelo<\/em>, un insieme di itinerari cicloturistici che vanno da nord<br \/>\na sud e da est a ovest, del continente europeo. <br \/>\nPer chi ama usare la bicicletta per fare turismo, non esiste per\u00f2 solo la<br \/>\npossibilit\u00e0 dei percorso EuroVelo.<br \/>\nDi grande interesse sono anche zone inserite all\u2019interno di <strong>contesti<br \/>\nnaturalistici<\/strong> e paesaggistici assai attrattivi. E\u2019 il caso ad esempio dell\u2019area<br \/>\nche si stende <strong>attorno alla citt\u00e0 di Treviso<\/strong>, la quale \u00e8 circondata da un ampio<br \/>\nterritorio di provincia chiamato <strong>Marca<\/strong>. Qui si possono scoprire ed osservare<br \/>\nnumerose specie di flora e fauna autoctona, oltre ovviamente a poter seguire<br \/>\nitinerari specificatamente tracciati per conoscere meglio il territorio. E\u2019 il<br \/>\ncaso della famosa <strong>Strada dei Vini DOC del Piave<\/strong>, un percorso enoculturale<br \/>\nassolutamente da non perdere. Al contempo, il buon cicloturista, non si dovr\u00e0<br \/>\nlasciare scappare tutte le prelibatezze gastronomiche che in quest\u2019area del<br \/>\nVeneto vengono sapientemente preparate ancora secondo la tradizione tramandata<br \/>\ndai tempi passati.<br \/>\nMa questa \u00e8 solo una delle tante possibilit\u00e0 che possono essere proposte per iniziare la propria avventura da cicloturisti. L\u2019importante \u00e8 ricordarsi sempre che questa pratica turistica permette di ottenere due risultati con un unico sforzo; il primo \u00e8 quello di fare una sana e salutare attivit\u00e0 fisica, il secondo \u00e8 quello di poter scoprire cose che probabilmente passerebbero inosservate se ci spostassimo con un mezzo di trasporto pi\u00f9 rapido. Insomma il cicloturismo sposa in pieno l\u2019interpretazione moderna della locuzione latina \u2018Mens sana in corpore sano\u2019.<br \/>Seguendo il consiglio di provare a fare un&#8217;esperienza di cicloturismo nella <strong>Marca Trevigiana<\/strong> \u00e8 necessario per\u00f2 scegliere un <a href=\"http:\/\/hotel-colombo.it\/\" title=\"Hotel Treviso\">Hotel Treviso<\/a> comodo e che permetta facilemente di raggiungere tutte le aree di interesse.<\/p>\n","protected":false},"excerpt":{"rendered":"<p>Il cicloturismo \u00e8 una delle attivit\u00e0 considerate allo stesso tempo benefiche per il corpo, in quanto il movimento fisico \u00e8 notevole, sia per la mente, in quanto consente una immersione totale nella natura e per lo pi\u00f9 in paesggi liberi da inquinamento.<\/p>\n","protected":false},"author":10,"featured_media":0,"comment_status":"open","ping_status":"open","sticky":false,"template":"","format":"standard","meta":{"cybocfi_hide_featured_image":"","footnotes":""},"categories":[2],"tags":[9648,8547,8549,9649,8548,9650],"class_list":["post-2987","post","type-post","status-publish","format-standard","hentry","category-viaggi-e-turismo","tag-hotel-a-treviso","tag-hotel-treviso","tag-hotels-treviso","tag-hoteltreviso","tag-treviso-hotel","tag-trevisohotel"],"yoast_head":"<!-- This site is optimized with the Yoast SEO plugin v27.0 - https:\/\/yoast.com\/product\/yoast-seo-wordpress\/ -->\n<title>Il turismo in bicicletta come attivit\u00e0 per tenere vivo il fisico e la mente - Article Marketing<\/title>\n<meta name=\"robots\" content=\"index, follow, max-snippet:-1, max-image-preview:large, max-video-preview:-1\" \/>\n<link rel=\"canonical\" href=\"https:\/\/www.article-marketing.eu\/comunicati\/viaggi-e-vacanze\/viaggi-e-turismo\/il-turismo-in-bicicletta-come-attivit?-per-tenere-vivo-il-fisico-e-la-mente\/\" \/>\n<meta property=\"og:locale\" content=\"it_IT\" \/>\n<meta property=\"og:type\" content=\"article\" \/>\n<meta property=\"og:title\" content=\"Il turismo in bicicletta come attivit\u00e0 per tenere vivo il fisico e la mente - Article Marketing\" \/>\n<meta property=\"og:description\" content=\"Il cicloturismo \u00e8 una delle attivit\u00e0 considerate allo stesso tempo benefiche per il corpo, in quanto il movimento fisico \u00e8 notevole, sia per la mente, in quanto consente una immersione totale nella natura e per lo pi\u00f9 in paesggi liberi da inquinamento.\" \/>\n<meta property=\"og:url\" content=\"\" \/>\n<meta property=\"og:site_name\" content=\"Article Marketing\" \/>\n<meta property=\"article:published_time\" content=\"2009-10-09T09:16:24+00:00\" \/>\n<meta name=\"author\" content=\"Redazione Comunicati Stampa\" \/>\n<meta name=\"twitter:card\" content=\"summary_large_image\" \/>\n<meta name=\"twitter:label1\" content=\"Scritto da\" \/>\n\t<meta name=\"twitter:data1\" content=\"Redazione Comunicati Stampa\" \/>\n\t<meta name=\"twitter:label2\" content=\"Tempo di lettura stimato\" \/>\n\t<meta name=\"twitter:data2\" content=\"2 minuti\" \/>\n<script type=\"application\/ld+json\" class=\"yoast-schema-graph\">{\"@context\":\"https:\/\/schema.org\",\"@graph\":[{\"@type\":\"Article\",\"@id\":\"https:\/\/www.article-marketing.eu\/comunicati\/viaggi-e-vacanze\/viaggi-e-turismo\/il-turismo-in-bicicletta-come-attivit%e0-per-tenere-vivo-il-fisico-e-la-mente\/#article\",\"isPartOf\":{\"@id\":\"https:\/\/www.article-marketing.eu\/comunicati\/viaggi-e-vacanze\/viaggi-e-turismo\/il-turismo-in-bicicletta-come-attivit%e0-per-tenere-vivo-il-fisico-e-la-mente\/\"},\"author\":{\"name\":\"Redazione Comunicati Stampa\",\"@id\":\"https:\/\/www.article-marketing.eu\/comunicati\/#\/schema\/person\/44372e4d4d0fa797b18e03ed1ace9017\"},\"headline\":\"Il turismo in bicicletta come attivit\u00e0 per tenere vivo il fisico e la mente\",\"datePublished\":\"2009-10-09T09:16:24+00:00\",\"mainEntityOfPage\":{\"@id\":\"https:\/\/www.article-marketing.eu\/comunicati\/viaggi-e-vacanze\/viaggi-e-turismo\/il-turismo-in-bicicletta-come-attivit%e0-per-tenere-vivo-il-fisico-e-la-mente\/\"},\"wordCount\":501,\"commentCount\":0,\"keywords\":[\"hotel a treviso\",\"hotel treviso\",\"hotels treviso\",\"hoteltreviso\",\"treviso hotel\",\"trevisohotel\"],\"articleSection\":[\"Viaggi e Turismo\"],\"inLanguage\":\"it-IT\",\"potentialAction\":[{\"@type\":\"CommentAction\",\"name\":\"Comment\",\"target\":[\"https:\/\/www.article-marketing.eu\/comunicati\/viaggi-e-vacanze\/viaggi-e-turismo\/il-turismo-in-bicicletta-come-attivit%e0-per-tenere-vivo-il-fisico-e-la-mente\/#respond\"]}]},{\"@type\":\"WebPage\",\"@id\":\"https:\/\/www.article-marketing.eu\/comunicati\/viaggi-e-vacanze\/viaggi-e-turismo\/il-turismo-in-bicicletta-come-attivit%e0-per-tenere-vivo-il-fisico-e-la-mente\/\",\"url\":\"https:\/\/www.article-marketing.eu\/comunicati\/viaggi-e-vacanze\/viaggi-e-turismo\/il-turismo-in-bicicletta-come-attivit%e0-per-tenere-vivo-il-fisico-e-la-mente\/\",\"name\":\"Il turismo in bicicletta come attivit\u00e0 per tenere vivo il fisico e la mente - Article Marketing\",\"isPartOf\":{\"@id\":\"https:\/\/www.article-marketing.eu\/comunicati\/#website\"},\"datePublished\":\"2009-10-09T09:16:24+00:00\",\"author\":{\"@id\":\"https:\/\/www.article-marketing.eu\/comunicati\/#\/schema\/person\/44372e4d4d0fa797b18e03ed1ace9017\"},\"breadcrumb\":{\"@id\":\"https:\/\/www.article-marketing.eu\/comunicati\/viaggi-e-vacanze\/viaggi-e-turismo\/il-turismo-in-bicicletta-come-attivit%e0-per-tenere-vivo-il-fisico-e-la-mente\/#breadcrumb\"},\"inLanguage\":\"it-IT\",\"potentialAction\":[{\"@type\":\"ReadAction\",\"target\":[\"https:\/\/www.article-marketing.eu\/comunicati\/viaggi-e-vacanze\/viaggi-e-turismo\/il-turismo-in-bicicletta-come-attivit%e0-per-tenere-vivo-il-fisico-e-la-mente\/\"]}]},{\"@type\":\"BreadcrumbList\",\"@id\":\"https:\/\/www.article-marketing.eu\/comunicati\/viaggi-e-vacanze\/viaggi-e-turismo\/il-turismo-in-bicicletta-come-attivit%e0-per-tenere-vivo-il-fisico-e-la-mente\/#breadcrumb\",\"itemListElement\":[{\"@type\":\"ListItem\",\"position\":1,\"name\":\"Home\",\"item\":\"https:\/\/www.article-marketing.eu\/comunicati\/\"},{\"@type\":\"ListItem\",\"position\":2,\"name\":\"Il turismo in bicicletta come attivit\u00e0 per tenere vivo il fisico e la mente\"}]},{\"@type\":\"WebSite\",\"@id\":\"https:\/\/www.article-marketing.eu\/comunicati\/#website\",\"url\":\"https:\/\/www.article-marketing.eu\/comunicati\/\",\"name\":\"Article Marketing\",\"description\":\"article marketing &amp; press release\",\"potentialAction\":[{\"@type\":\"SearchAction\",\"target\":{\"@type\":\"EntryPoint\",\"urlTemplate\":\"https:\/\/www.article-marketing.eu\/comunicati\/?s={search_term_string}\"},\"query-input\":{\"@type\":\"PropertyValueSpecification\",\"valueRequired\":true,\"valueName\":\"search_term_string\"}}],\"inLanguage\":\"it-IT\"},{\"@type\":\"Person\",\"@id\":\"https:\/\/www.article-marketing.eu\/comunicati\/#\/schema\/person\/44372e4d4d0fa797b18e03ed1ace9017\",\"name\":\"Redazione Comunicati Stampa\",\"image\":{\"@type\":\"ImageObject\",\"inLanguage\":\"it-IT\",\"@id\":\"https:\/\/www.article-marketing.eu\/comunicati\/#\/schema\/person\/image\/\",\"url\":\"https:\/\/secure.gravatar.com\/avatar\/50e5c6421d3072f42e7ace803501602c60d75233d34e29fd05feb91c8760b792?s=96&d=mm&r=g\",\"contentUrl\":\"https:\/\/secure.gravatar.com\/avatar\/50e5c6421d3072f42e7ace803501602c60d75233d34e29fd05feb91c8760b792?s=96&d=mm&r=g\",\"caption\":\"Redazione Comunicati Stampa\"},\"url\":\"https:\/\/www.article-marketing.eu\/comunicati\/author\/redazione-comunicati-stampa\/\"}]}<\/script>\n<!-- \/ Yoast SEO plugin. -->","yoast_head_json":{"title":"Il turismo in bicicletta come attivit\u00e0 per tenere vivo il fisico e la mente - Article Marketing","robots":{"index":"index","follow":"follow","max-snippet":"max-snippet:-1","max-image-preview":"max-image-preview:large","max-video-preview":"max-video-preview:-1"},"canonical":"https:\/\/www.article-marketing.eu\/comunicati\/viaggi-e-vacanze\/viaggi-e-turismo\/il-turismo-in-bicicletta-come-attivit?-per-tenere-vivo-il-fisico-e-la-mente\/","og_locale":"it_IT","og_type":"article","og_title":"Il turismo in bicicletta come attivit\u00e0 per tenere vivo il fisico e la mente - Article Marketing","og_description":"Il cicloturismo \u00e8 una delle attivit\u00e0 considerate allo stesso tempo benefiche per il corpo, in quanto il movimento fisico \u00e8 notevole, sia per la mente, in quanto consente una immersione totale nella natura e per lo pi\u00f9 in paesggi liberi da inquinamento.","og_url":"https:\/\/www.article-marketing.eu\/comunicati\/viaggi-e-vacanze\/viaggi-e-turismo\/il-turismo-in-bicicletta-come-attivit?-per-tenere-vivo-il-fisico-e-la-mente\/","og_site_name":"Article Marketing","article_published_time":"2009-10-09T09:16:24+00:00","author":"Redazione Comunicati Stampa","twitter_card":"summary_large_image","twitter_misc":{"Scritto da":"Redazione Comunicati Stampa","Tempo di lettura stimato":"2 minuti"},"schema":{"@context":"https:\/\/schema.org","@graph":[{"@type":"Article","@id":"https:\/\/www.article-marketing.eu\/comunicati\/viaggi-e-vacanze\/viaggi-e-turismo\/il-turismo-in-bicicletta-come-attivit%e0-per-tenere-vivo-il-fisico-e-la-mente\/#article","isPartOf":{"@id":"https:\/\/www.article-marketing.eu\/comunicati\/viaggi-e-vacanze\/viaggi-e-turismo\/il-turismo-in-bicicletta-come-attivit%e0-per-tenere-vivo-il-fisico-e-la-mente\/"},"author":{"name":"Redazione Comunicati Stampa","@id":"https:\/\/www.article-marketing.eu\/comunicati\/#\/schema\/person\/44372e4d4d0fa797b18e03ed1ace9017"},"headline":"Il turismo in bicicletta come attivit\u00e0 per tenere vivo il fisico e la mente","datePublished":"2009-10-09T09:16:24+00:00","mainEntityOfPage":{"@id":"https:\/\/www.article-marketing.eu\/comunicati\/viaggi-e-vacanze\/viaggi-e-turismo\/il-turismo-in-bicicletta-come-attivit%e0-per-tenere-vivo-il-fisico-e-la-mente\/"},"wordCount":501,"commentCount":0,"keywords":["hotel a treviso","hotel treviso","hotels treviso","hoteltreviso","treviso hotel","trevisohotel"],"articleSection":["Viaggi e Turismo"],"inLanguage":"it-IT","potentialAction":[{"@type":"CommentAction","name":"Comment","target":["https:\/\/www.article-marketing.eu\/comunicati\/viaggi-e-vacanze\/viaggi-e-turismo\/il-turismo-in-bicicletta-come-attivit%e0-per-tenere-vivo-il-fisico-e-la-mente\/#respond"]}]},{"@type":"WebPage","@id":"https:\/\/www.article-marketing.eu\/comunicati\/viaggi-e-vacanze\/viaggi-e-turismo\/il-turismo-in-bicicletta-come-attivit%e0-per-tenere-vivo-il-fisico-e-la-mente\/","url":"https:\/\/www.article-marketing.eu\/comunicati\/viaggi-e-vacanze\/viaggi-e-turismo\/il-turismo-in-bicicletta-come-attivit%e0-per-tenere-vivo-il-fisico-e-la-mente\/","name":"Il turismo in bicicletta come attivit\u00e0 per tenere vivo il fisico e la mente - Article Marketing","isPartOf":{"@id":"https:\/\/www.article-marketing.eu\/comunicati\/#website"},"datePublished":"2009-10-09T09:16:24+00:00","author":{"@id":"https:\/\/www.article-marketing.eu\/comunicati\/#\/schema\/person\/44372e4d4d0fa797b18e03ed1ace9017"},"breadcrumb":{"@id":"https:\/\/www.article-marketing.eu\/comunicati\/viaggi-e-vacanze\/viaggi-e-turismo\/il-turismo-in-bicicletta-come-attivit%e0-per-tenere-vivo-il-fisico-e-la-mente\/#breadcrumb"},"inLanguage":"it-IT","potentialAction":[{"@type":"ReadAction","target":["https:\/\/www.article-marketing.eu\/comunicati\/viaggi-e-vacanze\/viaggi-e-turismo\/il-turismo-in-bicicletta-come-attivit%e0-per-tenere-vivo-il-fisico-e-la-mente\/"]}]},{"@type":"BreadcrumbList","@id":"https:\/\/www.article-marketing.eu\/comunicati\/viaggi-e-vacanze\/viaggi-e-turismo\/il-turismo-in-bicicletta-come-attivit%e0-per-tenere-vivo-il-fisico-e-la-mente\/#breadcrumb","itemListElement":[{"@type":"ListItem","position":1,"name":"Home","item":"https:\/\/www.article-marketing.eu\/comunicati\/"},{"@type":"ListItem","position":2,"name":"Il turismo in bicicletta come attivit\u00e0 per tenere vivo il fisico e la mente"}]},{"@type":"WebSite","@id":"https:\/\/www.article-marketing.eu\/comunicati\/#website","url":"https:\/\/www.article-marketing.eu\/comunicati\/","name":"Article Marketing","description":"article marketing &amp; press release","potentialAction":[{"@type":"SearchAction","target":{"@type":"EntryPoint","urlTemplate":"https:\/\/www.article-marketing.eu\/comunicati\/?s={search_term_string}"},"query-input":{"@type":"PropertyValueSpecification","valueRequired":true,"valueName":"search_term_string"}}],"inLanguage":"it-IT"},{"@type":"Person","@id":"https:\/\/www.article-marketing.eu\/comunicati\/#\/schema\/person\/44372e4d4d0fa797b18e03ed1ace9017","name":"Redazione Comunicati Stampa","image":{"@type":"ImageObject","inLanguage":"it-IT","@id":"https:\/\/www.article-marketing.eu\/comunicati\/#\/schema\/person\/image\/","url":"https:\/\/secure.gravatar.com\/avatar\/50e5c6421d3072f42e7ace803501602c60d75233d34e29fd05feb91c8760b792?s=96&d=mm&r=g","contentUrl":"https:\/\/secure.gravatar.com\/avatar\/50e5c6421d3072f42e7ace803501602c60d75233d34e29fd05feb91c8760b792?s=96&d=mm&r=g","caption":"Redazione Comunicati Stampa"},"url":"https:\/\/www.article-marketing.eu\/comunicati\/author\/redazione-comunicati-stampa\/"}]}},"_links":{"self":[{"href":"https:\/\/www.article-marketing.eu\/comunicati\/wp-json\/wp\/v2\/posts\/2987","targetHints":{"allow":["GET"]}}],"collection":[{"href":"https:\/\/www.article-marketing.eu\/comunicati\/wp-json\/wp\/v2\/posts"}],"about":[{"href":"https:\/\/www.article-marketing.eu\/comunicati\/wp-json\/wp\/v2\/types\/post"}],"author":[{"embeddable":true,"href":"https:\/\/www.article-marketing.eu\/comunicati\/wp-json\/wp\/v2\/users\/10"}],"replies":[{"embeddable":true,"href":"https:\/\/www.article-marketing.eu\/comunicati\/wp-json\/wp\/v2\/comments?post=2987"}],"version-history":[{"count":0,"href":"https:\/\/www.article-marketing.eu\/comunicati\/wp-json\/wp\/v2\/posts\/2987\/revisions"}],"wp:attachment":[{"href":"https:\/\/www.article-marketing.eu\/comunicati\/wp-json\/wp\/v2\/media?parent=2987"}],"wp:term":[{"taxonomy":"category","embeddable":true,"href":"https:\/\/www.article-marketing.eu\/comunicati\/wp-json\/wp\/v2\/categories?post=2987"},{"taxonomy":"post_tag","embeddable":true,"href":"https:\/\/www.article-marketing.eu\/comunicati\/wp-json\/wp\/v2\/tags?post=2987"}],"curies":[{"name":"wp","href":"https:\/\/api.w.org\/{rel}","templated":true}]}}