{"id":3014,"date":"2009-10-13T15:15:47","date_gmt":"2009-10-13T13:15:47","guid":{"rendered":"http:\/\/www.article-marketing.eu\/comunicati\/senza-categoria\/record-di-numeri-e-creativit%e0-per-il-pt02\/"},"modified":"2009-10-13T15:15:47","modified_gmt":"2009-10-13T13:15:47","slug":"record-di-numeri-e-creativit%e0-per-il-pt02","status":"publish","type":"post","link":"https:\/\/www.article-marketing.eu\/comunicati\/arte-e-cultura\/record-di-numeri-e-creativit%e0-per-il-pt02\/","title":{"rendered":"Record di numeri e creativit\u00e0 per il Premio Terna 02"},"content":{"rendered":"<p>Luned\u00ec, 12 ottobre 2009 \u2013 Con <strong>3.529 opere iscritte<\/strong>, ben 372 in pi\u00f9 <\/p>\n<p>rispetto all\u2019anno scorso, si \u00e8 concluso sabato 10 ottobre, alle ore 8.00 in Italia e alle <\/p>\n<p>23.00 ora italiana a New York, il termine di iscrizione al <a href=\"http:\/\/www.premioterna.it\/it\/new\/record-di-numeri-e-creativita-per-il-%0A%0Apt02\"><strong>Premio Terna 02<\/strong><\/a>, un progetto di promozione degli artisti e <\/p>\n<p>dell&#8217;arte contemporanea integrato in un ampio accordo con il <strong>Ministero per i Beni e le <\/p>\n<p>Attivit\u00e0 Culturali<\/strong>.<\/p>\n<p>Si \u00e8 quindi aperto ufficialmente il voto per il<strong> Premio Online <\/strong>al quale <\/p>\n<p>partecipano automaticamente i 3.529 iscritti in tutte le categorie. <\/p>\n<p>Ci sar\u00e0 tempo di <\/p>\n<p>votare i propri artisti preferiti fino al 20 ottobre, entro le ore 18.00, attraverso la <\/p>\n<p>grande vetrina di <\/p>\n<p>www.premioterna.com. La rete \u00e8 uno dei grandi protagonisti del <strong>PT02<\/strong> <\/p>\n<p>come testimoniano le oltre 85.000 voci gi\u00e0 presenti in rete sui motori di ricerca come <\/p>\n<p><strong>Google<\/strong>.<\/p>\n<p>Superata in qualit\u00e0 e quantit\u00e0 la prima edizione del Premio: sono 45 i maestri dell\u2019arte, <\/p>\n<p>nella categoria a invito <strong>Terawatt<\/strong>, ad aver aderito al progetto <\/p>\n<p>esprimendosi sul tema <em>&quot;Energia : Umanit\u00e0 = Futuro : Ambiente. <\/em><\/p>\n<p><em>La proporzione per una <\/p>\n<p>nuova estetica.&quot;<\/em><\/p>\n<p>Le <em>3.529 opere iscritte<\/em> in questa edizione sono cos\u00ec suddivise: <em>1.361 <\/p>\n<p>Categoria Gigawatt <\/em>(under 35), <em>2.021 Categoria Megawatt<\/em> (over 35),<em> 45 <\/p>\n<p>Categoria Terawatt<\/em>, <em>102 Categoria Connectivity<\/em> che rappresenta la prima <\/p>\n<p>esperienza per italiani e non, residenti a New York, di connessione artistica con la <\/p>\n<p>capitale mondiale dell\u2019arte contemporanea.<\/p>\n<p>Un risultato eccezionale che evidenzia l&#8217;entusiasmo e la fiducia degli artisti per un <\/p>\n<p>progetto che, come evidenzia uno dei curatori Gianluca Marziani, <em>&quot;ha superato l\u2019<\/p>\n<p>ambito del premio&quot; <\/em>per diventare con il contributo di tutti, <em>&quot;una piattaforma <\/p>\n<p>culturale fatta di idee, analisi , ricerche, eventi, mostre, convegni, progetti speciali, <\/p>\n<p>editoria e comunicazione evoluta&quot;<\/em>.<em> &quot;Una sensazione di grande sorpresa ed <\/p>\n<p>entusiasmo \u2013 da parte della curatrice Cristiana Collu \u2013 per tutto il lavoro fatto: una <\/p>\n<p>partecipazione cos\u00ec forte di artisti rivela la percezione di una qualit\u00e0 sempre pi\u00f9 alta <\/p>\n<p>che mostra come siano state recepite le tante opportunit\u00e0 del Premio. Qualit\u00e0 e quantit\u00e0, <\/p>\n<p>pi\u00f9 iscritti e pi\u00f9 alto livello qualitativo delle opere. Evidentemente era uno spazio <\/p>\n<p>dove c\u2019\u00e8 molto da fare e &quot;mettersi all\u2019ascolto&quot; ha portato risultati eccezionali&quot;<\/em>.<\/p>\n<p>Le prossime tappe previste: tra il 18 e il 20 ottobre verranno decretate le opere <\/p>\n<p>finaliste; il 20 ottobre avr\u00e0 termine il voto online; il 22 ottobre si svolger\u00e0 <\/p>\n<p>l&#8217;incontro della Giuria e del Comitato dei Galleristi per decretare i vincitori.<\/p>\n<p>Tutte le regioni d&#8217;Italia hanno aderito con entusiasmo. Il maggior numero di <\/p>\n<p>partecipanti, composto in totale da 1.435 donne e 2.094 uomini, \u00e8 totalizzato dal Lazio <\/p>\n<p>(22% degli iscritti), seguito da Lombardia (14%) e Campania (7%). Per tracciare una mappa <\/p>\n<p><em>&quot;dell\u2019arte contemporanea&quot; <\/em>del nostro Paese, i portabandiera dell&#8217;espressivit\u00e0 <\/p>\n<p>artistica al Nord sono rappresentati, oltre che dalla Lombardia, anche dall&#8217;Emilia <\/p>\n<p>Romagna che registra un buon tasso di partecipazione (6%), dal Piemonte (5%) e dal Veneto <\/p>\n<p>(4%). Al Centro, oltre al Lazio, anche Toscana (7%) e Umbria (2%) hanno una ricca fetta <\/p>\n<p>di concorrenti in gara. Al Sud le regioni pi\u00f9 rappresentative sono la Sicilia e la Puglia <\/p>\n<p>con il 5% del totale dei partecipanti, seguite da Sardegna (4%) e Calabria (2%).<\/p>\n<p>La &quot;terna&quot; dei risultati rilevanti di questa seconda edizione, in sintesi:\n<\/p>\n<ul>\n<li>cresce la voglia di partecipare su aspetti culturali, sociali ed estetici di\n<p>grandissima attualit\u00e0 quali il futuro dell&#8217;uomo, l&#8217;ambiente e l&#8217;energia che diventano <\/p>\n<p>elementi di riflessione, realizzazione e creativit\u00e0 per artisti di tutte le et\u00e0 e di <\/p>\n<p>tutte le regioni d&#8217;Italia;<\/li>\n<li> i grandi maestri dell&#8217;arte contemporanea italiana dimostrano fiducia nel\n<p>Premio ed empatia con il tema, accettano di proporre la propria opera come faro e guida <\/p>\n<p>per tutti gli altri: un numero quasi raddoppiato rispetto alla prima edizione ne sono la <\/p>\n<p>testimonianza concreta;<\/li>\n<li>la qualit\u00e0 dei lavori inviati, l\u2019importante presenza di grandi formati, di\n<p>tecniche realizzative tecnologiche e innovative, la maggiore aderenza ad un tema <\/p>\n<p>complesso e articolato e gli oltre 100 video arrivati (visibili nella pagina multimedia <\/p>\n<p>del sito).<\/li>\n<\/ul>\n<p>\nStraordinaria in questo senso la partecipazione di artisti affermati tra i <\/p>\n<p><em>Terawatt<\/em>: un numero quasi raddoppiato rispetto alla prima edizione, con ben 45 <\/p>\n<p>opere iscritte, dove si scorge un panorama molto variegato e arricchito di ulteriori e <\/p>\n<p>innovativi linguaggi. Agli artisti visuali pi\u00f9 importanti nel panorama italiano dell&#8217;arte <\/p>\n<p>contemporanea, infatti, i curatori, hanno affiancato le grandi star dell&#8217;Italian Design, <\/p>\n<p>le eccellenze della ricerca filmica, gli sperimentatori della ricerca italiana su <\/p>\n<p>pellicola e della fotografia, nonch\u00e9 artisti giovani per et\u00e0, ma con passaggi museali <\/p>\n<p>internazionali di primissimo livello.<\/p>\n<p>La Giuria composta da Presidente e Amministratore Delegato di Terna, <strong>Luigi <\/p>\n<p>Roth<\/strong> e <strong>Flavio Cattaneo<\/strong>, dai curatori <strong>Gianluca <\/p>\n<p>Marziani<\/strong> e <strong>Cristiana Collu<\/strong>, e da <strong>Massimiliano <\/p>\n<p>Fuksas<\/strong>, <strong>Matthew Higgs<\/strong>, <strong>Luigi Ontani<\/strong>, <\/p>\n<p><strong>Giuseppe Piccioni<\/strong>, <strong>Marco Senaldi<\/strong>,<strong> Patrizia <\/p>\n<p>Sandretto Re Rebaudengo<\/strong>, <strong>Vicente Todol\u00ec<\/strong>, si esprimer\u00e0 il 22 <\/p>\n<p>ottobre.<\/p>\n<p>&nbsp;Il comitato dei Galleristi, coordinato da Francesco Cascino, art consultant, \u00e8 composto da Oredaria Arti Contemporanee di Marina Covi Celli (Roma) Studio Trisorio di Laura Trisorio (Napoli) Galleria Alberto Peola di Alberto Peola (Torino) Galleria Curti &amp; Gambuzzi di Paolo Curti e AnnaMaria Gambuzzi (Milano) e Studio La Citt\u00e0 di H\u00e9l\u00e8ne de Franchis (Verona). <\/p>\n","protected":false},"excerpt":{"rendered":"<p>Oltre 3.500 artisti hanno creato sul tema<br \/>\n\u201cEnergia : Umanit\u00e0 = Futuro : Ambiente\u201d<br \/>\n45 maestri guidano questa \u201cmoltitudine\u201d creativa<br \/>\nIl voto per il Premio Online resta aperto fino al 20 ottobre<\/p>\n","protected":false},"author":10,"featured_media":0,"comment_status":"open","ping_status":"open","sticky":false,"template":"","format":"standard","meta":{"cybocfi_hide_featured_image":"","footnotes":""},"categories":[27],"tags":[96,1024,113,9733],"class_list":["post-3014","post","type-post","status-publish","format-standard","hentry","category-arte-e-cultura","tag-ambiente","tag-arte-contemporanea","tag-energia","tag-premio-terna-02"],"yoast_head":"<!-- This site is optimized with the Yoast SEO plugin v27.0 - https:\/\/yoast.com\/product\/yoast-seo-wordpress\/ -->\n<title>Record di numeri e creativit\u00e0 per il Premio Terna 02 - Article Marketing<\/title>\n<meta name=\"robots\" content=\"index, follow, max-snippet:-1, max-image-preview:large, max-video-preview:-1\" \/>\n<link rel=\"canonical\" href=\"https:\/\/www.article-marketing.eu\/comunicati\/arte-e-cultura\/record-di-numeri-e-creativit?-per-il-pt02\/\" \/>\n<meta property=\"og:locale\" content=\"it_IT\" \/>\n<meta property=\"og:type\" content=\"article\" \/>\n<meta property=\"og:title\" content=\"Record di numeri e creativit\u00e0 per il Premio Terna 02 - Article Marketing\" \/>\n<meta property=\"og:description\" content=\"Oltre 3.500 artisti hanno creato sul tema \u201cEnergia : Umanit\u00e0 = Futuro : Ambiente\u201d 45 maestri guidano questa \u201cmoltitudine\u201d creativa Il voto per il Premio Online resta aperto fino al 20 ottobre\" \/>\n<meta property=\"og:url\" content=\"\" \/>\n<meta property=\"og:site_name\" content=\"Article Marketing\" \/>\n<meta property=\"article:published_time\" content=\"2009-10-13T13:15:47+00:00\" \/>\n<meta name=\"author\" content=\"Redazione Comunicati Stampa\" \/>\n<meta name=\"twitter:card\" content=\"summary_large_image\" \/>\n<meta name=\"twitter:label1\" content=\"Scritto da\" \/>\n\t<meta name=\"twitter:data1\" content=\"Redazione Comunicati Stampa\" \/>\n\t<meta name=\"twitter:label2\" content=\"Tempo di lettura stimato\" \/>\n\t<meta name=\"twitter:data2\" content=\"4 minuti\" \/>\n<script type=\"application\/ld+json\" class=\"yoast-schema-graph\">{\"@context\":\"https:\/\/schema.org\",\"@graph\":[{\"@type\":\"Article\",\"@id\":\"https:\/\/www.article-marketing.eu\/comunicati\/arte-e-cultura\/record-di-numeri-e-creativit%e0-per-il-pt02\/#article\",\"isPartOf\":{\"@id\":\"https:\/\/www.article-marketing.eu\/comunicati\/arte-e-cultura\/record-di-numeri-e-creativit%e0-per-il-pt02\/\"},\"author\":{\"name\":\"Redazione Comunicati Stampa\",\"@id\":\"https:\/\/www.article-marketing.eu\/comunicati\/#\/schema\/person\/44372e4d4d0fa797b18e03ed1ace9017\"},\"headline\":\"Record di numeri e creativit\u00e0 per il Premio Terna 02\",\"datePublished\":\"2009-10-13T13:15:47+00:00\",\"mainEntityOfPage\":{\"@id\":\"https:\/\/www.article-marketing.eu\/comunicati\/arte-e-cultura\/record-di-numeri-e-creativit%e0-per-il-pt02\/\"},\"wordCount\":813,\"commentCount\":0,\"keywords\":[\"ambiente\",\"arte contemporanea\",\"energia\",\"premio terna 02\"],\"articleSection\":[\"Arte e cultura\"],\"inLanguage\":\"it-IT\",\"potentialAction\":[{\"@type\":\"CommentAction\",\"name\":\"Comment\",\"target\":[\"https:\/\/www.article-marketing.eu\/comunicati\/arte-e-cultura\/record-di-numeri-e-creativit%e0-per-il-pt02\/#respond\"]}]},{\"@type\":\"WebPage\",\"@id\":\"https:\/\/www.article-marketing.eu\/comunicati\/arte-e-cultura\/record-di-numeri-e-creativit%e0-per-il-pt02\/\",\"url\":\"https:\/\/www.article-marketing.eu\/comunicati\/arte-e-cultura\/record-di-numeri-e-creativit%e0-per-il-pt02\/\",\"name\":\"Record di numeri e creativit\u00e0 per il Premio Terna 02 - Article Marketing\",\"isPartOf\":{\"@id\":\"https:\/\/www.article-marketing.eu\/comunicati\/#website\"},\"datePublished\":\"2009-10-13T13:15:47+00:00\",\"author\":{\"@id\":\"https:\/\/www.article-marketing.eu\/comunicati\/#\/schema\/person\/44372e4d4d0fa797b18e03ed1ace9017\"},\"breadcrumb\":{\"@id\":\"https:\/\/www.article-marketing.eu\/comunicati\/arte-e-cultura\/record-di-numeri-e-creativit%e0-per-il-pt02\/#breadcrumb\"},\"inLanguage\":\"it-IT\",\"potentialAction\":[{\"@type\":\"ReadAction\",\"target\":[\"https:\/\/www.article-marketing.eu\/comunicati\/arte-e-cultura\/record-di-numeri-e-creativit%e0-per-il-pt02\/\"]}]},{\"@type\":\"BreadcrumbList\",\"@id\":\"https:\/\/www.article-marketing.eu\/comunicati\/arte-e-cultura\/record-di-numeri-e-creativit%e0-per-il-pt02\/#breadcrumb\",\"itemListElement\":[{\"@type\":\"ListItem\",\"position\":1,\"name\":\"Home\",\"item\":\"https:\/\/www.article-marketing.eu\/comunicati\/\"},{\"@type\":\"ListItem\",\"position\":2,\"name\":\"Record di numeri e creativit\u00e0 per il Premio Terna 02\"}]},{\"@type\":\"WebSite\",\"@id\":\"https:\/\/www.article-marketing.eu\/comunicati\/#website\",\"url\":\"https:\/\/www.article-marketing.eu\/comunicati\/\",\"name\":\"Article Marketing\",\"description\":\"article marketing &amp; press release\",\"potentialAction\":[{\"@type\":\"SearchAction\",\"target\":{\"@type\":\"EntryPoint\",\"urlTemplate\":\"https:\/\/www.article-marketing.eu\/comunicati\/?s={search_term_string}\"},\"query-input\":{\"@type\":\"PropertyValueSpecification\",\"valueRequired\":true,\"valueName\":\"search_term_string\"}}],\"inLanguage\":\"it-IT\"},{\"@type\":\"Person\",\"@id\":\"https:\/\/www.article-marketing.eu\/comunicati\/#\/schema\/person\/44372e4d4d0fa797b18e03ed1ace9017\",\"name\":\"Redazione Comunicati Stampa\",\"image\":{\"@type\":\"ImageObject\",\"inLanguage\":\"it-IT\",\"@id\":\"https:\/\/www.article-marketing.eu\/comunicati\/#\/schema\/person\/image\/\",\"url\":\"https:\/\/secure.gravatar.com\/avatar\/50e5c6421d3072f42e7ace803501602c60d75233d34e29fd05feb91c8760b792?s=96&d=mm&r=g\",\"contentUrl\":\"https:\/\/secure.gravatar.com\/avatar\/50e5c6421d3072f42e7ace803501602c60d75233d34e29fd05feb91c8760b792?s=96&d=mm&r=g\",\"caption\":\"Redazione Comunicati Stampa\"},\"url\":\"https:\/\/www.article-marketing.eu\/comunicati\/author\/redazione-comunicati-stampa\/\"}]}<\/script>\n<!-- \/ Yoast SEO plugin. -->","yoast_head_json":{"title":"Record di numeri e creativit\u00e0 per il Premio Terna 02 - Article Marketing","robots":{"index":"index","follow":"follow","max-snippet":"max-snippet:-1","max-image-preview":"max-image-preview:large","max-video-preview":"max-video-preview:-1"},"canonical":"https:\/\/www.article-marketing.eu\/comunicati\/arte-e-cultura\/record-di-numeri-e-creativit?-per-il-pt02\/","og_locale":"it_IT","og_type":"article","og_title":"Record di numeri e creativit\u00e0 per il Premio Terna 02 - Article Marketing","og_description":"Oltre 3.500 artisti hanno creato sul tema \u201cEnergia : Umanit\u00e0 = Futuro : Ambiente\u201d 45 maestri guidano questa \u201cmoltitudine\u201d creativa Il voto per il Premio Online resta aperto fino al 20 ottobre","og_url":"https:\/\/www.article-marketing.eu\/comunicati\/arte-e-cultura\/record-di-numeri-e-creativit?-per-il-pt02\/","og_site_name":"Article Marketing","article_published_time":"2009-10-13T13:15:47+00:00","author":"Redazione Comunicati Stampa","twitter_card":"summary_large_image","twitter_misc":{"Scritto da":"Redazione Comunicati Stampa","Tempo di lettura stimato":"4 minuti"},"schema":{"@context":"https:\/\/schema.org","@graph":[{"@type":"Article","@id":"https:\/\/www.article-marketing.eu\/comunicati\/arte-e-cultura\/record-di-numeri-e-creativit%e0-per-il-pt02\/#article","isPartOf":{"@id":"https:\/\/www.article-marketing.eu\/comunicati\/arte-e-cultura\/record-di-numeri-e-creativit%e0-per-il-pt02\/"},"author":{"name":"Redazione Comunicati Stampa","@id":"https:\/\/www.article-marketing.eu\/comunicati\/#\/schema\/person\/44372e4d4d0fa797b18e03ed1ace9017"},"headline":"Record di numeri e creativit\u00e0 per il Premio Terna 02","datePublished":"2009-10-13T13:15:47+00:00","mainEntityOfPage":{"@id":"https:\/\/www.article-marketing.eu\/comunicati\/arte-e-cultura\/record-di-numeri-e-creativit%e0-per-il-pt02\/"},"wordCount":813,"commentCount":0,"keywords":["ambiente","arte contemporanea","energia","premio terna 02"],"articleSection":["Arte e cultura"],"inLanguage":"it-IT","potentialAction":[{"@type":"CommentAction","name":"Comment","target":["https:\/\/www.article-marketing.eu\/comunicati\/arte-e-cultura\/record-di-numeri-e-creativit%e0-per-il-pt02\/#respond"]}]},{"@type":"WebPage","@id":"https:\/\/www.article-marketing.eu\/comunicati\/arte-e-cultura\/record-di-numeri-e-creativit%e0-per-il-pt02\/","url":"https:\/\/www.article-marketing.eu\/comunicati\/arte-e-cultura\/record-di-numeri-e-creativit%e0-per-il-pt02\/","name":"Record di numeri e creativit\u00e0 per il Premio Terna 02 - Article Marketing","isPartOf":{"@id":"https:\/\/www.article-marketing.eu\/comunicati\/#website"},"datePublished":"2009-10-13T13:15:47+00:00","author":{"@id":"https:\/\/www.article-marketing.eu\/comunicati\/#\/schema\/person\/44372e4d4d0fa797b18e03ed1ace9017"},"breadcrumb":{"@id":"https:\/\/www.article-marketing.eu\/comunicati\/arte-e-cultura\/record-di-numeri-e-creativit%e0-per-il-pt02\/#breadcrumb"},"inLanguage":"it-IT","potentialAction":[{"@type":"ReadAction","target":["https:\/\/www.article-marketing.eu\/comunicati\/arte-e-cultura\/record-di-numeri-e-creativit%e0-per-il-pt02\/"]}]},{"@type":"BreadcrumbList","@id":"https:\/\/www.article-marketing.eu\/comunicati\/arte-e-cultura\/record-di-numeri-e-creativit%e0-per-il-pt02\/#breadcrumb","itemListElement":[{"@type":"ListItem","position":1,"name":"Home","item":"https:\/\/www.article-marketing.eu\/comunicati\/"},{"@type":"ListItem","position":2,"name":"Record di numeri e creativit\u00e0 per il Premio Terna 02"}]},{"@type":"WebSite","@id":"https:\/\/www.article-marketing.eu\/comunicati\/#website","url":"https:\/\/www.article-marketing.eu\/comunicati\/","name":"Article Marketing","description":"article marketing &amp; press release","potentialAction":[{"@type":"SearchAction","target":{"@type":"EntryPoint","urlTemplate":"https:\/\/www.article-marketing.eu\/comunicati\/?s={search_term_string}"},"query-input":{"@type":"PropertyValueSpecification","valueRequired":true,"valueName":"search_term_string"}}],"inLanguage":"it-IT"},{"@type":"Person","@id":"https:\/\/www.article-marketing.eu\/comunicati\/#\/schema\/person\/44372e4d4d0fa797b18e03ed1ace9017","name":"Redazione Comunicati Stampa","image":{"@type":"ImageObject","inLanguage":"it-IT","@id":"https:\/\/www.article-marketing.eu\/comunicati\/#\/schema\/person\/image\/","url":"https:\/\/secure.gravatar.com\/avatar\/50e5c6421d3072f42e7ace803501602c60d75233d34e29fd05feb91c8760b792?s=96&d=mm&r=g","contentUrl":"https:\/\/secure.gravatar.com\/avatar\/50e5c6421d3072f42e7ace803501602c60d75233d34e29fd05feb91c8760b792?s=96&d=mm&r=g","caption":"Redazione Comunicati Stampa"},"url":"https:\/\/www.article-marketing.eu\/comunicati\/author\/redazione-comunicati-stampa\/"}]}},"_links":{"self":[{"href":"https:\/\/www.article-marketing.eu\/comunicati\/wp-json\/wp\/v2\/posts\/3014","targetHints":{"allow":["GET"]}}],"collection":[{"href":"https:\/\/www.article-marketing.eu\/comunicati\/wp-json\/wp\/v2\/posts"}],"about":[{"href":"https:\/\/www.article-marketing.eu\/comunicati\/wp-json\/wp\/v2\/types\/post"}],"author":[{"embeddable":true,"href":"https:\/\/www.article-marketing.eu\/comunicati\/wp-json\/wp\/v2\/users\/10"}],"replies":[{"embeddable":true,"href":"https:\/\/www.article-marketing.eu\/comunicati\/wp-json\/wp\/v2\/comments?post=3014"}],"version-history":[{"count":0,"href":"https:\/\/www.article-marketing.eu\/comunicati\/wp-json\/wp\/v2\/posts\/3014\/revisions"}],"wp:attachment":[{"href":"https:\/\/www.article-marketing.eu\/comunicati\/wp-json\/wp\/v2\/media?parent=3014"}],"wp:term":[{"taxonomy":"category","embeddable":true,"href":"https:\/\/www.article-marketing.eu\/comunicati\/wp-json\/wp\/v2\/categories?post=3014"},{"taxonomy":"post_tag","embeddable":true,"href":"https:\/\/www.article-marketing.eu\/comunicati\/wp-json\/wp\/v2\/tags?post=3014"}],"curies":[{"name":"wp","href":"https:\/\/api.w.org\/{rel}","templated":true}]}}