{"id":30239,"date":"2012-10-25T12:36:14","date_gmt":"2012-10-25T10:36:14","guid":{"rendered":"http:\/\/www.article-marketing.eu\/comunicati\/senza-categoria\/arriva-festivity-la-fiera-delle-feste\/"},"modified":"2018-07-10T05:53:06","modified_gmt":"2018-07-10T03:53:06","slug":"arriva-festivity-la-fiera-delle-feste","status":"publish","type":"post","link":"https:\/\/www.article-marketing.eu\/comunicati\/comunicati-stampa\/arriva-festivity-la-fiera-delle-feste\/","title":{"rendered":"Arriva Festivity, la fiera delle feste"},"content":{"rendered":"<p><strong>Festivity 2013 <\/strong>arriva in Fiera Milano<strong> <\/strong>dal <strong>23 al 27 gennaio 2013<\/strong>. La fiera vedr&agrave; esposta merce dedicata alle <strong>festivit&agrave;<\/strong>, con una particolare attenzione agli <strong>addobbi natalizi<\/strong>, alle decorazioni di varie festivit&agrave; come Carnevale e Halloween e ai <strong>giocattoli<\/strong> in generale. A <em>Festivity 2013<\/em> si potr&agrave; trovare ogni prodotto legato al packaging, al gioco e numerose decorazioni anche legate alle offerte merceologiche del <strong>Salone della Casa<\/strong>.<br \/><strong>Festivity 2013<\/strong> sar&agrave; infatti ospitata all&rsquo;interno di <strong>Macef, il Salone Internazionale della Casa<\/strong>, che destiner&agrave; spazi importanti alla fiera delle feste.<br \/>La manifestazione <em>Festivity 2013<\/em> diventa un&rsquo;occasione imperdibili per i romantici delle festivit&agrave;, per coloro che vogliono ritrovarsi in un ambiente dove entrare in contatto con un&rsquo;atmosfera gioiosa e rilassante. Il tutto condito dall&rsquo;opportunit&agrave; di accogliere idee per decorazioni o addobbi e acquistare i pi&ugrave; svariati accessori legati al mondo delle festivit&agrave;.<\/p>\n<p>Halloween, Carnevale, Natale e le principali festivit&agrave; che si ripropongono durante l&rsquo;anno sono prese come occasione per staccare dalla realt&agrave; lavorativa e prendersi una pausa. E per arricchire questi momenti e dare libero sfogo alla fantasia di chi vuole festeggiare in maniera originale, <strong>Festivity 2013<\/strong> garantisce un&rsquo;offerta variegata e indubbiamente completa di prodotti per le feste.<br \/>Festivity 2013: le iniziative<br \/>La fiera <em>Festivity 2013<\/em> destiner&agrave; uno spazio alla <em>Piazza delle Feste<\/em>, ovvero uno spazio espositivo dove &egrave; stato ricreato uno scenario di festa, all&rsquo;interno del quale gli espositori potranno mostrare la loro merce contestualizzandola in un ambiente adatto. I visitatori potranno in tal modo trarre spunto da queste ambientazioni e riproporle o svilupparle in ambiti festivi. Si raggiunge quindi un duplice scopo semplicemente allestendo uno spazio per adibirlo a situazione di festa.<br \/>Un altro spazio di <strong>Festivity 2013<\/strong> sar&agrave; dedicato alla &ldquo;<strong>fiera mondiale dei presepi<\/strong>&rdquo;, un&rsquo;occasione per ammirare varie rappresentazioni della nascita di Ges&ugrave; e al tempo stesso per promuovere il lavoro di artigiani provenienti da tutta Italia, valorizzare i loro prodotti e le varie tradizioni locali.<br \/>Il quartiere di Fiera Milano<br \/>Gli spazi della <strong>Fiera di Milano<\/strong> della sede di <strong>Rho-Pero<\/strong> dedicati a Festivity 2013 saranno i padiglioni centrali, padiglioni 6 e 10, per un totale di spazio espositivo di <strong>20.000 metri quadrati<\/strong>.<br \/>Il quartiere fieristico di Fiera Milano di Rho-Pero conta <strong>8 padiglioni di 37.000 metri quadri<\/strong> ciascuno. Di questi, due si sviluppano su due piani, gli altri sei sono monoplanari. Ognuno di essi dispone di ogni servizio necessario ed &egrave; quindi autonomo. Ogni padiglione di Fiera Milano &egrave; adattabile a qualsiasi esigenza di spazio espositivo, essendo suddivisibile in due o quattro sottoaree espositive.<\/p>\n","protected":false},"excerpt":{"rendered":"<p>Festivity 2013 arriva in Fiera Milano dal 23 al 27 gennaio 2013. La fiera vedr\u00e0 esposta merce dedicata alle festivit\u00e0, con una particolare attenzione agli addobbi natalizi, alle decorazioni di varie festivit\u00e0 come Carnevale e Halloween e ai giocattoli in generale.<\/p>\n","protected":false},"author":10,"featured_media":0,"comment_status":"open","ping_status":"open","sticky":false,"template":"","format":"standard","meta":{"cybocfi_hide_featured_image":"","footnotes":""},"categories":[190],"tags":[39095],"class_list":["post-30239","post","type-post","status-publish","format-standard","hentry","category-comunicati-stampa","tag-festivity-2013"],"yoast_head":"<!-- This site is optimized with the Yoast SEO plugin v27.0 - https:\/\/yoast.com\/product\/yoast-seo-wordpress\/ -->\n<title>Arriva Festivity, la fiera delle feste - Article Marketing<\/title>\n<meta name=\"robots\" content=\"index, follow, max-snippet:-1, max-image-preview:large, max-video-preview:-1\" \/>\n<link rel=\"canonical\" href=\"https:\/\/www.article-marketing.eu\/comunicati\/comunicati-stampa\/arriva-festivity-la-fiera-delle-feste\/\" \/>\n<meta property=\"og:locale\" content=\"it_IT\" \/>\n<meta property=\"og:type\" content=\"article\" \/>\n<meta property=\"og:title\" content=\"Arriva Festivity, la fiera delle feste - Article Marketing\" \/>\n<meta property=\"og:description\" content=\"Festivity 2013 arriva in Fiera Milano dal 23 al 27 gennaio 2013. La fiera vedr\u00e0 esposta merce dedicata alle festivit\u00e0, con una particolare attenzione agli addobbi natalizi, alle decorazioni di varie festivit\u00e0 come Carnevale e Halloween e ai giocattoli in generale.\" \/>\n<meta property=\"og:url\" content=\"https:\/\/www.article-marketing.eu\/comunicati\/comunicati-stampa\/arriva-festivity-la-fiera-delle-feste\/\" \/>\n<meta property=\"og:site_name\" content=\"Article Marketing\" \/>\n<meta property=\"article:published_time\" content=\"2012-10-25T10:36:14+00:00\" \/>\n<meta property=\"article:modified_time\" content=\"2018-07-10T03:53:06+00:00\" \/>\n<meta name=\"author\" content=\"Redazione Comunicati Stampa\" \/>\n<meta name=\"twitter:card\" content=\"summary_large_image\" \/>\n<meta name=\"twitter:label1\" content=\"Scritto da\" \/>\n\t<meta name=\"twitter:data1\" content=\"Redazione Comunicati Stampa\" \/>\n\t<meta name=\"twitter:label2\" content=\"Tempo di lettura stimato\" \/>\n\t<meta name=\"twitter:data2\" content=\"2 minuti\" \/>\n<script type=\"application\/ld+json\" class=\"yoast-schema-graph\">{\"@context\":\"https:\/\/schema.org\",\"@graph\":[{\"@type\":\"Article\",\"@id\":\"https:\/\/www.article-marketing.eu\/comunicati\/comunicati-stampa\/arriva-festivity-la-fiera-delle-feste\/#article\",\"isPartOf\":{\"@id\":\"https:\/\/www.article-marketing.eu\/comunicati\/comunicati-stampa\/arriva-festivity-la-fiera-delle-feste\/\"},\"author\":{\"name\":\"Redazione Comunicati Stampa\",\"@id\":\"https:\/\/www.article-marketing.eu\/comunicati\/#\/schema\/person\/44372e4d4d0fa797b18e03ed1ace9017\"},\"headline\":\"Arriva Festivity, la fiera delle feste\",\"datePublished\":\"2012-10-25T10:36:14+00:00\",\"dateModified\":\"2018-07-10T03:53:06+00:00\",\"mainEntityOfPage\":{\"@id\":\"https:\/\/www.article-marketing.eu\/comunicati\/comunicati-stampa\/arriva-festivity-la-fiera-delle-feste\/\"},\"wordCount\":434,\"commentCount\":0,\"keywords\":[\"festivity 2013\"],\"articleSection\":[\"Comunicati stampa\"],\"inLanguage\":\"it-IT\",\"potentialAction\":[{\"@type\":\"CommentAction\",\"name\":\"Comment\",\"target\":[\"https:\/\/www.article-marketing.eu\/comunicati\/comunicati-stampa\/arriva-festivity-la-fiera-delle-feste\/#respond\"]}]},{\"@type\":\"WebPage\",\"@id\":\"https:\/\/www.article-marketing.eu\/comunicati\/comunicati-stampa\/arriva-festivity-la-fiera-delle-feste\/\",\"url\":\"https:\/\/www.article-marketing.eu\/comunicati\/comunicati-stampa\/arriva-festivity-la-fiera-delle-feste\/\",\"name\":\"Arriva Festivity, la fiera delle feste - Article Marketing\",\"isPartOf\":{\"@id\":\"https:\/\/www.article-marketing.eu\/comunicati\/#website\"},\"datePublished\":\"2012-10-25T10:36:14+00:00\",\"dateModified\":\"2018-07-10T03:53:06+00:00\",\"author\":{\"@id\":\"https:\/\/www.article-marketing.eu\/comunicati\/#\/schema\/person\/44372e4d4d0fa797b18e03ed1ace9017\"},\"breadcrumb\":{\"@id\":\"https:\/\/www.article-marketing.eu\/comunicati\/comunicati-stampa\/arriva-festivity-la-fiera-delle-feste\/#breadcrumb\"},\"inLanguage\":\"it-IT\",\"potentialAction\":[{\"@type\":\"ReadAction\",\"target\":[\"https:\/\/www.article-marketing.eu\/comunicati\/comunicati-stampa\/arriva-festivity-la-fiera-delle-feste\/\"]}]},{\"@type\":\"BreadcrumbList\",\"@id\":\"https:\/\/www.article-marketing.eu\/comunicati\/comunicati-stampa\/arriva-festivity-la-fiera-delle-feste\/#breadcrumb\",\"itemListElement\":[{\"@type\":\"ListItem\",\"position\":1,\"name\":\"Home\",\"item\":\"https:\/\/www.article-marketing.eu\/comunicati\/\"},{\"@type\":\"ListItem\",\"position\":2,\"name\":\"Arriva Festivity, la fiera delle feste\"}]},{\"@type\":\"WebSite\",\"@id\":\"https:\/\/www.article-marketing.eu\/comunicati\/#website\",\"url\":\"https:\/\/www.article-marketing.eu\/comunicati\/\",\"name\":\"Article Marketing\",\"description\":\"article marketing &amp; press release\",\"potentialAction\":[{\"@type\":\"SearchAction\",\"target\":{\"@type\":\"EntryPoint\",\"urlTemplate\":\"https:\/\/www.article-marketing.eu\/comunicati\/?s={search_term_string}\"},\"query-input\":{\"@type\":\"PropertyValueSpecification\",\"valueRequired\":true,\"valueName\":\"search_term_string\"}}],\"inLanguage\":\"it-IT\"},{\"@type\":\"Person\",\"@id\":\"https:\/\/www.article-marketing.eu\/comunicati\/#\/schema\/person\/44372e4d4d0fa797b18e03ed1ace9017\",\"name\":\"Redazione Comunicati Stampa\",\"image\":{\"@type\":\"ImageObject\",\"inLanguage\":\"it-IT\",\"@id\":\"https:\/\/www.article-marketing.eu\/comunicati\/#\/schema\/person\/image\/\",\"url\":\"https:\/\/secure.gravatar.com\/avatar\/50e5c6421d3072f42e7ace803501602c60d75233d34e29fd05feb91c8760b792?s=96&d=mm&r=g\",\"contentUrl\":\"https:\/\/secure.gravatar.com\/avatar\/50e5c6421d3072f42e7ace803501602c60d75233d34e29fd05feb91c8760b792?s=96&d=mm&r=g\",\"caption\":\"Redazione Comunicati Stampa\"},\"url\":\"https:\/\/www.article-marketing.eu\/comunicati\/author\/redazione-comunicati-stampa\/\"}]}<\/script>\n<!-- \/ Yoast SEO plugin. -->","yoast_head_json":{"title":"Arriva Festivity, la fiera delle feste - Article Marketing","robots":{"index":"index","follow":"follow","max-snippet":"max-snippet:-1","max-image-preview":"max-image-preview:large","max-video-preview":"max-video-preview:-1"},"canonical":"https:\/\/www.article-marketing.eu\/comunicati\/comunicati-stampa\/arriva-festivity-la-fiera-delle-feste\/","og_locale":"it_IT","og_type":"article","og_title":"Arriva Festivity, la fiera delle feste - Article Marketing","og_description":"Festivity 2013 arriva in Fiera Milano dal 23 al 27 gennaio 2013. La fiera vedr\u00e0 esposta merce dedicata alle festivit\u00e0, con una particolare attenzione agli addobbi natalizi, alle decorazioni di varie festivit\u00e0 come Carnevale e Halloween e ai giocattoli in generale.","og_url":"https:\/\/www.article-marketing.eu\/comunicati\/comunicati-stampa\/arriva-festivity-la-fiera-delle-feste\/","og_site_name":"Article Marketing","article_published_time":"2012-10-25T10:36:14+00:00","article_modified_time":"2018-07-10T03:53:06+00:00","author":"Redazione Comunicati Stampa","twitter_card":"summary_large_image","twitter_misc":{"Scritto da":"Redazione Comunicati Stampa","Tempo di lettura stimato":"2 minuti"},"schema":{"@context":"https:\/\/schema.org","@graph":[{"@type":"Article","@id":"https:\/\/www.article-marketing.eu\/comunicati\/comunicati-stampa\/arriva-festivity-la-fiera-delle-feste\/#article","isPartOf":{"@id":"https:\/\/www.article-marketing.eu\/comunicati\/comunicati-stampa\/arriva-festivity-la-fiera-delle-feste\/"},"author":{"name":"Redazione Comunicati Stampa","@id":"https:\/\/www.article-marketing.eu\/comunicati\/#\/schema\/person\/44372e4d4d0fa797b18e03ed1ace9017"},"headline":"Arriva Festivity, la fiera delle feste","datePublished":"2012-10-25T10:36:14+00:00","dateModified":"2018-07-10T03:53:06+00:00","mainEntityOfPage":{"@id":"https:\/\/www.article-marketing.eu\/comunicati\/comunicati-stampa\/arriva-festivity-la-fiera-delle-feste\/"},"wordCount":434,"commentCount":0,"keywords":["festivity 2013"],"articleSection":["Comunicati stampa"],"inLanguage":"it-IT","potentialAction":[{"@type":"CommentAction","name":"Comment","target":["https:\/\/www.article-marketing.eu\/comunicati\/comunicati-stampa\/arriva-festivity-la-fiera-delle-feste\/#respond"]}]},{"@type":"WebPage","@id":"https:\/\/www.article-marketing.eu\/comunicati\/comunicati-stampa\/arriva-festivity-la-fiera-delle-feste\/","url":"https:\/\/www.article-marketing.eu\/comunicati\/comunicati-stampa\/arriva-festivity-la-fiera-delle-feste\/","name":"Arriva Festivity, la fiera delle feste - Article Marketing","isPartOf":{"@id":"https:\/\/www.article-marketing.eu\/comunicati\/#website"},"datePublished":"2012-10-25T10:36:14+00:00","dateModified":"2018-07-10T03:53:06+00:00","author":{"@id":"https:\/\/www.article-marketing.eu\/comunicati\/#\/schema\/person\/44372e4d4d0fa797b18e03ed1ace9017"},"breadcrumb":{"@id":"https:\/\/www.article-marketing.eu\/comunicati\/comunicati-stampa\/arriva-festivity-la-fiera-delle-feste\/#breadcrumb"},"inLanguage":"it-IT","potentialAction":[{"@type":"ReadAction","target":["https:\/\/www.article-marketing.eu\/comunicati\/comunicati-stampa\/arriva-festivity-la-fiera-delle-feste\/"]}]},{"@type":"BreadcrumbList","@id":"https:\/\/www.article-marketing.eu\/comunicati\/comunicati-stampa\/arriva-festivity-la-fiera-delle-feste\/#breadcrumb","itemListElement":[{"@type":"ListItem","position":1,"name":"Home","item":"https:\/\/www.article-marketing.eu\/comunicati\/"},{"@type":"ListItem","position":2,"name":"Arriva Festivity, la fiera delle feste"}]},{"@type":"WebSite","@id":"https:\/\/www.article-marketing.eu\/comunicati\/#website","url":"https:\/\/www.article-marketing.eu\/comunicati\/","name":"Article Marketing","description":"article marketing &amp; press release","potentialAction":[{"@type":"SearchAction","target":{"@type":"EntryPoint","urlTemplate":"https:\/\/www.article-marketing.eu\/comunicati\/?s={search_term_string}"},"query-input":{"@type":"PropertyValueSpecification","valueRequired":true,"valueName":"search_term_string"}}],"inLanguage":"it-IT"},{"@type":"Person","@id":"https:\/\/www.article-marketing.eu\/comunicati\/#\/schema\/person\/44372e4d4d0fa797b18e03ed1ace9017","name":"Redazione Comunicati Stampa","image":{"@type":"ImageObject","inLanguage":"it-IT","@id":"https:\/\/www.article-marketing.eu\/comunicati\/#\/schema\/person\/image\/","url":"https:\/\/secure.gravatar.com\/avatar\/50e5c6421d3072f42e7ace803501602c60d75233d34e29fd05feb91c8760b792?s=96&d=mm&r=g","contentUrl":"https:\/\/secure.gravatar.com\/avatar\/50e5c6421d3072f42e7ace803501602c60d75233d34e29fd05feb91c8760b792?s=96&d=mm&r=g","caption":"Redazione Comunicati Stampa"},"url":"https:\/\/www.article-marketing.eu\/comunicati\/author\/redazione-comunicati-stampa\/"}]}},"_links":{"self":[{"href":"https:\/\/www.article-marketing.eu\/comunicati\/wp-json\/wp\/v2\/posts\/30239","targetHints":{"allow":["GET"]}}],"collection":[{"href":"https:\/\/www.article-marketing.eu\/comunicati\/wp-json\/wp\/v2\/posts"}],"about":[{"href":"https:\/\/www.article-marketing.eu\/comunicati\/wp-json\/wp\/v2\/types\/post"}],"author":[{"embeddable":true,"href":"https:\/\/www.article-marketing.eu\/comunicati\/wp-json\/wp\/v2\/users\/10"}],"replies":[{"embeddable":true,"href":"https:\/\/www.article-marketing.eu\/comunicati\/wp-json\/wp\/v2\/comments?post=30239"}],"version-history":[{"count":2,"href":"https:\/\/www.article-marketing.eu\/comunicati\/wp-json\/wp\/v2\/posts\/30239\/revisions"}],"predecessor-version":[{"id":62477,"href":"https:\/\/www.article-marketing.eu\/comunicati\/wp-json\/wp\/v2\/posts\/30239\/revisions\/62477"}],"wp:attachment":[{"href":"https:\/\/www.article-marketing.eu\/comunicati\/wp-json\/wp\/v2\/media?parent=30239"}],"wp:term":[{"taxonomy":"category","embeddable":true,"href":"https:\/\/www.article-marketing.eu\/comunicati\/wp-json\/wp\/v2\/categories?post=30239"},{"taxonomy":"post_tag","embeddable":true,"href":"https:\/\/www.article-marketing.eu\/comunicati\/wp-json\/wp\/v2\/tags?post=30239"}],"curies":[{"name":"wp","href":"https:\/\/api.w.org\/{rel}","templated":true}]}}