{"id":3066,"date":"2009-10-17T11:30:31","date_gmt":"2009-10-17T09:30:31","guid":{"rendered":"http:\/\/www.article-marketing.eu\/comunicati\/senza-categoria\/francesco-insinga-in-hoc-tempore\/"},"modified":"2009-10-17T11:30:31","modified_gmt":"2009-10-17T09:30:31","slug":"francesco-insinga-in-hoc-tempore","status":"publish","type":"post","link":"https:\/\/www.article-marketing.eu\/comunicati\/arte-e-cultura\/francesco-insinga-in-hoc-tempore\/","title":{"rendered":"Francesco Insinga: In hoc tempore"},"content":{"rendered":"<p>Alla Galleria Marconi di Cupra Marittima proseguono gli appuntamenti della rassegna \u201cNon lo so e non lo voglio sapere\u201d. Dopo il successo dell\u2019esposizione di Giuseppe Restano domenica 25 ottobre alle 18.00 si inaugura In hoc tempore, personale di Francesco Insinga. La mostra, organizzata in collaborazione con la Galleria White Project di Pescara, \u00e8 curata da Renato Bianchini autore anche del testo critico.<br \/>&nbsp;<img decoding=\"async\" vspace=\"0\" hspace=\"0\" border=\"0\" align=\"baseline\" src=\"http:\/\/www.freaknet.it\/files\/images\/insinga%20f.preview.jpg\" \/><br \/>\u201cIl tempo dell\u2019arte ha un\u2019estensione tutt\u2019altro che immobile, i suoi confini sono invisibili, solo l\u2019artista pu\u00f2 riconoscerli perch\u00e9 il suo agire \u00e8 imprevedibile.<br \/>Il suo presente appare sempre incompiuto perch\u00e9 non \u00e8 garante di alcuna certezza.<br \/>Il suo andamento tende in continuazione ad arretrare per poi riavvicinarsi, anzi, attratto dal suo stesso sguardo, compie un movimento all\u2019indietro come per voler meglio comprendere il significato dell\u2019interpretazione.<br \/>Improvvisamente, avviene che l\u2019opera appare come una meraviglia in divenire e, l\u2019evento all\u2019indietro si trasforma in presenza inquietante, che per essere visualizzata richiede una prospettiva illusionistica.\u201d<br \/>(Renato Bianchini)<br \/>&nbsp;<br \/>Non lo so e non lo voglio sapere non \u00e8 solo una risposta, \u00e8 anche una provocazione, un atteggiamento e in fondo una forma di agnosticismo, che nel caso dell\u2019arte potremmo definire culturale. \u00c8 un modo per affrontare i grandi quesiti dell\u2019umanit\u00e0: da dove veniamo? Dove andiamo? Perch\u00e9 il dolore? Perch\u00e9 le patate al forno sono sempre troppo poche?<br \/>Una risposta spesso comoda, a volte sconvolgente, che esprime una volont\u00e0 di ignoranza che \u00e8 molto lontana dall\u2019affermazione socratica che il vero saggio \u00e8 colui che sa di non sapere. Non c\u2019\u00e8 nessuna tensione alla conoscenza, nessuna curiosit\u00e0, solo distacco e indifferenza.<br \/>Spesso davanti a una proposta di tipo artistico questa frase arriva e fa un po\u2019 male. Chi la adotta pu\u00f2 sembrare un po\u2019 fuori dal tempo, ma in verit\u00e0 spesso appartiene a una maggioranza, nemmeno troppo silenziosa.<br \/>Sarebbe legittimo adesso rispondere alla domanda: perch\u00e9 intitolare in questa maniera una rassegna di mostre?<br \/>La risposta in fondo \u00e8 gi\u00e0 nel titolo<\/p>\n<p>&nbsp;<\/p>\n<p>scheda tecnica\/technical card<br \/>&nbsp;<br \/>curatore\/curator by Renato Bianchini<br \/>testo critico\/art critic by Renato Bianchini<br \/>&nbsp;<br \/>ufficio stampa\/ press agent Dario Ciferri<br \/>traduzione di\/translation by Patrizia Isidori<br \/>&nbsp;<br \/>relazioni esterne e promozione delle attivit\u00e0\/ external relationship and promotion of activities Stefania Palanca<br \/>fotografia\/photography Marco Biancucci\u00a9<br \/>riprese video\/video shooting Stefano Abbadini<br \/>allestimenti\/preparation Marco Croci<br \/>&nbsp;<br \/>webmaster http:\/\/www.siscom.it<br \/>&nbsp;<br \/>&nbsp;<\/p>\n<p>&nbsp;<br \/>dal 25 ottobre al 22 novembre<br \/>from 25th october to 22th november<br \/>orario: luned\u00ec-sabato dalle 16 alle 20<br \/>opening time: Mon-Sat 4 to 8 p.m.<\/p>\n<p>&nbsp;<br \/>Galleria Marconi di Franco Marconi<br \/>C.so Vittorio Emanuele, 70<br \/>63012 Cupra Marittima (AP)<br \/>tel 0735778703<br \/>e-mail galleriamarconi@vodafone.it<br \/>web http:\/\/www.siscom.it\/marconi <\/p>\n","protected":false},"excerpt":{"rendered":"<p>Alla Galleria Marconi di Cupra Marittima proseguono gli appuntamenti della rassegna \u201cNon lo so e non lo voglio sapere\u201d. Dopo il successo dell\u2019esposizione di Giuseppe Restano domenica 25 ottobre alle 18.00 si inaugura In hoc tempore, personale di Francesco Insinga. La mostra, organizzata in collaborazione con la Galleria White Project di Pescara, \u00e8 curata da Renato Bianchini autore anche del testo critico.<\/p>\n","protected":false},"author":10,"featured_media":0,"comment_status":"open","ping_status":"open","sticky":false,"template":"","format":"standard","meta":{"cybocfi_hide_featured_image":"","footnotes":""},"categories":[27],"tags":[171,1024,1000],"class_list":["post-3066","post","type-post","status-publish","format-standard","hentry","category-arte-e-cultura","tag-arte","tag-arte-contemporanea","tag-mostra"],"yoast_head":"<!-- This site is optimized with the Yoast SEO plugin v27.0 - https:\/\/yoast.com\/product\/yoast-seo-wordpress\/ -->\n<title>Francesco Insinga: In hoc tempore - Article Marketing<\/title>\n<meta name=\"robots\" content=\"index, follow, max-snippet:-1, max-image-preview:large, max-video-preview:-1\" \/>\n<link rel=\"canonical\" href=\"https:\/\/www.article-marketing.eu\/comunicati\/arte-e-cultura\/francesco-insinga-in-hoc-tempore\/\" \/>\n<meta property=\"og:locale\" content=\"it_IT\" \/>\n<meta property=\"og:type\" content=\"article\" \/>\n<meta property=\"og:title\" content=\"Francesco Insinga: In hoc tempore - Article Marketing\" \/>\n<meta property=\"og:description\" content=\"Alla Galleria Marconi di Cupra Marittima proseguono gli appuntamenti della rassegna \u201cNon lo so e non lo voglio sapere\u201d. Dopo il successo dell\u2019esposizione di Giuseppe Restano domenica 25 ottobre alle 18.00 si inaugura In hoc tempore, personale di Francesco Insinga. La mostra, organizzata in collaborazione con la Galleria White Project di Pescara, \u00e8 curata da Renato Bianchini autore anche del testo critico.\" \/>\n<meta property=\"og:url\" content=\"https:\/\/www.article-marketing.eu\/comunicati\/arte-e-cultura\/francesco-insinga-in-hoc-tempore\/\" \/>\n<meta property=\"og:site_name\" content=\"Article Marketing\" \/>\n<meta property=\"article:published_time\" content=\"2009-10-17T09:30:31+00:00\" \/>\n<meta property=\"og:image\" content=\"http:\/\/www.freaknet.it\/files\/images\/insinga%20f.preview.jpg\" \/>\n<meta name=\"author\" content=\"Redazione Comunicati Stampa\" \/>\n<meta name=\"twitter:card\" content=\"summary_large_image\" \/>\n<meta name=\"twitter:label1\" content=\"Scritto da\" \/>\n\t<meta name=\"twitter:data1\" content=\"Redazione Comunicati Stampa\" \/>\n\t<meta name=\"twitter:label2\" content=\"Tempo di lettura stimato\" \/>\n\t<meta name=\"twitter:data2\" content=\"2 minuti\" \/>\n<script type=\"application\/ld+json\" class=\"yoast-schema-graph\">{\"@context\":\"https:\/\/schema.org\",\"@graph\":[{\"@type\":\"Article\",\"@id\":\"https:\/\/www.article-marketing.eu\/comunicati\/arte-e-cultura\/francesco-insinga-in-hoc-tempore\/#article\",\"isPartOf\":{\"@id\":\"https:\/\/www.article-marketing.eu\/comunicati\/arte-e-cultura\/francesco-insinga-in-hoc-tempore\/\"},\"author\":{\"name\":\"Redazione Comunicati Stampa\",\"@id\":\"https:\/\/www.article-marketing.eu\/comunicati\/#\/schema\/person\/44372e4d4d0fa797b18e03ed1ace9017\"},\"headline\":\"Francesco Insinga: In hoc tempore\",\"datePublished\":\"2009-10-17T09:30:31+00:00\",\"mainEntityOfPage\":{\"@id\":\"https:\/\/www.article-marketing.eu\/comunicati\/arte-e-cultura\/francesco-insinga-in-hoc-tempore\/\"},\"wordCount\":431,\"commentCount\":0,\"image\":{\"@id\":\"https:\/\/www.article-marketing.eu\/comunicati\/arte-e-cultura\/francesco-insinga-in-hoc-tempore\/#primaryimage\"},\"thumbnailUrl\":\"http:\/\/www.freaknet.it\/files\/images\/insinga%20f.preview.jpg\",\"keywords\":[\"arte\",\"arte contemporanea\",\"Mostra\"],\"articleSection\":[\"Arte e cultura\"],\"inLanguage\":\"it-IT\",\"potentialAction\":[{\"@type\":\"CommentAction\",\"name\":\"Comment\",\"target\":[\"https:\/\/www.article-marketing.eu\/comunicati\/arte-e-cultura\/francesco-insinga-in-hoc-tempore\/#respond\"]}]},{\"@type\":\"WebPage\",\"@id\":\"https:\/\/www.article-marketing.eu\/comunicati\/arte-e-cultura\/francesco-insinga-in-hoc-tempore\/\",\"url\":\"https:\/\/www.article-marketing.eu\/comunicati\/arte-e-cultura\/francesco-insinga-in-hoc-tempore\/\",\"name\":\"Francesco Insinga: In hoc tempore - Article Marketing\",\"isPartOf\":{\"@id\":\"https:\/\/www.article-marketing.eu\/comunicati\/#website\"},\"primaryImageOfPage\":{\"@id\":\"https:\/\/www.article-marketing.eu\/comunicati\/arte-e-cultura\/francesco-insinga-in-hoc-tempore\/#primaryimage\"},\"image\":{\"@id\":\"https:\/\/www.article-marketing.eu\/comunicati\/arte-e-cultura\/francesco-insinga-in-hoc-tempore\/#primaryimage\"},\"thumbnailUrl\":\"http:\/\/www.freaknet.it\/files\/images\/insinga%20f.preview.jpg\",\"datePublished\":\"2009-10-17T09:30:31+00:00\",\"author\":{\"@id\":\"https:\/\/www.article-marketing.eu\/comunicati\/#\/schema\/person\/44372e4d4d0fa797b18e03ed1ace9017\"},\"breadcrumb\":{\"@id\":\"https:\/\/www.article-marketing.eu\/comunicati\/arte-e-cultura\/francesco-insinga-in-hoc-tempore\/#breadcrumb\"},\"inLanguage\":\"it-IT\",\"potentialAction\":[{\"@type\":\"ReadAction\",\"target\":[\"https:\/\/www.article-marketing.eu\/comunicati\/arte-e-cultura\/francesco-insinga-in-hoc-tempore\/\"]}]},{\"@type\":\"ImageObject\",\"inLanguage\":\"it-IT\",\"@id\":\"https:\/\/www.article-marketing.eu\/comunicati\/arte-e-cultura\/francesco-insinga-in-hoc-tempore\/#primaryimage\",\"url\":\"http:\/\/www.freaknet.it\/files\/images\/insinga%20f.preview.jpg\",\"contentUrl\":\"http:\/\/www.freaknet.it\/files\/images\/insinga%20f.preview.jpg\"},{\"@type\":\"BreadcrumbList\",\"@id\":\"https:\/\/www.article-marketing.eu\/comunicati\/arte-e-cultura\/francesco-insinga-in-hoc-tempore\/#breadcrumb\",\"itemListElement\":[{\"@type\":\"ListItem\",\"position\":1,\"name\":\"Home\",\"item\":\"https:\/\/www.article-marketing.eu\/comunicati\/\"},{\"@type\":\"ListItem\",\"position\":2,\"name\":\"Francesco Insinga: In hoc tempore\"}]},{\"@type\":\"WebSite\",\"@id\":\"https:\/\/www.article-marketing.eu\/comunicati\/#website\",\"url\":\"https:\/\/www.article-marketing.eu\/comunicati\/\",\"name\":\"Article Marketing\",\"description\":\"article marketing &amp; press release\",\"potentialAction\":[{\"@type\":\"SearchAction\",\"target\":{\"@type\":\"EntryPoint\",\"urlTemplate\":\"https:\/\/www.article-marketing.eu\/comunicati\/?s={search_term_string}\"},\"query-input\":{\"@type\":\"PropertyValueSpecification\",\"valueRequired\":true,\"valueName\":\"search_term_string\"}}],\"inLanguage\":\"it-IT\"},{\"@type\":\"Person\",\"@id\":\"https:\/\/www.article-marketing.eu\/comunicati\/#\/schema\/person\/44372e4d4d0fa797b18e03ed1ace9017\",\"name\":\"Redazione Comunicati Stampa\",\"image\":{\"@type\":\"ImageObject\",\"inLanguage\":\"it-IT\",\"@id\":\"https:\/\/www.article-marketing.eu\/comunicati\/#\/schema\/person\/image\/\",\"url\":\"https:\/\/secure.gravatar.com\/avatar\/50e5c6421d3072f42e7ace803501602c60d75233d34e29fd05feb91c8760b792?s=96&d=mm&r=g\",\"contentUrl\":\"https:\/\/secure.gravatar.com\/avatar\/50e5c6421d3072f42e7ace803501602c60d75233d34e29fd05feb91c8760b792?s=96&d=mm&r=g\",\"caption\":\"Redazione Comunicati Stampa\"},\"url\":\"https:\/\/www.article-marketing.eu\/comunicati\/author\/redazione-comunicati-stampa\/\"}]}<\/script>\n<!-- \/ Yoast SEO plugin. -->","yoast_head_json":{"title":"Francesco Insinga: In hoc tempore - Article Marketing","robots":{"index":"index","follow":"follow","max-snippet":"max-snippet:-1","max-image-preview":"max-image-preview:large","max-video-preview":"max-video-preview:-1"},"canonical":"https:\/\/www.article-marketing.eu\/comunicati\/arte-e-cultura\/francesco-insinga-in-hoc-tempore\/","og_locale":"it_IT","og_type":"article","og_title":"Francesco Insinga: In hoc tempore - Article Marketing","og_description":"Alla Galleria Marconi di Cupra Marittima proseguono gli appuntamenti della rassegna \u201cNon lo so e non lo voglio sapere\u201d. Dopo il successo dell\u2019esposizione di Giuseppe Restano domenica 25 ottobre alle 18.00 si inaugura In hoc tempore, personale di Francesco Insinga. La mostra, organizzata in collaborazione con la Galleria White Project di Pescara, \u00e8 curata da Renato Bianchini autore anche del testo critico.","og_url":"https:\/\/www.article-marketing.eu\/comunicati\/arte-e-cultura\/francesco-insinga-in-hoc-tempore\/","og_site_name":"Article Marketing","article_published_time":"2009-10-17T09:30:31+00:00","og_image":[{"url":"http:\/\/www.freaknet.it\/files\/images\/insinga%20f.preview.jpg","type":"","width":"","height":""}],"author":"Redazione Comunicati Stampa","twitter_card":"summary_large_image","twitter_misc":{"Scritto da":"Redazione Comunicati Stampa","Tempo di lettura stimato":"2 minuti"},"schema":{"@context":"https:\/\/schema.org","@graph":[{"@type":"Article","@id":"https:\/\/www.article-marketing.eu\/comunicati\/arte-e-cultura\/francesco-insinga-in-hoc-tempore\/#article","isPartOf":{"@id":"https:\/\/www.article-marketing.eu\/comunicati\/arte-e-cultura\/francesco-insinga-in-hoc-tempore\/"},"author":{"name":"Redazione Comunicati Stampa","@id":"https:\/\/www.article-marketing.eu\/comunicati\/#\/schema\/person\/44372e4d4d0fa797b18e03ed1ace9017"},"headline":"Francesco Insinga: In hoc tempore","datePublished":"2009-10-17T09:30:31+00:00","mainEntityOfPage":{"@id":"https:\/\/www.article-marketing.eu\/comunicati\/arte-e-cultura\/francesco-insinga-in-hoc-tempore\/"},"wordCount":431,"commentCount":0,"image":{"@id":"https:\/\/www.article-marketing.eu\/comunicati\/arte-e-cultura\/francesco-insinga-in-hoc-tempore\/#primaryimage"},"thumbnailUrl":"http:\/\/www.freaknet.it\/files\/images\/insinga%20f.preview.jpg","keywords":["arte","arte contemporanea","Mostra"],"articleSection":["Arte e cultura"],"inLanguage":"it-IT","potentialAction":[{"@type":"CommentAction","name":"Comment","target":["https:\/\/www.article-marketing.eu\/comunicati\/arte-e-cultura\/francesco-insinga-in-hoc-tempore\/#respond"]}]},{"@type":"WebPage","@id":"https:\/\/www.article-marketing.eu\/comunicati\/arte-e-cultura\/francesco-insinga-in-hoc-tempore\/","url":"https:\/\/www.article-marketing.eu\/comunicati\/arte-e-cultura\/francesco-insinga-in-hoc-tempore\/","name":"Francesco Insinga: In hoc tempore - Article Marketing","isPartOf":{"@id":"https:\/\/www.article-marketing.eu\/comunicati\/#website"},"primaryImageOfPage":{"@id":"https:\/\/www.article-marketing.eu\/comunicati\/arte-e-cultura\/francesco-insinga-in-hoc-tempore\/#primaryimage"},"image":{"@id":"https:\/\/www.article-marketing.eu\/comunicati\/arte-e-cultura\/francesco-insinga-in-hoc-tempore\/#primaryimage"},"thumbnailUrl":"http:\/\/www.freaknet.it\/files\/images\/insinga%20f.preview.jpg","datePublished":"2009-10-17T09:30:31+00:00","author":{"@id":"https:\/\/www.article-marketing.eu\/comunicati\/#\/schema\/person\/44372e4d4d0fa797b18e03ed1ace9017"},"breadcrumb":{"@id":"https:\/\/www.article-marketing.eu\/comunicati\/arte-e-cultura\/francesco-insinga-in-hoc-tempore\/#breadcrumb"},"inLanguage":"it-IT","potentialAction":[{"@type":"ReadAction","target":["https:\/\/www.article-marketing.eu\/comunicati\/arte-e-cultura\/francesco-insinga-in-hoc-tempore\/"]}]},{"@type":"ImageObject","inLanguage":"it-IT","@id":"https:\/\/www.article-marketing.eu\/comunicati\/arte-e-cultura\/francesco-insinga-in-hoc-tempore\/#primaryimage","url":"http:\/\/www.freaknet.it\/files\/images\/insinga%20f.preview.jpg","contentUrl":"http:\/\/www.freaknet.it\/files\/images\/insinga%20f.preview.jpg"},{"@type":"BreadcrumbList","@id":"https:\/\/www.article-marketing.eu\/comunicati\/arte-e-cultura\/francesco-insinga-in-hoc-tempore\/#breadcrumb","itemListElement":[{"@type":"ListItem","position":1,"name":"Home","item":"https:\/\/www.article-marketing.eu\/comunicati\/"},{"@type":"ListItem","position":2,"name":"Francesco Insinga: In hoc tempore"}]},{"@type":"WebSite","@id":"https:\/\/www.article-marketing.eu\/comunicati\/#website","url":"https:\/\/www.article-marketing.eu\/comunicati\/","name":"Article Marketing","description":"article marketing &amp; press release","potentialAction":[{"@type":"SearchAction","target":{"@type":"EntryPoint","urlTemplate":"https:\/\/www.article-marketing.eu\/comunicati\/?s={search_term_string}"},"query-input":{"@type":"PropertyValueSpecification","valueRequired":true,"valueName":"search_term_string"}}],"inLanguage":"it-IT"},{"@type":"Person","@id":"https:\/\/www.article-marketing.eu\/comunicati\/#\/schema\/person\/44372e4d4d0fa797b18e03ed1ace9017","name":"Redazione Comunicati Stampa","image":{"@type":"ImageObject","inLanguage":"it-IT","@id":"https:\/\/www.article-marketing.eu\/comunicati\/#\/schema\/person\/image\/","url":"https:\/\/secure.gravatar.com\/avatar\/50e5c6421d3072f42e7ace803501602c60d75233d34e29fd05feb91c8760b792?s=96&d=mm&r=g","contentUrl":"https:\/\/secure.gravatar.com\/avatar\/50e5c6421d3072f42e7ace803501602c60d75233d34e29fd05feb91c8760b792?s=96&d=mm&r=g","caption":"Redazione Comunicati Stampa"},"url":"https:\/\/www.article-marketing.eu\/comunicati\/author\/redazione-comunicati-stampa\/"}]}},"_links":{"self":[{"href":"https:\/\/www.article-marketing.eu\/comunicati\/wp-json\/wp\/v2\/posts\/3066","targetHints":{"allow":["GET"]}}],"collection":[{"href":"https:\/\/www.article-marketing.eu\/comunicati\/wp-json\/wp\/v2\/posts"}],"about":[{"href":"https:\/\/www.article-marketing.eu\/comunicati\/wp-json\/wp\/v2\/types\/post"}],"author":[{"embeddable":true,"href":"https:\/\/www.article-marketing.eu\/comunicati\/wp-json\/wp\/v2\/users\/10"}],"replies":[{"embeddable":true,"href":"https:\/\/www.article-marketing.eu\/comunicati\/wp-json\/wp\/v2\/comments?post=3066"}],"version-history":[{"count":0,"href":"https:\/\/www.article-marketing.eu\/comunicati\/wp-json\/wp\/v2\/posts\/3066\/revisions"}],"wp:attachment":[{"href":"https:\/\/www.article-marketing.eu\/comunicati\/wp-json\/wp\/v2\/media?parent=3066"}],"wp:term":[{"taxonomy":"category","embeddable":true,"href":"https:\/\/www.article-marketing.eu\/comunicati\/wp-json\/wp\/v2\/categories?post=3066"},{"taxonomy":"post_tag","embeddable":true,"href":"https:\/\/www.article-marketing.eu\/comunicati\/wp-json\/wp\/v2\/tags?post=3066"}],"curies":[{"name":"wp","href":"https:\/\/api.w.org\/{rel}","templated":true}]}}