{"id":3076,"date":"2009-10-19T11:27:37","date_gmt":"2009-10-19T09:27:37","guid":{"rendered":"http:\/\/www.article-marketing.eu\/comunicati\/senza-categoria\/premio-terna-02-85-finalisti-creativi-su-ambiente-e-futuro-piu-qualit%e0-e-tecniche-realizzative\/"},"modified":"2009-10-19T11:27:37","modified_gmt":"2009-10-19T09:27:37","slug":"premio-terna-02-85-finalisti-creativi-su-ambiente-e-futuro-piu-qualit%e0-e-tecniche-realizzative","status":"publish","type":"post","link":"https:\/\/www.article-marketing.eu\/comunicati\/arte-e-cultura\/premio-terna-02-85-finalisti-creativi-su-ambiente-e-futuro-piu-qualit%e0-e-tecniche-realizzative\/","title":{"rendered":"Premio Terna 02: 85 finalisti creativi su ambiente e futuro. Pi\u00f9 qualit\u00e0 e tecniche realizzative"},"content":{"rendered":"<p>\n <em><\/em> Al fianco dei 45 maestri della categoria <em>Terawatt<\/em> che hanno partecipato a questa seconda edizione del <a target=\"_blank\" href=\"http:\/\/www.premioterna.it\"><strong>Premio Terna<\/strong><\/a>, hanno superato la selezione 30 opere scelte tra quelle degli artisti under 35 <em>(Gigawatt)<\/em>, 30 tra quelle degli over 35 <em>(Megawatt)<\/em> e 25 tra quanti hanno concorso nella nuova categoria <em>Connectivity<\/em>, dedicata agli artisti che operano stabilmente a <em>New York City<\/em>.\n<\/p>\n<p>\nLe opere finaliste saranno pubblicate nel catalogo bilingue del <strong>Premio Terna 02<\/strong> e saranno valutate dalla Giuria che decreter\u00e0 tre vincitori per le categorie <em>Megawatt<\/em>, <em>Gigawatt<\/em> e <em>Connectivity<\/em>, oltre al vincitore unico per la categoria <em>Terawatt<\/em>. Anche il <em>Comitato Galleristi <\/em>esprimer\u00e0 due preferenze tra i selezionati. Tra le opere molte fotografie, ma anche pittura, light box, still video e nuove tecniche di realizzazione pittorica.<\/p>\n<p>Dal punto di vista geografico, il Lazio con 15 finalisti su 60, pari al 23% del totale, si piazza in testa alla classifica delle regioni con maggior numero di artisti selezionati, seguita dalla Lombardia con 9 e dalla Toscana con 7. <\/p>\n<p>Buon risultato anche per l&#8217;Emilia Romagna e la Campania che concorrono con 4 finalisti ciascuna. Rappresentate anche Sardegna, Marche, Abruzzo, Puglia, Piemonte, Trentino e Umbria.<\/p>\n<p>Tra i finalisti, sono 55 gli artisti che hanno partecipato al Premio per la prima volta, mentre 30 avevano concorso con un&#8217;opera anche all&#8217;edizione 2008.\n<\/p>\n<p>\n<em>&quot;Gli artisti arrivati in finale sono lo specchio fedele del presente artistico, di quello che accade nella realt\u00e0 quotidiana delle gallerie e dei musei. Il profilo qualitativo dei finalisti, nella media, \u00e8 stato sinonimo di buone capacit\u00e0 nella costruzione tecnico-formale e concettuale del lavoro. Da rilevare, la grande aderenza al tema, indicativa del fatto che i partecipanti hanno capito il senso del Premio&quot;<\/em>, concordano i curatori <em>Gianluca Marziani<\/em> e <em>Cristiana Collu<\/em>. <\/p>\n<p>Il 22 ottobre, la Giuria, presieduta da <em>Flavio Cattaneo<\/em> e Luigi Roth, Amministratore Delegato e Presidente di <em>Terna<\/em>, e composta dai curatori <em>Gianluca Marziani<\/em> e <em>Cristiana Collu<\/em>, da <em>Massimiliano Fuksas<\/em>, <em>Matthew Higgs<\/em>, <em>Luigi Ontani<\/em>, <em>Giuseppe Piccioni<\/em>, <em>Marco Senaldi<\/em>, <em>Patrizia Sandretto Re Rebaudengo<\/em>, <em>Vicente Todol\u00ec<\/em>, si riunir\u00e0 per decretare i vincitori.<\/p>\n<p>Anche il Comitato dei Galleristi valuter\u00e0 i finalisti scegliendo due opere tra i Megawatt e i Gigawatt.<\/p>\n<p>Il Comitato \u00e8 composto da <em>Francesco Cascino<\/em>, <em>Paolo Curti<\/em>,<em> Galleria Curti <\/em>e <em>Gambuzzi<\/em> (Milano), <em>Alberto Peola<\/em>, <em>Galleria Alberto Peola<\/em> (Torino), <em>H\u00e9l\u00e8ne De Franchis<\/em>, <em>Galleria Studio La Citt\u00e0<\/em> (Verona), <em>Laura Trisorio<\/em>, <em>Galleria Trisorio<\/em> (Napoli), <em>Marina Covi Celli<\/em>, <em>Galleria Oredaria<\/em> (Roma).<\/p>\n<p>Fino alle ore 18.00 del 20 ottobre, anche il pubblico potr\u00e0 votare il proprio artista preferito tra gli oltre 3.500 iscritti attraverso www.premioterna.com e concorrere all&#8217;assegnazione del premio online. <\/p>\n<p>Con oltre 80mila voti gi\u00e0 espressi sul web, la rete si conferma uno dei grandi protagonisti del <strong>Premio Terna 02<\/strong>.\n<\/p>\n<p><strong>I FINALISTI<\/strong><\/p>\n<p>Significativa la partecipazione dei <strong>Terawatt<\/strong>: 45 maestri dell\u2019arte contemporanea, Claudio Abate, Roberto Baldazzini, Gianfranco Baruchello, Matteo Basil\u00e9, Gianni Berengo Gardin, Antonio Biasucci, Andrea Branzi, Brigataes, Giacomo Costa, Mario Cresci, Michele De Lucchi, Alberto Di Fabio, Chiara Dynys, Pablo Echaurren, Flavio Favelli, Marco Ferreri, Giosetta Fioroni, Franco Fontana, Stefania Galegati Shines, Daniele Galliano, Alberto Garutti, Paolo Gioli, Giulio Iacchetti, Armin Linke, Renato Mambor, Gino Marotta, Masbedo, Luciana Matalon, Davide Nido, Fabio Novembre, Adrian Paci, Luca Pancrazzi, Luca Maria Patella, Dino Pedriali, Gaetano Pesce, Pino Pinelli, Cristiano Pintaldi, Alfredo Pirri, Paola Pivi, Andrea Sala, Studio Azzurro, Adrian Tranquilli, Paolo Ulian, Cesare Viel, G. Massimo Vitali.<\/p>\n<p>Categoria <strong>Megawatt<\/strong>, over 35: Andrea Aquilanti, Elena Arzuffi, Emanuele Becheri, Giuseppe Bernabei, Davide Bertocchi, Sergio Bonino, Antonello Bulgini, Stefano Cagol, Giusy Calia, David Casini, Stefano Cerio, Alessandro Cidda, Enrico Corte, Arnold Mario Dall\u2019O, Giancarlo Dell&#8217;Antonia, Ciriaca+Erre, Mauro Folci, Anna Fusco, Marina Gasparini, Lucia Lamberti, Lorenza Lucchi Basili, Raffaela Mariniello, Paolo Meoni, Matteo Montani, Marco Neri, Gianni Nieddu, Simone Racheli, Edoardo Romagnoli, Andrea Silicati, Marcella Vanzo.<\/p>\n<p>\nCategoria <strong>Gigawatt<\/strong>, under 35: Sara Renzetti e Antonello Serra, Simone Bergantini, Gabriele Bonato, Stefano Canto, Fabrizio Carotti, Raffaella Crispino, Gilberto De Berardis, Roberto De Paolis, Valentina D\u00e9 Math\u00e0, Sabine Delafon, Giulio Delv\u00e8, Sandro Di Camillo, Tamara Ferioli, Oliviero Fermariello, Michele Giangrande, J&amp;PEG (Antonio Manag\u00f2 e Simone Zecubi), Marco Lampis, Matteo Tommaso Petri e Luciano Paselli, Marianna Masciolini, Piero Mezzabotta, Andrea Nacciarriti, Barbara Nati, Cristiana Palandri, Massimiliano Pelletti, Manuel Perna, Gianni Politi, Matteo Sanna, Laura Santamaria, Alia Scalvini, Alessandro Scarabello.<\/p>\n<p>Categoria <strong>Connectivity New York<\/strong>: Jonas Bal \u00c4ianas, Davide Balliano,Andrea Bianconi, Amanda Church, Jonathan Feldschuh, Pamela Giaroli, Maeen Hasan, Javier Infantes, Shuyuan Kao, Derek Larson , Lily &amp; Honglei Li, Caitlin Masley, Dato Mio, Matteo Norzi, Patrizia Novello, Luca Pizzaroni, Naomi Reis, Giada Ripa, Francesco Simeti,Todd Stone, Josh Tonsfeldt, Shen Wei, Priska Wenger, Suhee Wooh, Ted Zourntos.<\/p>\n","protected":false},"excerpt":{"rendered":"<p>16 ottobre 2009 \u2013 Da una moltitudine creativa di oltre 3.500 partecipanti, 85 finalisti rappresentano la punta di diamante della fantasia sul tema dell&#8217;ambiente e del futuro.<\/p>\n","protected":false},"author":10,"featured_media":0,"comment_status":"open","ping_status":"open","sticky":false,"template":"","format":"standard","meta":{"cybocfi_hide_featured_image":"","footnotes":""},"categories":[27],"tags":[96,9609],"class_list":["post-3076","post","type-post","status-publish","format-standard","hentry","category-arte-e-cultura","tag-ambiente","tag-premio-terna"],"yoast_head":"<!-- This site is optimized with the Yoast SEO plugin v27.0 - https:\/\/yoast.com\/product\/yoast-seo-wordpress\/ -->\n<title>Premio Terna 02: 85 finalisti creativi su ambiente e futuro. Pi\u00f9 qualit\u00e0 e tecniche realizzative - Article Marketing<\/title>\n<meta name=\"robots\" content=\"index, follow, max-snippet:-1, max-image-preview:large, max-video-preview:-1\" \/>\n<link rel=\"canonical\" href=\"https:\/\/www.article-marketing.eu\/comunicati\/arte-e-cultura\/premio-terna-02-85-finalisti-creativi-su-ambiente-e-futuro-piu-qualit?-e-tecniche-realizzative\/\" \/>\n<meta property=\"og:locale\" content=\"it_IT\" \/>\n<meta property=\"og:type\" content=\"article\" \/>\n<meta property=\"og:title\" content=\"Premio Terna 02: 85 finalisti creativi su ambiente e futuro. Pi\u00f9 qualit\u00e0 e tecniche realizzative - Article Marketing\" \/>\n<meta property=\"og:description\" content=\"16 ottobre 2009 \u2013 Da una moltitudine creativa di oltre 3.500 partecipanti, 85 finalisti rappresentano la punta di diamante della fantasia sul tema dell&#039;ambiente e del futuro.\" \/>\n<meta property=\"og:url\" content=\"\" \/>\n<meta property=\"og:site_name\" content=\"Article Marketing\" \/>\n<meta property=\"article:published_time\" content=\"2009-10-19T09:27:37+00:00\" \/>\n<meta name=\"author\" content=\"Redazione Comunicati Stampa\" \/>\n<meta name=\"twitter:card\" content=\"summary_large_image\" \/>\n<meta name=\"twitter:label1\" content=\"Scritto da\" \/>\n\t<meta name=\"twitter:data1\" content=\"Redazione Comunicati Stampa\" \/>\n\t<meta name=\"twitter:label2\" content=\"Tempo di lettura stimato\" \/>\n\t<meta name=\"twitter:data2\" content=\"4 minuti\" \/>\n<script type=\"application\/ld+json\" class=\"yoast-schema-graph\">{\"@context\":\"https:\/\/schema.org\",\"@graph\":[{\"@type\":\"Article\",\"@id\":\"https:\/\/www.article-marketing.eu\/comunicati\/arte-e-cultura\/premio-terna-02-85-finalisti-creativi-su-ambiente-e-futuro-piu-qualit%e0-e-tecniche-realizzative\/#article\",\"isPartOf\":{\"@id\":\"https:\/\/www.article-marketing.eu\/comunicati\/arte-e-cultura\/premio-terna-02-85-finalisti-creativi-su-ambiente-e-futuro-piu-qualit%e0-e-tecniche-realizzative\/\"},\"author\":{\"name\":\"Redazione Comunicati Stampa\",\"@id\":\"https:\/\/www.article-marketing.eu\/comunicati\/#\/schema\/person\/44372e4d4d0fa797b18e03ed1ace9017\"},\"headline\":\"Premio Terna 02: 85 finalisti creativi su ambiente e futuro. Pi\u00f9 qualit\u00e0 e tecniche realizzative\",\"datePublished\":\"2009-10-19T09:27:37+00:00\",\"mainEntityOfPage\":{\"@id\":\"https:\/\/www.article-marketing.eu\/comunicati\/arte-e-cultura\/premio-terna-02-85-finalisti-creativi-su-ambiente-e-futuro-piu-qualit%e0-e-tecniche-realizzative\/\"},\"wordCount\":744,\"commentCount\":0,\"keywords\":[\"ambiente\",\"premio terna\"],\"articleSection\":[\"Arte e cultura\"],\"inLanguage\":\"it-IT\",\"potentialAction\":[{\"@type\":\"CommentAction\",\"name\":\"Comment\",\"target\":[\"https:\/\/www.article-marketing.eu\/comunicati\/arte-e-cultura\/premio-terna-02-85-finalisti-creativi-su-ambiente-e-futuro-piu-qualit%e0-e-tecniche-realizzative\/#respond\"]}]},{\"@type\":\"WebPage\",\"@id\":\"https:\/\/www.article-marketing.eu\/comunicati\/arte-e-cultura\/premio-terna-02-85-finalisti-creativi-su-ambiente-e-futuro-piu-qualit%e0-e-tecniche-realizzative\/\",\"url\":\"https:\/\/www.article-marketing.eu\/comunicati\/arte-e-cultura\/premio-terna-02-85-finalisti-creativi-su-ambiente-e-futuro-piu-qualit%e0-e-tecniche-realizzative\/\",\"name\":\"Premio Terna 02: 85 finalisti creativi su ambiente e futuro. Pi\u00f9 qualit\u00e0 e tecniche realizzative - Article Marketing\",\"isPartOf\":{\"@id\":\"https:\/\/www.article-marketing.eu\/comunicati\/#website\"},\"datePublished\":\"2009-10-19T09:27:37+00:00\",\"author\":{\"@id\":\"https:\/\/www.article-marketing.eu\/comunicati\/#\/schema\/person\/44372e4d4d0fa797b18e03ed1ace9017\"},\"breadcrumb\":{\"@id\":\"https:\/\/www.article-marketing.eu\/comunicati\/arte-e-cultura\/premio-terna-02-85-finalisti-creativi-su-ambiente-e-futuro-piu-qualit%e0-e-tecniche-realizzative\/#breadcrumb\"},\"inLanguage\":\"it-IT\",\"potentialAction\":[{\"@type\":\"ReadAction\",\"target\":[\"https:\/\/www.article-marketing.eu\/comunicati\/arte-e-cultura\/premio-terna-02-85-finalisti-creativi-su-ambiente-e-futuro-piu-qualit%e0-e-tecniche-realizzative\/\"]}]},{\"@type\":\"BreadcrumbList\",\"@id\":\"https:\/\/www.article-marketing.eu\/comunicati\/arte-e-cultura\/premio-terna-02-85-finalisti-creativi-su-ambiente-e-futuro-piu-qualit%e0-e-tecniche-realizzative\/#breadcrumb\",\"itemListElement\":[{\"@type\":\"ListItem\",\"position\":1,\"name\":\"Home\",\"item\":\"https:\/\/www.article-marketing.eu\/comunicati\/\"},{\"@type\":\"ListItem\",\"position\":2,\"name\":\"Premio Terna 02: 85 finalisti creativi su ambiente e futuro. Pi\u00f9 qualit\u00e0 e tecniche realizzative\"}]},{\"@type\":\"WebSite\",\"@id\":\"https:\/\/www.article-marketing.eu\/comunicati\/#website\",\"url\":\"https:\/\/www.article-marketing.eu\/comunicati\/\",\"name\":\"Article Marketing\",\"description\":\"article marketing &amp; press release\",\"potentialAction\":[{\"@type\":\"SearchAction\",\"target\":{\"@type\":\"EntryPoint\",\"urlTemplate\":\"https:\/\/www.article-marketing.eu\/comunicati\/?s={search_term_string}\"},\"query-input\":{\"@type\":\"PropertyValueSpecification\",\"valueRequired\":true,\"valueName\":\"search_term_string\"}}],\"inLanguage\":\"it-IT\"},{\"@type\":\"Person\",\"@id\":\"https:\/\/www.article-marketing.eu\/comunicati\/#\/schema\/person\/44372e4d4d0fa797b18e03ed1ace9017\",\"name\":\"Redazione Comunicati Stampa\",\"image\":{\"@type\":\"ImageObject\",\"inLanguage\":\"it-IT\",\"@id\":\"https:\/\/www.article-marketing.eu\/comunicati\/#\/schema\/person\/image\/\",\"url\":\"https:\/\/secure.gravatar.com\/avatar\/50e5c6421d3072f42e7ace803501602c60d75233d34e29fd05feb91c8760b792?s=96&d=mm&r=g\",\"contentUrl\":\"https:\/\/secure.gravatar.com\/avatar\/50e5c6421d3072f42e7ace803501602c60d75233d34e29fd05feb91c8760b792?s=96&d=mm&r=g\",\"caption\":\"Redazione Comunicati Stampa\"},\"url\":\"https:\/\/www.article-marketing.eu\/comunicati\/author\/redazione-comunicati-stampa\/\"}]}<\/script>\n<!-- \/ Yoast SEO plugin. -->","yoast_head_json":{"title":"Premio Terna 02: 85 finalisti creativi su ambiente e futuro. Pi\u00f9 qualit\u00e0 e tecniche realizzative - Article Marketing","robots":{"index":"index","follow":"follow","max-snippet":"max-snippet:-1","max-image-preview":"max-image-preview:large","max-video-preview":"max-video-preview:-1"},"canonical":"https:\/\/www.article-marketing.eu\/comunicati\/arte-e-cultura\/premio-terna-02-85-finalisti-creativi-su-ambiente-e-futuro-piu-qualit?-e-tecniche-realizzative\/","og_locale":"it_IT","og_type":"article","og_title":"Premio Terna 02: 85 finalisti creativi su ambiente e futuro. Pi\u00f9 qualit\u00e0 e tecniche realizzative - Article Marketing","og_description":"16 ottobre 2009 \u2013 Da una moltitudine creativa di oltre 3.500 partecipanti, 85 finalisti rappresentano la punta di diamante della fantasia sul tema dell'ambiente e del futuro.","og_url":"https:\/\/www.article-marketing.eu\/comunicati\/arte-e-cultura\/premio-terna-02-85-finalisti-creativi-su-ambiente-e-futuro-piu-qualit?-e-tecniche-realizzative\/","og_site_name":"Article Marketing","article_published_time":"2009-10-19T09:27:37+00:00","author":"Redazione Comunicati Stampa","twitter_card":"summary_large_image","twitter_misc":{"Scritto da":"Redazione Comunicati Stampa","Tempo di lettura stimato":"4 minuti"},"schema":{"@context":"https:\/\/schema.org","@graph":[{"@type":"Article","@id":"https:\/\/www.article-marketing.eu\/comunicati\/arte-e-cultura\/premio-terna-02-85-finalisti-creativi-su-ambiente-e-futuro-piu-qualit%e0-e-tecniche-realizzative\/#article","isPartOf":{"@id":"https:\/\/www.article-marketing.eu\/comunicati\/arte-e-cultura\/premio-terna-02-85-finalisti-creativi-su-ambiente-e-futuro-piu-qualit%e0-e-tecniche-realizzative\/"},"author":{"name":"Redazione Comunicati Stampa","@id":"https:\/\/www.article-marketing.eu\/comunicati\/#\/schema\/person\/44372e4d4d0fa797b18e03ed1ace9017"},"headline":"Premio Terna 02: 85 finalisti creativi su ambiente e futuro. Pi\u00f9 qualit\u00e0 e tecniche realizzative","datePublished":"2009-10-19T09:27:37+00:00","mainEntityOfPage":{"@id":"https:\/\/www.article-marketing.eu\/comunicati\/arte-e-cultura\/premio-terna-02-85-finalisti-creativi-su-ambiente-e-futuro-piu-qualit%e0-e-tecniche-realizzative\/"},"wordCount":744,"commentCount":0,"keywords":["ambiente","premio terna"],"articleSection":["Arte e cultura"],"inLanguage":"it-IT","potentialAction":[{"@type":"CommentAction","name":"Comment","target":["https:\/\/www.article-marketing.eu\/comunicati\/arte-e-cultura\/premio-terna-02-85-finalisti-creativi-su-ambiente-e-futuro-piu-qualit%e0-e-tecniche-realizzative\/#respond"]}]},{"@type":"WebPage","@id":"https:\/\/www.article-marketing.eu\/comunicati\/arte-e-cultura\/premio-terna-02-85-finalisti-creativi-su-ambiente-e-futuro-piu-qualit%e0-e-tecniche-realizzative\/","url":"https:\/\/www.article-marketing.eu\/comunicati\/arte-e-cultura\/premio-terna-02-85-finalisti-creativi-su-ambiente-e-futuro-piu-qualit%e0-e-tecniche-realizzative\/","name":"Premio Terna 02: 85 finalisti creativi su ambiente e futuro. Pi\u00f9 qualit\u00e0 e tecniche realizzative - Article Marketing","isPartOf":{"@id":"https:\/\/www.article-marketing.eu\/comunicati\/#website"},"datePublished":"2009-10-19T09:27:37+00:00","author":{"@id":"https:\/\/www.article-marketing.eu\/comunicati\/#\/schema\/person\/44372e4d4d0fa797b18e03ed1ace9017"},"breadcrumb":{"@id":"https:\/\/www.article-marketing.eu\/comunicati\/arte-e-cultura\/premio-terna-02-85-finalisti-creativi-su-ambiente-e-futuro-piu-qualit%e0-e-tecniche-realizzative\/#breadcrumb"},"inLanguage":"it-IT","potentialAction":[{"@type":"ReadAction","target":["https:\/\/www.article-marketing.eu\/comunicati\/arte-e-cultura\/premio-terna-02-85-finalisti-creativi-su-ambiente-e-futuro-piu-qualit%e0-e-tecniche-realizzative\/"]}]},{"@type":"BreadcrumbList","@id":"https:\/\/www.article-marketing.eu\/comunicati\/arte-e-cultura\/premio-terna-02-85-finalisti-creativi-su-ambiente-e-futuro-piu-qualit%e0-e-tecniche-realizzative\/#breadcrumb","itemListElement":[{"@type":"ListItem","position":1,"name":"Home","item":"https:\/\/www.article-marketing.eu\/comunicati\/"},{"@type":"ListItem","position":2,"name":"Premio Terna 02: 85 finalisti creativi su ambiente e futuro. Pi\u00f9 qualit\u00e0 e tecniche realizzative"}]},{"@type":"WebSite","@id":"https:\/\/www.article-marketing.eu\/comunicati\/#website","url":"https:\/\/www.article-marketing.eu\/comunicati\/","name":"Article Marketing","description":"article marketing &amp; press release","potentialAction":[{"@type":"SearchAction","target":{"@type":"EntryPoint","urlTemplate":"https:\/\/www.article-marketing.eu\/comunicati\/?s={search_term_string}"},"query-input":{"@type":"PropertyValueSpecification","valueRequired":true,"valueName":"search_term_string"}}],"inLanguage":"it-IT"},{"@type":"Person","@id":"https:\/\/www.article-marketing.eu\/comunicati\/#\/schema\/person\/44372e4d4d0fa797b18e03ed1ace9017","name":"Redazione Comunicati Stampa","image":{"@type":"ImageObject","inLanguage":"it-IT","@id":"https:\/\/www.article-marketing.eu\/comunicati\/#\/schema\/person\/image\/","url":"https:\/\/secure.gravatar.com\/avatar\/50e5c6421d3072f42e7ace803501602c60d75233d34e29fd05feb91c8760b792?s=96&d=mm&r=g","contentUrl":"https:\/\/secure.gravatar.com\/avatar\/50e5c6421d3072f42e7ace803501602c60d75233d34e29fd05feb91c8760b792?s=96&d=mm&r=g","caption":"Redazione Comunicati Stampa"},"url":"https:\/\/www.article-marketing.eu\/comunicati\/author\/redazione-comunicati-stampa\/"}]}},"_links":{"self":[{"href":"https:\/\/www.article-marketing.eu\/comunicati\/wp-json\/wp\/v2\/posts\/3076","targetHints":{"allow":["GET"]}}],"collection":[{"href":"https:\/\/www.article-marketing.eu\/comunicati\/wp-json\/wp\/v2\/posts"}],"about":[{"href":"https:\/\/www.article-marketing.eu\/comunicati\/wp-json\/wp\/v2\/types\/post"}],"author":[{"embeddable":true,"href":"https:\/\/www.article-marketing.eu\/comunicati\/wp-json\/wp\/v2\/users\/10"}],"replies":[{"embeddable":true,"href":"https:\/\/www.article-marketing.eu\/comunicati\/wp-json\/wp\/v2\/comments?post=3076"}],"version-history":[{"count":0,"href":"https:\/\/www.article-marketing.eu\/comunicati\/wp-json\/wp\/v2\/posts\/3076\/revisions"}],"wp:attachment":[{"href":"https:\/\/www.article-marketing.eu\/comunicati\/wp-json\/wp\/v2\/media?parent=3076"}],"wp:term":[{"taxonomy":"category","embeddable":true,"href":"https:\/\/www.article-marketing.eu\/comunicati\/wp-json\/wp\/v2\/categories?post=3076"},{"taxonomy":"post_tag","embeddable":true,"href":"https:\/\/www.article-marketing.eu\/comunicati\/wp-json\/wp\/v2\/tags?post=3076"}],"curies":[{"name":"wp","href":"https:\/\/api.w.org\/{rel}","templated":true}]}}