{"id":31159,"date":"2012-12-04T15:45:11","date_gmt":"2012-12-04T14:45:11","guid":{"rendered":"http:\/\/www.article-marketing.eu\/comunicati\/senza-categoria\/fiera-del-bovino-da-latte-di-cremona-mai-viste-mucche-pi%25252525c3%25252525b9-felici\/"},"modified":"2012-12-04T15:45:11","modified_gmt":"2012-12-04T14:45:11","slug":"fiera-del-bovino-da-latte-di-cremona-mai-viste-mucche-pi%25252525c3%25252525b9-felici","status":"publish","type":"post","link":"https:\/\/www.article-marketing.eu\/comunicati\/comunicati-stampa\/eventi\/fiera-del-bovino-da-latte-di-cremona-mai-viste-mucche-pi%25252525c3%25252525b9-felici\/","title":{"rendered":"Fiera del Bovino da Latte di Cremona: Mai viste mucche pi\u00f9 felici"},"content":{"rendered":"<p><a href=\"\/uploads\/images\/u_9157\/thumb_cremonafierabovinodalatte.gif\" class=\"image\"><img decoding=\"async\" src=\"\/uploads\/images\/u_9157\/thumb_cremonafierabovinodalatte.gif\" border=\"0\" \/><\/a><\/p>\n<p>La <strong>Fiera Bovino da Latte Cremona<\/strong> &egrave; una delle pi&ugrave; importanti fiere del <strong>settore zootecnico<\/strong>, agricolo e caseario di tutta Europa. La <strong>Fiera del Bovino da Latte<\/strong> attira a <strong>Cremona<\/strong> numerosi agricoltori, allevatori e operatori del comparto della zootecnia da tutta Italia e da tutto il mondo.<br \/>La <strong>Fiera del Bovino da Latte<\/strong> di <strong>Cremona<\/strong> rappresenta non solo un&#8217;occasione unica per conoscere a 360&deg; tutte le soluzioni pi&ugrave; innovative e le tecnologie pi&ugrave; avanzate a disposizione degli operatori del settore zootecnico, ma anche una possibilit&agrave; concreta di allacciare nuovi rapporti commerciali con le aziende, italiane ed internazionali, pi&ugrave; importanti del settore.<br \/>La <strong>Fiera Bovino da Latte Cremona<\/strong> &egrave; organizzata da <strong>CremonaFiere<\/strong>, il secondo polo fieristico della Lombardia. Con 4 padiglioni interamente cablati e una superficie espositiva coperta di 55.000 mq, &egrave; dotato di strutture moderne, funzionali e flessibili per valorizzare e massimizzare il tempo trascorso alla<strong> <\/strong><strong>Fiera Bovino da Latte Cremona.<\/strong><br \/>Ogni anno a <em>Cremona<\/em> arrivano rappresentanti da ogni parte del mondo. La <strong>Fiera Bovino da Latte Cremona<\/strong>, infatti, &egrave; da sempre molto attenta ai<strong> <\/strong>mercati internazionali pi&ugrave; interessanti (Russia, Nuova Zelanda e Cina sono solo per citarne alcuni).<br \/>La forze <em>dell&rsquo;internazionale del bovino<\/em> non si esaurisce nella sua dimensione internazionale. Il suo successo, e dunque la sua importanza a livello internazionale, sono garantiti anche dalla presentazione di un ricco programma di convegni, seminari e workshop che la <strong>Fiera Bovino da Latte<\/strong> di <strong>Cremona<\/strong> organizza ogni anno. <br \/>Altro elemento di forza della <strong>Fiera Bovino da Latte Cremona<\/strong> &egrave; stata l&rsquo;organizzazione delle strutture che<strong> Cremonafiere<\/strong> ha messo a disposizione per una delle pi&ugrave; importanti fiere internazionali del settore i suoi spazi, abbondantemente adeguati per manifestazioni di questo tipo.<br \/>Parallelamente alla<strong> Fiera Bovino da Latte di Cremona <\/strong>si tengono due eventi<strong> <\/strong><strong>Italpig<\/strong><strong> <\/strong>ed<strong> <\/strong><strong>Expo Casearia<\/strong><strong>.<\/strong><br \/><strong>Italpig<\/strong>, la fiera d&rsquo;eccellenza dedicata alla <strong>suinicoltura<\/strong> ed <strong>Expo Casearia<\/strong>, che ha esposto le pi&ugrave; moderne e innovative tecnologie dedicate alla produzione di latte e prodotti caseari in generale hanno garantito ulteriore prestigio alla <strong>Fiera Bovino da Latte <\/strong>di<strong> Cremona<\/strong>.<\/p>\n","protected":false},"excerpt":{"rendered":"<p>La Fiera Bovino da Latte Cremona \u00e8 una delle pi\u00f9 importanti fiere del settore zootecnico, agricolo e caseario di tutta Europa.<\/p>\n","protected":false},"author":10,"featured_media":0,"comment_status":"open","ping_status":"open","sticky":false,"template":"","format":"standard","meta":{"cybocfi_hide_featured_image":"","footnotes":""},"categories":[388],"tags":[39925],"class_list":["post-31159","post","type-post","status-publish","format-standard","hentry","category-eventi","tag-fiera-bovino-da-latte-cremona"],"yoast_head":"<!-- This site is optimized with the Yoast SEO plugin v27.0 - https:\/\/yoast.com\/product\/yoast-seo-wordpress\/ -->\n<title>Fiera del Bovino da Latte di Cremona: Mai viste mucche pi\u00f9 felici - Article Marketing<\/title>\n<meta name=\"robots\" content=\"index, follow, max-snippet:-1, max-image-preview:large, max-video-preview:-1\" \/>\n<link rel=\"canonical\" href=\"https:\/\/www.article-marketing.eu\/comunicati\/comunicati-stampa\/eventi\/fiera-del-bovino-da-latte-di-cremona-mai-viste-mucche-pi%252525c3%252525b9-felici\/\" \/>\n<meta property=\"og:locale\" content=\"it_IT\" \/>\n<meta property=\"og:type\" content=\"article\" \/>\n<meta property=\"og:title\" content=\"Fiera del Bovino da Latte di Cremona: Mai viste mucche pi\u00f9 felici - Article Marketing\" \/>\n<meta property=\"og:description\" content=\"La Fiera Bovino da Latte Cremona \u00e8 una delle pi\u00f9 importanti fiere del settore zootecnico, agricolo e caseario di tutta Europa.\" \/>\n<meta property=\"og:url\" content=\"https:\/\/www.article-marketing.eu\/comunicati\/comunicati-stampa\/eventi\/fiera-del-bovino-da-latte-di-cremona-mai-viste-mucche-pi%252525c3%252525b9-felici\/\" \/>\n<meta property=\"og:site_name\" content=\"Article Marketing\" \/>\n<meta property=\"article:published_time\" content=\"2012-12-04T14:45:11+00:00\" \/>\n<meta property=\"og:image\" content=\"https:\/\/www.article-marketing.eu\/uploads\/images\/u_9157\/thumb_cremonafierabovinodalatte.gif\" \/>\n<meta name=\"author\" content=\"Redazione Comunicati Stampa\" \/>\n<meta name=\"twitter:card\" content=\"summary_large_image\" \/>\n<meta name=\"twitter:label1\" content=\"Scritto da\" \/>\n\t<meta name=\"twitter:data1\" content=\"Redazione Comunicati Stampa\" \/>\n\t<meta name=\"twitter:label2\" content=\"Tempo di lettura stimato\" \/>\n\t<meta name=\"twitter:data2\" content=\"2 minuti\" \/>\n<script type=\"application\/ld+json\" class=\"yoast-schema-graph\">{\"@context\":\"https:\/\/schema.org\",\"@graph\":[{\"@type\":\"Article\",\"@id\":\"https:\/\/www.article-marketing.eu\/comunicati\/comunicati-stampa\/eventi\/fiera-del-bovino-da-latte-di-cremona-mai-viste-mucche-pi%25252525c3%25252525b9-felici\/#article\",\"isPartOf\":{\"@id\":\"https:\/\/www.article-marketing.eu\/comunicati\/comunicati-stampa\/eventi\/fiera-del-bovino-da-latte-di-cremona-mai-viste-mucche-pi%25252525c3%25252525b9-felici\/\"},\"author\":{\"name\":\"Redazione Comunicati Stampa\",\"@id\":\"https:\/\/www.article-marketing.eu\/comunicati\/#\/schema\/person\/44372e4d4d0fa797b18e03ed1ace9017\"},\"headline\":\"Fiera del Bovino da Latte di Cremona: Mai viste mucche pi\u00f9 felici\",\"datePublished\":\"2012-12-04T14:45:11+00:00\",\"mainEntityOfPage\":{\"@id\":\"https:\/\/www.article-marketing.eu\/comunicati\/comunicati-stampa\/eventi\/fiera-del-bovino-da-latte-di-cremona-mai-viste-mucche-pi%25252525c3%25252525b9-felici\/\"},\"wordCount\":357,\"commentCount\":0,\"keywords\":[\"fiera bovino da latte cremona\"],\"articleSection\":[\"Eventi\"],\"inLanguage\":\"it-IT\",\"potentialAction\":[{\"@type\":\"CommentAction\",\"name\":\"Comment\",\"target\":[\"https:\/\/www.article-marketing.eu\/comunicati\/comunicati-stampa\/eventi\/fiera-del-bovino-da-latte-di-cremona-mai-viste-mucche-pi%25252525c3%25252525b9-felici\/#respond\"]}]},{\"@type\":\"WebPage\",\"@id\":\"https:\/\/www.article-marketing.eu\/comunicati\/comunicati-stampa\/eventi\/fiera-del-bovino-da-latte-di-cremona-mai-viste-mucche-pi%25252525c3%25252525b9-felici\/\",\"url\":\"https:\/\/www.article-marketing.eu\/comunicati\/comunicati-stampa\/eventi\/fiera-del-bovino-da-latte-di-cremona-mai-viste-mucche-pi%25252525c3%25252525b9-felici\/\",\"name\":\"Fiera del Bovino da Latte di Cremona: Mai viste mucche pi\u00f9 felici - Article Marketing\",\"isPartOf\":{\"@id\":\"https:\/\/www.article-marketing.eu\/comunicati\/#website\"},\"datePublished\":\"2012-12-04T14:45:11+00:00\",\"author\":{\"@id\":\"https:\/\/www.article-marketing.eu\/comunicati\/#\/schema\/person\/44372e4d4d0fa797b18e03ed1ace9017\"},\"breadcrumb\":{\"@id\":\"https:\/\/www.article-marketing.eu\/comunicati\/comunicati-stampa\/eventi\/fiera-del-bovino-da-latte-di-cremona-mai-viste-mucche-pi%25252525c3%25252525b9-felici\/#breadcrumb\"},\"inLanguage\":\"it-IT\",\"potentialAction\":[{\"@type\":\"ReadAction\",\"target\":[\"https:\/\/www.article-marketing.eu\/comunicati\/comunicati-stampa\/eventi\/fiera-del-bovino-da-latte-di-cremona-mai-viste-mucche-pi%25252525c3%25252525b9-felici\/\"]}]},{\"@type\":\"BreadcrumbList\",\"@id\":\"https:\/\/www.article-marketing.eu\/comunicati\/comunicati-stampa\/eventi\/fiera-del-bovino-da-latte-di-cremona-mai-viste-mucche-pi%25252525c3%25252525b9-felici\/#breadcrumb\",\"itemListElement\":[{\"@type\":\"ListItem\",\"position\":1,\"name\":\"Home\",\"item\":\"https:\/\/www.article-marketing.eu\/comunicati\/\"},{\"@type\":\"ListItem\",\"position\":2,\"name\":\"Fiera del Bovino da Latte di Cremona: Mai viste mucche pi\u00f9 felici\"}]},{\"@type\":\"WebSite\",\"@id\":\"https:\/\/www.article-marketing.eu\/comunicati\/#website\",\"url\":\"https:\/\/www.article-marketing.eu\/comunicati\/\",\"name\":\"Article Marketing\",\"description\":\"article marketing &amp; press release\",\"potentialAction\":[{\"@type\":\"SearchAction\",\"target\":{\"@type\":\"EntryPoint\",\"urlTemplate\":\"https:\/\/www.article-marketing.eu\/comunicati\/?s={search_term_string}\"},\"query-input\":{\"@type\":\"PropertyValueSpecification\",\"valueRequired\":true,\"valueName\":\"search_term_string\"}}],\"inLanguage\":\"it-IT\"},{\"@type\":\"Person\",\"@id\":\"https:\/\/www.article-marketing.eu\/comunicati\/#\/schema\/person\/44372e4d4d0fa797b18e03ed1ace9017\",\"name\":\"Redazione Comunicati Stampa\",\"image\":{\"@type\":\"ImageObject\",\"inLanguage\":\"it-IT\",\"@id\":\"https:\/\/www.article-marketing.eu\/comunicati\/#\/schema\/person\/image\/\",\"url\":\"https:\/\/secure.gravatar.com\/avatar\/50e5c6421d3072f42e7ace803501602c60d75233d34e29fd05feb91c8760b792?s=96&d=mm&r=g\",\"contentUrl\":\"https:\/\/secure.gravatar.com\/avatar\/50e5c6421d3072f42e7ace803501602c60d75233d34e29fd05feb91c8760b792?s=96&d=mm&r=g\",\"caption\":\"Redazione Comunicati Stampa\"},\"url\":\"https:\/\/www.article-marketing.eu\/comunicati\/author\/redazione-comunicati-stampa\/\"}]}<\/script>\n<!-- \/ Yoast SEO plugin. -->","yoast_head_json":{"title":"Fiera del Bovino da Latte di Cremona: Mai viste mucche pi\u00f9 felici - Article Marketing","robots":{"index":"index","follow":"follow","max-snippet":"max-snippet:-1","max-image-preview":"max-image-preview:large","max-video-preview":"max-video-preview:-1"},"canonical":"https:\/\/www.article-marketing.eu\/comunicati\/comunicati-stampa\/eventi\/fiera-del-bovino-da-latte-di-cremona-mai-viste-mucche-pi%252525c3%252525b9-felici\/","og_locale":"it_IT","og_type":"article","og_title":"Fiera del Bovino da Latte di Cremona: Mai viste mucche pi\u00f9 felici - Article Marketing","og_description":"La Fiera Bovino da Latte Cremona \u00e8 una delle pi\u00f9 importanti fiere del settore zootecnico, agricolo e caseario di tutta Europa.","og_url":"https:\/\/www.article-marketing.eu\/comunicati\/comunicati-stampa\/eventi\/fiera-del-bovino-da-latte-di-cremona-mai-viste-mucche-pi%252525c3%252525b9-felici\/","og_site_name":"Article Marketing","article_published_time":"2012-12-04T14:45:11+00:00","og_image":[{"url":"https:\/\/www.article-marketing.eu\/uploads\/images\/u_9157\/thumb_cremonafierabovinodalatte.gif","type":"","width":"","height":""}],"author":"Redazione Comunicati Stampa","twitter_card":"summary_large_image","twitter_misc":{"Scritto da":"Redazione Comunicati Stampa","Tempo di lettura stimato":"2 minuti"},"schema":{"@context":"https:\/\/schema.org","@graph":[{"@type":"Article","@id":"https:\/\/www.article-marketing.eu\/comunicati\/comunicati-stampa\/eventi\/fiera-del-bovino-da-latte-di-cremona-mai-viste-mucche-pi%25252525c3%25252525b9-felici\/#article","isPartOf":{"@id":"https:\/\/www.article-marketing.eu\/comunicati\/comunicati-stampa\/eventi\/fiera-del-bovino-da-latte-di-cremona-mai-viste-mucche-pi%25252525c3%25252525b9-felici\/"},"author":{"name":"Redazione Comunicati Stampa","@id":"https:\/\/www.article-marketing.eu\/comunicati\/#\/schema\/person\/44372e4d4d0fa797b18e03ed1ace9017"},"headline":"Fiera del Bovino da Latte di Cremona: Mai viste mucche pi\u00f9 felici","datePublished":"2012-12-04T14:45:11+00:00","mainEntityOfPage":{"@id":"https:\/\/www.article-marketing.eu\/comunicati\/comunicati-stampa\/eventi\/fiera-del-bovino-da-latte-di-cremona-mai-viste-mucche-pi%25252525c3%25252525b9-felici\/"},"wordCount":357,"commentCount":0,"keywords":["fiera bovino da latte cremona"],"articleSection":["Eventi"],"inLanguage":"it-IT","potentialAction":[{"@type":"CommentAction","name":"Comment","target":["https:\/\/www.article-marketing.eu\/comunicati\/comunicati-stampa\/eventi\/fiera-del-bovino-da-latte-di-cremona-mai-viste-mucche-pi%25252525c3%25252525b9-felici\/#respond"]}]},{"@type":"WebPage","@id":"https:\/\/www.article-marketing.eu\/comunicati\/comunicati-stampa\/eventi\/fiera-del-bovino-da-latte-di-cremona-mai-viste-mucche-pi%25252525c3%25252525b9-felici\/","url":"https:\/\/www.article-marketing.eu\/comunicati\/comunicati-stampa\/eventi\/fiera-del-bovino-da-latte-di-cremona-mai-viste-mucche-pi%25252525c3%25252525b9-felici\/","name":"Fiera del Bovino da Latte di Cremona: Mai viste mucche pi\u00f9 felici - Article Marketing","isPartOf":{"@id":"https:\/\/www.article-marketing.eu\/comunicati\/#website"},"datePublished":"2012-12-04T14:45:11+00:00","author":{"@id":"https:\/\/www.article-marketing.eu\/comunicati\/#\/schema\/person\/44372e4d4d0fa797b18e03ed1ace9017"},"breadcrumb":{"@id":"https:\/\/www.article-marketing.eu\/comunicati\/comunicati-stampa\/eventi\/fiera-del-bovino-da-latte-di-cremona-mai-viste-mucche-pi%25252525c3%25252525b9-felici\/#breadcrumb"},"inLanguage":"it-IT","potentialAction":[{"@type":"ReadAction","target":["https:\/\/www.article-marketing.eu\/comunicati\/comunicati-stampa\/eventi\/fiera-del-bovino-da-latte-di-cremona-mai-viste-mucche-pi%25252525c3%25252525b9-felici\/"]}]},{"@type":"BreadcrumbList","@id":"https:\/\/www.article-marketing.eu\/comunicati\/comunicati-stampa\/eventi\/fiera-del-bovino-da-latte-di-cremona-mai-viste-mucche-pi%25252525c3%25252525b9-felici\/#breadcrumb","itemListElement":[{"@type":"ListItem","position":1,"name":"Home","item":"https:\/\/www.article-marketing.eu\/comunicati\/"},{"@type":"ListItem","position":2,"name":"Fiera del Bovino da Latte di Cremona: Mai viste mucche pi\u00f9 felici"}]},{"@type":"WebSite","@id":"https:\/\/www.article-marketing.eu\/comunicati\/#website","url":"https:\/\/www.article-marketing.eu\/comunicati\/","name":"Article Marketing","description":"article marketing &amp; press release","potentialAction":[{"@type":"SearchAction","target":{"@type":"EntryPoint","urlTemplate":"https:\/\/www.article-marketing.eu\/comunicati\/?s={search_term_string}"},"query-input":{"@type":"PropertyValueSpecification","valueRequired":true,"valueName":"search_term_string"}}],"inLanguage":"it-IT"},{"@type":"Person","@id":"https:\/\/www.article-marketing.eu\/comunicati\/#\/schema\/person\/44372e4d4d0fa797b18e03ed1ace9017","name":"Redazione Comunicati Stampa","image":{"@type":"ImageObject","inLanguage":"it-IT","@id":"https:\/\/www.article-marketing.eu\/comunicati\/#\/schema\/person\/image\/","url":"https:\/\/secure.gravatar.com\/avatar\/50e5c6421d3072f42e7ace803501602c60d75233d34e29fd05feb91c8760b792?s=96&d=mm&r=g","contentUrl":"https:\/\/secure.gravatar.com\/avatar\/50e5c6421d3072f42e7ace803501602c60d75233d34e29fd05feb91c8760b792?s=96&d=mm&r=g","caption":"Redazione Comunicati Stampa"},"url":"https:\/\/www.article-marketing.eu\/comunicati\/author\/redazione-comunicati-stampa\/"}]}},"_links":{"self":[{"href":"https:\/\/www.article-marketing.eu\/comunicati\/wp-json\/wp\/v2\/posts\/31159","targetHints":{"allow":["GET"]}}],"collection":[{"href":"https:\/\/www.article-marketing.eu\/comunicati\/wp-json\/wp\/v2\/posts"}],"about":[{"href":"https:\/\/www.article-marketing.eu\/comunicati\/wp-json\/wp\/v2\/types\/post"}],"author":[{"embeddable":true,"href":"https:\/\/www.article-marketing.eu\/comunicati\/wp-json\/wp\/v2\/users\/10"}],"replies":[{"embeddable":true,"href":"https:\/\/www.article-marketing.eu\/comunicati\/wp-json\/wp\/v2\/comments?post=31159"}],"version-history":[{"count":0,"href":"https:\/\/www.article-marketing.eu\/comunicati\/wp-json\/wp\/v2\/posts\/31159\/revisions"}],"wp:attachment":[{"href":"https:\/\/www.article-marketing.eu\/comunicati\/wp-json\/wp\/v2\/media?parent=31159"}],"wp:term":[{"taxonomy":"category","embeddable":true,"href":"https:\/\/www.article-marketing.eu\/comunicati\/wp-json\/wp\/v2\/categories?post=31159"},{"taxonomy":"post_tag","embeddable":true,"href":"https:\/\/www.article-marketing.eu\/comunicati\/wp-json\/wp\/v2\/tags?post=31159"}],"curies":[{"name":"wp","href":"https:\/\/api.w.org\/{rel}","templated":true}]}}