{"id":3122,"date":"2009-10-22T16:23:31","date_gmt":"2009-10-22T14:23:31","guid":{"rendered":"http:\/\/www.article-marketing.eu\/comunicati\/senza-categoria\/lhi-tech-al-servizio-dellambiente-lo-speciale-su-media-world-progreen\/"},"modified":"2018-06-04T20:30:45","modified_gmt":"2018-06-04T18:30:45","slug":"lhi-tech-al-servizio-dellambiente-lo-speciale-su-media-world-progreen","status":"publish","type":"post","link":"https:\/\/www.article-marketing.eu\/comunicati\/ambiente\/lhi-tech-al-servizio-dellambiente-lo-speciale-su-media-world-progreen\/","title":{"rendered":"L&#8217;Hi-Tech al servizio dell&#8217;ambiente. Lo speciale su Media World &#8220;Progreen&#8221;"},"content":{"rendered":"<p><strong>MediaWorld<\/strong>, marchio del gruppo tedesco Mediamarkt<br \/>\nSaturn Holding GmBH (prima catena di elettronica di consumo in Europa)<br \/>\n\u00e8 presente in tutta Italia con <strong>83 punti vendita <\/strong>e si<br \/>\nmuove sulla strada dell&#8217;informazione gi\u00e0 dal 2007 attraverso<br \/>\n\u201cProGreen\u201d, iniziativa di sensibilizzazione nei confronti del<br \/>\nconsumatore per promuovere l\u2019acquisto consapevole di beni di<br \/>\nelettronica. <br \/><em>\u201cCome Retailer, distributore di beni di<br \/>\nelettronica di consumo e elettrodomestici, abbiamo il dovere morale e<br \/>\ncivile di porci il problema che gli oggetti che vendiamo e proponiamo<br \/>\nal grande pubblico ci facilitano la vita da un lato, ma dall\u2019altro<br \/>\ndevono essere smaltiti e riciclati nel pieno rispetto delle leggi\u201d<\/em> avverte <strong>Pierluigi Bernasconi<\/strong>, amministratore delegato di MediaWorld. <br \/>Il programma \u00e8 incentrato sullo <strong>sviluppo di un marchio che contraddistingue i prodotti in base alla categoria di sviluppo sostenibile<\/strong>, contrassegnati da un logo originale, diverso da quello utilizzato per la classe energetica di appartenenza.<\/p>\n<p><em>\u201cIl marchio<\/em> &#8211; racconta <strong>Maurizio Motta<\/strong>,&nbsp; Direttore Generale Commerciale Mediamarket &#8211; r<em>affigura<br \/>\nla mappa del mondo, in verde. L&#8217;idea \u00e8 stata quella di identificare un<br \/>\nlogo che non ha nulla a che fare con quello della classe energetica,<br \/>\nche tra l&#8217;altro \u00e8 stato stabilito a livello europeo, per rendere<br \/>\nimmediatamente visibili nei nostri punti vendita e sui volantini i<br \/>\nprodotti che dal punto di vista ecologico, appartengono alla categoria<br \/>\ndi sviluppo sostenibile\u201d.<\/em> La volont\u00e0 di MediaWorld \u00e8 quella di indirizzare l\u2019acquirente verso un&#8217;offerta ancora pi\u00f9 \u201cverde\u201d. \t\t\t\t\t<\/p>\n<p>\t\t\t\t\t\t\t\tMedia World &quot;Progreen&quot;<\/p>\n<p><em>Per gli utenti pi\u00f9 attivi su You4Planet non \u00e8 una novit\u00e0. Anche grazie ad uno degli obiettivi<br \/>\npresenti nella nostra selezione abbiamo imparato che non tutti gli<br \/>\nelettrodomestici sono uguali. Alcuni consumano meno degli altri e<br \/>\nsoprattutto alcuni consumano meglio; le classi energetiche danno la<br \/>\nmisura dell&#8217;efficienza degli apparecchi. <\/em><\/p>\n<p><strong>MediaWorld<\/strong>,<br \/>\nmarchio del gruppo tedesco Mediamarkt Saturn Holding GmBH (prima catena<br \/>\ndi elettronica di consumo in Europa) \u00e8 presente in tutta Italia con <strong>83 punti vendita <\/strong>e<br \/>\nsi muove sulla strada dell&#8217;informazione gi\u00e0 dal 2007 attraverso<br \/>\n\u201cProGreen\u201d, iniziativa di sensibilizzazione nei confronti del<br \/>\nconsumatore per promuovere l\u2019acquisto consapevole di beni di<br \/>\nelettronica. <br \/><em>\u201cCome Retailer, distributore di beni di<br \/>\nelettronica di consumo e elettrodomestici, abbiamo il dovere morale e<br \/>\ncivile di porci il problema che gli oggetti che vendiamo e proponiamo<br \/>\nal grande pubblico ci facilitano la vita da un lato, ma dall\u2019altro<br \/>\ndevono essere smaltiti e riciclati nel pieno rispetto delle leggi\u201d<\/em> avverte <strong>Pierluigi Bernasconi<\/strong>, amministratore delegato di MediaWorld. <br \/>Il programma \u00e8 incentrato sullo <strong>sviluppo di un marchio che contraddistingue i prodotti in base alla categoria di sviluppo sostenibile<\/strong>, contrassegnati da un logo originale, diverso da quello utilizzato per la classe energetica di appartenenza. <br \/><em>\u201cIl marchio<\/em> &#8211; racconta <strong>Maurizio Motta<\/strong>,&nbsp; Direttore Generale Commerciale Mediamarket &#8211; r<em>affigura<br \/>\nla mappa del mondo, in verde. L&#8217;idea \u00e8 stata quella di identificare un<br \/>\nlogo che non ha nulla a che fare con quello della classe energetica,<br \/>\nche tra l&#8217;altro \u00e8 stato stabilito a livello europeo, per rendere<br \/>\nimmediatamente visibili nei nostri punti vendita e sui volantini i<br \/>\nprodotti che dal punto di vista ecologico, appartengono alla categoria<br \/>\ndi sviluppo sostenibile\u201d.<\/em> La volont\u00e0 di MediaWorld \u00e8 quella di indirizzare l\u2019acquirente verso un&#8217;offerta ancora pi\u00f9 \u201cverde\u201d. <br \/>I<br \/>\nprodotti a marchio ProGreen devono infatti rispettare parametri come il<br \/>\nrisparmio energetico, lo smaltimento intelligente dei componenti, il<br \/>\nriciclo dei materiali di utilizzo, la riduzione delle risorse naturali<br \/>\nnella produzione insieme a quella delle fonti energetiche alternative. <\/p>\n<p><strong>ProGreen<br \/>\nha dato il via ad una serie di progetti che realizzano una connessione<br \/>\ntra interessi commerciali e responsabilit\u00e0 sociale di impresa <\/strong>come<br \/>\nla stampa di un volantino su carta dotata di certificazioni ambientali<br \/>\nfornita dai produttori, l&#8217;avvio della raccolta differenziata nella sede<br \/>\ncentrale del gruppo a Curno, la partecipazione all&#8217;<strong>EcoDay 2008<\/strong> con l&#8217;omaggio a tutti i clienti di 90.000 lampadine di classe energetica A a 15W, l&#8217;adesione alla campagna \u201c<strong>M&#8217;Illumino di Meno<\/strong>\u201d del programma Caterpillar di Radio2 fino al progetto \u201cAdotta un Albero\u201d&#8230; <\/p>\n<p>http:\/\/www.you4planet.it\/speciali\/14\/Media_World_%22Progreen%22 <\/p>\n","protected":false},"excerpt":{"rendered":"<p>Per gli utenti pi\u00f9 attivi su You4Planet non \u00e8 una novit\u00e0. Anche grazie ad uno degli obiettivi presenti nella nostra selezione abbiamo imparato che non tutti gli elettrodomestici sono uguali. Alcuni consumano meno degli altri e soprattutto alcuni consumano meglio; le classi energetiche danno la misura dell&#8217;efficienza degli apparecchi.<\/p>\n","protected":false},"author":10,"featured_media":0,"comment_status":"open","ping_status":"open","sticky":false,"template":"","format":"standard","meta":{"cybocfi_hide_featured_image":"","footnotes":""},"categories":[55],"tags":[96,260,1936,10057,10058],"class_list":["post-3122","post","type-post","status-publish","format-standard","hentry","category-ambiente","tag-ambiente","tag-ecologia","tag-elettrodomestici","tag-media-world","tag-progreen"],"yoast_head":"<!-- This site is optimized with the Yoast SEO plugin v27.0 - https:\/\/yoast.com\/product\/yoast-seo-wordpress\/ -->\n<title>L&#039;Hi-Tech al servizio dell&#039;ambiente. Lo speciale su Media World &quot;Progreen&quot; - Article Marketing<\/title>\n<meta name=\"robots\" content=\"index, follow, max-snippet:-1, max-image-preview:large, max-video-preview:-1\" \/>\n<link rel=\"canonical\" href=\"https:\/\/www.article-marketing.eu\/comunicati\/ambiente\/lhi-tech-al-servizio-dellambiente-lo-speciale-su-media-world-progreen\/\" \/>\n<meta property=\"og:locale\" content=\"it_IT\" \/>\n<meta property=\"og:type\" content=\"article\" \/>\n<meta property=\"og:title\" content=\"L&#039;Hi-Tech al servizio dell&#039;ambiente. Lo speciale su Media World &quot;Progreen&quot; - Article Marketing\" \/>\n<meta property=\"og:description\" content=\"Per gli utenti pi\u00f9 attivi su You4Planet non \u00e8 una novit\u00e0. Anche grazie ad uno degli obiettivi presenti nella nostra selezione abbiamo imparato che non tutti gli elettrodomestici sono uguali. Alcuni consumano meno degli altri e soprattutto alcuni consumano meglio; le classi energetiche danno la misura dell&#039;efficienza degli apparecchi.\" \/>\n<meta property=\"og:url\" content=\"https:\/\/www.article-marketing.eu\/comunicati\/ambiente\/lhi-tech-al-servizio-dellambiente-lo-speciale-su-media-world-progreen\/\" \/>\n<meta property=\"og:site_name\" content=\"Article Marketing\" \/>\n<meta property=\"article:published_time\" content=\"2009-10-22T14:23:31+00:00\" \/>\n<meta property=\"article:modified_time\" content=\"2018-06-04T18:30:45+00:00\" \/>\n<meta name=\"author\" content=\"Redazione Comunicati Stampa\" \/>\n<meta name=\"twitter:card\" content=\"summary_large_image\" \/>\n<meta name=\"twitter:label1\" content=\"Scritto da\" \/>\n\t<meta name=\"twitter:data1\" content=\"Redazione Comunicati Stampa\" \/>\n\t<meta name=\"twitter:label2\" content=\"Tempo di lettura stimato\" \/>\n\t<meta name=\"twitter:data2\" content=\"3 minuti\" \/>\n<script type=\"application\/ld+json\" class=\"yoast-schema-graph\">{\"@context\":\"https:\/\/schema.org\",\"@graph\":[{\"@type\":\"Article\",\"@id\":\"https:\/\/www.article-marketing.eu\/comunicati\/ambiente\/lhi-tech-al-servizio-dellambiente-lo-speciale-su-media-world-progreen\/#article\",\"isPartOf\":{\"@id\":\"https:\/\/www.article-marketing.eu\/comunicati\/ambiente\/lhi-tech-al-servizio-dellambiente-lo-speciale-su-media-world-progreen\/\"},\"author\":{\"name\":\"Redazione Comunicati Stampa\",\"@id\":\"https:\/\/www.article-marketing.eu\/comunicati\/#\/schema\/person\/44372e4d4d0fa797b18e03ed1ace9017\"},\"headline\":\"L&#8217;Hi-Tech al servizio dell&#8217;ambiente. Lo speciale su Media World &#8220;Progreen&#8221;\",\"datePublished\":\"2009-10-22T14:23:31+00:00\",\"dateModified\":\"2018-06-04T18:30:45+00:00\",\"mainEntityOfPage\":{\"@id\":\"https:\/\/www.article-marketing.eu\/comunicati\/ambiente\/lhi-tech-al-servizio-dellambiente-lo-speciale-su-media-world-progreen\/\"},\"wordCount\":647,\"commentCount\":0,\"keywords\":[\"ambiente\",\"ecologia\",\"elettrodomestici\",\"media world\",\"progreen\"],\"articleSection\":[\"Ambiente\"],\"inLanguage\":\"it-IT\",\"potentialAction\":[{\"@type\":\"CommentAction\",\"name\":\"Comment\",\"target\":[\"https:\/\/www.article-marketing.eu\/comunicati\/ambiente\/lhi-tech-al-servizio-dellambiente-lo-speciale-su-media-world-progreen\/#respond\"]}]},{\"@type\":\"WebPage\",\"@id\":\"https:\/\/www.article-marketing.eu\/comunicati\/ambiente\/lhi-tech-al-servizio-dellambiente-lo-speciale-su-media-world-progreen\/\",\"url\":\"https:\/\/www.article-marketing.eu\/comunicati\/ambiente\/lhi-tech-al-servizio-dellambiente-lo-speciale-su-media-world-progreen\/\",\"name\":\"L'Hi-Tech al servizio dell'ambiente. Lo speciale su Media World \\\"Progreen\\\" - Article Marketing\",\"isPartOf\":{\"@id\":\"https:\/\/www.article-marketing.eu\/comunicati\/#website\"},\"datePublished\":\"2009-10-22T14:23:31+00:00\",\"dateModified\":\"2018-06-04T18:30:45+00:00\",\"author\":{\"@id\":\"https:\/\/www.article-marketing.eu\/comunicati\/#\/schema\/person\/44372e4d4d0fa797b18e03ed1ace9017\"},\"breadcrumb\":{\"@id\":\"https:\/\/www.article-marketing.eu\/comunicati\/ambiente\/lhi-tech-al-servizio-dellambiente-lo-speciale-su-media-world-progreen\/#breadcrumb\"},\"inLanguage\":\"it-IT\",\"potentialAction\":[{\"@type\":\"ReadAction\",\"target\":[\"https:\/\/www.article-marketing.eu\/comunicati\/ambiente\/lhi-tech-al-servizio-dellambiente-lo-speciale-su-media-world-progreen\/\"]}]},{\"@type\":\"BreadcrumbList\",\"@id\":\"https:\/\/www.article-marketing.eu\/comunicati\/ambiente\/lhi-tech-al-servizio-dellambiente-lo-speciale-su-media-world-progreen\/#breadcrumb\",\"itemListElement\":[{\"@type\":\"ListItem\",\"position\":1,\"name\":\"Home\",\"item\":\"https:\/\/www.article-marketing.eu\/comunicati\/\"},{\"@type\":\"ListItem\",\"position\":2,\"name\":\"L&#8217;Hi-Tech al servizio dell&#8217;ambiente. Lo speciale su Media World &#8220;Progreen&#8221;\"}]},{\"@type\":\"WebSite\",\"@id\":\"https:\/\/www.article-marketing.eu\/comunicati\/#website\",\"url\":\"https:\/\/www.article-marketing.eu\/comunicati\/\",\"name\":\"Article Marketing\",\"description\":\"article marketing &amp; press release\",\"potentialAction\":[{\"@type\":\"SearchAction\",\"target\":{\"@type\":\"EntryPoint\",\"urlTemplate\":\"https:\/\/www.article-marketing.eu\/comunicati\/?s={search_term_string}\"},\"query-input\":{\"@type\":\"PropertyValueSpecification\",\"valueRequired\":true,\"valueName\":\"search_term_string\"}}],\"inLanguage\":\"it-IT\"},{\"@type\":\"Person\",\"@id\":\"https:\/\/www.article-marketing.eu\/comunicati\/#\/schema\/person\/44372e4d4d0fa797b18e03ed1ace9017\",\"name\":\"Redazione Comunicati Stampa\",\"image\":{\"@type\":\"ImageObject\",\"inLanguage\":\"it-IT\",\"@id\":\"https:\/\/www.article-marketing.eu\/comunicati\/#\/schema\/person\/image\/\",\"url\":\"https:\/\/secure.gravatar.com\/avatar\/50e5c6421d3072f42e7ace803501602c60d75233d34e29fd05feb91c8760b792?s=96&d=mm&r=g\",\"contentUrl\":\"https:\/\/secure.gravatar.com\/avatar\/50e5c6421d3072f42e7ace803501602c60d75233d34e29fd05feb91c8760b792?s=96&d=mm&r=g\",\"caption\":\"Redazione Comunicati Stampa\"},\"url\":\"https:\/\/www.article-marketing.eu\/comunicati\/author\/redazione-comunicati-stampa\/\"}]}<\/script>\n<!-- \/ Yoast SEO plugin. -->","yoast_head_json":{"title":"L'Hi-Tech al servizio dell'ambiente. Lo speciale su Media World \"Progreen\" - Article Marketing","robots":{"index":"index","follow":"follow","max-snippet":"max-snippet:-1","max-image-preview":"max-image-preview:large","max-video-preview":"max-video-preview:-1"},"canonical":"https:\/\/www.article-marketing.eu\/comunicati\/ambiente\/lhi-tech-al-servizio-dellambiente-lo-speciale-su-media-world-progreen\/","og_locale":"it_IT","og_type":"article","og_title":"L'Hi-Tech al servizio dell'ambiente. Lo speciale su Media World \"Progreen\" - Article Marketing","og_description":"Per gli utenti pi\u00f9 attivi su You4Planet non \u00e8 una novit\u00e0. Anche grazie ad uno degli obiettivi presenti nella nostra selezione abbiamo imparato che non tutti gli elettrodomestici sono uguali. Alcuni consumano meno degli altri e soprattutto alcuni consumano meglio; le classi energetiche danno la misura dell'efficienza degli apparecchi.","og_url":"https:\/\/www.article-marketing.eu\/comunicati\/ambiente\/lhi-tech-al-servizio-dellambiente-lo-speciale-su-media-world-progreen\/","og_site_name":"Article Marketing","article_published_time":"2009-10-22T14:23:31+00:00","article_modified_time":"2018-06-04T18:30:45+00:00","author":"Redazione Comunicati Stampa","twitter_card":"summary_large_image","twitter_misc":{"Scritto da":"Redazione Comunicati Stampa","Tempo di lettura stimato":"3 minuti"},"schema":{"@context":"https:\/\/schema.org","@graph":[{"@type":"Article","@id":"https:\/\/www.article-marketing.eu\/comunicati\/ambiente\/lhi-tech-al-servizio-dellambiente-lo-speciale-su-media-world-progreen\/#article","isPartOf":{"@id":"https:\/\/www.article-marketing.eu\/comunicati\/ambiente\/lhi-tech-al-servizio-dellambiente-lo-speciale-su-media-world-progreen\/"},"author":{"name":"Redazione Comunicati Stampa","@id":"https:\/\/www.article-marketing.eu\/comunicati\/#\/schema\/person\/44372e4d4d0fa797b18e03ed1ace9017"},"headline":"L&#8217;Hi-Tech al servizio dell&#8217;ambiente. Lo speciale su Media World &#8220;Progreen&#8221;","datePublished":"2009-10-22T14:23:31+00:00","dateModified":"2018-06-04T18:30:45+00:00","mainEntityOfPage":{"@id":"https:\/\/www.article-marketing.eu\/comunicati\/ambiente\/lhi-tech-al-servizio-dellambiente-lo-speciale-su-media-world-progreen\/"},"wordCount":647,"commentCount":0,"keywords":["ambiente","ecologia","elettrodomestici","media world","progreen"],"articleSection":["Ambiente"],"inLanguage":"it-IT","potentialAction":[{"@type":"CommentAction","name":"Comment","target":["https:\/\/www.article-marketing.eu\/comunicati\/ambiente\/lhi-tech-al-servizio-dellambiente-lo-speciale-su-media-world-progreen\/#respond"]}]},{"@type":"WebPage","@id":"https:\/\/www.article-marketing.eu\/comunicati\/ambiente\/lhi-tech-al-servizio-dellambiente-lo-speciale-su-media-world-progreen\/","url":"https:\/\/www.article-marketing.eu\/comunicati\/ambiente\/lhi-tech-al-servizio-dellambiente-lo-speciale-su-media-world-progreen\/","name":"L'Hi-Tech al servizio dell'ambiente. Lo speciale su Media World \"Progreen\" - Article Marketing","isPartOf":{"@id":"https:\/\/www.article-marketing.eu\/comunicati\/#website"},"datePublished":"2009-10-22T14:23:31+00:00","dateModified":"2018-06-04T18:30:45+00:00","author":{"@id":"https:\/\/www.article-marketing.eu\/comunicati\/#\/schema\/person\/44372e4d4d0fa797b18e03ed1ace9017"},"breadcrumb":{"@id":"https:\/\/www.article-marketing.eu\/comunicati\/ambiente\/lhi-tech-al-servizio-dellambiente-lo-speciale-su-media-world-progreen\/#breadcrumb"},"inLanguage":"it-IT","potentialAction":[{"@type":"ReadAction","target":["https:\/\/www.article-marketing.eu\/comunicati\/ambiente\/lhi-tech-al-servizio-dellambiente-lo-speciale-su-media-world-progreen\/"]}]},{"@type":"BreadcrumbList","@id":"https:\/\/www.article-marketing.eu\/comunicati\/ambiente\/lhi-tech-al-servizio-dellambiente-lo-speciale-su-media-world-progreen\/#breadcrumb","itemListElement":[{"@type":"ListItem","position":1,"name":"Home","item":"https:\/\/www.article-marketing.eu\/comunicati\/"},{"@type":"ListItem","position":2,"name":"L&#8217;Hi-Tech al servizio dell&#8217;ambiente. Lo speciale su Media World &#8220;Progreen&#8221;"}]},{"@type":"WebSite","@id":"https:\/\/www.article-marketing.eu\/comunicati\/#website","url":"https:\/\/www.article-marketing.eu\/comunicati\/","name":"Article Marketing","description":"article marketing &amp; press release","potentialAction":[{"@type":"SearchAction","target":{"@type":"EntryPoint","urlTemplate":"https:\/\/www.article-marketing.eu\/comunicati\/?s={search_term_string}"},"query-input":{"@type":"PropertyValueSpecification","valueRequired":true,"valueName":"search_term_string"}}],"inLanguage":"it-IT"},{"@type":"Person","@id":"https:\/\/www.article-marketing.eu\/comunicati\/#\/schema\/person\/44372e4d4d0fa797b18e03ed1ace9017","name":"Redazione Comunicati Stampa","image":{"@type":"ImageObject","inLanguage":"it-IT","@id":"https:\/\/www.article-marketing.eu\/comunicati\/#\/schema\/person\/image\/","url":"https:\/\/secure.gravatar.com\/avatar\/50e5c6421d3072f42e7ace803501602c60d75233d34e29fd05feb91c8760b792?s=96&d=mm&r=g","contentUrl":"https:\/\/secure.gravatar.com\/avatar\/50e5c6421d3072f42e7ace803501602c60d75233d34e29fd05feb91c8760b792?s=96&d=mm&r=g","caption":"Redazione Comunicati Stampa"},"url":"https:\/\/www.article-marketing.eu\/comunicati\/author\/redazione-comunicati-stampa\/"}]}},"_links":{"self":[{"href":"https:\/\/www.article-marketing.eu\/comunicati\/wp-json\/wp\/v2\/posts\/3122","targetHints":{"allow":["GET"]}}],"collection":[{"href":"https:\/\/www.article-marketing.eu\/comunicati\/wp-json\/wp\/v2\/posts"}],"about":[{"href":"https:\/\/www.article-marketing.eu\/comunicati\/wp-json\/wp\/v2\/types\/post"}],"author":[{"embeddable":true,"href":"https:\/\/www.article-marketing.eu\/comunicati\/wp-json\/wp\/v2\/users\/10"}],"replies":[{"embeddable":true,"href":"https:\/\/www.article-marketing.eu\/comunicati\/wp-json\/wp\/v2\/comments?post=3122"}],"version-history":[{"count":3,"href":"https:\/\/www.article-marketing.eu\/comunicati\/wp-json\/wp\/v2\/posts\/3122\/revisions"}],"predecessor-version":[{"id":55933,"href":"https:\/\/www.article-marketing.eu\/comunicati\/wp-json\/wp\/v2\/posts\/3122\/revisions\/55933"}],"wp:attachment":[{"href":"https:\/\/www.article-marketing.eu\/comunicati\/wp-json\/wp\/v2\/media?parent=3122"}],"wp:term":[{"taxonomy":"category","embeddable":true,"href":"https:\/\/www.article-marketing.eu\/comunicati\/wp-json\/wp\/v2\/categories?post=3122"},{"taxonomy":"post_tag","embeddable":true,"href":"https:\/\/www.article-marketing.eu\/comunicati\/wp-json\/wp\/v2\/tags?post=3122"}],"curies":[{"name":"wp","href":"https:\/\/api.w.org\/{rel}","templated":true}]}}