{"id":3123,"date":"2009-10-22T16:24:54","date_gmt":"2009-10-22T14:24:54","guid":{"rendered":"http:\/\/www.article-marketing.eu\/comunicati\/senza-categoria\/assistenza-legale-alle-vittime-contergan\/"},"modified":"2009-10-22T16:24:54","modified_gmt":"2009-10-22T14:24:54","slug":"assistenza-legale-alle-vittime-contergan","status":"publish","type":"post","link":"https:\/\/www.article-marketing.eu\/comunicati\/salute-e-benessere\/assistenza-legale-alle-vittime-contergan\/","title":{"rendered":"Assistenza legale alle vittime"},"content":{"rendered":"<p class=\" \" style=\"TEXT-ALIGN: justify\">In data 14.05.2009, il Parlamento tedesco ha emanato la legge di modifica della \u201cFondazione Contergan\u201d entrata in vigore il 1 Luglio 2009.<\/p>\n<p class=\" \" style=\"TEXT-ALIGN: justify\"><strong>Il testo contiene una novit\u00e0 importantissima per tutte le vittima del Contergan* che non hanno ancora chiesto alcun risarcimento. <\/strong><\/p>\n<p class=\" \" style=\"TEXT-ALIGN: justify\">L\u2019assoluta novit\u00e0 sta nella riapertura del termine entro il quale \u00e8 data la possibilit\u00e0 alle vittime del Contergan di accedere al risarcimento danni garantito della \u201cFondazione Contergan\u201d tedesca, mentre la normativa precedente prevedeva il 31 Dicembre 1983 (1993 per gli abitanti della ex Germania dell\u2019est) come termine ultimo per proporre la domanda. <\/p>\n<p class=\" \" style=\"TEXT-ALIGN: justify\"><strong>La nuova legge riapre i termini per la presentazione delle domande di risarcimento a partire dal 1 luglio 2009 fino al 31 Dicembre 2010. Le domande possono essere presentate anche dagli eredi di persone gi\u00e0 defunte.<\/strong><\/p>\n<p class=\" \" style=\"TEXT-ALIGN: justify\">Una volta accertata la riconducibilit\u00e0 della malattia alla somministrazione di Contergan, la fondazione tedesca approva un programma di assistenza a favore della vittima che si articola in tre punti: <\/p>\n<ol type=\"1\" style=\"MARGIN-TOP: 0cm\" start=\"1\">\n<li class=\" \" style=\"TEXT-ALIGN: justify\">Concessione del risarcimento danni <em>una tantum<\/em><\/li>\n<li class=\" \" style=\"TEXT-ALIGN: justify\">Concessione di un vitalizio (pensione mensile)<\/li>\n<li class=\" \" style=\"TEXT-ALIGN: justify\">Concessione di un ulteriore contributo annuo<\/li>\n<\/ol>\n<p class=\" \" style=\"TEXT-ALIGN: justify\">Un\u2019occasione storica, dunque, per le vittime di contergan e per i loro eredi, di ottenere finalmente giustizia dopo circa 50 anni (si calcola che siano centinaia le vittime rimaste fuori dall\u2019assistenza ed escluse dal diritto al risarcimento).<\/p>\n<p class=\" \" style=\"TEXT-ALIGN: justify\">Lo Studio Legale Italo Tedesco \u00e8 alla ricerca, tra i malati ancora in vita in Italia, di tutti coloro che non abbiano ancora fatto le pratiche per l\u2019ottenimento del risarcimento. <\/p>\n<p class=\" \" style=\"TEXT-ALIGN: justify\">Per informazioni: <a href=\"mailto:info@affarilegali.net\">info@affarilegali.net<\/a> o tel. &nbsp;0049 &#8230;<\/p>\n<p class=\" \" style=\"TEXT-ALIGN: justify\">__________________________________________________________________________________________________________________________<\/p>\n<p class=\" \" style=\"TEXT-ALIGN: justify\">*Introdotto sul mercato nel 1957 e ritirato nel 1961 (in Italia nel 1962), il Contergan era un medicinale della casa farmaceutica tedesca \u201cGruenenthal\u201d contenente il principio attivo \u201ctalidomide\u201d. Tale sonnifero , consigliato soprattutto alle donne incinte contro insonnia e senso di nausea,&nbsp; provoc\u00f2, <strong>tra fine anni &#8217;50 ed inizio anni &#8217;60, <\/strong>la nascita di circa 10mila bambini con gravi deformazioni in tutto il mondo. <\/p>\n<p>    In Italia sono circa 200 i talidomidici che, ancora oggi,&nbsp; lottano per un risarcimento.<\/p>\n","protected":false},"excerpt":{"rendered":"<p>Lo Studio Legale Italo Tedesco \u00e8 alla ricerca, tra i malati ancora in vita in Italia, di coloro che abbiano contratto la malattia in Germania per dar luogo alle pratiche per l\u2019ottenimento del risarcimento.<\/p>\n","protected":false},"author":10,"featured_media":0,"comment_status":"open","ping_status":"open","sticky":false,"template":"","format":"standard","meta":{"cybocfi_hide_featured_image":"","footnotes":""},"categories":[265],"tags":[10060,10062,10066,4464,10064,10061,10065,10063,10059],"class_list":["post-3123","post","type-post","status-publish","format-standard","hentry","category-salute-e-benessere","tag-contergan","tag-danni","tag-fondazione","tag-germania","tag-gruenenthal","tag-risarcimento","tag-talidomide","tag-vitalizio","tag-vittime"],"yoast_head":"<!-- This site is optimized with the Yoast SEO plugin v27.0 - https:\/\/yoast.com\/product\/yoast-seo-wordpress\/ -->\n<title>Assistenza legale alle vittime - Article Marketing<\/title>\n<meta name=\"robots\" content=\"index, follow, max-snippet:-1, max-image-preview:large, max-video-preview:-1\" \/>\n<link rel=\"canonical\" href=\"https:\/\/www.article-marketing.eu\/comunicati\/salute-e-benessere\/assistenza-legale-alle-vittime-contergan\/\" \/>\n<meta property=\"og:locale\" content=\"it_IT\" \/>\n<meta property=\"og:type\" content=\"article\" \/>\n<meta property=\"og:title\" content=\"Assistenza legale alle vittime - Article Marketing\" \/>\n<meta property=\"og:description\" content=\"Lo Studio Legale Italo Tedesco \u00e8 alla ricerca, tra i malati ancora in vita in Italia, di coloro che abbiano contratto la malattia in Germania per dar luogo alle pratiche per l\u2019ottenimento del risarcimento.\" \/>\n<meta property=\"og:url\" content=\"https:\/\/www.article-marketing.eu\/comunicati\/salute-e-benessere\/assistenza-legale-alle-vittime-contergan\/\" \/>\n<meta property=\"og:site_name\" content=\"Article Marketing\" \/>\n<meta property=\"article:published_time\" content=\"2009-10-22T14:24:54+00:00\" \/>\n<meta name=\"author\" content=\"Redazione Comunicati Stampa\" \/>\n<meta name=\"twitter:card\" content=\"summary_large_image\" \/>\n<meta name=\"twitter:label1\" content=\"Scritto da\" \/>\n\t<meta name=\"twitter:data1\" content=\"Redazione Comunicati Stampa\" \/>\n\t<meta name=\"twitter:label2\" content=\"Tempo di lettura stimato\" \/>\n\t<meta name=\"twitter:data2\" content=\"2 minuti\" \/>\n<script type=\"application\/ld+json\" class=\"yoast-schema-graph\">{\"@context\":\"https:\/\/schema.org\",\"@graph\":[{\"@type\":\"Article\",\"@id\":\"https:\/\/www.article-marketing.eu\/comunicati\/salute-e-benessere\/assistenza-legale-alle-vittime-contergan\/#article\",\"isPartOf\":{\"@id\":\"https:\/\/www.article-marketing.eu\/comunicati\/salute-e-benessere\/assistenza-legale-alle-vittime-contergan\/\"},\"author\":{\"name\":\"Redazione Comunicati Stampa\",\"@id\":\"https:\/\/www.article-marketing.eu\/comunicati\/#\/schema\/person\/44372e4d4d0fa797b18e03ed1ace9017\"},\"headline\":\"Assistenza legale alle vittime\",\"datePublished\":\"2009-10-22T14:24:54+00:00\",\"mainEntityOfPage\":{\"@id\":\"https:\/\/www.article-marketing.eu\/comunicati\/salute-e-benessere\/assistenza-legale-alle-vittime-contergan\/\"},\"wordCount\":322,\"commentCount\":0,\"keywords\":[\"contergan\",\"danni\",\"fondazione\",\"Germania\",\"Gruenenthal\",\"risarcimento\",\"talidomide\",\"vitalizio\",\"Vittime\"],\"articleSection\":[\"Salute e benessere\"],\"inLanguage\":\"it-IT\",\"potentialAction\":[{\"@type\":\"CommentAction\",\"name\":\"Comment\",\"target\":[\"https:\/\/www.article-marketing.eu\/comunicati\/salute-e-benessere\/assistenza-legale-alle-vittime-contergan\/#respond\"]}]},{\"@type\":\"WebPage\",\"@id\":\"https:\/\/www.article-marketing.eu\/comunicati\/salute-e-benessere\/assistenza-legale-alle-vittime-contergan\/\",\"url\":\"https:\/\/www.article-marketing.eu\/comunicati\/salute-e-benessere\/assistenza-legale-alle-vittime-contergan\/\",\"name\":\"Assistenza legale alle vittime - Article Marketing\",\"isPartOf\":{\"@id\":\"https:\/\/www.article-marketing.eu\/comunicati\/#website\"},\"datePublished\":\"2009-10-22T14:24:54+00:00\",\"author\":{\"@id\":\"https:\/\/www.article-marketing.eu\/comunicati\/#\/schema\/person\/44372e4d4d0fa797b18e03ed1ace9017\"},\"breadcrumb\":{\"@id\":\"https:\/\/www.article-marketing.eu\/comunicati\/salute-e-benessere\/assistenza-legale-alle-vittime-contergan\/#breadcrumb\"},\"inLanguage\":\"it-IT\",\"potentialAction\":[{\"@type\":\"ReadAction\",\"target\":[\"https:\/\/www.article-marketing.eu\/comunicati\/salute-e-benessere\/assistenza-legale-alle-vittime-contergan\/\"]}]},{\"@type\":\"BreadcrumbList\",\"@id\":\"https:\/\/www.article-marketing.eu\/comunicati\/salute-e-benessere\/assistenza-legale-alle-vittime-contergan\/#breadcrumb\",\"itemListElement\":[{\"@type\":\"ListItem\",\"position\":1,\"name\":\"Home\",\"item\":\"https:\/\/www.article-marketing.eu\/comunicati\/\"},{\"@type\":\"ListItem\",\"position\":2,\"name\":\"Assistenza legale alle vittime\"}]},{\"@type\":\"WebSite\",\"@id\":\"https:\/\/www.article-marketing.eu\/comunicati\/#website\",\"url\":\"https:\/\/www.article-marketing.eu\/comunicati\/\",\"name\":\"Article Marketing\",\"description\":\"article marketing &amp; press release\",\"potentialAction\":[{\"@type\":\"SearchAction\",\"target\":{\"@type\":\"EntryPoint\",\"urlTemplate\":\"https:\/\/www.article-marketing.eu\/comunicati\/?s={search_term_string}\"},\"query-input\":{\"@type\":\"PropertyValueSpecification\",\"valueRequired\":true,\"valueName\":\"search_term_string\"}}],\"inLanguage\":\"it-IT\"},{\"@type\":\"Person\",\"@id\":\"https:\/\/www.article-marketing.eu\/comunicati\/#\/schema\/person\/44372e4d4d0fa797b18e03ed1ace9017\",\"name\":\"Redazione Comunicati Stampa\",\"image\":{\"@type\":\"ImageObject\",\"inLanguage\":\"it-IT\",\"@id\":\"https:\/\/www.article-marketing.eu\/comunicati\/#\/schema\/person\/image\/\",\"url\":\"https:\/\/secure.gravatar.com\/avatar\/50e5c6421d3072f42e7ace803501602c60d75233d34e29fd05feb91c8760b792?s=96&d=mm&r=g\",\"contentUrl\":\"https:\/\/secure.gravatar.com\/avatar\/50e5c6421d3072f42e7ace803501602c60d75233d34e29fd05feb91c8760b792?s=96&d=mm&r=g\",\"caption\":\"Redazione Comunicati Stampa\"},\"url\":\"https:\/\/www.article-marketing.eu\/comunicati\/author\/redazione-comunicati-stampa\/\"}]}<\/script>\n<!-- \/ Yoast SEO plugin. -->","yoast_head_json":{"title":"Assistenza legale alle vittime - Article Marketing","robots":{"index":"index","follow":"follow","max-snippet":"max-snippet:-1","max-image-preview":"max-image-preview:large","max-video-preview":"max-video-preview:-1"},"canonical":"https:\/\/www.article-marketing.eu\/comunicati\/salute-e-benessere\/assistenza-legale-alle-vittime-contergan\/","og_locale":"it_IT","og_type":"article","og_title":"Assistenza legale alle vittime - Article Marketing","og_description":"Lo Studio Legale Italo Tedesco \u00e8 alla ricerca, tra i malati ancora in vita in Italia, di coloro che abbiano contratto la malattia in Germania per dar luogo alle pratiche per l\u2019ottenimento del risarcimento.","og_url":"https:\/\/www.article-marketing.eu\/comunicati\/salute-e-benessere\/assistenza-legale-alle-vittime-contergan\/","og_site_name":"Article Marketing","article_published_time":"2009-10-22T14:24:54+00:00","author":"Redazione Comunicati Stampa","twitter_card":"summary_large_image","twitter_misc":{"Scritto da":"Redazione Comunicati Stampa","Tempo di lettura stimato":"2 minuti"},"schema":{"@context":"https:\/\/schema.org","@graph":[{"@type":"Article","@id":"https:\/\/www.article-marketing.eu\/comunicati\/salute-e-benessere\/assistenza-legale-alle-vittime-contergan\/#article","isPartOf":{"@id":"https:\/\/www.article-marketing.eu\/comunicati\/salute-e-benessere\/assistenza-legale-alle-vittime-contergan\/"},"author":{"name":"Redazione Comunicati Stampa","@id":"https:\/\/www.article-marketing.eu\/comunicati\/#\/schema\/person\/44372e4d4d0fa797b18e03ed1ace9017"},"headline":"Assistenza legale alle vittime","datePublished":"2009-10-22T14:24:54+00:00","mainEntityOfPage":{"@id":"https:\/\/www.article-marketing.eu\/comunicati\/salute-e-benessere\/assistenza-legale-alle-vittime-contergan\/"},"wordCount":322,"commentCount":0,"keywords":["contergan","danni","fondazione","Germania","Gruenenthal","risarcimento","talidomide","vitalizio","Vittime"],"articleSection":["Salute e benessere"],"inLanguage":"it-IT","potentialAction":[{"@type":"CommentAction","name":"Comment","target":["https:\/\/www.article-marketing.eu\/comunicati\/salute-e-benessere\/assistenza-legale-alle-vittime-contergan\/#respond"]}]},{"@type":"WebPage","@id":"https:\/\/www.article-marketing.eu\/comunicati\/salute-e-benessere\/assistenza-legale-alle-vittime-contergan\/","url":"https:\/\/www.article-marketing.eu\/comunicati\/salute-e-benessere\/assistenza-legale-alle-vittime-contergan\/","name":"Assistenza legale alle vittime - Article Marketing","isPartOf":{"@id":"https:\/\/www.article-marketing.eu\/comunicati\/#website"},"datePublished":"2009-10-22T14:24:54+00:00","author":{"@id":"https:\/\/www.article-marketing.eu\/comunicati\/#\/schema\/person\/44372e4d4d0fa797b18e03ed1ace9017"},"breadcrumb":{"@id":"https:\/\/www.article-marketing.eu\/comunicati\/salute-e-benessere\/assistenza-legale-alle-vittime-contergan\/#breadcrumb"},"inLanguage":"it-IT","potentialAction":[{"@type":"ReadAction","target":["https:\/\/www.article-marketing.eu\/comunicati\/salute-e-benessere\/assistenza-legale-alle-vittime-contergan\/"]}]},{"@type":"BreadcrumbList","@id":"https:\/\/www.article-marketing.eu\/comunicati\/salute-e-benessere\/assistenza-legale-alle-vittime-contergan\/#breadcrumb","itemListElement":[{"@type":"ListItem","position":1,"name":"Home","item":"https:\/\/www.article-marketing.eu\/comunicati\/"},{"@type":"ListItem","position":2,"name":"Assistenza legale alle vittime"}]},{"@type":"WebSite","@id":"https:\/\/www.article-marketing.eu\/comunicati\/#website","url":"https:\/\/www.article-marketing.eu\/comunicati\/","name":"Article Marketing","description":"article marketing &amp; press release","potentialAction":[{"@type":"SearchAction","target":{"@type":"EntryPoint","urlTemplate":"https:\/\/www.article-marketing.eu\/comunicati\/?s={search_term_string}"},"query-input":{"@type":"PropertyValueSpecification","valueRequired":true,"valueName":"search_term_string"}}],"inLanguage":"it-IT"},{"@type":"Person","@id":"https:\/\/www.article-marketing.eu\/comunicati\/#\/schema\/person\/44372e4d4d0fa797b18e03ed1ace9017","name":"Redazione Comunicati Stampa","image":{"@type":"ImageObject","inLanguage":"it-IT","@id":"https:\/\/www.article-marketing.eu\/comunicati\/#\/schema\/person\/image\/","url":"https:\/\/secure.gravatar.com\/avatar\/50e5c6421d3072f42e7ace803501602c60d75233d34e29fd05feb91c8760b792?s=96&d=mm&r=g","contentUrl":"https:\/\/secure.gravatar.com\/avatar\/50e5c6421d3072f42e7ace803501602c60d75233d34e29fd05feb91c8760b792?s=96&d=mm&r=g","caption":"Redazione Comunicati Stampa"},"url":"https:\/\/www.article-marketing.eu\/comunicati\/author\/redazione-comunicati-stampa\/"}]}},"_links":{"self":[{"href":"https:\/\/www.article-marketing.eu\/comunicati\/wp-json\/wp\/v2\/posts\/3123","targetHints":{"allow":["GET"]}}],"collection":[{"href":"https:\/\/www.article-marketing.eu\/comunicati\/wp-json\/wp\/v2\/posts"}],"about":[{"href":"https:\/\/www.article-marketing.eu\/comunicati\/wp-json\/wp\/v2\/types\/post"}],"author":[{"embeddable":true,"href":"https:\/\/www.article-marketing.eu\/comunicati\/wp-json\/wp\/v2\/users\/10"}],"replies":[{"embeddable":true,"href":"https:\/\/www.article-marketing.eu\/comunicati\/wp-json\/wp\/v2\/comments?post=3123"}],"version-history":[{"count":0,"href":"https:\/\/www.article-marketing.eu\/comunicati\/wp-json\/wp\/v2\/posts\/3123\/revisions"}],"wp:attachment":[{"href":"https:\/\/www.article-marketing.eu\/comunicati\/wp-json\/wp\/v2\/media?parent=3123"}],"wp:term":[{"taxonomy":"category","embeddable":true,"href":"https:\/\/www.article-marketing.eu\/comunicati\/wp-json\/wp\/v2\/categories?post=3123"},{"taxonomy":"post_tag","embeddable":true,"href":"https:\/\/www.article-marketing.eu\/comunicati\/wp-json\/wp\/v2\/tags?post=3123"}],"curies":[{"name":"wp","href":"https:\/\/api.w.org\/{rel}","templated":true}]}}