{"id":3125,"date":"2009-10-22T16:59:57","date_gmt":"2009-10-22T14:59:57","guid":{"rendered":"http:\/\/www.article-marketing.eu\/comunicati\/senza-categoria\/creativit%e0-ed-innovazione-conversazione-interattive-a-portata-di-mano-e-di-domanda\/"},"modified":"2018-06-04T20:30:45","modified_gmt":"2018-06-04T18:30:45","slug":"creativit%e0-ed-innovazione-conversazione-interattive-a-portata-di-mano-e-di-domanda","status":"publish","type":"post","link":"https:\/\/www.article-marketing.eu\/comunicati\/comunicati-stampa\/eventi\/creativit%e0-ed-innovazione-conversazione-interattive-a-portata-di-mano-e-di-domanda\/","title":{"rendered":"Creativit\u00e0 ed innovazione: \u201cConversazione Interattive\u201d a portata di mano e di domanda!"},"content":{"rendered":"<p><strong>\u2018Conversazioni Interattive\u2019<\/strong> \u00e8 un evento organizzato in collaborazione con Innovhub, Azienda Speciale per l&#8217;Innovazione della Camera di Commercio di Milano e il contributo del premio \u2018Targa Oro\u2019 della Comunicazione Italiana. Al centro di questo evento ci sono creativit\u00e0 ed innovazione: come renderli strumenti per il successo ed il miglioramento delle performance? L\u2019incontro vuole essere un momento di confronto in occasione dell\u2019 &quot;European Year of Creativity and Innovation 2009&quot;. Tre saranno gli ambiti in cui si terranno le &quot;Conversazione Interattive&quot;: l\u2019innovazione e la creativit\u00e0 in azienda, nella scuola\/universit\u00e0 e nel marketing\/comunicazione. <br \/>L\u2019evento, che si terr\u00e0 mercoled\u00ec 28 ottobre 2009 alle ore 14 presso Palazzo Affari ai Giureconsulti, Piazza Mercanti 2 a Milano, vedr\u00e0 la partecipazione di esperti del settore ma soprattutto sar\u00e0 caratterizzato dal fatto che le\u201cconversazioni\u201d saranno \u201ca portata di mano e di domanda&quot;, cio\u00e8 chiunque potr\u00e0 intervenire chiedendo e portando eventualmente casi personali. Le \u2018Conversazioni Interattive\u2019 verranno postate in diretta fin dalle prime battute sia sul blog dedicato (http:\/\/conversazioninterattive.blogspot.com) che sull\u2019apposito canale Twitter (http:\/\/twitter.com\/Conversa_Azioni), con foto e citazioni dell\u2019incontro. <\/p>\n<p>La partecipazione all\u2019evento \u00e8 aperta a tutti, ma con iscrizione obbligatoria. Per info e iscrizioni: corti.laura@mi.camcom.it &#8211; 02\/85154195.<\/p>\n<p><strong>All\u2019evento parteciperanno come relatori:<\/strong><\/p>\n<p>Per la sezione marketing e comunicazione<br \/>Aldo Cernuto &#8211; Co-fondatore Cernuto Pizzigoni &amp; Partner<br \/>Lorenzo Marini &#8211; Presidente Lorenzo Marini &amp; Associati<br \/>Gianandrea Abbate &#8211; Fondatore Istituto di Ricerca Psycho Research<br \/>Giuseppe Mascitelli &#8211; AD Mediolanum Comunicazione<br \/>Luca Oliviero &#8211; Fondatore ComunitAzione<br \/>Maurizio Sala &#8211; Vice presidente e direttore creativo generale Armando Testa<br \/>Giampiero Soru &#8211; Presidente SS&amp;C<\/p>\n<p>Per la sezione azienda<br \/>Alessandro Cederle &#8211; AD Reed Business Information<br \/>Enrico Dini &#8211; Presidente Monolite Uk LTD<br \/>Andrea Manfredi &#8211; Consulente Bain &amp; Company<br \/>Silvia Mugnano &#8211; Sociologa, Universit\u00e0 degli studi di Milano Bicocca<br \/>Massimo Salmaso &#8211; Application Engineer in Robur<br \/>Luigi Salmoiraghi &#8211; Responsabile Marketing e vendite Sud Europeo di D-Link<br \/>Sergio Tonfi &#8211; Corporate Communications manager, Philips Italia<\/p>\n<p>Per la sezione scuola e universit\u00e0<br \/>Eleonora Buiatti &#8211; Docente di psicologia generale al Politecnico di Torino e ricercatrice alla Cognition<br \/>Michele Todaro &#8211; IED Torino<br \/>Arnoldo Mosca Mondadori &#8211; Fondatore Arnoldo Mosca Mondadori Editore<br \/>Sabrina Ortelli &#8211; Sociologa, Universit\u00e0 degli Studi di Milano Bicocca<br \/>Giovanni Ranieri &#8211; Scuola Rudolf Steiner Milano<br \/>Carla Sedini &#8211; PhD, Universit\u00e0 degli Studi di Milano Bicocca<\/p>\n","protected":false},"excerpt":{"rendered":"<p>Mercoled\u00ec 28 ottobre si terranno le &#8220;Conversazione Interattive&#8221; presso Palazzo Affari ai Giureconsulti a Milano. L\u2019incontro pomeridiano che verter\u00e0 su creativit\u00e0 ed innovazione come propulsore di cambiamento in settori chiave della societ\u00e0, si svolger\u00e0 in una maniera dinamica, fluida e aperto alla condivisione.<\/p>\n","protected":false},"author":10,"featured_media":0,"comment_status":"open","ping_status":"open","sticky":false,"template":"","format":"standard","meta":{"cybocfi_hide_featured_image":"","footnotes":""},"categories":[388],"tags":[10068,10070,10073,10071,1341,10072,3481,10067,10069],"class_list":["post-3125","post","type-post","status-publish","format-standard","hentry","category-eventi","tag-aldo-cernuto","tag-anno-europeo-della-creativita-e-dellinnovazione","tag-camera-di-commercio-milano","tag-conversazioni-interattive","tag-creativita","tag-creativitaly","tag-innovhub","tag-lorenzo-marini","tag-maurizio-sala"],"yoast_head":"<!-- This site is optimized with the Yoast SEO plugin v27.0 - https:\/\/yoast.com\/product\/yoast-seo-wordpress\/ -->\n<title>Creativit\u00e0 ed innovazione: \u201cConversazione Interattive\u201d a portata di mano e di domanda! - Article Marketing<\/title>\n<meta name=\"robots\" content=\"index, follow, max-snippet:-1, max-image-preview:large, max-video-preview:-1\" \/>\n<link rel=\"canonical\" href=\"https:\/\/www.article-marketing.eu\/comunicati\/comunicati-stampa\/eventi\/creativit?-ed-innovazione-conversazione-interattive-a-portata-di-mano-e-di-domanda\/\" \/>\n<meta property=\"og:locale\" content=\"it_IT\" \/>\n<meta property=\"og:type\" content=\"article\" \/>\n<meta property=\"og:title\" content=\"Creativit\u00e0 ed innovazione: \u201cConversazione Interattive\u201d a portata di mano e di domanda! - Article Marketing\" \/>\n<meta property=\"og:description\" content=\"Mercoled\u00ec 28 ottobre si terranno le &quot;Conversazione Interattive&quot; presso Palazzo Affari ai Giureconsulti a Milano. L\u2019incontro pomeridiano che verter\u00e0 su creativit\u00e0 ed innovazione come propulsore di cambiamento in settori chiave della societ\u00e0, si svolger\u00e0 in una maniera dinamica, fluida e aperto alla condivisione.\" \/>\n<meta property=\"og:url\" content=\"\" \/>\n<meta property=\"og:site_name\" content=\"Article Marketing\" \/>\n<meta property=\"article:published_time\" content=\"2009-10-22T14:59:57+00:00\" \/>\n<meta property=\"article:modified_time\" content=\"2018-06-04T18:30:45+00:00\" \/>\n<meta name=\"author\" content=\"Redazione Comunicati Stampa\" \/>\n<meta name=\"twitter:card\" content=\"summary_large_image\" \/>\n<meta name=\"twitter:label1\" content=\"Scritto da\" \/>\n\t<meta name=\"twitter:data1\" content=\"Redazione Comunicati Stampa\" \/>\n\t<meta name=\"twitter:label2\" content=\"Tempo di lettura stimato\" \/>\n\t<meta name=\"twitter:data2\" content=\"2 minuti\" \/>\n<script type=\"application\/ld+json\" class=\"yoast-schema-graph\">{\"@context\":\"https:\/\/schema.org\",\"@graph\":[{\"@type\":\"Article\",\"@id\":\"https:\/\/www.article-marketing.eu\/comunicati\/comunicati-stampa\/eventi\/creativit%e0-ed-innovazione-conversazione-interattive-a-portata-di-mano-e-di-domanda\/#article\",\"isPartOf\":{\"@id\":\"https:\/\/www.article-marketing.eu\/comunicati\/comunicati-stampa\/eventi\/creativit%e0-ed-innovazione-conversazione-interattive-a-portata-di-mano-e-di-domanda\/\"},\"author\":{\"name\":\"Redazione Comunicati Stampa\",\"@id\":\"https:\/\/www.article-marketing.eu\/comunicati\/#\/schema\/person\/44372e4d4d0fa797b18e03ed1ace9017\"},\"headline\":\"Creativit\u00e0 ed innovazione: \u201cConversazione Interattive\u201d a portata di mano e di domanda!\",\"datePublished\":\"2009-10-22T14:59:57+00:00\",\"dateModified\":\"2018-06-04T18:30:45+00:00\",\"mainEntityOfPage\":{\"@id\":\"https:\/\/www.article-marketing.eu\/comunicati\/comunicati-stampa\/eventi\/creativit%e0-ed-innovazione-conversazione-interattive-a-portata-di-mano-e-di-domanda\/\"},\"wordCount\":386,\"commentCount\":0,\"keywords\":[\"aldo cernuto\",\"anno europeo della creativit\u00e0 e dell'innovazione\",\"camera di commercio milano\",\"conversazioni interattive\",\"creativit\u00e0\",\"creativitaly\",\"innovhub\",\"lorenzo marini\",\"maurizio sala\"],\"articleSection\":[\"Eventi\"],\"inLanguage\":\"it-IT\",\"potentialAction\":[{\"@type\":\"CommentAction\",\"name\":\"Comment\",\"target\":[\"https:\/\/www.article-marketing.eu\/comunicati\/comunicati-stampa\/eventi\/creativit%e0-ed-innovazione-conversazione-interattive-a-portata-di-mano-e-di-domanda\/#respond\"]}]},{\"@type\":\"WebPage\",\"@id\":\"https:\/\/www.article-marketing.eu\/comunicati\/comunicati-stampa\/eventi\/creativit%e0-ed-innovazione-conversazione-interattive-a-portata-di-mano-e-di-domanda\/\",\"url\":\"https:\/\/www.article-marketing.eu\/comunicati\/comunicati-stampa\/eventi\/creativit%e0-ed-innovazione-conversazione-interattive-a-portata-di-mano-e-di-domanda\/\",\"name\":\"Creativit\u00e0 ed innovazione: \u201cConversazione Interattive\u201d a portata di mano e di domanda! - Article Marketing\",\"isPartOf\":{\"@id\":\"https:\/\/www.article-marketing.eu\/comunicati\/#website\"},\"datePublished\":\"2009-10-22T14:59:57+00:00\",\"dateModified\":\"2018-06-04T18:30:45+00:00\",\"author\":{\"@id\":\"https:\/\/www.article-marketing.eu\/comunicati\/#\/schema\/person\/44372e4d4d0fa797b18e03ed1ace9017\"},\"breadcrumb\":{\"@id\":\"https:\/\/www.article-marketing.eu\/comunicati\/comunicati-stampa\/eventi\/creativit%e0-ed-innovazione-conversazione-interattive-a-portata-di-mano-e-di-domanda\/#breadcrumb\"},\"inLanguage\":\"it-IT\",\"potentialAction\":[{\"@type\":\"ReadAction\",\"target\":[\"https:\/\/www.article-marketing.eu\/comunicati\/comunicati-stampa\/eventi\/creativit%e0-ed-innovazione-conversazione-interattive-a-portata-di-mano-e-di-domanda\/\"]}]},{\"@type\":\"BreadcrumbList\",\"@id\":\"https:\/\/www.article-marketing.eu\/comunicati\/comunicati-stampa\/eventi\/creativit%e0-ed-innovazione-conversazione-interattive-a-portata-di-mano-e-di-domanda\/#breadcrumb\",\"itemListElement\":[{\"@type\":\"ListItem\",\"position\":1,\"name\":\"Home\",\"item\":\"https:\/\/www.article-marketing.eu\/comunicati\/\"},{\"@type\":\"ListItem\",\"position\":2,\"name\":\"Creativit\u00e0 ed innovazione: \u201cConversazione Interattive\u201d a portata di mano e di domanda!\"}]},{\"@type\":\"WebSite\",\"@id\":\"https:\/\/www.article-marketing.eu\/comunicati\/#website\",\"url\":\"https:\/\/www.article-marketing.eu\/comunicati\/\",\"name\":\"Article Marketing\",\"description\":\"article marketing &amp; press release\",\"potentialAction\":[{\"@type\":\"SearchAction\",\"target\":{\"@type\":\"EntryPoint\",\"urlTemplate\":\"https:\/\/www.article-marketing.eu\/comunicati\/?s={search_term_string}\"},\"query-input\":{\"@type\":\"PropertyValueSpecification\",\"valueRequired\":true,\"valueName\":\"search_term_string\"}}],\"inLanguage\":\"it-IT\"},{\"@type\":\"Person\",\"@id\":\"https:\/\/www.article-marketing.eu\/comunicati\/#\/schema\/person\/44372e4d4d0fa797b18e03ed1ace9017\",\"name\":\"Redazione Comunicati Stampa\",\"image\":{\"@type\":\"ImageObject\",\"inLanguage\":\"it-IT\",\"@id\":\"https:\/\/www.article-marketing.eu\/comunicati\/#\/schema\/person\/image\/\",\"url\":\"https:\/\/secure.gravatar.com\/avatar\/50e5c6421d3072f42e7ace803501602c60d75233d34e29fd05feb91c8760b792?s=96&d=mm&r=g\",\"contentUrl\":\"https:\/\/secure.gravatar.com\/avatar\/50e5c6421d3072f42e7ace803501602c60d75233d34e29fd05feb91c8760b792?s=96&d=mm&r=g\",\"caption\":\"Redazione Comunicati Stampa\"},\"url\":\"https:\/\/www.article-marketing.eu\/comunicati\/author\/redazione-comunicati-stampa\/\"}]}<\/script>\n<!-- \/ Yoast SEO plugin. -->","yoast_head_json":{"title":"Creativit\u00e0 ed innovazione: \u201cConversazione Interattive\u201d a portata di mano e di domanda! - Article Marketing","robots":{"index":"index","follow":"follow","max-snippet":"max-snippet:-1","max-image-preview":"max-image-preview:large","max-video-preview":"max-video-preview:-1"},"canonical":"https:\/\/www.article-marketing.eu\/comunicati\/comunicati-stampa\/eventi\/creativit?-ed-innovazione-conversazione-interattive-a-portata-di-mano-e-di-domanda\/","og_locale":"it_IT","og_type":"article","og_title":"Creativit\u00e0 ed innovazione: \u201cConversazione Interattive\u201d a portata di mano e di domanda! - Article Marketing","og_description":"Mercoled\u00ec 28 ottobre si terranno le \"Conversazione Interattive\" presso Palazzo Affari ai Giureconsulti a Milano. L\u2019incontro pomeridiano che verter\u00e0 su creativit\u00e0 ed innovazione come propulsore di cambiamento in settori chiave della societ\u00e0, si svolger\u00e0 in una maniera dinamica, fluida e aperto alla condivisione.","og_url":"https:\/\/www.article-marketing.eu\/comunicati\/comunicati-stampa\/eventi\/creativit?-ed-innovazione-conversazione-interattive-a-portata-di-mano-e-di-domanda\/","og_site_name":"Article Marketing","article_published_time":"2009-10-22T14:59:57+00:00","article_modified_time":"2018-06-04T18:30:45+00:00","author":"Redazione Comunicati Stampa","twitter_card":"summary_large_image","twitter_misc":{"Scritto da":"Redazione Comunicati Stampa","Tempo di lettura stimato":"2 minuti"},"schema":{"@context":"https:\/\/schema.org","@graph":[{"@type":"Article","@id":"https:\/\/www.article-marketing.eu\/comunicati\/comunicati-stampa\/eventi\/creativit%e0-ed-innovazione-conversazione-interattive-a-portata-di-mano-e-di-domanda\/#article","isPartOf":{"@id":"https:\/\/www.article-marketing.eu\/comunicati\/comunicati-stampa\/eventi\/creativit%e0-ed-innovazione-conversazione-interattive-a-portata-di-mano-e-di-domanda\/"},"author":{"name":"Redazione Comunicati Stampa","@id":"https:\/\/www.article-marketing.eu\/comunicati\/#\/schema\/person\/44372e4d4d0fa797b18e03ed1ace9017"},"headline":"Creativit\u00e0 ed innovazione: \u201cConversazione Interattive\u201d a portata di mano e di domanda!","datePublished":"2009-10-22T14:59:57+00:00","dateModified":"2018-06-04T18:30:45+00:00","mainEntityOfPage":{"@id":"https:\/\/www.article-marketing.eu\/comunicati\/comunicati-stampa\/eventi\/creativit%e0-ed-innovazione-conversazione-interattive-a-portata-di-mano-e-di-domanda\/"},"wordCount":386,"commentCount":0,"keywords":["aldo cernuto","anno europeo della creativit\u00e0 e dell'innovazione","camera di commercio milano","conversazioni interattive","creativit\u00e0","creativitaly","innovhub","lorenzo marini","maurizio sala"],"articleSection":["Eventi"],"inLanguage":"it-IT","potentialAction":[{"@type":"CommentAction","name":"Comment","target":["https:\/\/www.article-marketing.eu\/comunicati\/comunicati-stampa\/eventi\/creativit%e0-ed-innovazione-conversazione-interattive-a-portata-di-mano-e-di-domanda\/#respond"]}]},{"@type":"WebPage","@id":"https:\/\/www.article-marketing.eu\/comunicati\/comunicati-stampa\/eventi\/creativit%e0-ed-innovazione-conversazione-interattive-a-portata-di-mano-e-di-domanda\/","url":"https:\/\/www.article-marketing.eu\/comunicati\/comunicati-stampa\/eventi\/creativit%e0-ed-innovazione-conversazione-interattive-a-portata-di-mano-e-di-domanda\/","name":"Creativit\u00e0 ed innovazione: \u201cConversazione Interattive\u201d a portata di mano e di domanda! - Article Marketing","isPartOf":{"@id":"https:\/\/www.article-marketing.eu\/comunicati\/#website"},"datePublished":"2009-10-22T14:59:57+00:00","dateModified":"2018-06-04T18:30:45+00:00","author":{"@id":"https:\/\/www.article-marketing.eu\/comunicati\/#\/schema\/person\/44372e4d4d0fa797b18e03ed1ace9017"},"breadcrumb":{"@id":"https:\/\/www.article-marketing.eu\/comunicati\/comunicati-stampa\/eventi\/creativit%e0-ed-innovazione-conversazione-interattive-a-portata-di-mano-e-di-domanda\/#breadcrumb"},"inLanguage":"it-IT","potentialAction":[{"@type":"ReadAction","target":["https:\/\/www.article-marketing.eu\/comunicati\/comunicati-stampa\/eventi\/creativit%e0-ed-innovazione-conversazione-interattive-a-portata-di-mano-e-di-domanda\/"]}]},{"@type":"BreadcrumbList","@id":"https:\/\/www.article-marketing.eu\/comunicati\/comunicati-stampa\/eventi\/creativit%e0-ed-innovazione-conversazione-interattive-a-portata-di-mano-e-di-domanda\/#breadcrumb","itemListElement":[{"@type":"ListItem","position":1,"name":"Home","item":"https:\/\/www.article-marketing.eu\/comunicati\/"},{"@type":"ListItem","position":2,"name":"Creativit\u00e0 ed innovazione: \u201cConversazione Interattive\u201d a portata di mano e di domanda!"}]},{"@type":"WebSite","@id":"https:\/\/www.article-marketing.eu\/comunicati\/#website","url":"https:\/\/www.article-marketing.eu\/comunicati\/","name":"Article Marketing","description":"article marketing &amp; press release","potentialAction":[{"@type":"SearchAction","target":{"@type":"EntryPoint","urlTemplate":"https:\/\/www.article-marketing.eu\/comunicati\/?s={search_term_string}"},"query-input":{"@type":"PropertyValueSpecification","valueRequired":true,"valueName":"search_term_string"}}],"inLanguage":"it-IT"},{"@type":"Person","@id":"https:\/\/www.article-marketing.eu\/comunicati\/#\/schema\/person\/44372e4d4d0fa797b18e03ed1ace9017","name":"Redazione Comunicati Stampa","image":{"@type":"ImageObject","inLanguage":"it-IT","@id":"https:\/\/www.article-marketing.eu\/comunicati\/#\/schema\/person\/image\/","url":"https:\/\/secure.gravatar.com\/avatar\/50e5c6421d3072f42e7ace803501602c60d75233d34e29fd05feb91c8760b792?s=96&d=mm&r=g","contentUrl":"https:\/\/secure.gravatar.com\/avatar\/50e5c6421d3072f42e7ace803501602c60d75233d34e29fd05feb91c8760b792?s=96&d=mm&r=g","caption":"Redazione Comunicati Stampa"},"url":"https:\/\/www.article-marketing.eu\/comunicati\/author\/redazione-comunicati-stampa\/"}]}},"_links":{"self":[{"href":"https:\/\/www.article-marketing.eu\/comunicati\/wp-json\/wp\/v2\/posts\/3125","targetHints":{"allow":["GET"]}}],"collection":[{"href":"https:\/\/www.article-marketing.eu\/comunicati\/wp-json\/wp\/v2\/posts"}],"about":[{"href":"https:\/\/www.article-marketing.eu\/comunicati\/wp-json\/wp\/v2\/types\/post"}],"author":[{"embeddable":true,"href":"https:\/\/www.article-marketing.eu\/comunicati\/wp-json\/wp\/v2\/users\/10"}],"replies":[{"embeddable":true,"href":"https:\/\/www.article-marketing.eu\/comunicati\/wp-json\/wp\/v2\/comments?post=3125"}],"version-history":[{"count":1,"href":"https:\/\/www.article-marketing.eu\/comunicati\/wp-json\/wp\/v2\/posts\/3125\/revisions"}],"predecessor-version":[{"id":55934,"href":"https:\/\/www.article-marketing.eu\/comunicati\/wp-json\/wp\/v2\/posts\/3125\/revisions\/55934"}],"wp:attachment":[{"href":"https:\/\/www.article-marketing.eu\/comunicati\/wp-json\/wp\/v2\/media?parent=3125"}],"wp:term":[{"taxonomy":"category","embeddable":true,"href":"https:\/\/www.article-marketing.eu\/comunicati\/wp-json\/wp\/v2\/categories?post=3125"},{"taxonomy":"post_tag","embeddable":true,"href":"https:\/\/www.article-marketing.eu\/comunicati\/wp-json\/wp\/v2\/tags?post=3125"}],"curies":[{"name":"wp","href":"https:\/\/api.w.org\/{rel}","templated":true}]}}