{"id":31252,"date":"2012-12-06T15:01:37","date_gmt":"2012-12-06T14:01:37","guid":{"rendered":"http:\/\/www.article-marketing.eu\/comunicati\/senza-categoria\/befana-in-piazza-navona-il-6-gennaio-dolciumi-e-carbone-in-piazza\/"},"modified":"2012-12-06T15:01:37","modified_gmt":"2012-12-06T14:01:37","slug":"befana-in-piazza-navona-il-6-gennaio-dolciumi-e-carbone-in-piazza","status":"publish","type":"post","link":"https:\/\/www.article-marketing.eu\/comunicati\/societa\/news-e-attualita\/befana-in-piazza-navona-il-6-gennaio-dolciumi-e-carbone-in-piazza\/","title":{"rendered":"Befana in Piazza Navona, il 6 Gennaio dolciumi e carbone in piazza"},"content":{"rendered":"<p>Manca davvero pochissimo alla festa pi&ugrave; importante ed attesa da tutti i bambini del mondo, ovvero il Natale, periodo di vacanze da scuola e di regali tanto attesi; passato il giorno di Natale, e quindi la sindrome euforica pre-regali, i pi&ugrave; piccoli iniziano gi&agrave; a contare i giorni che li separano da un&rsquo;altra festa dedicata, forse ancor di pi&ugrave;, a loro: la Befana.<\/p>\n<p> La Festa dell&rsquo;Epifania si organizza, come da tradizione, in tutte le citt&agrave; italiane e nei singoli comuni che di solito per l&rsquo;occasione allestiscono, soprattutto in zone di campagna o comunque in campi ampi, dei cumuli di paglia, arbusti e legna, detti cove, a volta alte anche parecchie decine di metri, che sulla cima ospitano la Befana con tanto di scopa fra le gambe, che nella sera fra il 4 ed il 6 Gennaio, viene data alla fiamme assieme all&rsquo;intera cova.<\/p>\n<p> La festa pi&ugrave; grande e bella d&rsquo;Italia &egrave; organizzata per la <a href=\"http:\/\/blog.rome-accommodation.net\/befana-in-piazza-navona_2012-00077.html\">Befana in Piazza Navona<\/a>, dove il giorno della Befana oltre che un evento dedicato ai pi&ugrave; piccoli, &egrave; anche il giorno conclusivo dei mercatini natalizi che gi&agrave; da fine Novembre popolano la piazza e le vie del centro. Il 6 Gennaio in Piazza Navona la Befana distribuisce dolciumi di ogni genere ai bambini, che attendono quindi il loro turno per ricevere dalle mani della vecchia stessa, le prelibatezze tipiche di questa festivit&agrave;; come vuole la tradizione, ai bambini buoni vengono consegnati dei dolcetti, mentre a quelli che nell&rsquo;anno appena concluso si sono comportati male, viene dato anche un po&rsquo; di carbone dolce, come &ldquo;punizione&rdquo; per non essersi comportati bene.<\/p>\n<p> L&rsquo;Epifania a Roma &egrave; resa senza dubbio molto magica anche dall&rsquo;atmosfera che solo una piazza antica e ricca di storia come Piazza Navona pu&ograve; creare; il 6 gennaio &egrave; poi l&rsquo;ultima occasione che i visitatori avranno, nel 2013, per fare acquisti nei mercatini di Natale che riempiono la piazza o per assaggiare tutti i cibi tipici del periodo natalizio: dolcetti, panettoni, focacce, caldarroste, cioccolata calda; non ci saranno per&ograve; solo dolciumi ad attentare alla salute dei denti dei nostri bambini, ma anche molti stand gastronomici con prelibatezze italiane salate, come la porchetta.<\/p>\n<p> L&rsquo;intrattenimento organizzato dal Comune per i turisti e per i cittadini comprende anche l&rsquo;intervento nella piazza dell&rsquo;attivit&agrave; di alcuni saltimbanchi e giocolieri, che riscalderanno l&rsquo;atmosfera gelida di inizio Gennaio con i loro spettacoli, che evocheranno l&rsquo;atmosfera circense che piace tanto ai pi&ugrave; piccoli; ad intrattenere invece il pubblico degli adulti saranno invece i numeri proposti da un gruppo di giocolieri, e da alcuni artigiani, che si metteranno all&rsquo;opera direttamente in piazza.<\/p>\n<p> Lo spettacolare sfondo di Piazza Navona, sar&agrave; quindi il luogo dove poter trascorrere una serata divertente nella quale musica, giochi e acrobazie faranno da intrattenimento per grandi e piccoli, che potranno divertirsi anche grazie alla fiabesca giostra che si trova vicino alla Fontana dei Quattro Fiumi. Con l&rsquo;occasione la festa della Befana pu&ograve; diventare un ottimo e goloso pretesto per visitare la capitale romana, che &egrave; unica nel periodo natalizio, grazie alle molte decorazioni e addobbi che ne adornano le strade.<\/p>\n","protected":false},"excerpt":{"rendered":"<p>La festa pi\u00f9 grande e bella d\u2019Italia \u00e8 organizzata per la Befana in Piazza Navona, dove il giorno della Befana oltre che un evento dedicato ai pi\u00f9 piccoli, \u00e8 anche il giorno conclusivo dei mercatini natalizi che gi\u00e0 da fine Novembre popolano la piazza e le vie del centro.<\/p>\n","protected":false},"author":10,"featured_media":0,"comment_status":"open","ping_status":"open","sticky":false,"template":"","format":"standard","meta":{"cybocfi_hide_featured_image":"","footnotes":""},"categories":[81],"tags":[40017,40018],"class_list":["post-31252","post","type-post","status-publish","format-standard","hentry","category-news-e-attualita","tag-befana-in-piazza-navona","tag-epifania-roma"],"yoast_head":"<!-- This site is optimized with the Yoast SEO plugin v27.0 - https:\/\/yoast.com\/product\/yoast-seo-wordpress\/ -->\n<title>Befana in Piazza Navona, il 6 Gennaio dolciumi e carbone in piazza - Article Marketing<\/title>\n<meta name=\"robots\" content=\"index, follow, max-snippet:-1, max-image-preview:large, max-video-preview:-1\" \/>\n<link rel=\"canonical\" href=\"https:\/\/www.article-marketing.eu\/comunicati\/societa\/news-e-attualita\/befana-in-piazza-navona-il-6-gennaio-dolciumi-e-carbone-in-piazza\/\" \/>\n<meta property=\"og:locale\" content=\"it_IT\" \/>\n<meta property=\"og:type\" content=\"article\" \/>\n<meta property=\"og:title\" content=\"Befana in Piazza Navona, il 6 Gennaio dolciumi e carbone in piazza - Article Marketing\" \/>\n<meta property=\"og:description\" content=\"La festa pi\u00f9 grande e bella d\u2019Italia \u00e8 organizzata per la Befana in Piazza Navona, dove il giorno della Befana oltre che un evento dedicato ai pi\u00f9 piccoli, \u00e8 anche il giorno conclusivo dei mercatini natalizi che gi\u00e0 da fine Novembre popolano la piazza e le vie del centro.\" \/>\n<meta property=\"og:url\" content=\"https:\/\/www.article-marketing.eu\/comunicati\/societa\/news-e-attualita\/befana-in-piazza-navona-il-6-gennaio-dolciumi-e-carbone-in-piazza\/\" \/>\n<meta property=\"og:site_name\" content=\"Article Marketing\" \/>\n<meta property=\"article:published_time\" content=\"2012-12-06T14:01:37+00:00\" \/>\n<meta name=\"author\" content=\"Redazione Comunicati Stampa\" \/>\n<meta name=\"twitter:card\" content=\"summary_large_image\" \/>\n<meta name=\"twitter:label1\" content=\"Scritto da\" \/>\n\t<meta name=\"twitter:data1\" content=\"Redazione Comunicati Stampa\" \/>\n\t<meta name=\"twitter:label2\" content=\"Tempo di lettura stimato\" \/>\n\t<meta name=\"twitter:data2\" content=\"3 minuti\" \/>\n<script type=\"application\/ld+json\" class=\"yoast-schema-graph\">{\"@context\":\"https:\/\/schema.org\",\"@graph\":[{\"@type\":\"Article\",\"@id\":\"https:\/\/www.article-marketing.eu\/comunicati\/societa\/news-e-attualita\/befana-in-piazza-navona-il-6-gennaio-dolciumi-e-carbone-in-piazza\/#article\",\"isPartOf\":{\"@id\":\"https:\/\/www.article-marketing.eu\/comunicati\/societa\/news-e-attualita\/befana-in-piazza-navona-il-6-gennaio-dolciumi-e-carbone-in-piazza\/\"},\"author\":{\"name\":\"Redazione Comunicati Stampa\",\"@id\":\"https:\/\/www.article-marketing.eu\/comunicati\/#\/schema\/person\/44372e4d4d0fa797b18e03ed1ace9017\"},\"headline\":\"Befana in Piazza Navona, il 6 Gennaio dolciumi e carbone in piazza\",\"datePublished\":\"2012-12-06T14:01:37+00:00\",\"mainEntityOfPage\":{\"@id\":\"https:\/\/www.article-marketing.eu\/comunicati\/societa\/news-e-attualita\/befana-in-piazza-navona-il-6-gennaio-dolciumi-e-carbone-in-piazza\/\"},\"wordCount\":563,\"commentCount\":0,\"keywords\":[\"Befana in piazza Navona\",\"Epifania Roma\"],\"articleSection\":[\"News e Attualit\u00e0\"],\"inLanguage\":\"it-IT\",\"potentialAction\":[{\"@type\":\"CommentAction\",\"name\":\"Comment\",\"target\":[\"https:\/\/www.article-marketing.eu\/comunicati\/societa\/news-e-attualita\/befana-in-piazza-navona-il-6-gennaio-dolciumi-e-carbone-in-piazza\/#respond\"]}]},{\"@type\":\"WebPage\",\"@id\":\"https:\/\/www.article-marketing.eu\/comunicati\/societa\/news-e-attualita\/befana-in-piazza-navona-il-6-gennaio-dolciumi-e-carbone-in-piazza\/\",\"url\":\"https:\/\/www.article-marketing.eu\/comunicati\/societa\/news-e-attualita\/befana-in-piazza-navona-il-6-gennaio-dolciumi-e-carbone-in-piazza\/\",\"name\":\"Befana in Piazza Navona, il 6 Gennaio dolciumi e carbone in piazza - Article Marketing\",\"isPartOf\":{\"@id\":\"https:\/\/www.article-marketing.eu\/comunicati\/#website\"},\"datePublished\":\"2012-12-06T14:01:37+00:00\",\"author\":{\"@id\":\"https:\/\/www.article-marketing.eu\/comunicati\/#\/schema\/person\/44372e4d4d0fa797b18e03ed1ace9017\"},\"breadcrumb\":{\"@id\":\"https:\/\/www.article-marketing.eu\/comunicati\/societa\/news-e-attualita\/befana-in-piazza-navona-il-6-gennaio-dolciumi-e-carbone-in-piazza\/#breadcrumb\"},\"inLanguage\":\"it-IT\",\"potentialAction\":[{\"@type\":\"ReadAction\",\"target\":[\"https:\/\/www.article-marketing.eu\/comunicati\/societa\/news-e-attualita\/befana-in-piazza-navona-il-6-gennaio-dolciumi-e-carbone-in-piazza\/\"]}]},{\"@type\":\"BreadcrumbList\",\"@id\":\"https:\/\/www.article-marketing.eu\/comunicati\/societa\/news-e-attualita\/befana-in-piazza-navona-il-6-gennaio-dolciumi-e-carbone-in-piazza\/#breadcrumb\",\"itemListElement\":[{\"@type\":\"ListItem\",\"position\":1,\"name\":\"Home\",\"item\":\"https:\/\/www.article-marketing.eu\/comunicati\/\"},{\"@type\":\"ListItem\",\"position\":2,\"name\":\"Befana in Piazza Navona, il 6 Gennaio dolciumi e carbone in piazza\"}]},{\"@type\":\"WebSite\",\"@id\":\"https:\/\/www.article-marketing.eu\/comunicati\/#website\",\"url\":\"https:\/\/www.article-marketing.eu\/comunicati\/\",\"name\":\"Article Marketing\",\"description\":\"article marketing &amp; press release\",\"potentialAction\":[{\"@type\":\"SearchAction\",\"target\":{\"@type\":\"EntryPoint\",\"urlTemplate\":\"https:\/\/www.article-marketing.eu\/comunicati\/?s={search_term_string}\"},\"query-input\":{\"@type\":\"PropertyValueSpecification\",\"valueRequired\":true,\"valueName\":\"search_term_string\"}}],\"inLanguage\":\"it-IT\"},{\"@type\":\"Person\",\"@id\":\"https:\/\/www.article-marketing.eu\/comunicati\/#\/schema\/person\/44372e4d4d0fa797b18e03ed1ace9017\",\"name\":\"Redazione Comunicati Stampa\",\"image\":{\"@type\":\"ImageObject\",\"inLanguage\":\"it-IT\",\"@id\":\"https:\/\/www.article-marketing.eu\/comunicati\/#\/schema\/person\/image\/\",\"url\":\"https:\/\/secure.gravatar.com\/avatar\/50e5c6421d3072f42e7ace803501602c60d75233d34e29fd05feb91c8760b792?s=96&d=mm&r=g\",\"contentUrl\":\"https:\/\/secure.gravatar.com\/avatar\/50e5c6421d3072f42e7ace803501602c60d75233d34e29fd05feb91c8760b792?s=96&d=mm&r=g\",\"caption\":\"Redazione Comunicati Stampa\"},\"url\":\"https:\/\/www.article-marketing.eu\/comunicati\/author\/redazione-comunicati-stampa\/\"}]}<\/script>\n<!-- \/ Yoast SEO plugin. -->","yoast_head_json":{"title":"Befana in Piazza Navona, il 6 Gennaio dolciumi e carbone in piazza - Article Marketing","robots":{"index":"index","follow":"follow","max-snippet":"max-snippet:-1","max-image-preview":"max-image-preview:large","max-video-preview":"max-video-preview:-1"},"canonical":"https:\/\/www.article-marketing.eu\/comunicati\/societa\/news-e-attualita\/befana-in-piazza-navona-il-6-gennaio-dolciumi-e-carbone-in-piazza\/","og_locale":"it_IT","og_type":"article","og_title":"Befana in Piazza Navona, il 6 Gennaio dolciumi e carbone in piazza - Article Marketing","og_description":"La festa pi\u00f9 grande e bella d\u2019Italia \u00e8 organizzata per la Befana in Piazza Navona, dove il giorno della Befana oltre che un evento dedicato ai pi\u00f9 piccoli, \u00e8 anche il giorno conclusivo dei mercatini natalizi che gi\u00e0 da fine Novembre popolano la piazza e le vie del centro.","og_url":"https:\/\/www.article-marketing.eu\/comunicati\/societa\/news-e-attualita\/befana-in-piazza-navona-il-6-gennaio-dolciumi-e-carbone-in-piazza\/","og_site_name":"Article Marketing","article_published_time":"2012-12-06T14:01:37+00:00","author":"Redazione Comunicati Stampa","twitter_card":"summary_large_image","twitter_misc":{"Scritto da":"Redazione Comunicati Stampa","Tempo di lettura stimato":"3 minuti"},"schema":{"@context":"https:\/\/schema.org","@graph":[{"@type":"Article","@id":"https:\/\/www.article-marketing.eu\/comunicati\/societa\/news-e-attualita\/befana-in-piazza-navona-il-6-gennaio-dolciumi-e-carbone-in-piazza\/#article","isPartOf":{"@id":"https:\/\/www.article-marketing.eu\/comunicati\/societa\/news-e-attualita\/befana-in-piazza-navona-il-6-gennaio-dolciumi-e-carbone-in-piazza\/"},"author":{"name":"Redazione Comunicati Stampa","@id":"https:\/\/www.article-marketing.eu\/comunicati\/#\/schema\/person\/44372e4d4d0fa797b18e03ed1ace9017"},"headline":"Befana in Piazza Navona, il 6 Gennaio dolciumi e carbone in piazza","datePublished":"2012-12-06T14:01:37+00:00","mainEntityOfPage":{"@id":"https:\/\/www.article-marketing.eu\/comunicati\/societa\/news-e-attualita\/befana-in-piazza-navona-il-6-gennaio-dolciumi-e-carbone-in-piazza\/"},"wordCount":563,"commentCount":0,"keywords":["Befana in piazza Navona","Epifania Roma"],"articleSection":["News e Attualit\u00e0"],"inLanguage":"it-IT","potentialAction":[{"@type":"CommentAction","name":"Comment","target":["https:\/\/www.article-marketing.eu\/comunicati\/societa\/news-e-attualita\/befana-in-piazza-navona-il-6-gennaio-dolciumi-e-carbone-in-piazza\/#respond"]}]},{"@type":"WebPage","@id":"https:\/\/www.article-marketing.eu\/comunicati\/societa\/news-e-attualita\/befana-in-piazza-navona-il-6-gennaio-dolciumi-e-carbone-in-piazza\/","url":"https:\/\/www.article-marketing.eu\/comunicati\/societa\/news-e-attualita\/befana-in-piazza-navona-il-6-gennaio-dolciumi-e-carbone-in-piazza\/","name":"Befana in Piazza Navona, il 6 Gennaio dolciumi e carbone in piazza - Article Marketing","isPartOf":{"@id":"https:\/\/www.article-marketing.eu\/comunicati\/#website"},"datePublished":"2012-12-06T14:01:37+00:00","author":{"@id":"https:\/\/www.article-marketing.eu\/comunicati\/#\/schema\/person\/44372e4d4d0fa797b18e03ed1ace9017"},"breadcrumb":{"@id":"https:\/\/www.article-marketing.eu\/comunicati\/societa\/news-e-attualita\/befana-in-piazza-navona-il-6-gennaio-dolciumi-e-carbone-in-piazza\/#breadcrumb"},"inLanguage":"it-IT","potentialAction":[{"@type":"ReadAction","target":["https:\/\/www.article-marketing.eu\/comunicati\/societa\/news-e-attualita\/befana-in-piazza-navona-il-6-gennaio-dolciumi-e-carbone-in-piazza\/"]}]},{"@type":"BreadcrumbList","@id":"https:\/\/www.article-marketing.eu\/comunicati\/societa\/news-e-attualita\/befana-in-piazza-navona-il-6-gennaio-dolciumi-e-carbone-in-piazza\/#breadcrumb","itemListElement":[{"@type":"ListItem","position":1,"name":"Home","item":"https:\/\/www.article-marketing.eu\/comunicati\/"},{"@type":"ListItem","position":2,"name":"Befana in Piazza Navona, il 6 Gennaio dolciumi e carbone in piazza"}]},{"@type":"WebSite","@id":"https:\/\/www.article-marketing.eu\/comunicati\/#website","url":"https:\/\/www.article-marketing.eu\/comunicati\/","name":"Article Marketing","description":"article marketing &amp; press release","potentialAction":[{"@type":"SearchAction","target":{"@type":"EntryPoint","urlTemplate":"https:\/\/www.article-marketing.eu\/comunicati\/?s={search_term_string}"},"query-input":{"@type":"PropertyValueSpecification","valueRequired":true,"valueName":"search_term_string"}}],"inLanguage":"it-IT"},{"@type":"Person","@id":"https:\/\/www.article-marketing.eu\/comunicati\/#\/schema\/person\/44372e4d4d0fa797b18e03ed1ace9017","name":"Redazione Comunicati Stampa","image":{"@type":"ImageObject","inLanguage":"it-IT","@id":"https:\/\/www.article-marketing.eu\/comunicati\/#\/schema\/person\/image\/","url":"https:\/\/secure.gravatar.com\/avatar\/50e5c6421d3072f42e7ace803501602c60d75233d34e29fd05feb91c8760b792?s=96&d=mm&r=g","contentUrl":"https:\/\/secure.gravatar.com\/avatar\/50e5c6421d3072f42e7ace803501602c60d75233d34e29fd05feb91c8760b792?s=96&d=mm&r=g","caption":"Redazione Comunicati Stampa"},"url":"https:\/\/www.article-marketing.eu\/comunicati\/author\/redazione-comunicati-stampa\/"}]}},"_links":{"self":[{"href":"https:\/\/www.article-marketing.eu\/comunicati\/wp-json\/wp\/v2\/posts\/31252","targetHints":{"allow":["GET"]}}],"collection":[{"href":"https:\/\/www.article-marketing.eu\/comunicati\/wp-json\/wp\/v2\/posts"}],"about":[{"href":"https:\/\/www.article-marketing.eu\/comunicati\/wp-json\/wp\/v2\/types\/post"}],"author":[{"embeddable":true,"href":"https:\/\/www.article-marketing.eu\/comunicati\/wp-json\/wp\/v2\/users\/10"}],"replies":[{"embeddable":true,"href":"https:\/\/www.article-marketing.eu\/comunicati\/wp-json\/wp\/v2\/comments?post=31252"}],"version-history":[{"count":0,"href":"https:\/\/www.article-marketing.eu\/comunicati\/wp-json\/wp\/v2\/posts\/31252\/revisions"}],"wp:attachment":[{"href":"https:\/\/www.article-marketing.eu\/comunicati\/wp-json\/wp\/v2\/media?parent=31252"}],"wp:term":[{"taxonomy":"category","embeddable":true,"href":"https:\/\/www.article-marketing.eu\/comunicati\/wp-json\/wp\/v2\/categories?post=31252"},{"taxonomy":"post_tag","embeddable":true,"href":"https:\/\/www.article-marketing.eu\/comunicati\/wp-json\/wp\/v2\/tags?post=31252"}],"curies":[{"name":"wp","href":"https:\/\/api.w.org\/{rel}","templated":true}]}}