{"id":313,"date":"2008-04-17T11:04:17","date_gmt":"2008-04-17T09:04:17","guid":{"rendered":"http:\/\/www.article-marketing.eu\/comunicati\/senza-categoria\/mostra-fotografica-dentro-fuori-donne-in-cammino-sul-sentiero-della-vita\/"},"modified":"2008-04-17T11:04:17","modified_gmt":"2008-04-17T09:04:17","slug":"mostra-fotografica-dentro-fuori-donne-in-cammino-sul-sentiero-della-vita","status":"publish","type":"post","link":"https:\/\/www.article-marketing.eu\/comunicati\/arte-e-cultura\/mostra-fotografica-dentro-fuori-donne-in-cammino-sul-sentiero-della-vita\/","title":{"rendered":"MOSTRA FOTOGRAFICA \u201cDENTRO FUORI\u201d: DONNE IN CAMMINO SUL SENTIERO DELLA VITA"},"content":{"rendered":"<p style=\"MARGIN: 0cm 0cm 10pt\">MOSTRA FOTOGRAFICA \u201cDENTRO FUORI\u201d: DONNE IN CAMMINO SUL SENTIERO DELLA VITA<\/p>\n<p style=\"MARGIN: 0cm 0cm 10pt\">&nbsp;<\/p>\n<p style=\"MARGIN: 0cm 0cm 10pt\">Lo Zonta Club Lugano e &nbsp;la Banca BIM (Suisse) SA presentano \u201cDENTRO FUORI\u201d : un\u2019ottantina di scatti dell\u2019artista ticinese Sara Pellegrini , splendidamente accompagnati dalle poesie di Ketty Fusco .<\/p>\n<p style=\"MARGIN: 0cm 0cm 10pt\">L\u2019inaugurazione ufficiale della mostra avr\u00e0 luogo gioved\u00ec 24 aprile 2008, alle ore 18.00, presso gli spazi espositivi della Banca BIM (Suisse) SA, in Contrada di Sassello 10 a Lugano.<\/p>\n<p style=\"MARGIN: 0cm 0cm 10pt\">Nell\u2019occasione verr\u00e0 pure presentato al pubblico l\u2019omonimo libro, edito dall\u2019Ulivo, che raccoglie integralmente le fotografie e le poesie esposte.<\/p>\n<p style=\"MARGIN: 0cm 0cm 10pt\">La mostra rimarr\u00e0 aperta, nei giorni feriali, fino a venerd\u00ec 20 giugno 2008. Il ricavato della vendita del libro \u2013 reperibile nelle principali librerie del Cantone &#8211; andr\u00e0 a sostegno di iniziative dello Zonta Club Lugano in linea con il tema della mostra.<\/p>\n<p style=\"MARGIN: 0cm 0cm 10pt\">\u201cDENTRO FUORI\u201d \u00e8 pi\u00f9 di una mostra. \u00c8 pi\u00f9 di un libro fotografico. \u00c8 un\u2019operazione culturale che documenta \u2013 attraverso un percorso temporale riconducibile alle tappe dell\u2019esistenza terrena \u2013 la vita quotidiana di una comunit\u00e0 al femminile. Le immagini raccontano un percorso esistenziale scandito da dolori e desideri; da illusioni e disillusioni; da difficolt\u00e0 e speranze. Esprimono il disagio del vivere quotidiano, che per alcune donne si traduce in emarginazione e disagio sociale: una realt\u00e0, questa, che appartiene purtroppo anche alle societ\u00e0 del benessere come la nostra.<\/p>\n<p style=\"MARGIN: 0cm 0cm 10pt\">Conscio di questa realt\u00e0, lo Zonta Club Lugano &#8211; capitanato dalla sua presidente Isabella Cassina Morandini \u2013 ha fortemente voluto e sostenuto questo progetto. Un progetto che da\u2019 corpo, e incarna alla perfezione, quelli che sono gli scopi fondamentali dello Zonta International, condensati nel motto \u201cAdvancing the status of women worlwide\u201d .<\/p>\n<p style=\"MARGIN: 0cm 0cm 10pt\">Due donne, Sara Pellegrini e Ketty Fusco, hanno recepito il messaggio e accettato la sfida. Ed ecco il duplice risultato di questo impegno: la mostra e il libro.<\/p>\n<p style=\"MARGIN: 0cm 0cm 10pt\">L\u2019obiettivo di Sara immortala in immagini simboliche, e di forte impatto emotivo, alcuni momenti di vita quotidiana di donne e bambini che vivono in una casa di accoglienza. Donne dal vissuto particolare, che in questo contesto assurgono per\u00f2 ad emblema di tutte le donne. Donne che hanno conosciuto i drammi della violenza e dell\u2019esclusione. Donne che vivono ai margini della societ\u00e0. In poche parole DONNE FUORI.<\/p>\n<p style=\"MARGIN: 0cm 0cm 10pt\">Ma DENTRO lo sguardo di queste donne, nel loro orgoglio e nella loro dignit\u00e0, nella loro capacit\u00e0 di generare e di dare la vita risiede la loro stessa capacit\u00e0 di riscatto, la forza di guardare ancora al futuro con fiducia.<\/p>\n<p style=\"MARGIN: 0cm 0cm 10pt\">La penna di Ketty esprime gli stessi concetti giocando con la valenza simbolica dei suoni e delle parole, fornendo un valido contrappunto all\u2019espressione dei volti e alla comunicativit\u00e0 dei gesti.&nbsp;&nbsp;&nbsp; <\/p>\n<p style=\"MARGIN: 0cm 0cm 10pt\">&nbsp;&nbsp;&nbsp;&nbsp;&nbsp;&nbsp;&nbsp;&nbsp;&nbsp;&nbsp;&nbsp;&nbsp;&nbsp;&nbsp;&nbsp;&nbsp;&nbsp;&nbsp;&nbsp;&nbsp;&nbsp;&nbsp;&nbsp;&nbsp;&nbsp;&nbsp;&nbsp;&nbsp;&nbsp;&nbsp;&nbsp;&nbsp;&nbsp;&nbsp;&nbsp;&nbsp;&nbsp;&nbsp;&nbsp;&nbsp;&nbsp;&nbsp;&nbsp;&nbsp;&nbsp;&nbsp;&nbsp;&nbsp;&nbsp;&nbsp;&nbsp;&nbsp;&nbsp;&nbsp;&nbsp;&nbsp;&nbsp;&nbsp;&nbsp;&nbsp;&nbsp;&nbsp;&nbsp;&nbsp;&nbsp;&nbsp;&nbsp;&nbsp;&nbsp;&nbsp;&nbsp;&nbsp;&nbsp;&nbsp;&nbsp;&nbsp;&nbsp;&nbsp;&nbsp;&nbsp;&nbsp;&nbsp;&nbsp;&nbsp;&nbsp;&nbsp;&nbsp;&nbsp;&nbsp;&nbsp;&nbsp;&nbsp;&nbsp;&nbsp;&nbsp;&nbsp;&nbsp;&nbsp;&nbsp;&nbsp;&nbsp;&nbsp;&nbsp;&nbsp;&nbsp;&nbsp;&nbsp;&nbsp;&nbsp;&nbsp;&nbsp;&nbsp;&nbsp;&nbsp;&nbsp;&nbsp;&nbsp;&nbsp;&nbsp;&nbsp;&nbsp;&nbsp;&nbsp;&nbsp;&nbsp;&nbsp;&nbsp;&nbsp;&nbsp;&nbsp;&nbsp;&nbsp;&nbsp;&nbsp;&nbsp;&nbsp;&nbsp;&nbsp;&nbsp;&nbsp; Simona Galli<\/p>\n<p style=\"MARGIN: 0cm 0cm 10pt\">&nbsp;<\/p>\n<p style=\"MARGIN: 0cm 0cm 10pt; TEXT-ALIGN: center\" align=\"center\">Advancing the status of women worldwide<\/p>\n","protected":false},"excerpt":{"rendered":"<p>Mostra fotografica<\/p>\n<p>Lo Zonta Club Lugano<br \/>\ne la Banca BIM (Suisse) SA<br \/>\nhanno il piacere di presentare<\/p>\n<p>la mostra<\/p>\n<p>DENTRO FUORI<\/p>\n<p>progetto fotografico di Sara Pellegrini<br \/>\npoesie di Ketty Fusco<\/p>\n<p>presso gli spazi espositivi<br \/>\ndella Banca BIM (Suisse) SA<br \/>\nin Contrada Sassello 10 a Lugano<\/p>\n<p>Le fotografie di Sara Pellegrini<br \/>\ne le poesie di Ketty Fusco sono state<br \/>\nraccolte in un libro edito dall&#8217;Ulivo.<br \/>\nIl ricavato della vendita andr\u00e0 a favore<br \/>\ndi iniziative dello Zonta Club Lugano<\/p>\n<p>Da luned\u00ec a venerd\u00ec<br \/>\n8.30 &#8211; 12.30 \/ 13.30 &#8211; 17.30<br \/>\ndal 24 aprile 2008<br \/>\nfino al 20 giugno 2008<\/p>\n","protected":false},"author":10,"featured_media":0,"comment_status":"open","ping_status":"open","sticky":false,"template":"","format":"standard","meta":{"cybocfi_hide_featured_image":"","footnotes":""},"categories":[27],"tags":[1152,318,1154,1150,1151,1153],"class_list":["post-313","post","type-post","status-publish","format-standard","hentry","category-arte-e-cultura","tag-bellinzona","tag-fotografia","tag-libri-di-fotografia","tag-sara-pellegrini","tag-svizzera","tag-ticino"],"yoast_head":"<!-- This site is optimized with the Yoast SEO plugin v27.0 - https:\/\/yoast.com\/product\/yoast-seo-wordpress\/ -->\n<title>MOSTRA FOTOGRAFICA \u201cDENTRO FUORI\u201d: DONNE IN CAMMINO SUL SENTIERO DELLA VITA - Article Marketing<\/title>\n<meta name=\"robots\" content=\"index, follow, max-snippet:-1, max-image-preview:large, max-video-preview:-1\" \/>\n<link rel=\"canonical\" href=\"https:\/\/www.article-marketing.eu\/comunicati\/arte-e-cultura\/mostra-fotografica-dentro-fuori-donne-in-cammino-sul-sentiero-della-vita\/\" \/>\n<meta property=\"og:locale\" content=\"it_IT\" \/>\n<meta property=\"og:type\" content=\"article\" \/>\n<meta property=\"og:title\" content=\"MOSTRA FOTOGRAFICA \u201cDENTRO FUORI\u201d: DONNE IN CAMMINO SUL SENTIERO DELLA VITA - Article Marketing\" \/>\n<meta property=\"og:description\" content=\"Mostra fotografica Lo Zonta Club Lugano e la Banca BIM (Suisse) SA hanno il piacere di presentare la mostra DENTRO FUORI progetto fotografico di Sara Pellegrini poesie di Ketty Fusco presso gli spazi espositivi della Banca BIM (Suisse) SA in Contrada Sassello 10 a Lugano Le fotografie di Sara Pellegrini e le poesie di Ketty Fusco sono state raccolte in un libro edito dall&#039;Ulivo. Il ricavato della vendita andr\u00e0 a favore di iniziative dello Zonta Club Lugano Da luned\u00ec a venerd\u00ec 8.30 - 12.30 \/ 13.30 - 17.30 dal 24 aprile 2008 fino al 20 giugno 2008\" \/>\n<meta property=\"og:url\" content=\"https:\/\/www.article-marketing.eu\/comunicati\/arte-e-cultura\/mostra-fotografica-dentro-fuori-donne-in-cammino-sul-sentiero-della-vita\/\" \/>\n<meta property=\"og:site_name\" content=\"Article Marketing\" \/>\n<meta property=\"article:published_time\" content=\"2008-04-17T09:04:17+00:00\" \/>\n<meta name=\"author\" content=\"Redazione Comunicati Stampa\" \/>\n<meta name=\"twitter:card\" content=\"summary_large_image\" \/>\n<meta name=\"twitter:label1\" content=\"Scritto da\" \/>\n\t<meta name=\"twitter:data1\" content=\"Redazione Comunicati Stampa\" \/>\n\t<meta name=\"twitter:label2\" content=\"Tempo di lettura stimato\" \/>\n\t<meta name=\"twitter:data2\" content=\"3 minuti\" \/>\n<script type=\"application\/ld+json\" class=\"yoast-schema-graph\">{\"@context\":\"https:\/\/schema.org\",\"@graph\":[{\"@type\":\"Article\",\"@id\":\"https:\/\/www.article-marketing.eu\/comunicati\/arte-e-cultura\/mostra-fotografica-dentro-fuori-donne-in-cammino-sul-sentiero-della-vita\/#article\",\"isPartOf\":{\"@id\":\"https:\/\/www.article-marketing.eu\/comunicati\/arte-e-cultura\/mostra-fotografica-dentro-fuori-donne-in-cammino-sul-sentiero-della-vita\/\"},\"author\":{\"name\":\"Redazione Comunicati Stampa\",\"@id\":\"https:\/\/www.article-marketing.eu\/comunicati\/#\/schema\/person\/44372e4d4d0fa797b18e03ed1ace9017\"},\"headline\":\"MOSTRA FOTOGRAFICA \u201cDENTRO FUORI\u201d: DONNE IN CAMMINO SUL SENTIERO DELLA VITA\",\"datePublished\":\"2008-04-17T09:04:17+00:00\",\"mainEntityOfPage\":{\"@id\":\"https:\/\/www.article-marketing.eu\/comunicati\/arte-e-cultura\/mostra-fotografica-dentro-fuori-donne-in-cammino-sul-sentiero-della-vita\/\"},\"wordCount\":594,\"commentCount\":0,\"keywords\":[\"bellinzona\",\"fotografia\",\"libri di fotografia\",\"sara pellegrini\",\"svizzera\",\"ticino\"],\"articleSection\":[\"Arte e cultura\"],\"inLanguage\":\"it-IT\",\"potentialAction\":[{\"@type\":\"CommentAction\",\"name\":\"Comment\",\"target\":[\"https:\/\/www.article-marketing.eu\/comunicati\/arte-e-cultura\/mostra-fotografica-dentro-fuori-donne-in-cammino-sul-sentiero-della-vita\/#respond\"]}]},{\"@type\":\"WebPage\",\"@id\":\"https:\/\/www.article-marketing.eu\/comunicati\/arte-e-cultura\/mostra-fotografica-dentro-fuori-donne-in-cammino-sul-sentiero-della-vita\/\",\"url\":\"https:\/\/www.article-marketing.eu\/comunicati\/arte-e-cultura\/mostra-fotografica-dentro-fuori-donne-in-cammino-sul-sentiero-della-vita\/\",\"name\":\"MOSTRA FOTOGRAFICA \u201cDENTRO FUORI\u201d: DONNE IN CAMMINO SUL SENTIERO DELLA VITA - Article Marketing\",\"isPartOf\":{\"@id\":\"https:\/\/www.article-marketing.eu\/comunicati\/#website\"},\"datePublished\":\"2008-04-17T09:04:17+00:00\",\"author\":{\"@id\":\"https:\/\/www.article-marketing.eu\/comunicati\/#\/schema\/person\/44372e4d4d0fa797b18e03ed1ace9017\"},\"breadcrumb\":{\"@id\":\"https:\/\/www.article-marketing.eu\/comunicati\/arte-e-cultura\/mostra-fotografica-dentro-fuori-donne-in-cammino-sul-sentiero-della-vita\/#breadcrumb\"},\"inLanguage\":\"it-IT\",\"potentialAction\":[{\"@type\":\"ReadAction\",\"target\":[\"https:\/\/www.article-marketing.eu\/comunicati\/arte-e-cultura\/mostra-fotografica-dentro-fuori-donne-in-cammino-sul-sentiero-della-vita\/\"]}]},{\"@type\":\"BreadcrumbList\",\"@id\":\"https:\/\/www.article-marketing.eu\/comunicati\/arte-e-cultura\/mostra-fotografica-dentro-fuori-donne-in-cammino-sul-sentiero-della-vita\/#breadcrumb\",\"itemListElement\":[{\"@type\":\"ListItem\",\"position\":1,\"name\":\"Home\",\"item\":\"https:\/\/www.article-marketing.eu\/comunicati\/\"},{\"@type\":\"ListItem\",\"position\":2,\"name\":\"MOSTRA FOTOGRAFICA \u201cDENTRO FUORI\u201d: DONNE IN CAMMINO SUL SENTIERO DELLA VITA\"}]},{\"@type\":\"WebSite\",\"@id\":\"https:\/\/www.article-marketing.eu\/comunicati\/#website\",\"url\":\"https:\/\/www.article-marketing.eu\/comunicati\/\",\"name\":\"Article Marketing\",\"description\":\"article marketing &amp; press release\",\"potentialAction\":[{\"@type\":\"SearchAction\",\"target\":{\"@type\":\"EntryPoint\",\"urlTemplate\":\"https:\/\/www.article-marketing.eu\/comunicati\/?s={search_term_string}\"},\"query-input\":{\"@type\":\"PropertyValueSpecification\",\"valueRequired\":true,\"valueName\":\"search_term_string\"}}],\"inLanguage\":\"it-IT\"},{\"@type\":\"Person\",\"@id\":\"https:\/\/www.article-marketing.eu\/comunicati\/#\/schema\/person\/44372e4d4d0fa797b18e03ed1ace9017\",\"name\":\"Redazione Comunicati Stampa\",\"image\":{\"@type\":\"ImageObject\",\"inLanguage\":\"it-IT\",\"@id\":\"https:\/\/www.article-marketing.eu\/comunicati\/#\/schema\/person\/image\/\",\"url\":\"https:\/\/secure.gravatar.com\/avatar\/50e5c6421d3072f42e7ace803501602c60d75233d34e29fd05feb91c8760b792?s=96&d=mm&r=g\",\"contentUrl\":\"https:\/\/secure.gravatar.com\/avatar\/50e5c6421d3072f42e7ace803501602c60d75233d34e29fd05feb91c8760b792?s=96&d=mm&r=g\",\"caption\":\"Redazione Comunicati Stampa\"},\"url\":\"https:\/\/www.article-marketing.eu\/comunicati\/author\/redazione-comunicati-stampa\/\"}]}<\/script>\n<!-- \/ Yoast SEO plugin. -->","yoast_head_json":{"title":"MOSTRA FOTOGRAFICA \u201cDENTRO FUORI\u201d: DONNE IN CAMMINO SUL SENTIERO DELLA VITA - Article Marketing","robots":{"index":"index","follow":"follow","max-snippet":"max-snippet:-1","max-image-preview":"max-image-preview:large","max-video-preview":"max-video-preview:-1"},"canonical":"https:\/\/www.article-marketing.eu\/comunicati\/arte-e-cultura\/mostra-fotografica-dentro-fuori-donne-in-cammino-sul-sentiero-della-vita\/","og_locale":"it_IT","og_type":"article","og_title":"MOSTRA FOTOGRAFICA \u201cDENTRO FUORI\u201d: DONNE IN CAMMINO SUL SENTIERO DELLA VITA - Article Marketing","og_description":"Mostra fotografica Lo Zonta Club Lugano e la Banca BIM (Suisse) SA hanno il piacere di presentare la mostra DENTRO FUORI progetto fotografico di Sara Pellegrini poesie di Ketty Fusco presso gli spazi espositivi della Banca BIM (Suisse) SA in Contrada Sassello 10 a Lugano Le fotografie di Sara Pellegrini e le poesie di Ketty Fusco sono state raccolte in un libro edito dall'Ulivo. Il ricavato della vendita andr\u00e0 a favore di iniziative dello Zonta Club Lugano Da luned\u00ec a venerd\u00ec 8.30 - 12.30 \/ 13.30 - 17.30 dal 24 aprile 2008 fino al 20 giugno 2008","og_url":"https:\/\/www.article-marketing.eu\/comunicati\/arte-e-cultura\/mostra-fotografica-dentro-fuori-donne-in-cammino-sul-sentiero-della-vita\/","og_site_name":"Article Marketing","article_published_time":"2008-04-17T09:04:17+00:00","author":"Redazione Comunicati Stampa","twitter_card":"summary_large_image","twitter_misc":{"Scritto da":"Redazione Comunicati Stampa","Tempo di lettura stimato":"3 minuti"},"schema":{"@context":"https:\/\/schema.org","@graph":[{"@type":"Article","@id":"https:\/\/www.article-marketing.eu\/comunicati\/arte-e-cultura\/mostra-fotografica-dentro-fuori-donne-in-cammino-sul-sentiero-della-vita\/#article","isPartOf":{"@id":"https:\/\/www.article-marketing.eu\/comunicati\/arte-e-cultura\/mostra-fotografica-dentro-fuori-donne-in-cammino-sul-sentiero-della-vita\/"},"author":{"name":"Redazione Comunicati Stampa","@id":"https:\/\/www.article-marketing.eu\/comunicati\/#\/schema\/person\/44372e4d4d0fa797b18e03ed1ace9017"},"headline":"MOSTRA FOTOGRAFICA \u201cDENTRO FUORI\u201d: DONNE IN CAMMINO SUL SENTIERO DELLA VITA","datePublished":"2008-04-17T09:04:17+00:00","mainEntityOfPage":{"@id":"https:\/\/www.article-marketing.eu\/comunicati\/arte-e-cultura\/mostra-fotografica-dentro-fuori-donne-in-cammino-sul-sentiero-della-vita\/"},"wordCount":594,"commentCount":0,"keywords":["bellinzona","fotografia","libri di fotografia","sara pellegrini","svizzera","ticino"],"articleSection":["Arte e cultura"],"inLanguage":"it-IT","potentialAction":[{"@type":"CommentAction","name":"Comment","target":["https:\/\/www.article-marketing.eu\/comunicati\/arte-e-cultura\/mostra-fotografica-dentro-fuori-donne-in-cammino-sul-sentiero-della-vita\/#respond"]}]},{"@type":"WebPage","@id":"https:\/\/www.article-marketing.eu\/comunicati\/arte-e-cultura\/mostra-fotografica-dentro-fuori-donne-in-cammino-sul-sentiero-della-vita\/","url":"https:\/\/www.article-marketing.eu\/comunicati\/arte-e-cultura\/mostra-fotografica-dentro-fuori-donne-in-cammino-sul-sentiero-della-vita\/","name":"MOSTRA FOTOGRAFICA \u201cDENTRO FUORI\u201d: DONNE IN CAMMINO SUL SENTIERO DELLA VITA - Article Marketing","isPartOf":{"@id":"https:\/\/www.article-marketing.eu\/comunicati\/#website"},"datePublished":"2008-04-17T09:04:17+00:00","author":{"@id":"https:\/\/www.article-marketing.eu\/comunicati\/#\/schema\/person\/44372e4d4d0fa797b18e03ed1ace9017"},"breadcrumb":{"@id":"https:\/\/www.article-marketing.eu\/comunicati\/arte-e-cultura\/mostra-fotografica-dentro-fuori-donne-in-cammino-sul-sentiero-della-vita\/#breadcrumb"},"inLanguage":"it-IT","potentialAction":[{"@type":"ReadAction","target":["https:\/\/www.article-marketing.eu\/comunicati\/arte-e-cultura\/mostra-fotografica-dentro-fuori-donne-in-cammino-sul-sentiero-della-vita\/"]}]},{"@type":"BreadcrumbList","@id":"https:\/\/www.article-marketing.eu\/comunicati\/arte-e-cultura\/mostra-fotografica-dentro-fuori-donne-in-cammino-sul-sentiero-della-vita\/#breadcrumb","itemListElement":[{"@type":"ListItem","position":1,"name":"Home","item":"https:\/\/www.article-marketing.eu\/comunicati\/"},{"@type":"ListItem","position":2,"name":"MOSTRA FOTOGRAFICA \u201cDENTRO FUORI\u201d: DONNE IN CAMMINO SUL SENTIERO DELLA VITA"}]},{"@type":"WebSite","@id":"https:\/\/www.article-marketing.eu\/comunicati\/#website","url":"https:\/\/www.article-marketing.eu\/comunicati\/","name":"Article Marketing","description":"article marketing &amp; press release","potentialAction":[{"@type":"SearchAction","target":{"@type":"EntryPoint","urlTemplate":"https:\/\/www.article-marketing.eu\/comunicati\/?s={search_term_string}"},"query-input":{"@type":"PropertyValueSpecification","valueRequired":true,"valueName":"search_term_string"}}],"inLanguage":"it-IT"},{"@type":"Person","@id":"https:\/\/www.article-marketing.eu\/comunicati\/#\/schema\/person\/44372e4d4d0fa797b18e03ed1ace9017","name":"Redazione Comunicati Stampa","image":{"@type":"ImageObject","inLanguage":"it-IT","@id":"https:\/\/www.article-marketing.eu\/comunicati\/#\/schema\/person\/image\/","url":"https:\/\/secure.gravatar.com\/avatar\/50e5c6421d3072f42e7ace803501602c60d75233d34e29fd05feb91c8760b792?s=96&d=mm&r=g","contentUrl":"https:\/\/secure.gravatar.com\/avatar\/50e5c6421d3072f42e7ace803501602c60d75233d34e29fd05feb91c8760b792?s=96&d=mm&r=g","caption":"Redazione Comunicati Stampa"},"url":"https:\/\/www.article-marketing.eu\/comunicati\/author\/redazione-comunicati-stampa\/"}]}},"_links":{"self":[{"href":"https:\/\/www.article-marketing.eu\/comunicati\/wp-json\/wp\/v2\/posts\/313","targetHints":{"allow":["GET"]}}],"collection":[{"href":"https:\/\/www.article-marketing.eu\/comunicati\/wp-json\/wp\/v2\/posts"}],"about":[{"href":"https:\/\/www.article-marketing.eu\/comunicati\/wp-json\/wp\/v2\/types\/post"}],"author":[{"embeddable":true,"href":"https:\/\/www.article-marketing.eu\/comunicati\/wp-json\/wp\/v2\/users\/10"}],"replies":[{"embeddable":true,"href":"https:\/\/www.article-marketing.eu\/comunicati\/wp-json\/wp\/v2\/comments?post=313"}],"version-history":[{"count":0,"href":"https:\/\/www.article-marketing.eu\/comunicati\/wp-json\/wp\/v2\/posts\/313\/revisions"}],"wp:attachment":[{"href":"https:\/\/www.article-marketing.eu\/comunicati\/wp-json\/wp\/v2\/media?parent=313"}],"wp:term":[{"taxonomy":"category","embeddable":true,"href":"https:\/\/www.article-marketing.eu\/comunicati\/wp-json\/wp\/v2\/categories?post=313"},{"taxonomy":"post_tag","embeddable":true,"href":"https:\/\/www.article-marketing.eu\/comunicati\/wp-json\/wp\/v2\/tags?post=313"}],"curies":[{"name":"wp","href":"https:\/\/api.w.org\/{rel}","templated":true}]}}