{"id":3131,"date":"2009-10-23T14:25:34","date_gmt":"2009-10-23T12:25:34","guid":{"rendered":"http:\/\/www.article-marketing.eu\/comunicati\/senza-categoria\/il-complicato-mondo-degli-affitti\/"},"modified":"2018-06-04T20:11:59","modified_gmt":"2018-06-04T18:11:59","slug":"il-complicato-mondo-degli-affitti","status":"publish","type":"post","link":"https:\/\/www.article-marketing.eu\/comunicati\/casa\/il-complicato-mondo-degli-affitti\/","title":{"rendered":"Il complicato mondo degli affitti"},"content":{"rendered":"<p>Trovare una casa in affitto non \u00e8 affatto un compito facile, ormai in<br \/>\nqualsiasi citt\u00e0 gli affitti sono altissimi e potersi permettere un<br \/>\nappartamento dignitoso \u00e8 sempre pi\u00f9 difficile, dati anche i bassi<br \/>\nstipendi in questo periodo.<\/p>\n<p>Uno dei maggiori problemi che i giovani si trovano ad affrontare in questo periodo \u00e8 quello di trovare appartamenti Padova<br \/>\no altre citt\u00e0 dignitosi con uno stipendio ragionevole. Ma il compito si<br \/>\nfa sempre pi\u00f9 difficile. Con la crisi molte persone sono rimaste<br \/>\ndisoccupate o in cassa integrazione, moltissimi giovani e laureati<br \/>\nfanno ancora pi\u00f9 fatica a trovare lavoro. In questo contesto potersi<br \/>\npermettere di pagare l\u2019affitto non \u00e8 cosa da poco. Tra affitto e<br \/>\nbollette in media vanno via i due terzi del salario, per chi ce l\u2019ha, e<br \/>\nchi invece si trova ogni tre mesi a dover cercare un nuovo lavoro si<br \/>\ntrova davvero in condizioni precarie.<\/p>\n<p>Le case vendita Padova,<br \/>\no in molte altre citt\u00e0, come Roma, Milano, Torino, Venezia, hanno<br \/>\nraggiunto prezzi astronomici. Secondo una ricerca Sunia, sarebbe di<br \/>\n1.030 euro la spesa media mensile sborsata per un affitto di un<br \/>\nappartamento di 80 metri quadri in citt\u00e0. Il campione cui l\u2019indagine fa<br \/>\nriferimento \u00e8 di 5.000 offerte di locazione pubblicate nel primo<br \/>\nsemestre 2009. ci\u00f2 che pi\u00f9 stupisce e fa preoccupare, \u00e8 che il reddito<br \/>\nmensile medio percepito dai cittadini italiani \u00e8 attorno ai 1000-1100<br \/>\neuro. Come \u00e8 possibile quindi dover versare un intero stipendio solo<br \/>\nper pagare il canone di locazione? La spesa per l\u2019affitto diviene<br \/>\nsempre pi\u00f9 pesante nelle tasche degli italiani.<\/p>\n<p>Secondo<br \/>\nl\u2019associazione consumatori inoltre la legge 431 prevede l\u2019aggiornamento<br \/>\ne adeguamento del canone di locazione in relazione all\u2019indice Istat,<br \/>\ncosa che raramente si verifica soprattutto in caso di ribassi. A luglio<br \/>\nad esempio si \u00e8 registrata una riduzione dello 0,1% dell\u2019indice dei<br \/>\nprezzi al consumo. Questo comporta per logica e, secondo quanto<br \/>\nsostenuto dalla legge, la diminuzione del canone di locazione nella<br \/>\nmisura indicata dall\u2019Istat. Questo \u00e8 uno dei principali motivi per cui<br \/>\npur in un momento tanto drammatico di crisi i canoni di locazione non<br \/>\nhanno subito riduzioni sostanziali.<\/p>\n<p>Tuttavia la richiesta di<br \/>\naffitti \u00e8 in aumento addirittura del 29%, e per soddisfare questa<br \/>\ndomanda ogni giorno nascono nuovi portali e servizi. Come la domanda,<br \/>\nanche l\u2019offerta si differenzia e cerca di venire incontro ai potenziali<br \/>\naffittuari. Il mezzo principe per cercare casa \u00e8 infatti la rete, ove \u00e8<br \/>\npossibile visionare centinaia di offerte, e poi selezionare solo le pi\u00f9<br \/>\ninteressante da visitare, senza dover camminare inutilmente per ore per<br \/>\nla citt\u00e0. La possibilit\u00e0 di poter vedere gi\u00e0 delle foto dell\u2019edificio,<br \/>\npoterlo localizzare esattamente sulla mappa e conoscere gi\u00e0<br \/>\ncaratteristiche preliminari, come garage o riscaldamento \u00e8 davvero<br \/>\nimpagabile. Questi servizi rendono molto pi\u00f9 comodo e veloce<br \/>\nselezionare i monolocali affitto privati Padova che preferiamo.<\/p>\n<p>Almeno<br \/>\nci permettono di evitare anche solo di visionare quegli appartamenti<br \/>\nche gi\u00e0 sappiamo di non poterci permettere, magari con un letto a<br \/>\ncastello quando cerchiamo un letto matrimoniale, o un soggiorno senza<br \/>\nnemmeno il posto per una poltrona.<\/p>\n<p><\/p>\n","protected":false},"excerpt":{"rendered":"<p>Trovare una casa in affitto non \u00e8 affatto un compito facile, ormai in qualsiasi citt\u00e0 gli affitti sono altissimi e potersi permettere un appartamento dignitoso \u00e8 sempre pi\u00f9 difficile, dati anche i bassi stipendi in questo periodo.<\/p>\n","protected":false},"author":10,"featured_media":0,"comment_status":"open","ping_status":"open","sticky":false,"template":"","format":"standard","meta":{"cybocfi_hide_featured_image":"","footnotes":""},"categories":[390],"tags":[10081,2324,6566,10082],"class_list":["post-3131","post","type-post","status-publish","format-standard","hentry","category-casa","tag-affitti-padova","tag-appartamenti-in-affitto","tag-appartamenti-padova","tag-monolocale-affitto"],"yoast_head":"<!-- This site is optimized with the Yoast SEO plugin v27.0 - https:\/\/yoast.com\/product\/yoast-seo-wordpress\/ -->\n<title>Il complicato mondo degli affitti - Article Marketing<\/title>\n<meta name=\"robots\" content=\"index, follow, max-snippet:-1, max-image-preview:large, max-video-preview:-1\" \/>\n<link rel=\"canonical\" href=\"https:\/\/www.article-marketing.eu\/comunicati\/casa\/il-complicato-mondo-degli-affitti\/\" \/>\n<meta property=\"og:locale\" content=\"it_IT\" \/>\n<meta property=\"og:type\" content=\"article\" \/>\n<meta property=\"og:title\" content=\"Il complicato mondo degli affitti - Article Marketing\" \/>\n<meta property=\"og:description\" content=\"Trovare una casa in affitto non \u00e8 affatto un compito facile, ormai in qualsiasi citt\u00e0 gli affitti sono altissimi e potersi permettere un appartamento dignitoso \u00e8 sempre pi\u00f9 difficile, dati anche i bassi stipendi in questo periodo.\" \/>\n<meta property=\"og:url\" content=\"https:\/\/www.article-marketing.eu\/comunicati\/casa\/il-complicato-mondo-degli-affitti\/\" \/>\n<meta property=\"og:site_name\" content=\"Article Marketing\" \/>\n<meta property=\"article:published_time\" content=\"2009-10-23T12:25:34+00:00\" \/>\n<meta property=\"article:modified_time\" content=\"2018-06-04T18:11:59+00:00\" \/>\n<meta name=\"author\" content=\"Redazione Comunicati Stampa\" \/>\n<meta name=\"twitter:card\" content=\"summary_large_image\" \/>\n<meta name=\"twitter:label1\" content=\"Scritto da\" \/>\n\t<meta name=\"twitter:data1\" content=\"Redazione Comunicati Stampa\" \/>\n\t<meta name=\"twitter:label2\" content=\"Tempo di lettura stimato\" \/>\n\t<meta name=\"twitter:data2\" content=\"2 minuti\" \/>\n<script type=\"application\/ld+json\" class=\"yoast-schema-graph\">{\"@context\":\"https:\/\/schema.org\",\"@graph\":[{\"@type\":\"Article\",\"@id\":\"https:\/\/www.article-marketing.eu\/comunicati\/casa\/il-complicato-mondo-degli-affitti\/#article\",\"isPartOf\":{\"@id\":\"https:\/\/www.article-marketing.eu\/comunicati\/casa\/il-complicato-mondo-degli-affitti\/\"},\"author\":{\"name\":\"Redazione Comunicati Stampa\",\"@id\":\"https:\/\/www.article-marketing.eu\/comunicati\/#\/schema\/person\/44372e4d4d0fa797b18e03ed1ace9017\"},\"headline\":\"Il complicato mondo degli affitti\",\"datePublished\":\"2009-10-23T12:25:34+00:00\",\"dateModified\":\"2018-06-04T18:11:59+00:00\",\"mainEntityOfPage\":{\"@id\":\"https:\/\/www.article-marketing.eu\/comunicati\/casa\/il-complicato-mondo-degli-affitti\/\"},\"wordCount\":495,\"commentCount\":0,\"keywords\":[\"affitti padova\",\"appartamenti in affitto\",\"appartamenti padova\",\"monolocale affitto\"],\"articleSection\":[\"Casa\"],\"inLanguage\":\"it-IT\",\"potentialAction\":[{\"@type\":\"CommentAction\",\"name\":\"Comment\",\"target\":[\"https:\/\/www.article-marketing.eu\/comunicati\/casa\/il-complicato-mondo-degli-affitti\/#respond\"]}]},{\"@type\":\"WebPage\",\"@id\":\"https:\/\/www.article-marketing.eu\/comunicati\/casa\/il-complicato-mondo-degli-affitti\/\",\"url\":\"https:\/\/www.article-marketing.eu\/comunicati\/casa\/il-complicato-mondo-degli-affitti\/\",\"name\":\"Il complicato mondo degli affitti - Article Marketing\",\"isPartOf\":{\"@id\":\"https:\/\/www.article-marketing.eu\/comunicati\/#website\"},\"datePublished\":\"2009-10-23T12:25:34+00:00\",\"dateModified\":\"2018-06-04T18:11:59+00:00\",\"author\":{\"@id\":\"https:\/\/www.article-marketing.eu\/comunicati\/#\/schema\/person\/44372e4d4d0fa797b18e03ed1ace9017\"},\"breadcrumb\":{\"@id\":\"https:\/\/www.article-marketing.eu\/comunicati\/casa\/il-complicato-mondo-degli-affitti\/#breadcrumb\"},\"inLanguage\":\"it-IT\",\"potentialAction\":[{\"@type\":\"ReadAction\",\"target\":[\"https:\/\/www.article-marketing.eu\/comunicati\/casa\/il-complicato-mondo-degli-affitti\/\"]}]},{\"@type\":\"BreadcrumbList\",\"@id\":\"https:\/\/www.article-marketing.eu\/comunicati\/casa\/il-complicato-mondo-degli-affitti\/#breadcrumb\",\"itemListElement\":[{\"@type\":\"ListItem\",\"position\":1,\"name\":\"Home\",\"item\":\"https:\/\/www.article-marketing.eu\/comunicati\/\"},{\"@type\":\"ListItem\",\"position\":2,\"name\":\"Il complicato mondo degli affitti\"}]},{\"@type\":\"WebSite\",\"@id\":\"https:\/\/www.article-marketing.eu\/comunicati\/#website\",\"url\":\"https:\/\/www.article-marketing.eu\/comunicati\/\",\"name\":\"Article Marketing\",\"description\":\"article marketing &amp; press release\",\"potentialAction\":[{\"@type\":\"SearchAction\",\"target\":{\"@type\":\"EntryPoint\",\"urlTemplate\":\"https:\/\/www.article-marketing.eu\/comunicati\/?s={search_term_string}\"},\"query-input\":{\"@type\":\"PropertyValueSpecification\",\"valueRequired\":true,\"valueName\":\"search_term_string\"}}],\"inLanguage\":\"it-IT\"},{\"@type\":\"Person\",\"@id\":\"https:\/\/www.article-marketing.eu\/comunicati\/#\/schema\/person\/44372e4d4d0fa797b18e03ed1ace9017\",\"name\":\"Redazione Comunicati Stampa\",\"image\":{\"@type\":\"ImageObject\",\"inLanguage\":\"it-IT\",\"@id\":\"https:\/\/www.article-marketing.eu\/comunicati\/#\/schema\/person\/image\/\",\"url\":\"https:\/\/secure.gravatar.com\/avatar\/50e5c6421d3072f42e7ace803501602c60d75233d34e29fd05feb91c8760b792?s=96&d=mm&r=g\",\"contentUrl\":\"https:\/\/secure.gravatar.com\/avatar\/50e5c6421d3072f42e7ace803501602c60d75233d34e29fd05feb91c8760b792?s=96&d=mm&r=g\",\"caption\":\"Redazione Comunicati Stampa\"},\"url\":\"https:\/\/www.article-marketing.eu\/comunicati\/author\/redazione-comunicati-stampa\/\"}]}<\/script>\n<!-- \/ Yoast SEO plugin. -->","yoast_head_json":{"title":"Il complicato mondo degli affitti - Article Marketing","robots":{"index":"index","follow":"follow","max-snippet":"max-snippet:-1","max-image-preview":"max-image-preview:large","max-video-preview":"max-video-preview:-1"},"canonical":"https:\/\/www.article-marketing.eu\/comunicati\/casa\/il-complicato-mondo-degli-affitti\/","og_locale":"it_IT","og_type":"article","og_title":"Il complicato mondo degli affitti - Article Marketing","og_description":"Trovare una casa in affitto non \u00e8 affatto un compito facile, ormai in qualsiasi citt\u00e0 gli affitti sono altissimi e potersi permettere un appartamento dignitoso \u00e8 sempre pi\u00f9 difficile, dati anche i bassi stipendi in questo periodo.","og_url":"https:\/\/www.article-marketing.eu\/comunicati\/casa\/il-complicato-mondo-degli-affitti\/","og_site_name":"Article Marketing","article_published_time":"2009-10-23T12:25:34+00:00","article_modified_time":"2018-06-04T18:11:59+00:00","author":"Redazione Comunicati Stampa","twitter_card":"summary_large_image","twitter_misc":{"Scritto da":"Redazione Comunicati Stampa","Tempo di lettura stimato":"2 minuti"},"schema":{"@context":"https:\/\/schema.org","@graph":[{"@type":"Article","@id":"https:\/\/www.article-marketing.eu\/comunicati\/casa\/il-complicato-mondo-degli-affitti\/#article","isPartOf":{"@id":"https:\/\/www.article-marketing.eu\/comunicati\/casa\/il-complicato-mondo-degli-affitti\/"},"author":{"name":"Redazione Comunicati Stampa","@id":"https:\/\/www.article-marketing.eu\/comunicati\/#\/schema\/person\/44372e4d4d0fa797b18e03ed1ace9017"},"headline":"Il complicato mondo degli affitti","datePublished":"2009-10-23T12:25:34+00:00","dateModified":"2018-06-04T18:11:59+00:00","mainEntityOfPage":{"@id":"https:\/\/www.article-marketing.eu\/comunicati\/casa\/il-complicato-mondo-degli-affitti\/"},"wordCount":495,"commentCount":0,"keywords":["affitti padova","appartamenti in affitto","appartamenti padova","monolocale affitto"],"articleSection":["Casa"],"inLanguage":"it-IT","potentialAction":[{"@type":"CommentAction","name":"Comment","target":["https:\/\/www.article-marketing.eu\/comunicati\/casa\/il-complicato-mondo-degli-affitti\/#respond"]}]},{"@type":"WebPage","@id":"https:\/\/www.article-marketing.eu\/comunicati\/casa\/il-complicato-mondo-degli-affitti\/","url":"https:\/\/www.article-marketing.eu\/comunicati\/casa\/il-complicato-mondo-degli-affitti\/","name":"Il complicato mondo degli affitti - Article Marketing","isPartOf":{"@id":"https:\/\/www.article-marketing.eu\/comunicati\/#website"},"datePublished":"2009-10-23T12:25:34+00:00","dateModified":"2018-06-04T18:11:59+00:00","author":{"@id":"https:\/\/www.article-marketing.eu\/comunicati\/#\/schema\/person\/44372e4d4d0fa797b18e03ed1ace9017"},"breadcrumb":{"@id":"https:\/\/www.article-marketing.eu\/comunicati\/casa\/il-complicato-mondo-degli-affitti\/#breadcrumb"},"inLanguage":"it-IT","potentialAction":[{"@type":"ReadAction","target":["https:\/\/www.article-marketing.eu\/comunicati\/casa\/il-complicato-mondo-degli-affitti\/"]}]},{"@type":"BreadcrumbList","@id":"https:\/\/www.article-marketing.eu\/comunicati\/casa\/il-complicato-mondo-degli-affitti\/#breadcrumb","itemListElement":[{"@type":"ListItem","position":1,"name":"Home","item":"https:\/\/www.article-marketing.eu\/comunicati\/"},{"@type":"ListItem","position":2,"name":"Il complicato mondo degli affitti"}]},{"@type":"WebSite","@id":"https:\/\/www.article-marketing.eu\/comunicati\/#website","url":"https:\/\/www.article-marketing.eu\/comunicati\/","name":"Article Marketing","description":"article marketing &amp; press release","potentialAction":[{"@type":"SearchAction","target":{"@type":"EntryPoint","urlTemplate":"https:\/\/www.article-marketing.eu\/comunicati\/?s={search_term_string}"},"query-input":{"@type":"PropertyValueSpecification","valueRequired":true,"valueName":"search_term_string"}}],"inLanguage":"it-IT"},{"@type":"Person","@id":"https:\/\/www.article-marketing.eu\/comunicati\/#\/schema\/person\/44372e4d4d0fa797b18e03ed1ace9017","name":"Redazione Comunicati Stampa","image":{"@type":"ImageObject","inLanguage":"it-IT","@id":"https:\/\/www.article-marketing.eu\/comunicati\/#\/schema\/person\/image\/","url":"https:\/\/secure.gravatar.com\/avatar\/50e5c6421d3072f42e7ace803501602c60d75233d34e29fd05feb91c8760b792?s=96&d=mm&r=g","contentUrl":"https:\/\/secure.gravatar.com\/avatar\/50e5c6421d3072f42e7ace803501602c60d75233d34e29fd05feb91c8760b792?s=96&d=mm&r=g","caption":"Redazione Comunicati Stampa"},"url":"https:\/\/www.article-marketing.eu\/comunicati\/author\/redazione-comunicati-stampa\/"}]}},"_links":{"self":[{"href":"https:\/\/www.article-marketing.eu\/comunicati\/wp-json\/wp\/v2\/posts\/3131","targetHints":{"allow":["GET"]}}],"collection":[{"href":"https:\/\/www.article-marketing.eu\/comunicati\/wp-json\/wp\/v2\/posts"}],"about":[{"href":"https:\/\/www.article-marketing.eu\/comunicati\/wp-json\/wp\/v2\/types\/post"}],"author":[{"embeddable":true,"href":"https:\/\/www.article-marketing.eu\/comunicati\/wp-json\/wp\/v2\/users\/10"}],"replies":[{"embeddable":true,"href":"https:\/\/www.article-marketing.eu\/comunicati\/wp-json\/wp\/v2\/comments?post=3131"}],"version-history":[{"count":1,"href":"https:\/\/www.article-marketing.eu\/comunicati\/wp-json\/wp\/v2\/posts\/3131\/revisions"}],"predecessor-version":[{"id":55309,"href":"https:\/\/www.article-marketing.eu\/comunicati\/wp-json\/wp\/v2\/posts\/3131\/revisions\/55309"}],"wp:attachment":[{"href":"https:\/\/www.article-marketing.eu\/comunicati\/wp-json\/wp\/v2\/media?parent=3131"}],"wp:term":[{"taxonomy":"category","embeddable":true,"href":"https:\/\/www.article-marketing.eu\/comunicati\/wp-json\/wp\/v2\/categories?post=3131"},{"taxonomy":"post_tag","embeddable":true,"href":"https:\/\/www.article-marketing.eu\/comunicati\/wp-json\/wp\/v2\/tags?post=3131"}],"curies":[{"name":"wp","href":"https:\/\/api.w.org\/{rel}","templated":true}]}}