{"id":3160,"date":"2009-10-27T12:02:54","date_gmt":"2009-10-27T11:02:54","guid":{"rendered":"http:\/\/www.article-marketing.eu\/comunicati\/senza-categoria\/paolo-di-bello-nuovo-senior-consultant-di-amapola\/"},"modified":"2009-10-27T12:02:54","modified_gmt":"2009-10-27T11:02:54","slug":"paolo-di-bello-nuovo-senior-consultant-di-amapola","status":"publish","type":"post","link":"https:\/\/www.article-marketing.eu\/comunicati\/comunicati-stampa\/paolo-di-bello-nuovo-senior-consultant-di-amapola\/","title":{"rendered":"PAOLO DI BELLO, NUOVO SENIOR CONSULTANT DI AMAPOLA"},"content":{"rendered":"<p style=\"TEXT-ALIGN: justify\"><em>Milano, 27 ottobre 2009<\/em> &#8211; <strong>Paolo Di Bello<\/strong>, gi\u00e0 Armando Testa e BGS Leo Burnett, entra a far parte del team di Amapola, agenzia italiana di comunicazione integrata, con l\u2019incarico di senior consultant per lo sviluppo delle attivit\u00e0 d\u2019agenzia dedicate all\u2019<em>above the line.<\/em>&nbsp; <\/p>\n<p style=\"TEXT-ALIGN: justify\">Di Bello proviene dal gruppo Armando Testa, dove ha ricoperto diversi ruoli, l\u2019ultimo dei quali la responsabilit\u00e0 della sede torinese di Intesta, agenzia del Gruppo Armando Testa specializzata in advertising, below the line&nbsp; e corporate identity.<\/p>\n<p style=\"TEXT-ALIGN: justify\">In precedenza Di Bello ha lavorato nel team di Azzurra\/BGS, societ\u00e0 del gruppo Leo Burnett, dove \u00e8 stato responsabile della pubblicit\u00e0 della rete di vendita e assistenza Fiat per il centro e il sud Italia. Laureato in giurisprudenza ha iniziato il proprio percorso professionale con l\u2019esercizio della pratica forense. Ha poi trasferito l\u2019esperienza acquisita in campo legale al settore immobiliare e a quello aziendale, maturando&nbsp; interesse crescente per la comunicazione e la pubblicit\u00e0.<\/p>\n<p style=\"TEXT-ALIGN: justify\">&nbsp;<\/p>\n<p style=\"TEXT-ALIGN: justify\">&nbsp;<\/p>\n<p style=\"TEXT-ALIGN: justify\">&nbsp;<\/p>\n<p style=\"TEXT-ALIGN: justify\">&nbsp;<\/p>\n<p>Per informazioni: <\/p>\n<p>patrizia.puleo@amapola.biz<\/p>\n<p>Tel 02 87384206<\/p>\n<p>cell. 349 78 35 686<\/p>\n<p>luca.valpreda@amapola.biz<\/p>\n<p>Tel 02 87384206<\/p>\n<p>cell. 349 41 32 852<\/p>\n<p style=\"TEXT-ALIGN: justify\">&nbsp;<strong><em><u>Amapola <\/u><\/em><\/strong><\/p>\n<p style=\"TEXT-ALIGN: justify\"><em>Amapola \u00e8 un\u2019<\/em><em>agenzia italiana di comunicazione e<strong> relazioni pubbliche <\/strong>specializzata nello sviluppo di progetti di comunicazione integrata, web communication e consulenza strategica per imprese, enti e organizzazioni. Caratterizzata dal particolare approccio \u201ccare\u201d verso i temi della comunicazione, Amapola si propone come un partner attento alla cura dei progetti e alla relazione con i clienti. Nata nel 2009, l\u2019agenzia vanta un\u2019esperienza di oltre vent\u2019anni nel campo della comunicazione grazie alla presenza di un team di professionisti con una lunga carriera alle spalle e a una rete stabile di partner e collaboratori tra i pi\u00f9 validi e collaudati nelle varie discipline. L\u2019agenzia ha sede a Milano. <\/em><\/p>\n<p style=\"TEXT-ALIGN: justify\">&nbsp;<\/p>\n<p style=\"TEXT-ALIGN: justify\"><u><em>L&#8217;Offerta<\/em><\/u><\/p>\n<p style=\"MARGIN: 0cm 22.9pt 0pt 18pt; TEXT-INDENT: -18pt; LINE-HEIGHT: normal\"><em>\u00b7&nbsp;&nbsp;&nbsp;&nbsp;&nbsp;&nbsp;&nbsp; comunicazione istituzionale<\/em><\/p>\n<p style=\"MARGIN: 0cm 22.9pt 0pt 18pt; TEXT-INDENT: -18pt; LINE-HEIGHT: normal\"><em>\u00b7&nbsp;&nbsp;&nbsp;&nbsp;&nbsp;&nbsp;&nbsp; comunicazione di brand e di marketing<\/em><\/p>\n<p style=\"MARGIN: 0cm 22.9pt 0pt 18pt; TEXT-INDENT: -18pt; LINE-HEIGHT: normal\"><em>\u00b7&nbsp;&nbsp;&nbsp;&nbsp;&nbsp;&nbsp;&nbsp; web e social media<\/em><\/p>\n<p style=\"MARGIN: 0cm 22.9pt 0pt 18pt; TEXT-INDENT: -18pt; LINE-HEIGHT: normal\"><em>\u00b7&nbsp;&nbsp;&nbsp;&nbsp;&nbsp;&nbsp;&nbsp; relazioni pubbliche<\/em><\/p>\n<p style=\"MARGIN: 0cm 22.9pt 0pt 18pt; TEXT-INDENT: -18pt; LINE-HEIGHT: normal\"><em>\u00b7&nbsp;&nbsp;&nbsp;&nbsp;&nbsp;&nbsp;&nbsp; copywriting e servizi editoriali<\/em><\/p>\n<p style=\"MARGIN: 0cm 22.9pt 0pt 18pt; TEXT-INDENT: -18pt; LINE-HEIGHT: normal\"><em><\/em><\/p>\n<p style=\"TEXT-ALIGN: justify\">\n<p style=\"TEXT-ALIGN: justify\"><em>&nbsp;<a href=\"http:\/\/www.amapola.biz\/\">www.amapola.biz<\/a><\/em><\/p>\n","protected":false},"excerpt":{"rendered":"<p>Gi\u00e0 Armando Testa e BGS Leo Burnett, Di Bello entra a far parte del team d&#8217;agenzia per le attivit\u00e0 di above the line<\/p>\n","protected":false},"author":10,"featured_media":0,"comment_status":"open","ping_status":"open","sticky":false,"template":"","format":"standard","meta":{"cybocfi_hide_featured_image":"","footnotes":""},"categories":[190],"tags":[383,10020,10146,10147,104,10148],"class_list":["post-3160","post","type-post","status-publish","format-standard","hentry","category-comunicati-stampa","tag-agenzia","tag-amapola","tag-di-bello","tag-patrizia-puleo","tag-pubblicita","tag-testa"],"yoast_head":"<!-- This site is optimized with the Yoast SEO plugin v27.0 - https:\/\/yoast.com\/product\/yoast-seo-wordpress\/ -->\n<title>PAOLO DI BELLO, NUOVO SENIOR CONSULTANT DI AMAPOLA - Article Marketing<\/title>\n<meta name=\"robots\" content=\"index, follow, max-snippet:-1, max-image-preview:large, max-video-preview:-1\" \/>\n<link rel=\"canonical\" href=\"https:\/\/www.article-marketing.eu\/comunicati\/comunicati-stampa\/paolo-di-bello-nuovo-senior-consultant-di-amapola\/\" \/>\n<meta property=\"og:locale\" content=\"it_IT\" \/>\n<meta property=\"og:type\" content=\"article\" \/>\n<meta property=\"og:title\" content=\"PAOLO DI BELLO, NUOVO SENIOR CONSULTANT DI AMAPOLA - Article Marketing\" \/>\n<meta property=\"og:description\" content=\"Gi\u00e0 Armando Testa e BGS Leo Burnett, Di Bello entra a far parte del team d&#039;agenzia per le attivit\u00e0 di above the line\" \/>\n<meta property=\"og:url\" content=\"https:\/\/www.article-marketing.eu\/comunicati\/comunicati-stampa\/paolo-di-bello-nuovo-senior-consultant-di-amapola\/\" \/>\n<meta property=\"og:site_name\" content=\"Article Marketing\" \/>\n<meta property=\"article:published_time\" content=\"2009-10-27T11:02:54+00:00\" \/>\n<meta name=\"author\" content=\"Redazione Comunicati Stampa\" \/>\n<meta name=\"twitter:card\" content=\"summary_large_image\" \/>\n<meta name=\"twitter:label1\" content=\"Scritto da\" \/>\n\t<meta name=\"twitter:data1\" content=\"Redazione Comunicati Stampa\" \/>\n\t<meta name=\"twitter:label2\" content=\"Tempo di lettura stimato\" \/>\n\t<meta name=\"twitter:data2\" content=\"2 minuti\" \/>\n<script type=\"application\/ld+json\" class=\"yoast-schema-graph\">{\"@context\":\"https:\/\/schema.org\",\"@graph\":[{\"@type\":\"Article\",\"@id\":\"https:\/\/www.article-marketing.eu\/comunicati\/comunicati-stampa\/paolo-di-bello-nuovo-senior-consultant-di-amapola\/#article\",\"isPartOf\":{\"@id\":\"https:\/\/www.article-marketing.eu\/comunicati\/comunicati-stampa\/paolo-di-bello-nuovo-senior-consultant-di-amapola\/\"},\"author\":{\"name\":\"Redazione Comunicati Stampa\",\"@id\":\"https:\/\/www.article-marketing.eu\/comunicati\/#\/schema\/person\/44372e4d4d0fa797b18e03ed1ace9017\"},\"headline\":\"PAOLO DI BELLO, NUOVO SENIOR CONSULTANT DI AMAPOLA\",\"datePublished\":\"2009-10-27T11:02:54+00:00\",\"mainEntityOfPage\":{\"@id\":\"https:\/\/www.article-marketing.eu\/comunicati\/comunicati-stampa\/paolo-di-bello-nuovo-senior-consultant-di-amapola\/\"},\"wordCount\":353,\"commentCount\":0,\"keywords\":[\"agenzia\",\"Amapola\",\"Di Bello\",\"Patrizia Puleo\",\"pubblicit\u00e0\",\"Testa\"],\"articleSection\":[\"Comunicati stampa\"],\"inLanguage\":\"it-IT\",\"potentialAction\":[{\"@type\":\"CommentAction\",\"name\":\"Comment\",\"target\":[\"https:\/\/www.article-marketing.eu\/comunicati\/comunicati-stampa\/paolo-di-bello-nuovo-senior-consultant-di-amapola\/#respond\"]}]},{\"@type\":\"WebPage\",\"@id\":\"https:\/\/www.article-marketing.eu\/comunicati\/comunicati-stampa\/paolo-di-bello-nuovo-senior-consultant-di-amapola\/\",\"url\":\"https:\/\/www.article-marketing.eu\/comunicati\/comunicati-stampa\/paolo-di-bello-nuovo-senior-consultant-di-amapola\/\",\"name\":\"PAOLO DI BELLO, NUOVO SENIOR CONSULTANT DI AMAPOLA - Article Marketing\",\"isPartOf\":{\"@id\":\"https:\/\/www.article-marketing.eu\/comunicati\/#website\"},\"datePublished\":\"2009-10-27T11:02:54+00:00\",\"author\":{\"@id\":\"https:\/\/www.article-marketing.eu\/comunicati\/#\/schema\/person\/44372e4d4d0fa797b18e03ed1ace9017\"},\"breadcrumb\":{\"@id\":\"https:\/\/www.article-marketing.eu\/comunicati\/comunicati-stampa\/paolo-di-bello-nuovo-senior-consultant-di-amapola\/#breadcrumb\"},\"inLanguage\":\"it-IT\",\"potentialAction\":[{\"@type\":\"ReadAction\",\"target\":[\"https:\/\/www.article-marketing.eu\/comunicati\/comunicati-stampa\/paolo-di-bello-nuovo-senior-consultant-di-amapola\/\"]}]},{\"@type\":\"BreadcrumbList\",\"@id\":\"https:\/\/www.article-marketing.eu\/comunicati\/comunicati-stampa\/paolo-di-bello-nuovo-senior-consultant-di-amapola\/#breadcrumb\",\"itemListElement\":[{\"@type\":\"ListItem\",\"position\":1,\"name\":\"Home\",\"item\":\"https:\/\/www.article-marketing.eu\/comunicati\/\"},{\"@type\":\"ListItem\",\"position\":2,\"name\":\"PAOLO DI BELLO, NUOVO SENIOR CONSULTANT DI AMAPOLA\"}]},{\"@type\":\"WebSite\",\"@id\":\"https:\/\/www.article-marketing.eu\/comunicati\/#website\",\"url\":\"https:\/\/www.article-marketing.eu\/comunicati\/\",\"name\":\"Article Marketing\",\"description\":\"article marketing &amp; press release\",\"potentialAction\":[{\"@type\":\"SearchAction\",\"target\":{\"@type\":\"EntryPoint\",\"urlTemplate\":\"https:\/\/www.article-marketing.eu\/comunicati\/?s={search_term_string}\"},\"query-input\":{\"@type\":\"PropertyValueSpecification\",\"valueRequired\":true,\"valueName\":\"search_term_string\"}}],\"inLanguage\":\"it-IT\"},{\"@type\":\"Person\",\"@id\":\"https:\/\/www.article-marketing.eu\/comunicati\/#\/schema\/person\/44372e4d4d0fa797b18e03ed1ace9017\",\"name\":\"Redazione Comunicati Stampa\",\"image\":{\"@type\":\"ImageObject\",\"inLanguage\":\"it-IT\",\"@id\":\"https:\/\/www.article-marketing.eu\/comunicati\/#\/schema\/person\/image\/\",\"url\":\"https:\/\/secure.gravatar.com\/avatar\/50e5c6421d3072f42e7ace803501602c60d75233d34e29fd05feb91c8760b792?s=96&d=mm&r=g\",\"contentUrl\":\"https:\/\/secure.gravatar.com\/avatar\/50e5c6421d3072f42e7ace803501602c60d75233d34e29fd05feb91c8760b792?s=96&d=mm&r=g\",\"caption\":\"Redazione Comunicati Stampa\"},\"url\":\"https:\/\/www.article-marketing.eu\/comunicati\/author\/redazione-comunicati-stampa\/\"}]}<\/script>\n<!-- \/ Yoast SEO plugin. -->","yoast_head_json":{"title":"PAOLO DI BELLO, NUOVO SENIOR CONSULTANT DI AMAPOLA - Article Marketing","robots":{"index":"index","follow":"follow","max-snippet":"max-snippet:-1","max-image-preview":"max-image-preview:large","max-video-preview":"max-video-preview:-1"},"canonical":"https:\/\/www.article-marketing.eu\/comunicati\/comunicati-stampa\/paolo-di-bello-nuovo-senior-consultant-di-amapola\/","og_locale":"it_IT","og_type":"article","og_title":"PAOLO DI BELLO, NUOVO SENIOR CONSULTANT DI AMAPOLA - Article Marketing","og_description":"Gi\u00e0 Armando Testa e BGS Leo Burnett, Di Bello entra a far parte del team d'agenzia per le attivit\u00e0 di above the line","og_url":"https:\/\/www.article-marketing.eu\/comunicati\/comunicati-stampa\/paolo-di-bello-nuovo-senior-consultant-di-amapola\/","og_site_name":"Article Marketing","article_published_time":"2009-10-27T11:02:54+00:00","author":"Redazione Comunicati Stampa","twitter_card":"summary_large_image","twitter_misc":{"Scritto da":"Redazione Comunicati Stampa","Tempo di lettura stimato":"2 minuti"},"schema":{"@context":"https:\/\/schema.org","@graph":[{"@type":"Article","@id":"https:\/\/www.article-marketing.eu\/comunicati\/comunicati-stampa\/paolo-di-bello-nuovo-senior-consultant-di-amapola\/#article","isPartOf":{"@id":"https:\/\/www.article-marketing.eu\/comunicati\/comunicati-stampa\/paolo-di-bello-nuovo-senior-consultant-di-amapola\/"},"author":{"name":"Redazione Comunicati Stampa","@id":"https:\/\/www.article-marketing.eu\/comunicati\/#\/schema\/person\/44372e4d4d0fa797b18e03ed1ace9017"},"headline":"PAOLO DI BELLO, NUOVO SENIOR CONSULTANT DI AMAPOLA","datePublished":"2009-10-27T11:02:54+00:00","mainEntityOfPage":{"@id":"https:\/\/www.article-marketing.eu\/comunicati\/comunicati-stampa\/paolo-di-bello-nuovo-senior-consultant-di-amapola\/"},"wordCount":353,"commentCount":0,"keywords":["agenzia","Amapola","Di Bello","Patrizia Puleo","pubblicit\u00e0","Testa"],"articleSection":["Comunicati stampa"],"inLanguage":"it-IT","potentialAction":[{"@type":"CommentAction","name":"Comment","target":["https:\/\/www.article-marketing.eu\/comunicati\/comunicati-stampa\/paolo-di-bello-nuovo-senior-consultant-di-amapola\/#respond"]}]},{"@type":"WebPage","@id":"https:\/\/www.article-marketing.eu\/comunicati\/comunicati-stampa\/paolo-di-bello-nuovo-senior-consultant-di-amapola\/","url":"https:\/\/www.article-marketing.eu\/comunicati\/comunicati-stampa\/paolo-di-bello-nuovo-senior-consultant-di-amapola\/","name":"PAOLO DI BELLO, NUOVO SENIOR CONSULTANT DI AMAPOLA - Article Marketing","isPartOf":{"@id":"https:\/\/www.article-marketing.eu\/comunicati\/#website"},"datePublished":"2009-10-27T11:02:54+00:00","author":{"@id":"https:\/\/www.article-marketing.eu\/comunicati\/#\/schema\/person\/44372e4d4d0fa797b18e03ed1ace9017"},"breadcrumb":{"@id":"https:\/\/www.article-marketing.eu\/comunicati\/comunicati-stampa\/paolo-di-bello-nuovo-senior-consultant-di-amapola\/#breadcrumb"},"inLanguage":"it-IT","potentialAction":[{"@type":"ReadAction","target":["https:\/\/www.article-marketing.eu\/comunicati\/comunicati-stampa\/paolo-di-bello-nuovo-senior-consultant-di-amapola\/"]}]},{"@type":"BreadcrumbList","@id":"https:\/\/www.article-marketing.eu\/comunicati\/comunicati-stampa\/paolo-di-bello-nuovo-senior-consultant-di-amapola\/#breadcrumb","itemListElement":[{"@type":"ListItem","position":1,"name":"Home","item":"https:\/\/www.article-marketing.eu\/comunicati\/"},{"@type":"ListItem","position":2,"name":"PAOLO DI BELLO, NUOVO SENIOR CONSULTANT DI AMAPOLA"}]},{"@type":"WebSite","@id":"https:\/\/www.article-marketing.eu\/comunicati\/#website","url":"https:\/\/www.article-marketing.eu\/comunicati\/","name":"Article Marketing","description":"article marketing &amp; press release","potentialAction":[{"@type":"SearchAction","target":{"@type":"EntryPoint","urlTemplate":"https:\/\/www.article-marketing.eu\/comunicati\/?s={search_term_string}"},"query-input":{"@type":"PropertyValueSpecification","valueRequired":true,"valueName":"search_term_string"}}],"inLanguage":"it-IT"},{"@type":"Person","@id":"https:\/\/www.article-marketing.eu\/comunicati\/#\/schema\/person\/44372e4d4d0fa797b18e03ed1ace9017","name":"Redazione Comunicati Stampa","image":{"@type":"ImageObject","inLanguage":"it-IT","@id":"https:\/\/www.article-marketing.eu\/comunicati\/#\/schema\/person\/image\/","url":"https:\/\/secure.gravatar.com\/avatar\/50e5c6421d3072f42e7ace803501602c60d75233d34e29fd05feb91c8760b792?s=96&d=mm&r=g","contentUrl":"https:\/\/secure.gravatar.com\/avatar\/50e5c6421d3072f42e7ace803501602c60d75233d34e29fd05feb91c8760b792?s=96&d=mm&r=g","caption":"Redazione Comunicati Stampa"},"url":"https:\/\/www.article-marketing.eu\/comunicati\/author\/redazione-comunicati-stampa\/"}]}},"_links":{"self":[{"href":"https:\/\/www.article-marketing.eu\/comunicati\/wp-json\/wp\/v2\/posts\/3160","targetHints":{"allow":["GET"]}}],"collection":[{"href":"https:\/\/www.article-marketing.eu\/comunicati\/wp-json\/wp\/v2\/posts"}],"about":[{"href":"https:\/\/www.article-marketing.eu\/comunicati\/wp-json\/wp\/v2\/types\/post"}],"author":[{"embeddable":true,"href":"https:\/\/www.article-marketing.eu\/comunicati\/wp-json\/wp\/v2\/users\/10"}],"replies":[{"embeddable":true,"href":"https:\/\/www.article-marketing.eu\/comunicati\/wp-json\/wp\/v2\/comments?post=3160"}],"version-history":[{"count":0,"href":"https:\/\/www.article-marketing.eu\/comunicati\/wp-json\/wp\/v2\/posts\/3160\/revisions"}],"wp:attachment":[{"href":"https:\/\/www.article-marketing.eu\/comunicati\/wp-json\/wp\/v2\/media?parent=3160"}],"wp:term":[{"taxonomy":"category","embeddable":true,"href":"https:\/\/www.article-marketing.eu\/comunicati\/wp-json\/wp\/v2\/categories?post=3160"},{"taxonomy":"post_tag","embeddable":true,"href":"https:\/\/www.article-marketing.eu\/comunicati\/wp-json\/wp\/v2\/tags?post=3160"}],"curies":[{"name":"wp","href":"https:\/\/api.w.org\/{rel}","templated":true}]}}