{"id":3167,"date":"2009-10-27T18:52:24","date_gmt":"2009-10-27T17:52:24","guid":{"rendered":"http:\/\/www.article-marketing.eu\/comunicati\/senza-categoria\/bed-and-breakfast-a-napoli-latt-e-liett\/"},"modified":"2018-06-04T20:31:01","modified_gmt":"2018-06-04T18:31:01","slug":"bed-and-breakfast-a-napoli-latt-e-liett","status":"publish","type":"post","link":"https:\/\/www.article-marketing.eu\/comunicati\/arte-e-cultura\/bed-and-breakfast-a-napoli-latt-e-liett\/","title":{"rendered":"Bed and breakfast a Napoli: Latt e Liett"},"content":{"rendered":"<p style=\"TEXT-ALIGN: justify\" mce_style=\"text-align: justify;\">Visitare Napoli significa immergersi in uno scenario di straordinaria complessit\u00e0 e bellezza: 2.500 anni di storia rappresentati e ricostruiti da testimonianze artistiche di enorme valore che, nell attuale tessuto urbano, si incrociano, si sovrappongono e offrono al visitatore la possibilit\u00e0 di poter costruire un personale percorso e un proprio bagaglio di conoscenze e scoperte.<br \/>Il <strong>bed and breakfast  Latt e Liett <\/strong> rappresenta una finestra sul golfo della citt\u00e0 ed \u00e8 situato a 20 metri da Piazza Municipio e dal Maschio Angioino, ma anche a pochi passi da Piazza del Plebiscito e dalla zona dei monumenti pi\u00f9 importanti. Proprio di fronte al b&amp;b si trova il porto, dove vi sono traghetti ed aliscafi pronti per partire all insegna di un tour per Capri, Ischia,Procida, Sorrento, Positano, Amalfi, Sicilia, Sardegna, Tunisia e Isole Eolie.<\/p>\n<p style=\"TEXT-ALIGN: justify\" mce_style=\"text-align: justify;\">Per la sua <strong>posizione<\/strong> centrale  Latt e Liett  \u00e8 ideale per raggiungere agevolmente ogni zona della citt\u00e0 anche a piedi ed \u00e8 servito da tutti i mezzi pubblici di trasporto. A soli 2 minuti di cammino, infatti, \u00e8 situata la stazione degli autobus per: Pompei, Vesuvio, Ercolano, Sorrento, Positano e Costiera Amalfitana.<br \/>Latt&#8217; e Liett&#8217; \u00e8 un&#8217;incantevole ed accogliente dimora con <strong>3 mini-appartamenti<\/strong>, <strong>appena ristrutturati, ciascuno con ingresso indipendente ed un piccolo terrazzino con vista sul mare<\/strong>. Sono arredati con gusto e con colori caldi, per meglio respirare l atmosfera di Napoli.<\/p>\n<p style=\"TEXT-ALIGN: justify\" mce_style=\"text-align: justify;\">Potrete usufruire di tutti i <strong>comfort<\/strong> tipici di una residenza privata per meglio allietare il vostro soggiorno: letto matrimoniale, angolo cottura completamente attrezzato,bagno con box doccia, televisione con canali satellitari,stereo con lettore cd, mini-frigo con freezer, aria condizionata, riscaldamento autonomo.<br \/><strong>Per una vacanza nel cuore di Napoli il b&amp;b Latte e Letto fa al caso vostro!<\/strong><\/p>\n<p style=\"TEXT-ALIGN: justify\" mce_style=\"text-align: justify;\">Il b&amp;b Latt e Liett \u00e8 presente anche su bedandbreakfastmania. <\/p>\n<p style=\"TEXT-ALIGN: justify\" mce_style=\"text-align: justify;\"><strong><u>Per informazioni:<br \/><\/u><\/strong><em>B&amp;B Latt e Liett<br \/><\/em>Via Melisurgo 4<br \/>80133 Napoli<br \/>Tel: +39 3386503554<br \/><a href=\"http:\/\/www.latteletto.it\/\">Visita il sito ufficiale<\/a><\/p>\n","protected":false},"excerpt":{"rendered":"<p>Prenota la tua vacanza a Napoli, nel bed and breakfast Latt e Liett, suggestivo ed economico!<\/p>\n","protected":false},"author":10,"featured_media":0,"comment_status":"open","ping_status":"open","sticky":false,"template":"","format":"standard","meta":{"cybocfi_hide_featured_image":"","footnotes":""},"categories":[27],"tags":[],"class_list":["post-3167","post","type-post","status-publish","format-standard","hentry","category-arte-e-cultura"],"yoast_head":"<!-- This site is optimized with the Yoast SEO plugin v27.0 - https:\/\/yoast.com\/product\/yoast-seo-wordpress\/ -->\n<title>Bed and breakfast a Napoli: Latt e Liett - Article Marketing<\/title>\n<meta name=\"robots\" content=\"index, follow, max-snippet:-1, max-image-preview:large, max-video-preview:-1\" \/>\n<link rel=\"canonical\" href=\"https:\/\/www.article-marketing.eu\/comunicati\/arte-e-cultura\/bed-and-breakfast-a-napoli-latt-e-liett\/\" \/>\n<meta property=\"og:locale\" content=\"it_IT\" \/>\n<meta property=\"og:type\" content=\"article\" \/>\n<meta property=\"og:title\" content=\"Bed and breakfast a Napoli: Latt e Liett - Article Marketing\" \/>\n<meta property=\"og:description\" content=\"Prenota la tua vacanza a Napoli, nel bed and breakfast Latt e Liett, suggestivo ed economico!\" \/>\n<meta property=\"og:url\" content=\"https:\/\/www.article-marketing.eu\/comunicati\/arte-e-cultura\/bed-and-breakfast-a-napoli-latt-e-liett\/\" \/>\n<meta property=\"og:site_name\" content=\"Article Marketing\" \/>\n<meta property=\"article:published_time\" content=\"2009-10-27T17:52:24+00:00\" \/>\n<meta property=\"article:modified_time\" content=\"2018-06-04T18:31:01+00:00\" \/>\n<meta name=\"author\" content=\"Redazione Comunicati Stampa\" \/>\n<meta name=\"twitter:card\" content=\"summary_large_image\" \/>\n<meta name=\"twitter:label1\" content=\"Scritto da\" \/>\n\t<meta name=\"twitter:data1\" content=\"Redazione Comunicati Stampa\" \/>\n\t<meta name=\"twitter:label2\" content=\"Tempo di lettura stimato\" \/>\n\t<meta name=\"twitter:data2\" content=\"2 minuti\" \/>\n<script type=\"application\/ld+json\" class=\"yoast-schema-graph\">{\"@context\":\"https:\/\/schema.org\",\"@graph\":[{\"@type\":\"Article\",\"@id\":\"https:\/\/www.article-marketing.eu\/comunicati\/arte-e-cultura\/bed-and-breakfast-a-napoli-latt-e-liett\/#article\",\"isPartOf\":{\"@id\":\"https:\/\/www.article-marketing.eu\/comunicati\/arte-e-cultura\/bed-and-breakfast-a-napoli-latt-e-liett\/\"},\"author\":{\"name\":\"Redazione Comunicati Stampa\",\"@id\":\"https:\/\/www.article-marketing.eu\/comunicati\/#\/schema\/person\/44372e4d4d0fa797b18e03ed1ace9017\"},\"headline\":\"Bed and breakfast a Napoli: Latt e Liett\",\"datePublished\":\"2009-10-27T17:52:24+00:00\",\"dateModified\":\"2018-06-04T18:31:01+00:00\",\"mainEntityOfPage\":{\"@id\":\"https:\/\/www.article-marketing.eu\/comunicati\/arte-e-cultura\/bed-and-breakfast-a-napoli-latt-e-liett\/\"},\"wordCount\":312,\"commentCount\":0,\"articleSection\":[\"Arte e cultura\"],\"inLanguage\":\"it-IT\",\"potentialAction\":[{\"@type\":\"CommentAction\",\"name\":\"Comment\",\"target\":[\"https:\/\/www.article-marketing.eu\/comunicati\/arte-e-cultura\/bed-and-breakfast-a-napoli-latt-e-liett\/#respond\"]}]},{\"@type\":\"WebPage\",\"@id\":\"https:\/\/www.article-marketing.eu\/comunicati\/arte-e-cultura\/bed-and-breakfast-a-napoli-latt-e-liett\/\",\"url\":\"https:\/\/www.article-marketing.eu\/comunicati\/arte-e-cultura\/bed-and-breakfast-a-napoli-latt-e-liett\/\",\"name\":\"Bed and breakfast a Napoli: Latt e Liett - Article Marketing\",\"isPartOf\":{\"@id\":\"https:\/\/www.article-marketing.eu\/comunicati\/#website\"},\"datePublished\":\"2009-10-27T17:52:24+00:00\",\"dateModified\":\"2018-06-04T18:31:01+00:00\",\"author\":{\"@id\":\"https:\/\/www.article-marketing.eu\/comunicati\/#\/schema\/person\/44372e4d4d0fa797b18e03ed1ace9017\"},\"breadcrumb\":{\"@id\":\"https:\/\/www.article-marketing.eu\/comunicati\/arte-e-cultura\/bed-and-breakfast-a-napoli-latt-e-liett\/#breadcrumb\"},\"inLanguage\":\"it-IT\",\"potentialAction\":[{\"@type\":\"ReadAction\",\"target\":[\"https:\/\/www.article-marketing.eu\/comunicati\/arte-e-cultura\/bed-and-breakfast-a-napoli-latt-e-liett\/\"]}]},{\"@type\":\"BreadcrumbList\",\"@id\":\"https:\/\/www.article-marketing.eu\/comunicati\/arte-e-cultura\/bed-and-breakfast-a-napoli-latt-e-liett\/#breadcrumb\",\"itemListElement\":[{\"@type\":\"ListItem\",\"position\":1,\"name\":\"Home\",\"item\":\"https:\/\/www.article-marketing.eu\/comunicati\/\"},{\"@type\":\"ListItem\",\"position\":2,\"name\":\"Bed and breakfast a Napoli: Latt e Liett\"}]},{\"@type\":\"WebSite\",\"@id\":\"https:\/\/www.article-marketing.eu\/comunicati\/#website\",\"url\":\"https:\/\/www.article-marketing.eu\/comunicati\/\",\"name\":\"Article Marketing\",\"description\":\"article marketing &amp; press release\",\"potentialAction\":[{\"@type\":\"SearchAction\",\"target\":{\"@type\":\"EntryPoint\",\"urlTemplate\":\"https:\/\/www.article-marketing.eu\/comunicati\/?s={search_term_string}\"},\"query-input\":{\"@type\":\"PropertyValueSpecification\",\"valueRequired\":true,\"valueName\":\"search_term_string\"}}],\"inLanguage\":\"it-IT\"},{\"@type\":\"Person\",\"@id\":\"https:\/\/www.article-marketing.eu\/comunicati\/#\/schema\/person\/44372e4d4d0fa797b18e03ed1ace9017\",\"name\":\"Redazione Comunicati Stampa\",\"image\":{\"@type\":\"ImageObject\",\"inLanguage\":\"it-IT\",\"@id\":\"https:\/\/www.article-marketing.eu\/comunicati\/#\/schema\/person\/image\/\",\"url\":\"https:\/\/secure.gravatar.com\/avatar\/50e5c6421d3072f42e7ace803501602c60d75233d34e29fd05feb91c8760b792?s=96&d=mm&r=g\",\"contentUrl\":\"https:\/\/secure.gravatar.com\/avatar\/50e5c6421d3072f42e7ace803501602c60d75233d34e29fd05feb91c8760b792?s=96&d=mm&r=g\",\"caption\":\"Redazione Comunicati Stampa\"},\"url\":\"https:\/\/www.article-marketing.eu\/comunicati\/author\/redazione-comunicati-stampa\/\"}]}<\/script>\n<!-- \/ Yoast SEO plugin. -->","yoast_head_json":{"title":"Bed and breakfast a Napoli: Latt e Liett - Article Marketing","robots":{"index":"index","follow":"follow","max-snippet":"max-snippet:-1","max-image-preview":"max-image-preview:large","max-video-preview":"max-video-preview:-1"},"canonical":"https:\/\/www.article-marketing.eu\/comunicati\/arte-e-cultura\/bed-and-breakfast-a-napoli-latt-e-liett\/","og_locale":"it_IT","og_type":"article","og_title":"Bed and breakfast a Napoli: Latt e Liett - Article Marketing","og_description":"Prenota la tua vacanza a Napoli, nel bed and breakfast Latt e Liett, suggestivo ed economico!","og_url":"https:\/\/www.article-marketing.eu\/comunicati\/arte-e-cultura\/bed-and-breakfast-a-napoli-latt-e-liett\/","og_site_name":"Article Marketing","article_published_time":"2009-10-27T17:52:24+00:00","article_modified_time":"2018-06-04T18:31:01+00:00","author":"Redazione Comunicati Stampa","twitter_card":"summary_large_image","twitter_misc":{"Scritto da":"Redazione Comunicati Stampa","Tempo di lettura stimato":"2 minuti"},"schema":{"@context":"https:\/\/schema.org","@graph":[{"@type":"Article","@id":"https:\/\/www.article-marketing.eu\/comunicati\/arte-e-cultura\/bed-and-breakfast-a-napoli-latt-e-liett\/#article","isPartOf":{"@id":"https:\/\/www.article-marketing.eu\/comunicati\/arte-e-cultura\/bed-and-breakfast-a-napoli-latt-e-liett\/"},"author":{"name":"Redazione Comunicati Stampa","@id":"https:\/\/www.article-marketing.eu\/comunicati\/#\/schema\/person\/44372e4d4d0fa797b18e03ed1ace9017"},"headline":"Bed and breakfast a Napoli: Latt e Liett","datePublished":"2009-10-27T17:52:24+00:00","dateModified":"2018-06-04T18:31:01+00:00","mainEntityOfPage":{"@id":"https:\/\/www.article-marketing.eu\/comunicati\/arte-e-cultura\/bed-and-breakfast-a-napoli-latt-e-liett\/"},"wordCount":312,"commentCount":0,"articleSection":["Arte e cultura"],"inLanguage":"it-IT","potentialAction":[{"@type":"CommentAction","name":"Comment","target":["https:\/\/www.article-marketing.eu\/comunicati\/arte-e-cultura\/bed-and-breakfast-a-napoli-latt-e-liett\/#respond"]}]},{"@type":"WebPage","@id":"https:\/\/www.article-marketing.eu\/comunicati\/arte-e-cultura\/bed-and-breakfast-a-napoli-latt-e-liett\/","url":"https:\/\/www.article-marketing.eu\/comunicati\/arte-e-cultura\/bed-and-breakfast-a-napoli-latt-e-liett\/","name":"Bed and breakfast a Napoli: Latt e Liett - Article Marketing","isPartOf":{"@id":"https:\/\/www.article-marketing.eu\/comunicati\/#website"},"datePublished":"2009-10-27T17:52:24+00:00","dateModified":"2018-06-04T18:31:01+00:00","author":{"@id":"https:\/\/www.article-marketing.eu\/comunicati\/#\/schema\/person\/44372e4d4d0fa797b18e03ed1ace9017"},"breadcrumb":{"@id":"https:\/\/www.article-marketing.eu\/comunicati\/arte-e-cultura\/bed-and-breakfast-a-napoli-latt-e-liett\/#breadcrumb"},"inLanguage":"it-IT","potentialAction":[{"@type":"ReadAction","target":["https:\/\/www.article-marketing.eu\/comunicati\/arte-e-cultura\/bed-and-breakfast-a-napoli-latt-e-liett\/"]}]},{"@type":"BreadcrumbList","@id":"https:\/\/www.article-marketing.eu\/comunicati\/arte-e-cultura\/bed-and-breakfast-a-napoli-latt-e-liett\/#breadcrumb","itemListElement":[{"@type":"ListItem","position":1,"name":"Home","item":"https:\/\/www.article-marketing.eu\/comunicati\/"},{"@type":"ListItem","position":2,"name":"Bed and breakfast a Napoli: Latt e Liett"}]},{"@type":"WebSite","@id":"https:\/\/www.article-marketing.eu\/comunicati\/#website","url":"https:\/\/www.article-marketing.eu\/comunicati\/","name":"Article Marketing","description":"article marketing &amp; press release","potentialAction":[{"@type":"SearchAction","target":{"@type":"EntryPoint","urlTemplate":"https:\/\/www.article-marketing.eu\/comunicati\/?s={search_term_string}"},"query-input":{"@type":"PropertyValueSpecification","valueRequired":true,"valueName":"search_term_string"}}],"inLanguage":"it-IT"},{"@type":"Person","@id":"https:\/\/www.article-marketing.eu\/comunicati\/#\/schema\/person\/44372e4d4d0fa797b18e03ed1ace9017","name":"Redazione Comunicati Stampa","image":{"@type":"ImageObject","inLanguage":"it-IT","@id":"https:\/\/www.article-marketing.eu\/comunicati\/#\/schema\/person\/image\/","url":"https:\/\/secure.gravatar.com\/avatar\/50e5c6421d3072f42e7ace803501602c60d75233d34e29fd05feb91c8760b792?s=96&d=mm&r=g","contentUrl":"https:\/\/secure.gravatar.com\/avatar\/50e5c6421d3072f42e7ace803501602c60d75233d34e29fd05feb91c8760b792?s=96&d=mm&r=g","caption":"Redazione Comunicati Stampa"},"url":"https:\/\/www.article-marketing.eu\/comunicati\/author\/redazione-comunicati-stampa\/"}]}},"_links":{"self":[{"href":"https:\/\/www.article-marketing.eu\/comunicati\/wp-json\/wp\/v2\/posts\/3167","targetHints":{"allow":["GET"]}}],"collection":[{"href":"https:\/\/www.article-marketing.eu\/comunicati\/wp-json\/wp\/v2\/posts"}],"about":[{"href":"https:\/\/www.article-marketing.eu\/comunicati\/wp-json\/wp\/v2\/types\/post"}],"author":[{"embeddable":true,"href":"https:\/\/www.article-marketing.eu\/comunicati\/wp-json\/wp\/v2\/users\/10"}],"replies":[{"embeddable":true,"href":"https:\/\/www.article-marketing.eu\/comunicati\/wp-json\/wp\/v2\/comments?post=3167"}],"version-history":[{"count":3,"href":"https:\/\/www.article-marketing.eu\/comunicati\/wp-json\/wp\/v2\/posts\/3167\/revisions"}],"predecessor-version":[{"id":55960,"href":"https:\/\/www.article-marketing.eu\/comunicati\/wp-json\/wp\/v2\/posts\/3167\/revisions\/55960"}],"wp:attachment":[{"href":"https:\/\/www.article-marketing.eu\/comunicati\/wp-json\/wp\/v2\/media?parent=3167"}],"wp:term":[{"taxonomy":"category","embeddable":true,"href":"https:\/\/www.article-marketing.eu\/comunicati\/wp-json\/wp\/v2\/categories?post=3167"},{"taxonomy":"post_tag","embeddable":true,"href":"https:\/\/www.article-marketing.eu\/comunicati\/wp-json\/wp\/v2\/tags?post=3167"}],"curies":[{"name":"wp","href":"https:\/\/api.w.org\/{rel}","templated":true}]}}