{"id":31697,"date":"2013-01-08T23:37:25","date_gmt":"2013-01-08T22:37:25","guid":{"rendered":"http:\/\/www.article-marketing.eu\/comunicati\/senza-categoria\/a%80cdiari-di-viaggioa%80%9d-un-padre-un-figlio-e-il-viaggio-della-memoria-per-raccontare-il-campo-di-prigionia-di-un-italiano-durante-la-seconda-guerra-mondiale\/"},"modified":"2013-01-08T23:37:25","modified_gmt":"2013-01-08T22:37:25","slug":"a%80cdiari-di-viaggioa%80%9d-un-padre-un-figlio-e-il-viaggio-della-memoria-per-raccontare-il-campo-di-prigionia-di-un-italiano-durante-la-seconda-guerra-mondiale","status":"publish","type":"post","link":"https:\/\/www.article-marketing.eu\/comunicati\/arte-e-cultura\/teatro\/a%80cdiari-di-viaggioa%80%9d-un-padre-un-figlio-e-il-viaggio-della-memoria-per-raccontare-il-campo-di-prigionia-di-un-italiano-durante-la-seconda-guerra-mondiale\/","title":{"rendered":"\u201cDiari di viaggio\u201d, un padre, un figlio e il viaggio della memoria per raccontare il campo di prigionia di un italiano durante la Seconda Guerra Mondiale"},"content":{"rendered":"<p>Sabato 12 e domenica 13 gennaio il Teatro 99Posti di Torelli di Mercogliano mette in scena una nuova produzione dal titolo &ldquo;Diari di viaggio&rdquo;.<br \/>\nLo spettacolo, con la regia di Gianni Di Nardo, vede lo stesso in scena con suo padre, il novantenne Francesco, per raccontare la deportazione e la prigionia in Germania di quest&rsquo;ultimo durante la Seconda Guerra Mondiale.<br \/>\n&ldquo;Francesco ha solo diciannove anni &#8211; spiega il regista &#8211; quando si arruola volontario per la guerra, non sa cosa lo aspetta, non sa che cos\u00ec scoprir\u00e0 la crudelt\u00e0 e la follia dell&#8217;uomo. Quando arriva l&#8217;armistizio dell&#8217;Otto Settembre, Francesco, come tanti soldati italiani, si trova, all&#8217;improvviso, al di l\u00e0 delle linee nemiche. I tedeschi lo catturano e lo deportano in Germania. Diventa un IMI, uno schiavo di guerra, vilipeso, denutrito, venduto ogni giorno &#8211; in una nazione che odia gli Italiani ritenendoli traditori &#8211; a chi ha bisogno del lavoro delle sue braccia. Sopravvive per due anni in condizioni estreme ma, quando gli chiedono di entrare nelle schiere di Sal\u00f2 e poter tornare cos\u00ec in Italia, si rifiuta e preferisce il campo, il lager, alla farsa ormai palese ai suoi occhi del fascismo, nonostante la fame perenne, il freddo e la paura di morire&rdquo;.<br \/>\nLa vicenda di Francesco, raccontata anche con le illustrazioni di Maria Teresa Sarno, prosegue. Il racconto del testimone, sul palco, si intreccia con un nuovo viaggio, la strada ripercorsa settanta anni dopo insieme a suo figlio, Gianni, che lo accompagna lungo i luoghi della sua memoria, una memoria dolorosa, a volte, e, a volte, candida, animata ancora dall&#8217;innocenza giovanile.<br \/>\nGianni e Francesco viaggiano insieme, lo scopo sembrerebbe quello di intessere di nuovo i fili dei ricordi, di un&#8217;esperienza estrema che rischierebbe di dissolversi se non fosse fissata dalle immagini; eppure questo viaggio ha un duplice significato perch\u00e9 segna anche per il figlio un punto di svolta, la presa di coscienza di aver capito davvero, di aver trovato un dialogo profondo e diverso con Francesco, al di l\u00e0 dei legami di sangue, da uomo a uomo, da essere umano a essere umano.<\/p>\n<p>Francesco torner\u00e0 dalla guerra con in testa una parola: democrazia, e con la curiosit\u00e0 di sperimentarla finalmente. Padre e figlio attraverseranno il muro del tempo a ritroso, minuziosamente e con ostinazione, e faranno ritorno insieme.<br \/> Se la letteratura e il teatro sono testimonianza, questa funzione \u00e8 assolta, una tela tessuta a quattro mani che trova i suoi intoppi per poi procedere, invece, verso la &#8220;verit\u00e0&#8221;, un atto d&#8217;amore completo di un figlio verso suo padre, una prova di come gli uomini possano cambiare, diventare migliori e, seppure fra mille difficolt\u00e0, rimanere puri e non farsi sporcare dall&#8217;oscenit\u00e0 e dal delirio della guerra.<br \/>\nLa Stagione del Teatro 99 posti proseguir\u00e0 Sabato 19 e Domenica 20 gen. con l&rsquo;Aret\u00e9 ensemble di Giovinazzo (BA) con la Medea di Euripide.<\/p>\n<p>Il costo dell&rsquo;abbonamento ai restanti spettacoli \u00e8 stato ridotto 50 euro, il prezzo del biglietto singolo \u00e8 invece di 15 euro e l&rsquo;accesso \u00e8 consentito ai soli soci 99Posti o Associazioni convenzionate. Gli spettacoli del sabato iniziano alle 20,30, quelli della domenica alle ore 18. Il Teatro 99Posti si trova in via Traversa a Torelli di Mercogliano, in prossimit\u00e0 dell&rsquo;uscita Avellino Ovest dell&rsquo;Autostrada A16 Napoli Canosa. Per ulteriori informazioni: www.teatro99posti.com.<\/p>\n","protected":false},"excerpt":{"rendered":"<p>Sabato 12 e domenica 13 gennaio il Teatro 99Posti di Torelli di Mercogliano mette in scena una nuova produzione dal titolo &ldquo;Diari di viaggio&rdquo;. Lo spettacolo, con la regia di Gianni Di Nardo, vede lo stesso in scena con suo padre, il novantenne Francesco, per raccontare la deportazione e la prigionia in Germania di quest&rsquo;ultimo durante la Seconda Guerra Mondiale. &ldquo;Francesco ha solo diciannove anni &#8211; spiega il regista &#8211;<\/p>\n<p><a class=\"continue-reading\" href=\"https:\/\/www.article-marketing.eu\/comunicati\/arte-e-cultura\/teatro\/a%80cdiari-di-viaggioa%80%9d-un-padre-un-figlio-e-il-viaggio-della-memoria-per-raccontare-il-campo-di-prigionia-di-un-italiano-durante-la-seconda-guerra-mondiale\/\">Continue reading&#8230;<\/a><\/p>\n","protected":false},"author":10,"featured_media":0,"comment_status":"open","ping_status":"open","sticky":false,"template":"","format":"standard","meta":{"cybocfi_hide_featured_image":"","footnotes":""},"categories":[1467],"tags":[],"class_list":["post-31697","post","type-post","status-publish","format-standard","hentry","category-teatro"],"yoast_head":"<!-- This site is optimized with the Yoast SEO plugin v27.0 - https:\/\/yoast.com\/product\/yoast-seo-wordpress\/ -->\n<title>\u201cDiari di viaggio\u201d, un padre, un figlio e il viaggio della memoria per raccontare il campo di prigionia di un italiano durante la Seconda Guerra Mondiale - Article Marketing<\/title>\n<meta name=\"robots\" content=\"index, follow, max-snippet:-1, max-image-preview:large, max-video-preview:-1\" \/>\n<link rel=\"canonical\" href=\"https:\/\/www.article-marketing.eu\/comunicati\/arte-e-cultura\/teatro\/a?cdiari-di-viaggioa??-un-padre-un-figlio-e-il-viaggio-della-memoria-per-raccontare-il-campo-di-prigionia-di-un-italiano-durante-la-seconda-guerra-mondiale\/\" \/>\n<meta property=\"og:locale\" content=\"it_IT\" \/>\n<meta property=\"og:type\" content=\"article\" \/>\n<meta property=\"og:title\" content=\"\u201cDiari di viaggio\u201d, un padre, un figlio e il viaggio della memoria per raccontare il campo di prigionia di un italiano durante la Seconda Guerra Mondiale - Article Marketing\" \/>\n<meta property=\"og:description\" content=\"Sabato 12 e domenica 13 gennaio il Teatro 99Posti di Torelli di Mercogliano mette in scena una nuova produzione dal titolo &ldquo;Diari di viaggio&rdquo;. Lo spettacolo, con la regia di Gianni Di Nardo, vede lo stesso in scena con suo padre, il novantenne Francesco, per raccontare la deportazione e la prigionia in Germania di quest&rsquo;ultimo durante la Seconda Guerra Mondiale. &ldquo;Francesco ha solo diciannove anni &#8211; spiega il regista &#8211;Continue reading...\" \/>\n<meta property=\"og:url\" content=\"\" \/>\n<meta property=\"og:site_name\" content=\"Article Marketing\" \/>\n<meta property=\"article:published_time\" content=\"2013-01-08T22:37:25+00:00\" \/>\n<meta name=\"author\" content=\"Redazione Comunicati Stampa\" \/>\n<meta name=\"twitter:card\" content=\"summary_large_image\" \/>\n<meta name=\"twitter:label1\" content=\"Scritto da\" \/>\n\t<meta name=\"twitter:data1\" content=\"Redazione Comunicati Stampa\" \/>\n\t<meta name=\"twitter:label2\" content=\"Tempo di lettura stimato\" \/>\n\t<meta name=\"twitter:data2\" content=\"3 minuti\" \/>\n<script type=\"application\/ld+json\" class=\"yoast-schema-graph\">{\"@context\":\"https:\/\/schema.org\",\"@graph\":[{\"@type\":\"Article\",\"@id\":\"https:\/\/www.article-marketing.eu\/comunicati\/arte-e-cultura\/teatro\/a%80cdiari-di-viaggioa%80%9d-un-padre-un-figlio-e-il-viaggio-della-memoria-per-raccontare-il-campo-di-prigionia-di-un-italiano-durante-la-seconda-guerra-mondiale\/#article\",\"isPartOf\":{\"@id\":\"https:\/\/www.article-marketing.eu\/comunicati\/arte-e-cultura\/teatro\/a%80cdiari-di-viaggioa%80%9d-un-padre-un-figlio-e-il-viaggio-della-memoria-per-raccontare-il-campo-di-prigionia-di-un-italiano-durante-la-seconda-guerra-mondiale\/\"},\"author\":{\"name\":\"Redazione Comunicati Stampa\",\"@id\":\"https:\/\/www.article-marketing.eu\/comunicati\/#\/schema\/person\/44372e4d4d0fa797b18e03ed1ace9017\"},\"headline\":\"\u201cDiari di viaggio\u201d, un padre, un figlio e il viaggio della memoria per raccontare il campo di prigionia di un italiano durante la Seconda Guerra Mondiale\",\"datePublished\":\"2013-01-08T22:37:25+00:00\",\"mainEntityOfPage\":{\"@id\":\"https:\/\/www.article-marketing.eu\/comunicati\/arte-e-cultura\/teatro\/a%80cdiari-di-viaggioa%80%9d-un-padre-un-figlio-e-il-viaggio-della-memoria-per-raccontare-il-campo-di-prigionia-di-un-italiano-durante-la-seconda-guerra-mondiale\/\"},\"wordCount\":573,\"commentCount\":0,\"articleSection\":[\"Teatro\"],\"inLanguage\":\"it-IT\",\"potentialAction\":[{\"@type\":\"CommentAction\",\"name\":\"Comment\",\"target\":[\"https:\/\/www.article-marketing.eu\/comunicati\/arte-e-cultura\/teatro\/a%80cdiari-di-viaggioa%80%9d-un-padre-un-figlio-e-il-viaggio-della-memoria-per-raccontare-il-campo-di-prigionia-di-un-italiano-durante-la-seconda-guerra-mondiale\/#respond\"]}]},{\"@type\":\"WebPage\",\"@id\":\"https:\/\/www.article-marketing.eu\/comunicati\/arte-e-cultura\/teatro\/a%80cdiari-di-viaggioa%80%9d-un-padre-un-figlio-e-il-viaggio-della-memoria-per-raccontare-il-campo-di-prigionia-di-un-italiano-durante-la-seconda-guerra-mondiale\/\",\"url\":\"https:\/\/www.article-marketing.eu\/comunicati\/arte-e-cultura\/teatro\/a%80cdiari-di-viaggioa%80%9d-un-padre-un-figlio-e-il-viaggio-della-memoria-per-raccontare-il-campo-di-prigionia-di-un-italiano-durante-la-seconda-guerra-mondiale\/\",\"name\":\"\u201cDiari di viaggio\u201d, un padre, un figlio e il viaggio della memoria per raccontare il campo di prigionia di un italiano durante la Seconda Guerra Mondiale - Article Marketing\",\"isPartOf\":{\"@id\":\"https:\/\/www.article-marketing.eu\/comunicati\/#website\"},\"datePublished\":\"2013-01-08T22:37:25+00:00\",\"author\":{\"@id\":\"https:\/\/www.article-marketing.eu\/comunicati\/#\/schema\/person\/44372e4d4d0fa797b18e03ed1ace9017\"},\"breadcrumb\":{\"@id\":\"https:\/\/www.article-marketing.eu\/comunicati\/arte-e-cultura\/teatro\/a%80cdiari-di-viaggioa%80%9d-un-padre-un-figlio-e-il-viaggio-della-memoria-per-raccontare-il-campo-di-prigionia-di-un-italiano-durante-la-seconda-guerra-mondiale\/#breadcrumb\"},\"inLanguage\":\"it-IT\",\"potentialAction\":[{\"@type\":\"ReadAction\",\"target\":[\"https:\/\/www.article-marketing.eu\/comunicati\/arte-e-cultura\/teatro\/a%80cdiari-di-viaggioa%80%9d-un-padre-un-figlio-e-il-viaggio-della-memoria-per-raccontare-il-campo-di-prigionia-di-un-italiano-durante-la-seconda-guerra-mondiale\/\"]}]},{\"@type\":\"BreadcrumbList\",\"@id\":\"https:\/\/www.article-marketing.eu\/comunicati\/arte-e-cultura\/teatro\/a%80cdiari-di-viaggioa%80%9d-un-padre-un-figlio-e-il-viaggio-della-memoria-per-raccontare-il-campo-di-prigionia-di-un-italiano-durante-la-seconda-guerra-mondiale\/#breadcrumb\",\"itemListElement\":[{\"@type\":\"ListItem\",\"position\":1,\"name\":\"Home\",\"item\":\"https:\/\/www.article-marketing.eu\/comunicati\/\"},{\"@type\":\"ListItem\",\"position\":2,\"name\":\"\u201cDiari di viaggio\u201d, un padre, un figlio e il viaggio della memoria per raccontare il campo di prigionia di un italiano durante la Seconda Guerra Mondiale\"}]},{\"@type\":\"WebSite\",\"@id\":\"https:\/\/www.article-marketing.eu\/comunicati\/#website\",\"url\":\"https:\/\/www.article-marketing.eu\/comunicati\/\",\"name\":\"Article Marketing\",\"description\":\"article marketing &amp; press release\",\"potentialAction\":[{\"@type\":\"SearchAction\",\"target\":{\"@type\":\"EntryPoint\",\"urlTemplate\":\"https:\/\/www.article-marketing.eu\/comunicati\/?s={search_term_string}\"},\"query-input\":{\"@type\":\"PropertyValueSpecification\",\"valueRequired\":true,\"valueName\":\"search_term_string\"}}],\"inLanguage\":\"it-IT\"},{\"@type\":\"Person\",\"@id\":\"https:\/\/www.article-marketing.eu\/comunicati\/#\/schema\/person\/44372e4d4d0fa797b18e03ed1ace9017\",\"name\":\"Redazione Comunicati Stampa\",\"image\":{\"@type\":\"ImageObject\",\"inLanguage\":\"it-IT\",\"@id\":\"https:\/\/www.article-marketing.eu\/comunicati\/#\/schema\/person\/image\/\",\"url\":\"https:\/\/secure.gravatar.com\/avatar\/50e5c6421d3072f42e7ace803501602c60d75233d34e29fd05feb91c8760b792?s=96&d=mm&r=g\",\"contentUrl\":\"https:\/\/secure.gravatar.com\/avatar\/50e5c6421d3072f42e7ace803501602c60d75233d34e29fd05feb91c8760b792?s=96&d=mm&r=g\",\"caption\":\"Redazione Comunicati Stampa\"},\"url\":\"https:\/\/www.article-marketing.eu\/comunicati\/author\/redazione-comunicati-stampa\/\"}]}<\/script>\n<!-- \/ Yoast SEO plugin. -->","yoast_head_json":{"title":"\u201cDiari di viaggio\u201d, un padre, un figlio e il viaggio della memoria per raccontare il campo di prigionia di un italiano durante la Seconda Guerra Mondiale - Article Marketing","robots":{"index":"index","follow":"follow","max-snippet":"max-snippet:-1","max-image-preview":"max-image-preview:large","max-video-preview":"max-video-preview:-1"},"canonical":"https:\/\/www.article-marketing.eu\/comunicati\/arte-e-cultura\/teatro\/a?cdiari-di-viaggioa??-un-padre-un-figlio-e-il-viaggio-della-memoria-per-raccontare-il-campo-di-prigionia-di-un-italiano-durante-la-seconda-guerra-mondiale\/","og_locale":"it_IT","og_type":"article","og_title":"\u201cDiari di viaggio\u201d, un padre, un figlio e il viaggio della memoria per raccontare il campo di prigionia di un italiano durante la Seconda Guerra Mondiale - Article Marketing","og_description":"Sabato 12 e domenica 13 gennaio il Teatro 99Posti di Torelli di Mercogliano mette in scena una nuova produzione dal titolo &ldquo;Diari di viaggio&rdquo;. Lo spettacolo, con la regia di Gianni Di Nardo, vede lo stesso in scena con suo padre, il novantenne Francesco, per raccontare la deportazione e la prigionia in Germania di quest&rsquo;ultimo durante la Seconda Guerra Mondiale. &ldquo;Francesco ha solo diciannove anni &#8211; spiega il regista &#8211;Continue reading...","og_url":"https:\/\/www.article-marketing.eu\/comunicati\/arte-e-cultura\/teatro\/a?cdiari-di-viaggioa??-un-padre-un-figlio-e-il-viaggio-della-memoria-per-raccontare-il-campo-di-prigionia-di-un-italiano-durante-la-seconda-guerra-mondiale\/","og_site_name":"Article Marketing","article_published_time":"2013-01-08T22:37:25+00:00","author":"Redazione Comunicati Stampa","twitter_card":"summary_large_image","twitter_misc":{"Scritto da":"Redazione Comunicati Stampa","Tempo di lettura stimato":"3 minuti"},"schema":{"@context":"https:\/\/schema.org","@graph":[{"@type":"Article","@id":"https:\/\/www.article-marketing.eu\/comunicati\/arte-e-cultura\/teatro\/a%80cdiari-di-viaggioa%80%9d-un-padre-un-figlio-e-il-viaggio-della-memoria-per-raccontare-il-campo-di-prigionia-di-un-italiano-durante-la-seconda-guerra-mondiale\/#article","isPartOf":{"@id":"https:\/\/www.article-marketing.eu\/comunicati\/arte-e-cultura\/teatro\/a%80cdiari-di-viaggioa%80%9d-un-padre-un-figlio-e-il-viaggio-della-memoria-per-raccontare-il-campo-di-prigionia-di-un-italiano-durante-la-seconda-guerra-mondiale\/"},"author":{"name":"Redazione Comunicati Stampa","@id":"https:\/\/www.article-marketing.eu\/comunicati\/#\/schema\/person\/44372e4d4d0fa797b18e03ed1ace9017"},"headline":"\u201cDiari di viaggio\u201d, un padre, un figlio e il viaggio della memoria per raccontare il campo di prigionia di un italiano durante la Seconda Guerra Mondiale","datePublished":"2013-01-08T22:37:25+00:00","mainEntityOfPage":{"@id":"https:\/\/www.article-marketing.eu\/comunicati\/arte-e-cultura\/teatro\/a%80cdiari-di-viaggioa%80%9d-un-padre-un-figlio-e-il-viaggio-della-memoria-per-raccontare-il-campo-di-prigionia-di-un-italiano-durante-la-seconda-guerra-mondiale\/"},"wordCount":573,"commentCount":0,"articleSection":["Teatro"],"inLanguage":"it-IT","potentialAction":[{"@type":"CommentAction","name":"Comment","target":["https:\/\/www.article-marketing.eu\/comunicati\/arte-e-cultura\/teatro\/a%80cdiari-di-viaggioa%80%9d-un-padre-un-figlio-e-il-viaggio-della-memoria-per-raccontare-il-campo-di-prigionia-di-un-italiano-durante-la-seconda-guerra-mondiale\/#respond"]}]},{"@type":"WebPage","@id":"https:\/\/www.article-marketing.eu\/comunicati\/arte-e-cultura\/teatro\/a%80cdiari-di-viaggioa%80%9d-un-padre-un-figlio-e-il-viaggio-della-memoria-per-raccontare-il-campo-di-prigionia-di-un-italiano-durante-la-seconda-guerra-mondiale\/","url":"https:\/\/www.article-marketing.eu\/comunicati\/arte-e-cultura\/teatro\/a%80cdiari-di-viaggioa%80%9d-un-padre-un-figlio-e-il-viaggio-della-memoria-per-raccontare-il-campo-di-prigionia-di-un-italiano-durante-la-seconda-guerra-mondiale\/","name":"\u201cDiari di viaggio\u201d, un padre, un figlio e il viaggio della memoria per raccontare il campo di prigionia di un italiano durante la Seconda Guerra Mondiale - Article Marketing","isPartOf":{"@id":"https:\/\/www.article-marketing.eu\/comunicati\/#website"},"datePublished":"2013-01-08T22:37:25+00:00","author":{"@id":"https:\/\/www.article-marketing.eu\/comunicati\/#\/schema\/person\/44372e4d4d0fa797b18e03ed1ace9017"},"breadcrumb":{"@id":"https:\/\/www.article-marketing.eu\/comunicati\/arte-e-cultura\/teatro\/a%80cdiari-di-viaggioa%80%9d-un-padre-un-figlio-e-il-viaggio-della-memoria-per-raccontare-il-campo-di-prigionia-di-un-italiano-durante-la-seconda-guerra-mondiale\/#breadcrumb"},"inLanguage":"it-IT","potentialAction":[{"@type":"ReadAction","target":["https:\/\/www.article-marketing.eu\/comunicati\/arte-e-cultura\/teatro\/a%80cdiari-di-viaggioa%80%9d-un-padre-un-figlio-e-il-viaggio-della-memoria-per-raccontare-il-campo-di-prigionia-di-un-italiano-durante-la-seconda-guerra-mondiale\/"]}]},{"@type":"BreadcrumbList","@id":"https:\/\/www.article-marketing.eu\/comunicati\/arte-e-cultura\/teatro\/a%80cdiari-di-viaggioa%80%9d-un-padre-un-figlio-e-il-viaggio-della-memoria-per-raccontare-il-campo-di-prigionia-di-un-italiano-durante-la-seconda-guerra-mondiale\/#breadcrumb","itemListElement":[{"@type":"ListItem","position":1,"name":"Home","item":"https:\/\/www.article-marketing.eu\/comunicati\/"},{"@type":"ListItem","position":2,"name":"\u201cDiari di viaggio\u201d, un padre, un figlio e il viaggio della memoria per raccontare il campo di prigionia di un italiano durante la Seconda Guerra Mondiale"}]},{"@type":"WebSite","@id":"https:\/\/www.article-marketing.eu\/comunicati\/#website","url":"https:\/\/www.article-marketing.eu\/comunicati\/","name":"Article Marketing","description":"article marketing &amp; press release","potentialAction":[{"@type":"SearchAction","target":{"@type":"EntryPoint","urlTemplate":"https:\/\/www.article-marketing.eu\/comunicati\/?s={search_term_string}"},"query-input":{"@type":"PropertyValueSpecification","valueRequired":true,"valueName":"search_term_string"}}],"inLanguage":"it-IT"},{"@type":"Person","@id":"https:\/\/www.article-marketing.eu\/comunicati\/#\/schema\/person\/44372e4d4d0fa797b18e03ed1ace9017","name":"Redazione Comunicati Stampa","image":{"@type":"ImageObject","inLanguage":"it-IT","@id":"https:\/\/www.article-marketing.eu\/comunicati\/#\/schema\/person\/image\/","url":"https:\/\/secure.gravatar.com\/avatar\/50e5c6421d3072f42e7ace803501602c60d75233d34e29fd05feb91c8760b792?s=96&d=mm&r=g","contentUrl":"https:\/\/secure.gravatar.com\/avatar\/50e5c6421d3072f42e7ace803501602c60d75233d34e29fd05feb91c8760b792?s=96&d=mm&r=g","caption":"Redazione Comunicati Stampa"},"url":"https:\/\/www.article-marketing.eu\/comunicati\/author\/redazione-comunicati-stampa\/"}]}},"_links":{"self":[{"href":"https:\/\/www.article-marketing.eu\/comunicati\/wp-json\/wp\/v2\/posts\/31697","targetHints":{"allow":["GET"]}}],"collection":[{"href":"https:\/\/www.article-marketing.eu\/comunicati\/wp-json\/wp\/v2\/posts"}],"about":[{"href":"https:\/\/www.article-marketing.eu\/comunicati\/wp-json\/wp\/v2\/types\/post"}],"author":[{"embeddable":true,"href":"https:\/\/www.article-marketing.eu\/comunicati\/wp-json\/wp\/v2\/users\/10"}],"replies":[{"embeddable":true,"href":"https:\/\/www.article-marketing.eu\/comunicati\/wp-json\/wp\/v2\/comments?post=31697"}],"version-history":[{"count":0,"href":"https:\/\/www.article-marketing.eu\/comunicati\/wp-json\/wp\/v2\/posts\/31697\/revisions"}],"wp:attachment":[{"href":"https:\/\/www.article-marketing.eu\/comunicati\/wp-json\/wp\/v2\/media?parent=31697"}],"wp:term":[{"taxonomy":"category","embeddable":true,"href":"https:\/\/www.article-marketing.eu\/comunicati\/wp-json\/wp\/v2\/categories?post=31697"},{"taxonomy":"post_tag","embeddable":true,"href":"https:\/\/www.article-marketing.eu\/comunicati\/wp-json\/wp\/v2\/tags?post=31697"}],"curies":[{"name":"wp","href":"https:\/\/api.w.org\/{rel}","templated":true}]}}