{"id":3172,"date":"2009-10-28T12:57:11","date_gmt":"2009-10-28T11:57:11","guid":{"rendered":"http:\/\/www.article-marketing.eu\/comunicati\/senza-categoria\/chianciano-terme-una-perla-tra-val-dorcia-e-val-di-chiana\/"},"modified":"2009-10-28T12:57:11","modified_gmt":"2009-10-28T11:57:11","slug":"chianciano-terme-una-perla-tra-val-dorcia-e-val-di-chiana","status":"publish","type":"post","link":"https:\/\/www.article-marketing.eu\/comunicati\/viaggi-e-vacanze\/destinazioni\/chianciano-terme-una-perla-tra-val-dorcia-e-val-di-chiana\/","title":{"rendered":"Chianciano Terme: una perla tra Val d&#8217;Orcia e Val di Chiana"},"content":{"rendered":"<p><strong>Chianciano Terme<\/strong>, caratteristico centro in provincia di Siena, \u00e8 una delle localit\u00e0 termali pi\u00f9 conosciute del Belpaese.<br \/>\nCome scrive lo storico Pier Francesco Listri nel suo &#8220;Dizionario della Toscana&#8221; \u00e8 infatti per interesse Granducale che nel Settecento nacquero i primi stabilimenti internazionalmente noti. Ma le propriet\u00e0 benefiche delle acque che sgorgano in questo incantevole scorcio della bassa Toscana erano gi\u00e0 conosciute nel passato come testimoniano le numerose tracce di insediamenti etruschi e romani.<br \/>\n<BR><BR><br \/>\nSituata in una posizione a dir poco invidiabile, al confine fra la <strong>Val di Chiana<\/strong> (area compresa fra Arezzo e Siena in Toscana, Perugia e Terni in Umbria) e la <strong>Val d&#8217;Orcia<\/strong> (zona che si estende in gran parte sul territorio senese e in maniera minore su quello grossetano, a nord-est del monte Amiata), a 500 metri sul livello del mare, Chianciano Terme \u00e8 facilmente raggiungibile sia dal nord che dal sud Italia (tanto per fare un esempio: dalle citt\u00e0 di Firenze e Roma \u00e8 distante poco pi\u00f9 di un&#8217;ora di auto e ben collegata grazie alla vicinanza dell&#8217;autostrada A1).<br \/>\n<BR><BR><br \/>\nPertanto trascorre una vacanza in un hotel a Chianciano Terme pu\u00f2 rivelarsi sia un&#8217;esperienza all&#8217;insegna del relax e del benessere psico-fisico, sia un&#8217;occasione per conoscere da vicino il fascino e le <strong>tradizioni enogastronomiche e culturali<\/strong> dei tanti borghi medievali presenti nella zona.<br \/>\n<BR><BR><br \/>\nGustarsi un tagliere di formaggi a <strong>Pienza<\/strong> o un bicchiere di Brunello a <strong>Montalcino<\/strong>, trascorrere una giornata in quel di <strong>Bagno Vignoni<\/strong> ai bordi della sua vasca-piazza o per i vicoli di <strong>Montepulciano<\/strong> (set fra l&#8217;altro di &#8220;New Moon&#8221;, il secondo capitolo della saga di <strong>Twilight<\/strong> interpretata dagli attori Kristen Stewart e Robert Pattinson), visitare <strong>Chiusi<\/strong> inoltrandosi nel Labirinto di Porsenna o l&#8217;antica citt\u00e0-stato di Cortona sono infatti pi\u00f9 facili a farsi che a scrivere.<br \/>\nSenza dimenticare i vicini centri d&#8217;arte d&#8217;Arezzo, Siena e Firenze.<br \/>\n<BR><BR><br \/>\nEppoi perch\u00e9 no, volendo allungare un po&#8217; la gita fuori porta \u00e8 possibile fare un salto anche in Umbria (c&#8217;\u00e8 il lago Trasimeno) o nell&#8217;alto Lazio.Ma come gi\u00e0 scritto, i buoni motivi non mancano neppure per riposarsi in un albergo di Chianciano Terme.<br \/>\n<BR><BR><br \/>\nNella cittadina termale oltre ai principali stabilimenti dell&#8217;<U>Acqua Santa<\/U>, di <U>Fucoli<\/U>, di <U>Sillene<\/U> e <U>Sant&#8217;Elena<\/U>, da qualche anno sono presenti anche le <strong>terme sensoriali<\/strong>, innovativa struttura che coniuga assieme architettura moderna, avanzate tecnologie del benessere e la tradizione delle medicine naturale e ayurvedica.<br \/>\nCos\u00ec, per chi fosse intenzionato a ritemprarsi nel fisico e nello spirito, ecco la possibilit\u00e0 di trascorrere anche solo un fine settimana fra rilassanti massaggi, bagni in acque calde, fanghi disintossicanti e camminate nel verde.<br \/>\n<BR><BR><br \/>\nLe offerte, anche last minute, per Chianciano d&#8217;altronde non mancano mai.<br \/>\n<BR><BR><br \/>\nCome recitava un vecchio slogan pubblicitario: provare per credere. E&#8217; sufficiente infatti accendere il proprio pc, navigare per qualche minuto in Rete, scegliere la struttura che pi\u00f9 ci piace, magari un <strong>hotel con piscina nel cuore di Chianciano Terme<\/strong> (in citt\u00e0 \u00e8 inoltre presente un impianto polisportivo con piscina olimpionica cui molti alberghi danno accesso), prenotare e cominciare a preparare le valigie&#8230; la vacanza aspetta!<\/p>\n","protected":false},"excerpt":{"rendered":"<p>Se il vostro fisico chiede una pausa da stress e impegni quotidiani, una vacanza alle terme di Chianciano &#8211; approfittando dei prossimi &#8220;ponti&#8221; e week end &#8211; \u00e8 proprio quello che ci vuole.<\/p>\n","protected":false},"author":10,"featured_media":0,"comment_status":"open","ping_status":"open","sticky":false,"template":"","format":"standard","meta":{"cybocfi_hide_featured_image":"","footnotes":""},"categories":[143],"tags":[10165,10164,10166],"class_list":["post-3172","post","type-post","status-publish","format-standard","hentry","category-destinazioni","tag-hotel-chianciano-terme","tag-hotel-piscina-chianciano-terme","tag-terme-sensoriali-chianciano"],"yoast_head":"<!-- This site is optimized with the Yoast SEO plugin v27.0 - https:\/\/yoast.com\/product\/yoast-seo-wordpress\/ -->\n<title>Chianciano Terme: una perla tra Val d&#039;Orcia e Val di Chiana - Article Marketing<\/title>\n<meta name=\"robots\" content=\"index, follow, max-snippet:-1, max-image-preview:large, max-video-preview:-1\" \/>\n<link rel=\"canonical\" href=\"https:\/\/www.article-marketing.eu\/comunicati\/viaggi-e-vacanze\/destinazioni\/chianciano-terme-una-perla-tra-val-dorcia-e-val-di-chiana\/\" \/>\n<meta property=\"og:locale\" content=\"it_IT\" \/>\n<meta property=\"og:type\" content=\"article\" \/>\n<meta property=\"og:title\" content=\"Chianciano Terme: una perla tra Val d&#039;Orcia e Val di Chiana - Article Marketing\" \/>\n<meta property=\"og:description\" content=\"Se il vostro fisico chiede una pausa da stress e impegni quotidiani, una vacanza alle terme di Chianciano - approfittando dei prossimi &quot;ponti&quot; e week end - \u00e8 proprio quello che ci vuole.\" \/>\n<meta property=\"og:url\" content=\"https:\/\/www.article-marketing.eu\/comunicati\/viaggi-e-vacanze\/destinazioni\/chianciano-terme-una-perla-tra-val-dorcia-e-val-di-chiana\/\" \/>\n<meta property=\"og:site_name\" content=\"Article Marketing\" \/>\n<meta property=\"article:published_time\" content=\"2009-10-28T11:57:11+00:00\" \/>\n<meta name=\"author\" content=\"Redazione Comunicati Stampa\" \/>\n<meta name=\"twitter:card\" content=\"summary_large_image\" \/>\n<meta name=\"twitter:label1\" content=\"Scritto da\" \/>\n\t<meta name=\"twitter:data1\" content=\"Redazione Comunicati Stampa\" \/>\n\t<meta name=\"twitter:label2\" content=\"Tempo di lettura stimato\" \/>\n\t<meta name=\"twitter:data2\" content=\"2 minuti\" \/>\n<script type=\"application\/ld+json\" class=\"yoast-schema-graph\">{\"@context\":\"https:\/\/schema.org\",\"@graph\":[{\"@type\":\"Article\",\"@id\":\"https:\/\/www.article-marketing.eu\/comunicati\/viaggi-e-vacanze\/destinazioni\/chianciano-terme-una-perla-tra-val-dorcia-e-val-di-chiana\/#article\",\"isPartOf\":{\"@id\":\"https:\/\/www.article-marketing.eu\/comunicati\/viaggi-e-vacanze\/destinazioni\/chianciano-terme-una-perla-tra-val-dorcia-e-val-di-chiana\/\"},\"author\":{\"name\":\"Redazione Comunicati Stampa\",\"@id\":\"https:\/\/www.article-marketing.eu\/comunicati\/#\/schema\/person\/44372e4d4d0fa797b18e03ed1ace9017\"},\"headline\":\"Chianciano Terme: una perla tra Val d&#8217;Orcia e Val di Chiana\",\"datePublished\":\"2009-10-28T11:57:11+00:00\",\"mainEntityOfPage\":{\"@id\":\"https:\/\/www.article-marketing.eu\/comunicati\/viaggi-e-vacanze\/destinazioni\/chianciano-terme-una-perla-tra-val-dorcia-e-val-di-chiana\/\"},\"wordCount\":503,\"commentCount\":0,\"keywords\":[\"hotel chianciano terme\",\"hotel piscina chianciano terme\",\"terme sensoriali chianciano\"],\"articleSection\":[\"Destinazioni\"],\"inLanguage\":\"it-IT\",\"potentialAction\":[{\"@type\":\"CommentAction\",\"name\":\"Comment\",\"target\":[\"https:\/\/www.article-marketing.eu\/comunicati\/viaggi-e-vacanze\/destinazioni\/chianciano-terme-una-perla-tra-val-dorcia-e-val-di-chiana\/#respond\"]}]},{\"@type\":\"WebPage\",\"@id\":\"https:\/\/www.article-marketing.eu\/comunicati\/viaggi-e-vacanze\/destinazioni\/chianciano-terme-una-perla-tra-val-dorcia-e-val-di-chiana\/\",\"url\":\"https:\/\/www.article-marketing.eu\/comunicati\/viaggi-e-vacanze\/destinazioni\/chianciano-terme-una-perla-tra-val-dorcia-e-val-di-chiana\/\",\"name\":\"Chianciano Terme: una perla tra Val d'Orcia e Val di Chiana - Article Marketing\",\"isPartOf\":{\"@id\":\"https:\/\/www.article-marketing.eu\/comunicati\/#website\"},\"datePublished\":\"2009-10-28T11:57:11+00:00\",\"author\":{\"@id\":\"https:\/\/www.article-marketing.eu\/comunicati\/#\/schema\/person\/44372e4d4d0fa797b18e03ed1ace9017\"},\"breadcrumb\":{\"@id\":\"https:\/\/www.article-marketing.eu\/comunicati\/viaggi-e-vacanze\/destinazioni\/chianciano-terme-una-perla-tra-val-dorcia-e-val-di-chiana\/#breadcrumb\"},\"inLanguage\":\"it-IT\",\"potentialAction\":[{\"@type\":\"ReadAction\",\"target\":[\"https:\/\/www.article-marketing.eu\/comunicati\/viaggi-e-vacanze\/destinazioni\/chianciano-terme-una-perla-tra-val-dorcia-e-val-di-chiana\/\"]}]},{\"@type\":\"BreadcrumbList\",\"@id\":\"https:\/\/www.article-marketing.eu\/comunicati\/viaggi-e-vacanze\/destinazioni\/chianciano-terme-una-perla-tra-val-dorcia-e-val-di-chiana\/#breadcrumb\",\"itemListElement\":[{\"@type\":\"ListItem\",\"position\":1,\"name\":\"Home\",\"item\":\"https:\/\/www.article-marketing.eu\/comunicati\/\"},{\"@type\":\"ListItem\",\"position\":2,\"name\":\"Chianciano Terme: una perla tra Val d&#8217;Orcia e Val di Chiana\"}]},{\"@type\":\"WebSite\",\"@id\":\"https:\/\/www.article-marketing.eu\/comunicati\/#website\",\"url\":\"https:\/\/www.article-marketing.eu\/comunicati\/\",\"name\":\"Article Marketing\",\"description\":\"article marketing &amp; press release\",\"potentialAction\":[{\"@type\":\"SearchAction\",\"target\":{\"@type\":\"EntryPoint\",\"urlTemplate\":\"https:\/\/www.article-marketing.eu\/comunicati\/?s={search_term_string}\"},\"query-input\":{\"@type\":\"PropertyValueSpecification\",\"valueRequired\":true,\"valueName\":\"search_term_string\"}}],\"inLanguage\":\"it-IT\"},{\"@type\":\"Person\",\"@id\":\"https:\/\/www.article-marketing.eu\/comunicati\/#\/schema\/person\/44372e4d4d0fa797b18e03ed1ace9017\",\"name\":\"Redazione Comunicati Stampa\",\"image\":{\"@type\":\"ImageObject\",\"inLanguage\":\"it-IT\",\"@id\":\"https:\/\/www.article-marketing.eu\/comunicati\/#\/schema\/person\/image\/\",\"url\":\"https:\/\/secure.gravatar.com\/avatar\/50e5c6421d3072f42e7ace803501602c60d75233d34e29fd05feb91c8760b792?s=96&d=mm&r=g\",\"contentUrl\":\"https:\/\/secure.gravatar.com\/avatar\/50e5c6421d3072f42e7ace803501602c60d75233d34e29fd05feb91c8760b792?s=96&d=mm&r=g\",\"caption\":\"Redazione Comunicati Stampa\"},\"url\":\"https:\/\/www.article-marketing.eu\/comunicati\/author\/redazione-comunicati-stampa\/\"}]}<\/script>\n<!-- \/ Yoast SEO plugin. -->","yoast_head_json":{"title":"Chianciano Terme: una perla tra Val d'Orcia e Val di Chiana - Article Marketing","robots":{"index":"index","follow":"follow","max-snippet":"max-snippet:-1","max-image-preview":"max-image-preview:large","max-video-preview":"max-video-preview:-1"},"canonical":"https:\/\/www.article-marketing.eu\/comunicati\/viaggi-e-vacanze\/destinazioni\/chianciano-terme-una-perla-tra-val-dorcia-e-val-di-chiana\/","og_locale":"it_IT","og_type":"article","og_title":"Chianciano Terme: una perla tra Val d'Orcia e Val di Chiana - Article Marketing","og_description":"Se il vostro fisico chiede una pausa da stress e impegni quotidiani, una vacanza alle terme di Chianciano - approfittando dei prossimi \"ponti\" e week end - \u00e8 proprio quello che ci vuole.","og_url":"https:\/\/www.article-marketing.eu\/comunicati\/viaggi-e-vacanze\/destinazioni\/chianciano-terme-una-perla-tra-val-dorcia-e-val-di-chiana\/","og_site_name":"Article Marketing","article_published_time":"2009-10-28T11:57:11+00:00","author":"Redazione Comunicati Stampa","twitter_card":"summary_large_image","twitter_misc":{"Scritto da":"Redazione Comunicati Stampa","Tempo di lettura stimato":"2 minuti"},"schema":{"@context":"https:\/\/schema.org","@graph":[{"@type":"Article","@id":"https:\/\/www.article-marketing.eu\/comunicati\/viaggi-e-vacanze\/destinazioni\/chianciano-terme-una-perla-tra-val-dorcia-e-val-di-chiana\/#article","isPartOf":{"@id":"https:\/\/www.article-marketing.eu\/comunicati\/viaggi-e-vacanze\/destinazioni\/chianciano-terme-una-perla-tra-val-dorcia-e-val-di-chiana\/"},"author":{"name":"Redazione Comunicati Stampa","@id":"https:\/\/www.article-marketing.eu\/comunicati\/#\/schema\/person\/44372e4d4d0fa797b18e03ed1ace9017"},"headline":"Chianciano Terme: una perla tra Val d&#8217;Orcia e Val di Chiana","datePublished":"2009-10-28T11:57:11+00:00","mainEntityOfPage":{"@id":"https:\/\/www.article-marketing.eu\/comunicati\/viaggi-e-vacanze\/destinazioni\/chianciano-terme-una-perla-tra-val-dorcia-e-val-di-chiana\/"},"wordCount":503,"commentCount":0,"keywords":["hotel chianciano terme","hotel piscina chianciano terme","terme sensoriali chianciano"],"articleSection":["Destinazioni"],"inLanguage":"it-IT","potentialAction":[{"@type":"CommentAction","name":"Comment","target":["https:\/\/www.article-marketing.eu\/comunicati\/viaggi-e-vacanze\/destinazioni\/chianciano-terme-una-perla-tra-val-dorcia-e-val-di-chiana\/#respond"]}]},{"@type":"WebPage","@id":"https:\/\/www.article-marketing.eu\/comunicati\/viaggi-e-vacanze\/destinazioni\/chianciano-terme-una-perla-tra-val-dorcia-e-val-di-chiana\/","url":"https:\/\/www.article-marketing.eu\/comunicati\/viaggi-e-vacanze\/destinazioni\/chianciano-terme-una-perla-tra-val-dorcia-e-val-di-chiana\/","name":"Chianciano Terme: una perla tra Val d'Orcia e Val di Chiana - Article Marketing","isPartOf":{"@id":"https:\/\/www.article-marketing.eu\/comunicati\/#website"},"datePublished":"2009-10-28T11:57:11+00:00","author":{"@id":"https:\/\/www.article-marketing.eu\/comunicati\/#\/schema\/person\/44372e4d4d0fa797b18e03ed1ace9017"},"breadcrumb":{"@id":"https:\/\/www.article-marketing.eu\/comunicati\/viaggi-e-vacanze\/destinazioni\/chianciano-terme-una-perla-tra-val-dorcia-e-val-di-chiana\/#breadcrumb"},"inLanguage":"it-IT","potentialAction":[{"@type":"ReadAction","target":["https:\/\/www.article-marketing.eu\/comunicati\/viaggi-e-vacanze\/destinazioni\/chianciano-terme-una-perla-tra-val-dorcia-e-val-di-chiana\/"]}]},{"@type":"BreadcrumbList","@id":"https:\/\/www.article-marketing.eu\/comunicati\/viaggi-e-vacanze\/destinazioni\/chianciano-terme-una-perla-tra-val-dorcia-e-val-di-chiana\/#breadcrumb","itemListElement":[{"@type":"ListItem","position":1,"name":"Home","item":"https:\/\/www.article-marketing.eu\/comunicati\/"},{"@type":"ListItem","position":2,"name":"Chianciano Terme: una perla tra Val d&#8217;Orcia e Val di Chiana"}]},{"@type":"WebSite","@id":"https:\/\/www.article-marketing.eu\/comunicati\/#website","url":"https:\/\/www.article-marketing.eu\/comunicati\/","name":"Article Marketing","description":"article marketing &amp; press release","potentialAction":[{"@type":"SearchAction","target":{"@type":"EntryPoint","urlTemplate":"https:\/\/www.article-marketing.eu\/comunicati\/?s={search_term_string}"},"query-input":{"@type":"PropertyValueSpecification","valueRequired":true,"valueName":"search_term_string"}}],"inLanguage":"it-IT"},{"@type":"Person","@id":"https:\/\/www.article-marketing.eu\/comunicati\/#\/schema\/person\/44372e4d4d0fa797b18e03ed1ace9017","name":"Redazione Comunicati Stampa","image":{"@type":"ImageObject","inLanguage":"it-IT","@id":"https:\/\/www.article-marketing.eu\/comunicati\/#\/schema\/person\/image\/","url":"https:\/\/secure.gravatar.com\/avatar\/50e5c6421d3072f42e7ace803501602c60d75233d34e29fd05feb91c8760b792?s=96&d=mm&r=g","contentUrl":"https:\/\/secure.gravatar.com\/avatar\/50e5c6421d3072f42e7ace803501602c60d75233d34e29fd05feb91c8760b792?s=96&d=mm&r=g","caption":"Redazione Comunicati Stampa"},"url":"https:\/\/www.article-marketing.eu\/comunicati\/author\/redazione-comunicati-stampa\/"}]}},"_links":{"self":[{"href":"https:\/\/www.article-marketing.eu\/comunicati\/wp-json\/wp\/v2\/posts\/3172","targetHints":{"allow":["GET"]}}],"collection":[{"href":"https:\/\/www.article-marketing.eu\/comunicati\/wp-json\/wp\/v2\/posts"}],"about":[{"href":"https:\/\/www.article-marketing.eu\/comunicati\/wp-json\/wp\/v2\/types\/post"}],"author":[{"embeddable":true,"href":"https:\/\/www.article-marketing.eu\/comunicati\/wp-json\/wp\/v2\/users\/10"}],"replies":[{"embeddable":true,"href":"https:\/\/www.article-marketing.eu\/comunicati\/wp-json\/wp\/v2\/comments?post=3172"}],"version-history":[{"count":0,"href":"https:\/\/www.article-marketing.eu\/comunicati\/wp-json\/wp\/v2\/posts\/3172\/revisions"}],"wp:attachment":[{"href":"https:\/\/www.article-marketing.eu\/comunicati\/wp-json\/wp\/v2\/media?parent=3172"}],"wp:term":[{"taxonomy":"category","embeddable":true,"href":"https:\/\/www.article-marketing.eu\/comunicati\/wp-json\/wp\/v2\/categories?post=3172"},{"taxonomy":"post_tag","embeddable":true,"href":"https:\/\/www.article-marketing.eu\/comunicati\/wp-json\/wp\/v2\/tags?post=3172"}],"curies":[{"name":"wp","href":"https:\/\/api.w.org\/{rel}","templated":true}]}}