{"id":31750,"date":"2013-01-11T16:51:53","date_gmt":"2013-01-11T15:51:53","guid":{"rendered":"http:\/\/www.article-marketing.eu\/comunicati\/senza-categoria\/f-light-led-expression-firenze-lighting-festival\/"},"modified":"2013-01-11T16:51:53","modified_gmt":"2013-01-11T15:51:53","slug":"f-light-led-expression-firenze-lighting-festival","status":"publish","type":"post","link":"https:\/\/www.article-marketing.eu\/comunicati\/arte-e-cultura\/f-light-led-expression-firenze-lighting-festival\/","title":{"rendered":"F-LIGHT, LED Expression &#8211; Firenze Lighting Festival"},"content":{"rendered":"<p>Quello che &egrave; stato fatto nella citt&agrave; di Firenze &egrave; un progetto interessante, cio&egrave; quello di pensare alla Luce come rinnovamento effettivo di spazi urbani, cosa che, in tempi moderni e difficili come i nostri, le citt&agrave; sono tenute a fare. La riflessione &egrave; stata sicuramente quella di attivarsi per riorganizzare la citt&agrave; dal punto di vista tecnologico, cio&egrave; delle sorgenti e delle applicazioni, con un occhio di riguardo alla spesa. L&#8217;amministrazione comunale di Firenze ha quindi optato per una rivalutazione del proprio patrimonio artistico e culturale, decidendo di investire nello sviluppo tecnologico, mettendo a disposizione l&#8217;immensit&agrave; di beni e spazi urbani della citt&agrave; alle aziende del settore illuminotecnico, che hanno cos&igrave; potuto interagire con la citt&agrave;, utilizzando prodotti e progetti ad hoc. L&#8217;Amministrazione Comunale di Firenze crede nell&#8217;applicazione dell&#8217;innovazione tecnologica agli spazi urbani sia in termini di mobilit&agrave; sostenibile, che di infrastrutture ICT (Information and Communication Technology). Per questa ragione, sostiene i progetti che portano ad evidenti risultati di risparmio energetico nell&#8217;intero &#8220;Life Cycle&#8221; di prodotto\/servizio. Continua a leggere su Archilight: http:\/\/www.archilight.it\/GetPage.pub_do?id=8a8a8ac1185ea8b401185f800bda03cd&amp;_JPFORCEDINFO=4028e4153bcd3342013bcd34e1a20003&amp;language=ITA<\/p>\n<p>The event organised in the city of Florence is an interesting project that has placed Light at the centre of urban renewal, which is highly needed in modern cities in such difficult times like these. The purpose was to do so something to re-organise the city in terms of technology, namely light sources and applications, while keeping an eye on savings. The town administrators of Florence agreed to re-evaluate its artistic and cultural heritage, deciding to invest in technological development, putting the city&#8217;s great amount of urban space and assets at the disposal of lighting design companies, which were able to interact with the city, using ad hoc products and projects. The municipal administration of Florence believes in the application of technological innovation to improve urban space both in terms of sustainable mobility and ICT (Information and Communication Technology) infrastructure. This is why it supports projects that generate evident results in terms of energy-saving throughout the entire life cycle of the product\/service. More on Archilight: http:\/\/www.archilight.it\/GetPage.pub_do?id=8a8a8ac1185ea8b401185f800bda03cd&amp;_JPFORCEDINFO=4028e4153bcd3342013bcd34e1a20003&amp;language=ENG<\/p>\n<p>Quello che &egrave; stato fatto nella citt&agrave; di Firenze &egrave; un progetto interessante, cio&egrave; quello di pensare alla Luce come rinnovamento effettivo di spazi urbani, cosa che, in tempi moderni e difficili come i nostri, le citt&agrave; sono tenute a fare. La riflessione &egrave; stata sicuramente quella di attivarsi per riorganizzare la citt&agrave; dal punto di vista tecnologico, cio&egrave; delle sorgenti e delle applicazioni, con un occhio di riguardo alla spesa. L&#8217;amministrazione comunale di Firenze ha quindi optato per una rivalutazione del proprio patrimonio artistico e culturale, decidendo di investire nello sviluppo tecnologico, mettendo a disposizione l&#8217;immensit&agrave; di beni e spazi urbani della citt&agrave; alle aziende del settore illuminotecnico, che hanno cos&igrave; potuto interagire con la citt&agrave;, utilizzando prodotti e progetti ad hoc. L&#8217;Amministrazione Comunale di Firenze crede nell&#8217;applicazione dell&#8217;innovazione tecnologica agli spazi urbani sia in termini di mobilit&agrave; sostenibile, che di infrastrutture ICT (Information and Communication Technology). Per questa ragione, sostiene i progetti che portano ad evidenti risultati di risparmio energetico nell&#8217;intero &#8220;Life Cycle&#8221; di prodotto\/servizio. Continua a leggere su Archilight: http:\/\/www.archilight.it\/GetPage.pub_do?id=8a8a8ac1185ea8b401185f800bda03cd&amp;_JPFORCEDINFO=4028e4153bcd3342013bcd34e1a20003&amp;language=ITA<\/p>\n<p>The event organised in the city of Florence is an interesting project that has placed Light at the centre of urban renewal, which is highly needed in modern cities in such difficult times like these. The purpose was to do so something to re-organise the city in terms of technology, namely light sources and applications, while keeping an eye on savings. The town administrators of Florence agreed to re-evaluate its artistic and cultural heritage, deciding to invest in technological development, putting the city&#8217;s great amount of urban space and assets at the disposal of lighting design companies, which were able to interact with the city, using ad hoc products and projects. The municipal administration of Florence believes in the application of technological innovation to improve urban space both in terms of sustainable mobility and ICT (Information and Communication Technology) infrastructure. This is why it supports projects that generate evident results in terms of energy-saving throughout the entire life cycle of the product\/service. More on Archilight: http:\/\/www.archilight.it\/GetPage.pub_do?id=8a8a8ac1185ea8b401185f800bda03cd&amp;_JPFORCEDINFO=4028e4153bcd3342013bcd34e1a20003&amp;language=ENG<\/p>\n","protected":false},"excerpt":{"rendered":"<p>Quello che \u00e8 stato fatto nella citt\u00e0 di Firenze \u00e8 un progetto interessante, cio\u00e8 quello di pensare alla Luce come rinnovamento effettivo di spazi urbani,<\/p>\n","protected":false},"author":10,"featured_media":0,"comment_status":"open","ping_status":"open","sticky":false,"template":"","format":"standard","meta":{"cybocfi_hide_featured_image":"","footnotes":""},"categories":[27],"tags":[26375,40512,40513],"class_list":["post-31750","post","type-post","status-publish","format-standard","hentry","category-arte-e-cultura","tag-archilight","tag-f-light","tag-installazioni-di-luce"],"yoast_head":"<!-- This site is optimized with the Yoast SEO plugin v27.0 - https:\/\/yoast.com\/product\/yoast-seo-wordpress\/ -->\n<title>F-LIGHT, LED Expression - Firenze Lighting Festival - Article Marketing<\/title>\n<meta name=\"robots\" content=\"index, follow, max-snippet:-1, max-image-preview:large, max-video-preview:-1\" \/>\n<link rel=\"canonical\" href=\"https:\/\/www.article-marketing.eu\/comunicati\/arte-e-cultura\/f-light-led-expression-firenze-lighting-festival\/\" \/>\n<meta property=\"og:locale\" content=\"it_IT\" \/>\n<meta property=\"og:type\" content=\"article\" \/>\n<meta property=\"og:title\" content=\"F-LIGHT, LED Expression - Firenze Lighting Festival - Article Marketing\" \/>\n<meta property=\"og:description\" content=\"Quello che \u00e8 stato fatto nella citt\u00e0 di Firenze \u00e8 un progetto interessante, cio\u00e8 quello di pensare alla Luce come rinnovamento effettivo di spazi urbani,\" \/>\n<meta property=\"og:url\" content=\"https:\/\/www.article-marketing.eu\/comunicati\/arte-e-cultura\/f-light-led-expression-firenze-lighting-festival\/\" \/>\n<meta property=\"og:site_name\" content=\"Article Marketing\" \/>\n<meta property=\"article:published_time\" content=\"2013-01-11T15:51:53+00:00\" \/>\n<meta name=\"author\" content=\"Redazione Comunicati Stampa\" \/>\n<meta name=\"twitter:card\" content=\"summary_large_image\" \/>\n<meta name=\"twitter:label1\" content=\"Scritto da\" \/>\n\t<meta name=\"twitter:data1\" content=\"Redazione Comunicati Stampa\" \/>\n\t<meta name=\"twitter:label2\" content=\"Tempo di lettura stimato\" \/>\n\t<meta name=\"twitter:data2\" content=\"4 minuti\" \/>\n<script type=\"application\/ld+json\" class=\"yoast-schema-graph\">{\"@context\":\"https:\/\/schema.org\",\"@graph\":[{\"@type\":\"Article\",\"@id\":\"https:\/\/www.article-marketing.eu\/comunicati\/arte-e-cultura\/f-light-led-expression-firenze-lighting-festival\/#article\",\"isPartOf\":{\"@id\":\"https:\/\/www.article-marketing.eu\/comunicati\/arte-e-cultura\/f-light-led-expression-firenze-lighting-festival\/\"},\"author\":{\"name\":\"Redazione Comunicati Stampa\",\"@id\":\"https:\/\/www.article-marketing.eu\/comunicati\/#\/schema\/person\/44372e4d4d0fa797b18e03ed1ace9017\"},\"headline\":\"F-LIGHT, LED Expression &#8211; Firenze Lighting Festival\",\"datePublished\":\"2013-01-11T15:51:53+00:00\",\"mainEntityOfPage\":{\"@id\":\"https:\/\/www.article-marketing.eu\/comunicati\/arte-e-cultura\/f-light-led-expression-firenze-lighting-festival\/\"},\"wordCount\":809,\"commentCount\":0,\"keywords\":[\"archilight\",\"F-LIGHT\",\"installazioni di Luce\"],\"articleSection\":[\"Arte e cultura\"],\"inLanguage\":\"it-IT\",\"potentialAction\":[{\"@type\":\"CommentAction\",\"name\":\"Comment\",\"target\":[\"https:\/\/www.article-marketing.eu\/comunicati\/arte-e-cultura\/f-light-led-expression-firenze-lighting-festival\/#respond\"]}]},{\"@type\":\"WebPage\",\"@id\":\"https:\/\/www.article-marketing.eu\/comunicati\/arte-e-cultura\/f-light-led-expression-firenze-lighting-festival\/\",\"url\":\"https:\/\/www.article-marketing.eu\/comunicati\/arte-e-cultura\/f-light-led-expression-firenze-lighting-festival\/\",\"name\":\"F-LIGHT, LED Expression - Firenze Lighting Festival - Article Marketing\",\"isPartOf\":{\"@id\":\"https:\/\/www.article-marketing.eu\/comunicati\/#website\"},\"datePublished\":\"2013-01-11T15:51:53+00:00\",\"author\":{\"@id\":\"https:\/\/www.article-marketing.eu\/comunicati\/#\/schema\/person\/44372e4d4d0fa797b18e03ed1ace9017\"},\"breadcrumb\":{\"@id\":\"https:\/\/www.article-marketing.eu\/comunicati\/arte-e-cultura\/f-light-led-expression-firenze-lighting-festival\/#breadcrumb\"},\"inLanguage\":\"it-IT\",\"potentialAction\":[{\"@type\":\"ReadAction\",\"target\":[\"https:\/\/www.article-marketing.eu\/comunicati\/arte-e-cultura\/f-light-led-expression-firenze-lighting-festival\/\"]}]},{\"@type\":\"BreadcrumbList\",\"@id\":\"https:\/\/www.article-marketing.eu\/comunicati\/arte-e-cultura\/f-light-led-expression-firenze-lighting-festival\/#breadcrumb\",\"itemListElement\":[{\"@type\":\"ListItem\",\"position\":1,\"name\":\"Home\",\"item\":\"https:\/\/www.article-marketing.eu\/comunicati\/\"},{\"@type\":\"ListItem\",\"position\":2,\"name\":\"F-LIGHT, LED Expression &#8211; Firenze Lighting Festival\"}]},{\"@type\":\"WebSite\",\"@id\":\"https:\/\/www.article-marketing.eu\/comunicati\/#website\",\"url\":\"https:\/\/www.article-marketing.eu\/comunicati\/\",\"name\":\"Article Marketing\",\"description\":\"article marketing &amp; press release\",\"potentialAction\":[{\"@type\":\"SearchAction\",\"target\":{\"@type\":\"EntryPoint\",\"urlTemplate\":\"https:\/\/www.article-marketing.eu\/comunicati\/?s={search_term_string}\"},\"query-input\":{\"@type\":\"PropertyValueSpecification\",\"valueRequired\":true,\"valueName\":\"search_term_string\"}}],\"inLanguage\":\"it-IT\"},{\"@type\":\"Person\",\"@id\":\"https:\/\/www.article-marketing.eu\/comunicati\/#\/schema\/person\/44372e4d4d0fa797b18e03ed1ace9017\",\"name\":\"Redazione Comunicati Stampa\",\"image\":{\"@type\":\"ImageObject\",\"inLanguage\":\"it-IT\",\"@id\":\"https:\/\/www.article-marketing.eu\/comunicati\/#\/schema\/person\/image\/\",\"url\":\"https:\/\/secure.gravatar.com\/avatar\/50e5c6421d3072f42e7ace803501602c60d75233d34e29fd05feb91c8760b792?s=96&d=mm&r=g\",\"contentUrl\":\"https:\/\/secure.gravatar.com\/avatar\/50e5c6421d3072f42e7ace803501602c60d75233d34e29fd05feb91c8760b792?s=96&d=mm&r=g\",\"caption\":\"Redazione Comunicati Stampa\"},\"url\":\"https:\/\/www.article-marketing.eu\/comunicati\/author\/redazione-comunicati-stampa\/\"}]}<\/script>\n<!-- \/ Yoast SEO plugin. -->","yoast_head_json":{"title":"F-LIGHT, LED Expression - Firenze Lighting Festival - Article Marketing","robots":{"index":"index","follow":"follow","max-snippet":"max-snippet:-1","max-image-preview":"max-image-preview:large","max-video-preview":"max-video-preview:-1"},"canonical":"https:\/\/www.article-marketing.eu\/comunicati\/arte-e-cultura\/f-light-led-expression-firenze-lighting-festival\/","og_locale":"it_IT","og_type":"article","og_title":"F-LIGHT, LED Expression - Firenze Lighting Festival - Article Marketing","og_description":"Quello che \u00e8 stato fatto nella citt\u00e0 di Firenze \u00e8 un progetto interessante, cio\u00e8 quello di pensare alla Luce come rinnovamento effettivo di spazi urbani,","og_url":"https:\/\/www.article-marketing.eu\/comunicati\/arte-e-cultura\/f-light-led-expression-firenze-lighting-festival\/","og_site_name":"Article Marketing","article_published_time":"2013-01-11T15:51:53+00:00","author":"Redazione Comunicati Stampa","twitter_card":"summary_large_image","twitter_misc":{"Scritto da":"Redazione Comunicati Stampa","Tempo di lettura stimato":"4 minuti"},"schema":{"@context":"https:\/\/schema.org","@graph":[{"@type":"Article","@id":"https:\/\/www.article-marketing.eu\/comunicati\/arte-e-cultura\/f-light-led-expression-firenze-lighting-festival\/#article","isPartOf":{"@id":"https:\/\/www.article-marketing.eu\/comunicati\/arte-e-cultura\/f-light-led-expression-firenze-lighting-festival\/"},"author":{"name":"Redazione Comunicati Stampa","@id":"https:\/\/www.article-marketing.eu\/comunicati\/#\/schema\/person\/44372e4d4d0fa797b18e03ed1ace9017"},"headline":"F-LIGHT, LED Expression &#8211; Firenze Lighting Festival","datePublished":"2013-01-11T15:51:53+00:00","mainEntityOfPage":{"@id":"https:\/\/www.article-marketing.eu\/comunicati\/arte-e-cultura\/f-light-led-expression-firenze-lighting-festival\/"},"wordCount":809,"commentCount":0,"keywords":["archilight","F-LIGHT","installazioni di Luce"],"articleSection":["Arte e cultura"],"inLanguage":"it-IT","potentialAction":[{"@type":"CommentAction","name":"Comment","target":["https:\/\/www.article-marketing.eu\/comunicati\/arte-e-cultura\/f-light-led-expression-firenze-lighting-festival\/#respond"]}]},{"@type":"WebPage","@id":"https:\/\/www.article-marketing.eu\/comunicati\/arte-e-cultura\/f-light-led-expression-firenze-lighting-festival\/","url":"https:\/\/www.article-marketing.eu\/comunicati\/arte-e-cultura\/f-light-led-expression-firenze-lighting-festival\/","name":"F-LIGHT, LED Expression - Firenze Lighting Festival - Article Marketing","isPartOf":{"@id":"https:\/\/www.article-marketing.eu\/comunicati\/#website"},"datePublished":"2013-01-11T15:51:53+00:00","author":{"@id":"https:\/\/www.article-marketing.eu\/comunicati\/#\/schema\/person\/44372e4d4d0fa797b18e03ed1ace9017"},"breadcrumb":{"@id":"https:\/\/www.article-marketing.eu\/comunicati\/arte-e-cultura\/f-light-led-expression-firenze-lighting-festival\/#breadcrumb"},"inLanguage":"it-IT","potentialAction":[{"@type":"ReadAction","target":["https:\/\/www.article-marketing.eu\/comunicati\/arte-e-cultura\/f-light-led-expression-firenze-lighting-festival\/"]}]},{"@type":"BreadcrumbList","@id":"https:\/\/www.article-marketing.eu\/comunicati\/arte-e-cultura\/f-light-led-expression-firenze-lighting-festival\/#breadcrumb","itemListElement":[{"@type":"ListItem","position":1,"name":"Home","item":"https:\/\/www.article-marketing.eu\/comunicati\/"},{"@type":"ListItem","position":2,"name":"F-LIGHT, LED Expression &#8211; Firenze Lighting Festival"}]},{"@type":"WebSite","@id":"https:\/\/www.article-marketing.eu\/comunicati\/#website","url":"https:\/\/www.article-marketing.eu\/comunicati\/","name":"Article Marketing","description":"article marketing &amp; press release","potentialAction":[{"@type":"SearchAction","target":{"@type":"EntryPoint","urlTemplate":"https:\/\/www.article-marketing.eu\/comunicati\/?s={search_term_string}"},"query-input":{"@type":"PropertyValueSpecification","valueRequired":true,"valueName":"search_term_string"}}],"inLanguage":"it-IT"},{"@type":"Person","@id":"https:\/\/www.article-marketing.eu\/comunicati\/#\/schema\/person\/44372e4d4d0fa797b18e03ed1ace9017","name":"Redazione Comunicati Stampa","image":{"@type":"ImageObject","inLanguage":"it-IT","@id":"https:\/\/www.article-marketing.eu\/comunicati\/#\/schema\/person\/image\/","url":"https:\/\/secure.gravatar.com\/avatar\/50e5c6421d3072f42e7ace803501602c60d75233d34e29fd05feb91c8760b792?s=96&d=mm&r=g","contentUrl":"https:\/\/secure.gravatar.com\/avatar\/50e5c6421d3072f42e7ace803501602c60d75233d34e29fd05feb91c8760b792?s=96&d=mm&r=g","caption":"Redazione Comunicati Stampa"},"url":"https:\/\/www.article-marketing.eu\/comunicati\/author\/redazione-comunicati-stampa\/"}]}},"_links":{"self":[{"href":"https:\/\/www.article-marketing.eu\/comunicati\/wp-json\/wp\/v2\/posts\/31750","targetHints":{"allow":["GET"]}}],"collection":[{"href":"https:\/\/www.article-marketing.eu\/comunicati\/wp-json\/wp\/v2\/posts"}],"about":[{"href":"https:\/\/www.article-marketing.eu\/comunicati\/wp-json\/wp\/v2\/types\/post"}],"author":[{"embeddable":true,"href":"https:\/\/www.article-marketing.eu\/comunicati\/wp-json\/wp\/v2\/users\/10"}],"replies":[{"embeddable":true,"href":"https:\/\/www.article-marketing.eu\/comunicati\/wp-json\/wp\/v2\/comments?post=31750"}],"version-history":[{"count":0,"href":"https:\/\/www.article-marketing.eu\/comunicati\/wp-json\/wp\/v2\/posts\/31750\/revisions"}],"wp:attachment":[{"href":"https:\/\/www.article-marketing.eu\/comunicati\/wp-json\/wp\/v2\/media?parent=31750"}],"wp:term":[{"taxonomy":"category","embeddable":true,"href":"https:\/\/www.article-marketing.eu\/comunicati\/wp-json\/wp\/v2\/categories?post=31750"},{"taxonomy":"post_tag","embeddable":true,"href":"https:\/\/www.article-marketing.eu\/comunicati\/wp-json\/wp\/v2\/tags?post=31750"}],"curies":[{"name":"wp","href":"https:\/\/api.w.org\/{rel}","templated":true}]}}