{"id":3190,"date":"2009-10-29T19:30:17","date_gmt":"2009-10-29T18:30:17","guid":{"rendered":"http:\/\/www.article-marketing.eu\/comunicati\/senza-categoria\/a-colazione-equilibrata-con-herbalife\/"},"modified":"2009-10-29T19:30:17","modified_gmt":"2009-10-29T18:30:17","slug":"a-colazione-equilibrata-con-herbalife","status":"publish","type":"post","link":"https:\/\/www.article-marketing.eu\/comunicati\/comunicati-stampa\/prodotti\/a-colazione-equilibrata-con-herbalife\/","title":{"rendered":"A colazione (equilibrata) con herbalife"},"content":{"rendered":"<p align=\"justify\" style=\"word-spacing: 0px; line-height: 16px; margin-top: 0px; margin-bottom: 0px; \">E&#8217; risaputo il fatto che <strong><a href=\"http:\/\/www.sempresnelli.com\/\" title=\"HERBALIFE\">Herbalife<\/a><\/strong> sia una multinazionale leader mondiale nel settore della nutrizione e del controllo del peso. Oramai si sa da anni.<br \/>Ma non tutti sanno che l&#8217;azienda \u00e8 sempre in continua evoluzione ed attenta alle esigenze dei propri consumatori.<br \/>Herbalife per prima, ha lanciato sul mercato il concetto di &quot;colazione equilibrata&quot; a base di aloe, infuso alle erbe e frullato nutriente, con proteine di soia.<\/p>\n<p>Avete mai pensato a cosa mangiate realmente a colazione? Ovvero, sapete che siamo fatti di cellule e che vanno &quot;nutrite&quot; una per una, ogni giorno?<\/p>\n<p>Ebbene, le cellule che compongono il nostro organismo sono ben 100 trilioni: un numero incredibile!<\/p>\n<p>Per capire quanto sia importante una buona colazione, cio\u00e8 il primo pasto della giornata, cerchiamo di capire una cosa.<\/p>\n<p>Cosa succede durante la notte?<\/p>\n<p>Mentre noi dormiamo il nostro corpo &quot;lavora&quot; e si rigenera, questo processo richiede molti nutrienti e molta acqua (se ne consuma pi\u00f9 di 1 litro solo durante la notte). Ci svegliamo dopo un lungo periodo di digiuno e le nostre cellule sono &quot;asciutte&quot;, &quot;affamate&quot; e &quot;stanche&quot; perci\u00f2 dobbiamo dar loro tutti i nutrienti che servono per farle funzionare al meglio: questi nutrienti sono davvero tanti! Abbiamo bisogno di vitamine, sali minerali, acqua, ecc.<\/p>\n<p>Le nostre cellule sono &quot;esauste&quot;, hanno &quot;fame&quot;, hanno &quot;sete&quot; e noi cosa diamo loro?&nbsp;<br \/>Cappuccino e brioches o magari Latte e fette biscottate. Spesso, addirittura merendine varie, dolci, caff\u00e8. In alcuni casi addirittura niente.&nbsp;<\/p>\n<p>Dunque, se facciamo una colazione ricca di carboidrati e grassi, il livello di zuccheri nel sangue si alza, per poi abbassarsi drasticamente dopo un paio d&#8217;ore&#8230;&nbsp;<br \/>E poi abbiamo di nuovo bisogno di carboidrati; in poche parole, una buona strada per iniziare ad ingrassare.&nbsp;<br \/>Se saltiamo la colazione, avremo livelli ancora pi\u00f9 bassi di energia nella prima met\u00e0 della giornata e desidereremo continuamente alzare il tono, con carboidrati vari o con caff\u00e8.<\/p>\n<p>Conoscete qualcuno che a met\u00e0 mattina ha fame?&nbsp;<br \/>Qualcuno che verso met\u00e0 mattina inizia a sentirsi stanco o nervoso?&nbsp;<br \/>Qualcuno che si butta su caff\u00e8, snacks (o sigarette)?<\/p>\n<p>Non sar\u00e0 forse colpa della colazione sbagliata?&nbsp;<br \/>Colazione sbagliata = Giornata Sbagliata!<\/p>\n<p>Ecco dove puoi trovare alcuni nomi con le relative specializzazioni: http:\/\/www.herbalifeww.com\/it\/company_scicommitment.shtml<\/p>\n<p>Per saperne di pi\u00f9 sul programma colazione equilibrata e su Herbalife chiamaci subito, oppure continua a curiosare nel sito.<\/p>\n<p>Se invece non vedi l&#8217;ora di &quot;Sentire la Differenza&quot; ordina subito i tuoi gusti preferiti e gi\u00e0 dalla prossima colazione ti sentirai al Top.<\/p>\n<p align=\"center\" style=\"word-spacing: 0px; line-height: 13px; margin-top: 0px; margin-bottom: 0px; \"><img decoding=\"async\" border=\"0\" src=\"images\/colazione.jpg\" alt=\"Colazione Ideale - Formula 1 - Infuso alle erbe - Aloe\" \/><\/p>\n<p style=\"line-height: 13px; word-spacing: 0px; margin-top: 0px; margin-bottom: 0px; \">Comprende:<\/p>\n<p style=\"line-height: 13px; word-spacing: 0px; margin-top: 0px; margin-bottom: 0px; \">&#8211; Formula 1-Shake Nutrizionale sostitutivo di un pasto<\/p>\n<p style=\"line-height: 13px; word-spacing: 0px; margin-top: 0px; margin-bottom: 0px; \">&#8211; Infuso a base di erbe con t\u00e8 verde<\/p>\n<p style=\"line-height: 13px; word-spacing: 0px; margin-top: 0px; margin-bottom: 0px; \">&#8211; Aloe concentrato<\/p>\n<p style=\"line-height: 13px; word-spacing: 0px; margin-top: 0px; margin-bottom: 0px; \">Prezzo: 99.80 Euro<\/p>\n<p>Disponibile in 6 gusti deliziosi: vaniglia, cacao, cappuccino, fragola, frutti tropicalii, crema e biscotto&nbsp;<\/p>\n","protected":false},"excerpt":{"rendered":"<p>E&#8217; risaputo il fatto che Herbalife sia una multinazionale leader mondiale nel settore della nutrizione e del controllo del peso. Oramai si sa da anni.<br \/>\nMa non tutti sanno che l&#8217;azienda \u00e8 sempre in continua evoluzione ed attenta alle esigenze dei propri consumatori.<br \/>\nHerbalife per prima, ha lanciato sul mercato il concetto di &#8220;colazione equilibrata&#8221; a base di aloe, infuso alle erbe e frullato nutriente, con proteine di soia.<\/p>\n","protected":false},"author":10,"featured_media":0,"comment_status":"open","ping_status":"open","sticky":false,"template":"","format":"standard","meta":{"cybocfi_hide_featured_image":"","footnotes":""},"categories":[212],"tags":[3134],"class_list":["post-3190","post","type-post","status-publish","format-standard","hentry","category-prodotti","tag-herbalife"],"yoast_head":"<!-- This site is optimized with the Yoast SEO plugin v27.0 - https:\/\/yoast.com\/product\/yoast-seo-wordpress\/ -->\n<title>A colazione (equilibrata) con herbalife - Article Marketing<\/title>\n<meta name=\"robots\" content=\"index, follow, max-snippet:-1, max-image-preview:large, max-video-preview:-1\" \/>\n<link rel=\"canonical\" href=\"https:\/\/www.article-marketing.eu\/comunicati\/comunicati-stampa\/prodotti\/a-colazione-equilibrata-con-herbalife\/\" \/>\n<meta property=\"og:locale\" content=\"it_IT\" \/>\n<meta property=\"og:type\" content=\"article\" \/>\n<meta property=\"og:title\" content=\"A colazione (equilibrata) con herbalife - Article Marketing\" \/>\n<meta property=\"og:description\" content=\"E&#039; risaputo il fatto che Herbalife sia una multinazionale leader mondiale nel settore della nutrizione e del controllo del peso. Oramai si sa da anni. Ma non tutti sanno che l&#039;azienda \u00e8 sempre in continua evoluzione ed attenta alle esigenze dei propri consumatori. Herbalife per prima, ha lanciato sul mercato il concetto di &quot;colazione equilibrata&quot; a base di aloe, infuso alle erbe e frullato nutriente, con proteine di soia.\" \/>\n<meta property=\"og:url\" content=\"https:\/\/www.article-marketing.eu\/comunicati\/comunicati-stampa\/prodotti\/a-colazione-equilibrata-con-herbalife\/\" \/>\n<meta property=\"og:site_name\" content=\"Article Marketing\" \/>\n<meta property=\"article:published_time\" content=\"2009-10-29T18:30:17+00:00\" \/>\n<meta property=\"og:image\" content=\"http:\/\/images\/colazione.jpg\" \/>\n<meta name=\"author\" content=\"Redazione Comunicati Stampa\" \/>\n<meta name=\"twitter:card\" content=\"summary_large_image\" \/>\n<meta name=\"twitter:label1\" content=\"Scritto da\" \/>\n\t<meta name=\"twitter:data1\" content=\"Redazione Comunicati Stampa\" \/>\n\t<meta name=\"twitter:label2\" content=\"Tempo di lettura stimato\" \/>\n\t<meta name=\"twitter:data2\" content=\"2 minuti\" \/>\n<script type=\"application\/ld+json\" class=\"yoast-schema-graph\">{\"@context\":\"https:\/\/schema.org\",\"@graph\":[{\"@type\":\"Article\",\"@id\":\"https:\/\/www.article-marketing.eu\/comunicati\/comunicati-stampa\/prodotti\/a-colazione-equilibrata-con-herbalife\/#article\",\"isPartOf\":{\"@id\":\"https:\/\/www.article-marketing.eu\/comunicati\/comunicati-stampa\/prodotti\/a-colazione-equilibrata-con-herbalife\/\"},\"author\":{\"name\":\"Redazione Comunicati Stampa\",\"@id\":\"https:\/\/www.article-marketing.eu\/comunicati\/#\/schema\/person\/44372e4d4d0fa797b18e03ed1ace9017\"},\"headline\":\"A colazione (equilibrata) con herbalife\",\"datePublished\":\"2009-10-29T18:30:17+00:00\",\"mainEntityOfPage\":{\"@id\":\"https:\/\/www.article-marketing.eu\/comunicati\/comunicati-stampa\/prodotti\/a-colazione-equilibrata-con-herbalife\/\"},\"wordCount\":478,\"commentCount\":0,\"keywords\":[\"herbalife\"],\"articleSection\":[\"Prodotti\"],\"inLanguage\":\"it-IT\",\"potentialAction\":[{\"@type\":\"CommentAction\",\"name\":\"Comment\",\"target\":[\"https:\/\/www.article-marketing.eu\/comunicati\/comunicati-stampa\/prodotti\/a-colazione-equilibrata-con-herbalife\/#respond\"]}]},{\"@type\":\"WebPage\",\"@id\":\"https:\/\/www.article-marketing.eu\/comunicati\/comunicati-stampa\/prodotti\/a-colazione-equilibrata-con-herbalife\/\",\"url\":\"https:\/\/www.article-marketing.eu\/comunicati\/comunicati-stampa\/prodotti\/a-colazione-equilibrata-con-herbalife\/\",\"name\":\"A colazione (equilibrata) con herbalife - Article Marketing\",\"isPartOf\":{\"@id\":\"https:\/\/www.article-marketing.eu\/comunicati\/#website\"},\"datePublished\":\"2009-10-29T18:30:17+00:00\",\"author\":{\"@id\":\"https:\/\/www.article-marketing.eu\/comunicati\/#\/schema\/person\/44372e4d4d0fa797b18e03ed1ace9017\"},\"breadcrumb\":{\"@id\":\"https:\/\/www.article-marketing.eu\/comunicati\/comunicati-stampa\/prodotti\/a-colazione-equilibrata-con-herbalife\/#breadcrumb\"},\"inLanguage\":\"it-IT\",\"potentialAction\":[{\"@type\":\"ReadAction\",\"target\":[\"https:\/\/www.article-marketing.eu\/comunicati\/comunicati-stampa\/prodotti\/a-colazione-equilibrata-con-herbalife\/\"]}]},{\"@type\":\"BreadcrumbList\",\"@id\":\"https:\/\/www.article-marketing.eu\/comunicati\/comunicati-stampa\/prodotti\/a-colazione-equilibrata-con-herbalife\/#breadcrumb\",\"itemListElement\":[{\"@type\":\"ListItem\",\"position\":1,\"name\":\"Home\",\"item\":\"https:\/\/www.article-marketing.eu\/comunicati\/\"},{\"@type\":\"ListItem\",\"position\":2,\"name\":\"A colazione (equilibrata) con herbalife\"}]},{\"@type\":\"WebSite\",\"@id\":\"https:\/\/www.article-marketing.eu\/comunicati\/#website\",\"url\":\"https:\/\/www.article-marketing.eu\/comunicati\/\",\"name\":\"Article Marketing\",\"description\":\"article marketing &amp; press release\",\"potentialAction\":[{\"@type\":\"SearchAction\",\"target\":{\"@type\":\"EntryPoint\",\"urlTemplate\":\"https:\/\/www.article-marketing.eu\/comunicati\/?s={search_term_string}\"},\"query-input\":{\"@type\":\"PropertyValueSpecification\",\"valueRequired\":true,\"valueName\":\"search_term_string\"}}],\"inLanguage\":\"it-IT\"},{\"@type\":\"Person\",\"@id\":\"https:\/\/www.article-marketing.eu\/comunicati\/#\/schema\/person\/44372e4d4d0fa797b18e03ed1ace9017\",\"name\":\"Redazione Comunicati Stampa\",\"image\":{\"@type\":\"ImageObject\",\"inLanguage\":\"it-IT\",\"@id\":\"https:\/\/www.article-marketing.eu\/comunicati\/#\/schema\/person\/image\/\",\"url\":\"https:\/\/secure.gravatar.com\/avatar\/50e5c6421d3072f42e7ace803501602c60d75233d34e29fd05feb91c8760b792?s=96&d=mm&r=g\",\"contentUrl\":\"https:\/\/secure.gravatar.com\/avatar\/50e5c6421d3072f42e7ace803501602c60d75233d34e29fd05feb91c8760b792?s=96&d=mm&r=g\",\"caption\":\"Redazione Comunicati Stampa\"},\"url\":\"https:\/\/www.article-marketing.eu\/comunicati\/author\/redazione-comunicati-stampa\/\"}]}<\/script>\n<!-- \/ Yoast SEO plugin. -->","yoast_head_json":{"title":"A colazione (equilibrata) con herbalife - Article Marketing","robots":{"index":"index","follow":"follow","max-snippet":"max-snippet:-1","max-image-preview":"max-image-preview:large","max-video-preview":"max-video-preview:-1"},"canonical":"https:\/\/www.article-marketing.eu\/comunicati\/comunicati-stampa\/prodotti\/a-colazione-equilibrata-con-herbalife\/","og_locale":"it_IT","og_type":"article","og_title":"A colazione (equilibrata) con herbalife - Article Marketing","og_description":"E' risaputo il fatto che Herbalife sia una multinazionale leader mondiale nel settore della nutrizione e del controllo del peso. Oramai si sa da anni. Ma non tutti sanno che l'azienda \u00e8 sempre in continua evoluzione ed attenta alle esigenze dei propri consumatori. Herbalife per prima, ha lanciato sul mercato il concetto di \"colazione equilibrata\" a base di aloe, infuso alle erbe e frullato nutriente, con proteine di soia.","og_url":"https:\/\/www.article-marketing.eu\/comunicati\/comunicati-stampa\/prodotti\/a-colazione-equilibrata-con-herbalife\/","og_site_name":"Article Marketing","article_published_time":"2009-10-29T18:30:17+00:00","og_image":[{"url":"images\/colazione.jpg","type":"","width":"","height":""}],"author":"Redazione Comunicati Stampa","twitter_card":"summary_large_image","twitter_misc":{"Scritto da":"Redazione Comunicati Stampa","Tempo di lettura stimato":"2 minuti"},"schema":{"@context":"https:\/\/schema.org","@graph":[{"@type":"Article","@id":"https:\/\/www.article-marketing.eu\/comunicati\/comunicati-stampa\/prodotti\/a-colazione-equilibrata-con-herbalife\/#article","isPartOf":{"@id":"https:\/\/www.article-marketing.eu\/comunicati\/comunicati-stampa\/prodotti\/a-colazione-equilibrata-con-herbalife\/"},"author":{"name":"Redazione Comunicati Stampa","@id":"https:\/\/www.article-marketing.eu\/comunicati\/#\/schema\/person\/44372e4d4d0fa797b18e03ed1ace9017"},"headline":"A colazione (equilibrata) con herbalife","datePublished":"2009-10-29T18:30:17+00:00","mainEntityOfPage":{"@id":"https:\/\/www.article-marketing.eu\/comunicati\/comunicati-stampa\/prodotti\/a-colazione-equilibrata-con-herbalife\/"},"wordCount":478,"commentCount":0,"keywords":["herbalife"],"articleSection":["Prodotti"],"inLanguage":"it-IT","potentialAction":[{"@type":"CommentAction","name":"Comment","target":["https:\/\/www.article-marketing.eu\/comunicati\/comunicati-stampa\/prodotti\/a-colazione-equilibrata-con-herbalife\/#respond"]}]},{"@type":"WebPage","@id":"https:\/\/www.article-marketing.eu\/comunicati\/comunicati-stampa\/prodotti\/a-colazione-equilibrata-con-herbalife\/","url":"https:\/\/www.article-marketing.eu\/comunicati\/comunicati-stampa\/prodotti\/a-colazione-equilibrata-con-herbalife\/","name":"A colazione (equilibrata) con herbalife - Article Marketing","isPartOf":{"@id":"https:\/\/www.article-marketing.eu\/comunicati\/#website"},"datePublished":"2009-10-29T18:30:17+00:00","author":{"@id":"https:\/\/www.article-marketing.eu\/comunicati\/#\/schema\/person\/44372e4d4d0fa797b18e03ed1ace9017"},"breadcrumb":{"@id":"https:\/\/www.article-marketing.eu\/comunicati\/comunicati-stampa\/prodotti\/a-colazione-equilibrata-con-herbalife\/#breadcrumb"},"inLanguage":"it-IT","potentialAction":[{"@type":"ReadAction","target":["https:\/\/www.article-marketing.eu\/comunicati\/comunicati-stampa\/prodotti\/a-colazione-equilibrata-con-herbalife\/"]}]},{"@type":"BreadcrumbList","@id":"https:\/\/www.article-marketing.eu\/comunicati\/comunicati-stampa\/prodotti\/a-colazione-equilibrata-con-herbalife\/#breadcrumb","itemListElement":[{"@type":"ListItem","position":1,"name":"Home","item":"https:\/\/www.article-marketing.eu\/comunicati\/"},{"@type":"ListItem","position":2,"name":"A colazione (equilibrata) con herbalife"}]},{"@type":"WebSite","@id":"https:\/\/www.article-marketing.eu\/comunicati\/#website","url":"https:\/\/www.article-marketing.eu\/comunicati\/","name":"Article Marketing","description":"article marketing &amp; press release","potentialAction":[{"@type":"SearchAction","target":{"@type":"EntryPoint","urlTemplate":"https:\/\/www.article-marketing.eu\/comunicati\/?s={search_term_string}"},"query-input":{"@type":"PropertyValueSpecification","valueRequired":true,"valueName":"search_term_string"}}],"inLanguage":"it-IT"},{"@type":"Person","@id":"https:\/\/www.article-marketing.eu\/comunicati\/#\/schema\/person\/44372e4d4d0fa797b18e03ed1ace9017","name":"Redazione Comunicati Stampa","image":{"@type":"ImageObject","inLanguage":"it-IT","@id":"https:\/\/www.article-marketing.eu\/comunicati\/#\/schema\/person\/image\/","url":"https:\/\/secure.gravatar.com\/avatar\/50e5c6421d3072f42e7ace803501602c60d75233d34e29fd05feb91c8760b792?s=96&d=mm&r=g","contentUrl":"https:\/\/secure.gravatar.com\/avatar\/50e5c6421d3072f42e7ace803501602c60d75233d34e29fd05feb91c8760b792?s=96&d=mm&r=g","caption":"Redazione Comunicati Stampa"},"url":"https:\/\/www.article-marketing.eu\/comunicati\/author\/redazione-comunicati-stampa\/"}]}},"_links":{"self":[{"href":"https:\/\/www.article-marketing.eu\/comunicati\/wp-json\/wp\/v2\/posts\/3190","targetHints":{"allow":["GET"]}}],"collection":[{"href":"https:\/\/www.article-marketing.eu\/comunicati\/wp-json\/wp\/v2\/posts"}],"about":[{"href":"https:\/\/www.article-marketing.eu\/comunicati\/wp-json\/wp\/v2\/types\/post"}],"author":[{"embeddable":true,"href":"https:\/\/www.article-marketing.eu\/comunicati\/wp-json\/wp\/v2\/users\/10"}],"replies":[{"embeddable":true,"href":"https:\/\/www.article-marketing.eu\/comunicati\/wp-json\/wp\/v2\/comments?post=3190"}],"version-history":[{"count":0,"href":"https:\/\/www.article-marketing.eu\/comunicati\/wp-json\/wp\/v2\/posts\/3190\/revisions"}],"wp:attachment":[{"href":"https:\/\/www.article-marketing.eu\/comunicati\/wp-json\/wp\/v2\/media?parent=3190"}],"wp:term":[{"taxonomy":"category","embeddable":true,"href":"https:\/\/www.article-marketing.eu\/comunicati\/wp-json\/wp\/v2\/categories?post=3190"},{"taxonomy":"post_tag","embeddable":true,"href":"https:\/\/www.article-marketing.eu\/comunicati\/wp-json\/wp\/v2\/tags?post=3190"}],"curies":[{"name":"wp","href":"https:\/\/api.w.org\/{rel}","templated":true}]}}