{"id":3192,"date":"2009-10-30T11:29:59","date_gmt":"2009-10-30T10:29:59","guid":{"rendered":"http:\/\/www.article-marketing.eu\/comunicati\/senza-categoria\/sulle-tavole-calabresi-nduja-peperoncino-ed-un-buon-bicchiere-di-vino\/"},"modified":"2018-06-04T20:31:04","modified_gmt":"2018-06-04T18:31:04","slug":"sulle-tavole-calabresi-nduja-peperoncino-ed-un-buon-bicchiere-di-vino","status":"publish","type":"post","link":"https:\/\/www.article-marketing.eu\/comunicati\/casa\/cucina\/sulle-tavole-calabresi-nduja-peperoncino-ed-un-buon-bicchiere-di-vino\/","title":{"rendered":"Sulle tavole calabresi: nduja, peperoncino&#8230;..ed un buon bicchiere di vino!!"},"content":{"rendered":"<p><a href=\"http:\/\/web.tiscali.it\/enoweb\/Image1.jpg\"><img decoding=\"async\" style=\"FLOAT: left; MARGIN: 0px 10px 10px 0px; WIDTH: 225px; CURSOR: hand; HEIGHT: 187px\" src=\"http:\/\/web.tiscali.it\/enoweb\/Image1.jpg\" border=\"0\" \/><\/a> <em>Datare la <strong>coltura della vite<\/strong> in Calabria significherebbe andare molto indietro nei tempi, sicuramente ancor <strong>prima della venuta dei<\/strong> primi coloni <strong>greci<\/strong> del VIII secolo a. C. Del resto la coltivazione dei vigneti in queste terre era talmente intensa nell\u2019et\u00e0 ellenistica che <strong>la Calabria fu detta &quot;Enotria<\/strong>&quot;, ossia terra del vino. Si capisce quindi come il vino che si produceva in Calabria, oltre ad avere una considerevole importanza per l\u2019 economia dei tempi, <strong>era apprezzato e famoso per<\/strong> la sua qualit\u00e0. Caratteristica di quel vino pare fosse <strong>la forza, il vigore<\/strong> ed il <strong>suo profumo<\/strong> intensissimo<strong>,<\/strong> capaci (si dice) di resuscitare anche i morti.<\/em><\/p>\n<p><em>Le tavole di Eraclea danno un preciso valore ai vigneti del tempo in Calabria: <strong>un appezzamento di terreno coltivato a vigna valeva sei volte quello coltivato a cereali<\/strong>. Al dio Bacco erano innalzati ovunque templi, tra i quali famosissimo quello di Cremissa, odierna Cir\u00f2. E si vuole appunto che il vino Cir\u00f2 discenda in linea retta da quel vino di Crimisa che si somministrava agli atleti vittoriosi nelle gare, per cui (insieme ad un altro grande vino di Calabria, il Greco di Bianco) sarebbe il nettare pi\u00f9 antico d\u2019Italia.<\/em> <\/p>\n<p><em><\/em><em>In <strong>epoca romana<\/strong> i vini della Calabria <strong>non riuscirono a ripetere il successo<\/strong> avuto in epoca greca. I Romani infatti prediligevano i vini autoctoni quali il Frascati. Mentre il <strong>Medioevo ne conobbe il rilancio<\/strong>, esportati per terra e per mare in tutta Italia ed anche oltre. Successivamente per\u00f2 <strong>nuove difficolt\u00e0 incontr\u00f2 la regione<\/strong> nel valorizzare i propri vini e <strong>tutt&#8217;ora la viticultura calabrese raccoglie meno riconoscimenti<\/strong> di quanti meriterebbe. <\/em><\/p>\n<p><em><\/em><\/p>\n<p><em><img decoding=\"async\" style=\"FLOAT: right; MARGIN: 0px 0px 10px 10px; WIDTH: 189px; CURSOR: hand; HEIGHT: 181px\" src=\"http:\/\/www.iltaccoditalia.info\/public\/miero.jpg\" border=\"0\" \/>Attualmente la maggior parte della <strong>produzione<\/strong> di vino \u00e8 ad un livello decisamente <strong>artigianale<\/strong>, e difatti ogni <strong>contadino vinifica da s\u00e9<\/strong> con criteri del tutto primitivi ed empirici: <strong>ci\u00f2 impedisce<\/strong> l\u2019ottenimento di una <strong>medesima qualit\u00e0<\/strong> di anno in anno, ed a ci\u00f2 pu\u00f2 attribuirsi in parte la mancata diffusione dei vini calabresi nel resto d\u2019Italia. Si rileva cos\u00ec la necessit\u00e0 che molta produzione del <strong>vino calabrese debba uscire dallo stato artigianale<\/strong> s\u00ec da poter essere maggiormente apprezzata in Italia e all&#8217;Estero.<\/em><\/p>\n<p>&nbsp;<em><\/em><em>Il <strong>Cir\u00f2 <\/strong>\u00e8 uno dei pochi vini veramente industrializzati, il <strong>primo<\/strong> che ha chiesto ed ottenuto la <strong>denominazione d\u2019origine controllata.<\/strong> Conosciuto ed apprezzato in tutto il mondo e&#8217; entrato a far parte di ogni cantina che si rispetti e sulle tavole di ogni buon ristorante. <\/em><\/p>\n<p><em>Per il resto sono poche le aziende che hanno la denominazione <strong>DOC<\/strong>, anche se tale dato \u00e8 <strong>in notevole incremento,<\/strong> iniziando <strong>una controtendenza<\/strong> rispetto al mercato vitivinicolo regionale degli ultimi 30 anni, caratterizzato da una profonda crisi ed impoverimento generale, visto che la viticultura \u00e8 sempre stata una voce importante dell\u2019economia locale.<\/em> <\/p>\n<p><em><\/em><\/p>\n<p><em><img decoding=\"async\" style=\"FLOAT: left; MARGIN: 0px 10px 10px 0px; WIDTH: 295px; CURSOR: hand; HEIGHT: 167px\" src=\"http:\/\/www.agendaonline.it\/photo\/vino.jpg\" border=\"0\" \/>In particolare altre tipologie di vini calabresi stanno ricevendo il supporto di <strong>siti di commercio elettronico<\/strong> che nel corso del loro percorso aziendale hanno ricevuto <strong>rilevanti feedback<\/strong> positivi dall\u2019utenza servita, dunque <strong>svolgendo <\/strong>azione di <strong>educazione al consumo e promozione<\/strong> di particolari referenze e tipologie.<\/em> <em>Anche per ci\u00f2, forse, <\/em><em>da qualche anno assistiamo ad una rinnovata <strong>ripresa produttiva<\/strong>, ispirata a nuovi criteri di qualit\u00e0, un <strong>rinnovato entusiasmo<\/strong> nella produzione con un pi\u00f9 <strong>attento lavoro in vigna<\/strong> e l&#8217;applicazione di <strong>nuove tecniche in cantina<\/strong>.<\/em> <\/p>\n<p><em><\/em><em>Nella <strong>zona della Piana di Sibari<\/strong>, ad esempio, si cerca di continuare una <strong>tradizione vitivinicola di spessore<\/strong>, visto che \u00e8 proprio in tale area che si rilevarono <strong>le prime testimonianze<\/strong> di una imponente ed organizzata <strong>esportazione del vino<\/strong>. Questo partiva dal porto di Sibari, passava attraverso veri e propri <strong>enodotti<\/strong>, per essere caricato agevolmente sulle navi.<\/em> <em><\/em><em><\/em><\/p>\n<p><em>Nella menzionata zona, in particolare, <strong>si distingue<\/strong> anzitutto il vino <strong>Pollino doc<\/strong>, che vede la sua produzione <\/em><em>all&#8217;interno del <strong>Parco Nazionale<\/strong> omonimo, in<\/em><em> particolare nei comuni di <\/em><em>Castrovillari, Civita, San Basile, Saracena, Cassano allo Ionio e Frascineto.<\/em> <em>La produzione di questo fantastico nettare deriva da <strong>vitigni<\/strong> quali <strong>Gaglioppo <\/strong>almeno per il 60%, <strong>Greco nero<\/strong>, <strong>Malvasia bianca, Montonico bianco e Guarnaccia<\/strong> bianca per almeno il 20%, con possibile aggiunta di uve a bacca bianca per un massimo del 20%.Il suo <strong>colore \u00e8 rosso rubino tenue o cerasuolo<\/strong>; un <strong>profumo piuttosto intenso<\/strong> e persistente, fruttato, con sentori di prugne e ribes;il suo <strong>sapore \u00e8 secco, caldo<\/strong>, abbastanza morbido, giustamente tannico, sapido, di corpo, equilibrato; i suoi <strong>12\/13 gradi<\/strong> ne fanno un vino ottimo per accompagnare <strong>costolette di agnello<\/strong>, <strong>capretto al forno, carni bianche arrosto, salsiccia, coniglio al forno, prosciutti e formaggi calabresi<\/strong>, servendolo a temperatura ambiente di 16-18\u00b0C.<\/em><\/p>\n<p>&nbsp;<em>Della medesima tipologia <strong>Pollino <\/strong>si menziona anche <strong>il Rosso Superiore<\/strong>, che richiede un i<strong>nvecchiamento <\/strong>obbligatorio di <strong>due anni<\/strong>: viene dai pi\u00f9 considerato e\u2019 classificato vino superiore da pasto<\/em> <\/p>\n<p><strong><em>Il Valle del Crati Igt<\/em><\/strong><em> \u00e8 rosso, rosato, bianco, novello e passito, ottenuto da uve sangiovese, merlot, cabernet sauvignon, magliocco, sauvignon blanc, riesling e greco bianco. La <strong>gradazione alcolica minima \u00e8 11,5% e 11%<\/strong> per, rispettivamente, rosso e novello e <strong>10,5%<\/strong> per bianco e rosato, e <strong>15%<\/strong> per passito. La relativa zona di produzione segue il percorso del fiume Crati, fino alla sua foce nel mare Ionio. In genere i metodi di produzione prevedono una <strong>accurata selezione delle uve<\/strong>, fatte macerare e fermentare in <strong>vasche di acciaio<\/strong>, ben accompagnando il prodotto <strong>carni grasse e selvaggine<\/strong> (per le tipologie rosso\/rosato), ovvero <strong>antipasti, formaggi freschi e piatti a base pesce<\/strong>.(la tipologia bianco).<\/em> <\/p>\n<p><em>E nella Piana di Sibari trova culla anche un altro vinello interessante, <strong>l\u2019Igt Calabria,<\/strong> la cui produzione si caratterizza in tutta la regione, ma che in <strong>zona acquisisce un sapore ed una connotazione unica<\/strong>. Le tipologie <strong>rosso\/rosato<\/strong> in genere provengono da vitigno <strong>magliocco canno, calabrese (nero d\u2019Avola), greco nero<\/strong>; con vinificazione prevista nella modalit\u00e0 fermentazione sulle bucce, suggerendo l\u2019accostamento a pietanze tipiche della regione, con il suo <strong>colore rosso intenso<\/strong>, il profumo caratterizzato da sentori di frutta, il suo sapore pronunciato e pieno. Con i suoi 12\/13\u00b0 si consiglia venga servito ad una temperatura di 17\/18 gradi. La tipologia <strong>bianco<\/strong> proviene da <strong>malvasia bianca, greco bianco<\/strong>; con vinificazione prevista nella modalit\u00e0 fermentazione del mosto in bianco a temperatura controllata; si accompagna bene ad antipasti e secondi delicati, col suo <strong>colore giallo dorato<\/strong>, il suo profumo delicato e fruttato, il suo sapore asciutto ed armonico. Con i suoi 12\/13\u00b0 si consiglia sia servito ad una temperatura di 10\/12 gradi.<\/em> <em><\/em><\/p>\n<p><em>Che tali presupposti e tale voglia di affermazione siano di buon auspicio per far conoscere oltre regione vini di <strong>buona qualit\u00e0,<\/strong> rispettati e quasi <strong>venerati in loco<\/strong>, visto che non pochi <strong>sono i paesi e le contrade<\/strong> presso le quali la produzione vinicola \u00e8 accompagnata da <strong>sagre e manifestazioni enogastronomiche<\/strong> di particolare importanza che si tengono gi\u00e0 dal mese di novembre, sotto il proverbio che \u201c<strong>p<em>er S. Martino ogni mosto \u00e8 vino<\/em><\/strong><em>\u201d.<\/em> C&#8217;\u00e8 solo da augurarsi che <strong>le giovani generazioni<\/strong> apprezzino e imparino ad <strong>amare<\/strong> maggiormente la <strong>terra, <\/strong>che in passato valeva molto se lavorata a vigneto, avvalendosi delle pi\u00f9 <strong>moderne ed evolute tecniche<\/strong> di produzione.<\/em> <\/p>\n","protected":false},"excerpt":{"rendered":"<p>Rinnovato entusiasmo per le produzioni vitivinicole calabresi, dimostrando che il vino della regione  \u00e8  si \u201cCir\u00f2\u201d, ma anche molto altro ancora.<\/p>\n","protected":false},"author":10,"featured_media":0,"comment_status":"open","ping_status":"open","sticky":false,"template":"","format":"standard","meta":{"cybocfi_hide_featured_image":"","footnotes":""},"categories":[944],"tags":[10222,10216,10217,10220,10221,10218,10219,10212,10215,10213,10214],"class_list":["post-3192","post","type-post","status-publish","format-standard","hentry","category-cucina","tag-accompagnamento-vini","tag-gaglioppo","tag-greco-nero","tag-guarnaccia","tag-magliocco-canno","tag-malvasia-bianca","tag-montonico-bianco","tag-prodotti-tipici-calabria","tag-valle-crati-igt","tag-vendita-vini-calabresi","tag-vino-pollino-doc"],"yoast_head":"<!-- This site is optimized with the Yoast SEO plugin v27.0 - https:\/\/yoast.com\/product\/yoast-seo-wordpress\/ -->\n<title>Sulle tavole calabresi: nduja, peperoncino.....ed un buon bicchiere di vino!! - Article Marketing<\/title>\n<meta name=\"robots\" content=\"index, follow, max-snippet:-1, max-image-preview:large, max-video-preview:-1\" \/>\n<link rel=\"canonical\" href=\"https:\/\/www.article-marketing.eu\/comunicati\/casa\/cucina\/sulle-tavole-calabresi-nduja-peperoncino-ed-un-buon-bicchiere-di-vino\/\" \/>\n<meta property=\"og:locale\" content=\"it_IT\" \/>\n<meta property=\"og:type\" content=\"article\" \/>\n<meta property=\"og:title\" content=\"Sulle tavole calabresi: nduja, peperoncino.....ed un buon bicchiere di vino!! - Article Marketing\" \/>\n<meta property=\"og:description\" content=\"Rinnovato entusiasmo per le produzioni vitivinicole calabresi, dimostrando che il vino della regione \u00e8 si \u201cCir\u00f2\u201d, ma anche molto altro ancora.\" \/>\n<meta property=\"og:url\" content=\"https:\/\/www.article-marketing.eu\/comunicati\/casa\/cucina\/sulle-tavole-calabresi-nduja-peperoncino-ed-un-buon-bicchiere-di-vino\/\" \/>\n<meta property=\"og:site_name\" content=\"Article Marketing\" \/>\n<meta property=\"article:published_time\" content=\"2009-10-30T10:29:59+00:00\" \/>\n<meta property=\"article:modified_time\" content=\"2018-06-04T18:31:04+00:00\" \/>\n<meta property=\"og:image\" content=\"http:\/\/web.tiscali.it\/enoweb\/Image1.jpg\" \/>\n<meta name=\"author\" content=\"Redazione Comunicati Stampa\" \/>\n<meta name=\"twitter:card\" content=\"summary_large_image\" \/>\n<meta name=\"twitter:label1\" content=\"Scritto da\" \/>\n\t<meta name=\"twitter:data1\" content=\"Redazione Comunicati Stampa\" \/>\n\t<meta name=\"twitter:label2\" content=\"Tempo di lettura stimato\" \/>\n\t<meta name=\"twitter:data2\" content=\"6 minuti\" \/>\n<script type=\"application\/ld+json\" class=\"yoast-schema-graph\">{\"@context\":\"https:\/\/schema.org\",\"@graph\":[{\"@type\":\"Article\",\"@id\":\"https:\/\/www.article-marketing.eu\/comunicati\/casa\/cucina\/sulle-tavole-calabresi-nduja-peperoncino-ed-un-buon-bicchiere-di-vino\/#article\",\"isPartOf\":{\"@id\":\"https:\/\/www.article-marketing.eu\/comunicati\/casa\/cucina\/sulle-tavole-calabresi-nduja-peperoncino-ed-un-buon-bicchiere-di-vino\/\"},\"author\":{\"name\":\"Redazione Comunicati Stampa\",\"@id\":\"https:\/\/www.article-marketing.eu\/comunicati\/#\/schema\/person\/44372e4d4d0fa797b18e03ed1ace9017\"},\"headline\":\"Sulle tavole calabresi: nduja, peperoncino&#8230;..ed un buon bicchiere di vino!!\",\"datePublished\":\"2009-10-30T10:29:59+00:00\",\"dateModified\":\"2018-06-04T18:31:04+00:00\",\"mainEntityOfPage\":{\"@id\":\"https:\/\/www.article-marketing.eu\/comunicati\/casa\/cucina\/sulle-tavole-calabresi-nduja-peperoncino-ed-un-buon-bicchiere-di-vino\/\"},\"wordCount\":1133,\"commentCount\":0,\"image\":{\"@id\":\"https:\/\/www.article-marketing.eu\/comunicati\/casa\/cucina\/sulle-tavole-calabresi-nduja-peperoncino-ed-un-buon-bicchiere-di-vino\/#primaryimage\"},\"thumbnailUrl\":\"http:\/\/web.tiscali.it\/enoweb\/Image1.jpg\",\"keywords\":[\"accompagnamento vini.\",\"Gaglioppo\",\"Greco nero\",\"Guarnaccia\",\"magliocco canno\",\"Malvasia bianca\",\"Montonico bianco\",\"prodotti tipici calabria\",\"Valle Crati Igt\",\"vendita vini calabresi\",\"Vino Pollino doc\"],\"articleSection\":[\"Cucina\"],\"inLanguage\":\"it-IT\",\"potentialAction\":[{\"@type\":\"CommentAction\",\"name\":\"Comment\",\"target\":[\"https:\/\/www.article-marketing.eu\/comunicati\/casa\/cucina\/sulle-tavole-calabresi-nduja-peperoncino-ed-un-buon-bicchiere-di-vino\/#respond\"]}]},{\"@type\":\"WebPage\",\"@id\":\"https:\/\/www.article-marketing.eu\/comunicati\/casa\/cucina\/sulle-tavole-calabresi-nduja-peperoncino-ed-un-buon-bicchiere-di-vino\/\",\"url\":\"https:\/\/www.article-marketing.eu\/comunicati\/casa\/cucina\/sulle-tavole-calabresi-nduja-peperoncino-ed-un-buon-bicchiere-di-vino\/\",\"name\":\"Sulle tavole calabresi: nduja, peperoncino.....ed un buon bicchiere di vino!! - Article Marketing\",\"isPartOf\":{\"@id\":\"https:\/\/www.article-marketing.eu\/comunicati\/#website\"},\"primaryImageOfPage\":{\"@id\":\"https:\/\/www.article-marketing.eu\/comunicati\/casa\/cucina\/sulle-tavole-calabresi-nduja-peperoncino-ed-un-buon-bicchiere-di-vino\/#primaryimage\"},\"image\":{\"@id\":\"https:\/\/www.article-marketing.eu\/comunicati\/casa\/cucina\/sulle-tavole-calabresi-nduja-peperoncino-ed-un-buon-bicchiere-di-vino\/#primaryimage\"},\"thumbnailUrl\":\"http:\/\/web.tiscali.it\/enoweb\/Image1.jpg\",\"datePublished\":\"2009-10-30T10:29:59+00:00\",\"dateModified\":\"2018-06-04T18:31:04+00:00\",\"author\":{\"@id\":\"https:\/\/www.article-marketing.eu\/comunicati\/#\/schema\/person\/44372e4d4d0fa797b18e03ed1ace9017\"},\"breadcrumb\":{\"@id\":\"https:\/\/www.article-marketing.eu\/comunicati\/casa\/cucina\/sulle-tavole-calabresi-nduja-peperoncino-ed-un-buon-bicchiere-di-vino\/#breadcrumb\"},\"inLanguage\":\"it-IT\",\"potentialAction\":[{\"@type\":\"ReadAction\",\"target\":[\"https:\/\/www.article-marketing.eu\/comunicati\/casa\/cucina\/sulle-tavole-calabresi-nduja-peperoncino-ed-un-buon-bicchiere-di-vino\/\"]}]},{\"@type\":\"ImageObject\",\"inLanguage\":\"it-IT\",\"@id\":\"https:\/\/www.article-marketing.eu\/comunicati\/casa\/cucina\/sulle-tavole-calabresi-nduja-peperoncino-ed-un-buon-bicchiere-di-vino\/#primaryimage\",\"url\":\"http:\/\/web.tiscali.it\/enoweb\/Image1.jpg\",\"contentUrl\":\"http:\/\/web.tiscali.it\/enoweb\/Image1.jpg\"},{\"@type\":\"BreadcrumbList\",\"@id\":\"https:\/\/www.article-marketing.eu\/comunicati\/casa\/cucina\/sulle-tavole-calabresi-nduja-peperoncino-ed-un-buon-bicchiere-di-vino\/#breadcrumb\",\"itemListElement\":[{\"@type\":\"ListItem\",\"position\":1,\"name\":\"Home\",\"item\":\"https:\/\/www.article-marketing.eu\/comunicati\/\"},{\"@type\":\"ListItem\",\"position\":2,\"name\":\"Sulle tavole calabresi: nduja, peperoncino&#8230;..ed un buon bicchiere di vino!!\"}]},{\"@type\":\"WebSite\",\"@id\":\"https:\/\/www.article-marketing.eu\/comunicati\/#website\",\"url\":\"https:\/\/www.article-marketing.eu\/comunicati\/\",\"name\":\"Article Marketing\",\"description\":\"article marketing &amp; press release\",\"potentialAction\":[{\"@type\":\"SearchAction\",\"target\":{\"@type\":\"EntryPoint\",\"urlTemplate\":\"https:\/\/www.article-marketing.eu\/comunicati\/?s={search_term_string}\"},\"query-input\":{\"@type\":\"PropertyValueSpecification\",\"valueRequired\":true,\"valueName\":\"search_term_string\"}}],\"inLanguage\":\"it-IT\"},{\"@type\":\"Person\",\"@id\":\"https:\/\/www.article-marketing.eu\/comunicati\/#\/schema\/person\/44372e4d4d0fa797b18e03ed1ace9017\",\"name\":\"Redazione Comunicati Stampa\",\"image\":{\"@type\":\"ImageObject\",\"inLanguage\":\"it-IT\",\"@id\":\"https:\/\/www.article-marketing.eu\/comunicati\/#\/schema\/person\/image\/\",\"url\":\"https:\/\/secure.gravatar.com\/avatar\/50e5c6421d3072f42e7ace803501602c60d75233d34e29fd05feb91c8760b792?s=96&d=mm&r=g\",\"contentUrl\":\"https:\/\/secure.gravatar.com\/avatar\/50e5c6421d3072f42e7ace803501602c60d75233d34e29fd05feb91c8760b792?s=96&d=mm&r=g\",\"caption\":\"Redazione Comunicati Stampa\"},\"url\":\"https:\/\/www.article-marketing.eu\/comunicati\/author\/redazione-comunicati-stampa\/\"}]}<\/script>\n<!-- \/ Yoast SEO plugin. -->","yoast_head_json":{"title":"Sulle tavole calabresi: nduja, peperoncino.....ed un buon bicchiere di vino!! - Article Marketing","robots":{"index":"index","follow":"follow","max-snippet":"max-snippet:-1","max-image-preview":"max-image-preview:large","max-video-preview":"max-video-preview:-1"},"canonical":"https:\/\/www.article-marketing.eu\/comunicati\/casa\/cucina\/sulle-tavole-calabresi-nduja-peperoncino-ed-un-buon-bicchiere-di-vino\/","og_locale":"it_IT","og_type":"article","og_title":"Sulle tavole calabresi: nduja, peperoncino.....ed un buon bicchiere di vino!! - Article Marketing","og_description":"Rinnovato entusiasmo per le produzioni vitivinicole calabresi, dimostrando che il vino della regione \u00e8 si \u201cCir\u00f2\u201d, ma anche molto altro ancora.","og_url":"https:\/\/www.article-marketing.eu\/comunicati\/casa\/cucina\/sulle-tavole-calabresi-nduja-peperoncino-ed-un-buon-bicchiere-di-vino\/","og_site_name":"Article Marketing","article_published_time":"2009-10-30T10:29:59+00:00","article_modified_time":"2018-06-04T18:31:04+00:00","og_image":[{"url":"http:\/\/web.tiscali.it\/enoweb\/Image1.jpg","type":"","width":"","height":""}],"author":"Redazione Comunicati Stampa","twitter_card":"summary_large_image","twitter_misc":{"Scritto da":"Redazione Comunicati Stampa","Tempo di lettura stimato":"6 minuti"},"schema":{"@context":"https:\/\/schema.org","@graph":[{"@type":"Article","@id":"https:\/\/www.article-marketing.eu\/comunicati\/casa\/cucina\/sulle-tavole-calabresi-nduja-peperoncino-ed-un-buon-bicchiere-di-vino\/#article","isPartOf":{"@id":"https:\/\/www.article-marketing.eu\/comunicati\/casa\/cucina\/sulle-tavole-calabresi-nduja-peperoncino-ed-un-buon-bicchiere-di-vino\/"},"author":{"name":"Redazione Comunicati Stampa","@id":"https:\/\/www.article-marketing.eu\/comunicati\/#\/schema\/person\/44372e4d4d0fa797b18e03ed1ace9017"},"headline":"Sulle tavole calabresi: nduja, peperoncino&#8230;..ed un buon bicchiere di vino!!","datePublished":"2009-10-30T10:29:59+00:00","dateModified":"2018-06-04T18:31:04+00:00","mainEntityOfPage":{"@id":"https:\/\/www.article-marketing.eu\/comunicati\/casa\/cucina\/sulle-tavole-calabresi-nduja-peperoncino-ed-un-buon-bicchiere-di-vino\/"},"wordCount":1133,"commentCount":0,"image":{"@id":"https:\/\/www.article-marketing.eu\/comunicati\/casa\/cucina\/sulle-tavole-calabresi-nduja-peperoncino-ed-un-buon-bicchiere-di-vino\/#primaryimage"},"thumbnailUrl":"http:\/\/web.tiscali.it\/enoweb\/Image1.jpg","keywords":["accompagnamento vini.","Gaglioppo","Greco nero","Guarnaccia","magliocco canno","Malvasia bianca","Montonico bianco","prodotti tipici calabria","Valle Crati Igt","vendita vini calabresi","Vino Pollino doc"],"articleSection":["Cucina"],"inLanguage":"it-IT","potentialAction":[{"@type":"CommentAction","name":"Comment","target":["https:\/\/www.article-marketing.eu\/comunicati\/casa\/cucina\/sulle-tavole-calabresi-nduja-peperoncino-ed-un-buon-bicchiere-di-vino\/#respond"]}]},{"@type":"WebPage","@id":"https:\/\/www.article-marketing.eu\/comunicati\/casa\/cucina\/sulle-tavole-calabresi-nduja-peperoncino-ed-un-buon-bicchiere-di-vino\/","url":"https:\/\/www.article-marketing.eu\/comunicati\/casa\/cucina\/sulle-tavole-calabresi-nduja-peperoncino-ed-un-buon-bicchiere-di-vino\/","name":"Sulle tavole calabresi: nduja, peperoncino.....ed un buon bicchiere di vino!! - Article Marketing","isPartOf":{"@id":"https:\/\/www.article-marketing.eu\/comunicati\/#website"},"primaryImageOfPage":{"@id":"https:\/\/www.article-marketing.eu\/comunicati\/casa\/cucina\/sulle-tavole-calabresi-nduja-peperoncino-ed-un-buon-bicchiere-di-vino\/#primaryimage"},"image":{"@id":"https:\/\/www.article-marketing.eu\/comunicati\/casa\/cucina\/sulle-tavole-calabresi-nduja-peperoncino-ed-un-buon-bicchiere-di-vino\/#primaryimage"},"thumbnailUrl":"http:\/\/web.tiscali.it\/enoweb\/Image1.jpg","datePublished":"2009-10-30T10:29:59+00:00","dateModified":"2018-06-04T18:31:04+00:00","author":{"@id":"https:\/\/www.article-marketing.eu\/comunicati\/#\/schema\/person\/44372e4d4d0fa797b18e03ed1ace9017"},"breadcrumb":{"@id":"https:\/\/www.article-marketing.eu\/comunicati\/casa\/cucina\/sulle-tavole-calabresi-nduja-peperoncino-ed-un-buon-bicchiere-di-vino\/#breadcrumb"},"inLanguage":"it-IT","potentialAction":[{"@type":"ReadAction","target":["https:\/\/www.article-marketing.eu\/comunicati\/casa\/cucina\/sulle-tavole-calabresi-nduja-peperoncino-ed-un-buon-bicchiere-di-vino\/"]}]},{"@type":"ImageObject","inLanguage":"it-IT","@id":"https:\/\/www.article-marketing.eu\/comunicati\/casa\/cucina\/sulle-tavole-calabresi-nduja-peperoncino-ed-un-buon-bicchiere-di-vino\/#primaryimage","url":"http:\/\/web.tiscali.it\/enoweb\/Image1.jpg","contentUrl":"http:\/\/web.tiscali.it\/enoweb\/Image1.jpg"},{"@type":"BreadcrumbList","@id":"https:\/\/www.article-marketing.eu\/comunicati\/casa\/cucina\/sulle-tavole-calabresi-nduja-peperoncino-ed-un-buon-bicchiere-di-vino\/#breadcrumb","itemListElement":[{"@type":"ListItem","position":1,"name":"Home","item":"https:\/\/www.article-marketing.eu\/comunicati\/"},{"@type":"ListItem","position":2,"name":"Sulle tavole calabresi: nduja, peperoncino&#8230;..ed un buon bicchiere di vino!!"}]},{"@type":"WebSite","@id":"https:\/\/www.article-marketing.eu\/comunicati\/#website","url":"https:\/\/www.article-marketing.eu\/comunicati\/","name":"Article Marketing","description":"article marketing &amp; press release","potentialAction":[{"@type":"SearchAction","target":{"@type":"EntryPoint","urlTemplate":"https:\/\/www.article-marketing.eu\/comunicati\/?s={search_term_string}"},"query-input":{"@type":"PropertyValueSpecification","valueRequired":true,"valueName":"search_term_string"}}],"inLanguage":"it-IT"},{"@type":"Person","@id":"https:\/\/www.article-marketing.eu\/comunicati\/#\/schema\/person\/44372e4d4d0fa797b18e03ed1ace9017","name":"Redazione Comunicati Stampa","image":{"@type":"ImageObject","inLanguage":"it-IT","@id":"https:\/\/www.article-marketing.eu\/comunicati\/#\/schema\/person\/image\/","url":"https:\/\/secure.gravatar.com\/avatar\/50e5c6421d3072f42e7ace803501602c60d75233d34e29fd05feb91c8760b792?s=96&d=mm&r=g","contentUrl":"https:\/\/secure.gravatar.com\/avatar\/50e5c6421d3072f42e7ace803501602c60d75233d34e29fd05feb91c8760b792?s=96&d=mm&r=g","caption":"Redazione Comunicati Stampa"},"url":"https:\/\/www.article-marketing.eu\/comunicati\/author\/redazione-comunicati-stampa\/"}]}},"_links":{"self":[{"href":"https:\/\/www.article-marketing.eu\/comunicati\/wp-json\/wp\/v2\/posts\/3192","targetHints":{"allow":["GET"]}}],"collection":[{"href":"https:\/\/www.article-marketing.eu\/comunicati\/wp-json\/wp\/v2\/posts"}],"about":[{"href":"https:\/\/www.article-marketing.eu\/comunicati\/wp-json\/wp\/v2\/types\/post"}],"author":[{"embeddable":true,"href":"https:\/\/www.article-marketing.eu\/comunicati\/wp-json\/wp\/v2\/users\/10"}],"replies":[{"embeddable":true,"href":"https:\/\/www.article-marketing.eu\/comunicati\/wp-json\/wp\/v2\/comments?post=3192"}],"version-history":[{"count":2,"href":"https:\/\/www.article-marketing.eu\/comunicati\/wp-json\/wp\/v2\/posts\/3192\/revisions"}],"predecessor-version":[{"id":55971,"href":"https:\/\/www.article-marketing.eu\/comunicati\/wp-json\/wp\/v2\/posts\/3192\/revisions\/55971"}],"wp:attachment":[{"href":"https:\/\/www.article-marketing.eu\/comunicati\/wp-json\/wp\/v2\/media?parent=3192"}],"wp:term":[{"taxonomy":"category","embeddable":true,"href":"https:\/\/www.article-marketing.eu\/comunicati\/wp-json\/wp\/v2\/categories?post=3192"},{"taxonomy":"post_tag","embeddable":true,"href":"https:\/\/www.article-marketing.eu\/comunicati\/wp-json\/wp\/v2\/tags?post=3192"}],"curies":[{"name":"wp","href":"https:\/\/api.w.org\/{rel}","templated":true}]}}