{"id":3193,"date":"2009-10-30T11:33:57","date_gmt":"2009-10-30T10:33:57","guid":{"rendered":"http:\/\/www.article-marketing.eu\/comunicati\/senza-categoria\/conversazioni-interattive-creativit%e0-ed-innovazione-per-far-crescere-le-aziende\/"},"modified":"2009-10-30T11:33:57","modified_gmt":"2009-10-30T10:33:57","slug":"conversazioni-interattive-creativit%e0-ed-innovazione-per-far-crescere-le-aziende","status":"publish","type":"post","link":"https:\/\/www.article-marketing.eu\/comunicati\/arte-e-cultura\/conversazioni-interattive-creativit%e0-ed-innovazione-per-far-crescere-le-aziende\/","title":{"rendered":"\u201cConversazioni Interattive\u201d: creativit\u00e0 ed innovazione per far crescere le aziende"},"content":{"rendered":"<p>Nell\u2019affascinante cornice del primo piano di Palazzo Affari ai Giureconsulti a Milano, dove innovazione e storia si incontrano con una perfetta armonia, si \u00e8 conclusa la prima edizione di \u201cConversazioni Interattive su Creativit\u00e0 ed Innovazione\u201d applicata a tre ambiti di intervento: innovazione e creativit\u00e0 nelle aziende, nelle scuole e nell\u2019universit\u00e0 e infine, nel mondo del marketing e comunicazione. L\u2019evento \u00e8 stato organizzato in collaborazione con Innovhub, l\u2019Azienda speciale della Camera di Commercio di Milano per l\u2019innovazione e con il \u201cPremio Targa Oro della Comunicazione Italiana\u201d.<br \/>Questa nuova iniziativa in occasione dell\u2019 \u2018Anno Europeo della Creativit\u00e0 e dell\u2019Innovazione\u2019 ha la mission di sensibilizzare le PMI milanesi sull\u2019importanza della creativit\u00e0, dell\u2019innovazione e dell\u2019eccellenza e aprire ulteriormente l\u2019accesso a varie forme di espressione creativa eliminando le disuguaglianze (CULTURAL DIVIDE). Ulteriore obbiettivo \u00e8 favorire un approccio orientato all\u2019innovazione e alla flessibilit\u00e0, nonch\u00e9 ad una gestione creativa della diversit\u00e0; tutto questo in un ottica di cross fertilization. Il pomeriggio si \u00e8 aperto con un breve intervento di Marco Camisani Calzolari, autore del saggio \u2018Impresa 4.0\u2019: \u201cSe una persona legge un giornale, nessuno dice nulla ma se io leggo le news aggregate sul mio iPhone per pi\u00f9 di un\u2019ora mi danno del pazzo\u201d a cui ha fatto seguito la breve introduzione di Laura Corti, di Innovhub, che sottolinea la funzione di questo Ente nel supportare l\u2019affermarsi di una cultura innovativa e il giornaliero contatto con le problematiche vicine agli argomenti dell\u2019incontro. Fabrizio Bellavista, Social Media Consultant e Partner Psycho-Research, sottolinea come l\u2019epoca moderna ci deve trovare preparati a interagire mentalmente su pi\u00f9 livelli: in questo caso oltre ai lavori simultanei e in parallelo delle tre sale c\u2019era anche una diretta su un blog, Twitter e FaceBook. Infine Massimo Giordani, del CDA \u2018Torino Wireless\u2019, presidente PopaiDigital e Ceo Time&amp;Mind, ha affermato che si deve considerare l\u2019innovazione come l\u2019unica chiave di accesso che ci permetter\u00e0 di implementare un futuro sostenibile per la nostra nazione.<br \/>Dopo questa introduzione il pomeriggio ha visto susseguirsi a ritmo serrato in tre sale diverse gli interventi in simultanea di molti personaggi dell\u2019innovazione in Italia.<br \/>Nella Sala marketing e comunicazione Giuseppe Mascitelli, AD Mediolanum Comunicazione, cos\u00ec si esprime sulla creativit\u00e0: \u201cCreativit\u00e0 \u00e8 mettersi in discussione. L\u2019innovazione \u00e8 un incidente di percorso: quando la si cerca ad ogni costo, difficilmente la si trova\u201d aggiungendo poi \u201cCristoforo Colombo \u00e8 stato creativo perch\u00e9 ha usato in modo diverso le navi, il mare, gli uomini e le stelle\u201d.&nbsp; Nella stessa sezione Maurizio Sala, vice presidente e direttore creativo generale Armando Testa, si concentra sullo stesso ambito ma ai giorni d\u2019oggi, sottolineando come cambiare significhi saper unire passato e presente, unire le \u2018conoscenze\u2019 che distinguono pubblicitari tradizionali e creativi digitali per creare un terzo profilo; mentre Giampiero Soru, Presidente SS&amp;C approfondisce le tecniche del pensiero divergente e di quello convergente portando l\u2019esempio del pendolo che ben sintetizza il cambio continuo. Nella sezione aziende Massimo Salmaso, Application Engineer Robur, si sofferma su come il processo creativo sia lento e i maggiori contrasti provengano dall\u2019ignoranza e dalla paura del nuovo. Sulla stessa linea Eleonora Buiatti, docente di psicologia generale al Politecnico di Torino e ricercatrice alla Cognition di Torino, coordinatrice nella sala scuola ed universit\u00e0 afferma che \u201cDi fronte a una potente innovazione non c\u2019\u00e8 mai un\u2019accettazione immediata\u201d. Sabrina Ortelli, sul medesimo argomento, sottolinea come \u201cIl cambiamento necessita di energie e risorse e spesso le persone non ne hanno: per questo vi \u00e8 una notevole resistenza al cambiamento\u201d.<br \/>Nella stessa sala Giovanna Ranieri, responsabile formazione della Scuola Steineriana milanese, parla di educazione come arte e arte nell&#8217;educazione per un&#8217;evoluzione individuale e sociale dell&#8217;essere umano aggiungendo che bisogna educare alla creativit\u00e0 fin da quando si \u00e8 bambini; mentre Arnoldo Mosca Mondadori, fondatore della Arnoldo Mosca Mondadori Editore, sottolinea come la creativit\u00e0 nelle sue diverse espressioni avvicini l&#8217;uomo al Sacro e sottintenda donazione, apertura, genialit\u00e0 e riscoperta dei valori profondi unitamente allo sviluppo tecnologico dei new media e che \u201cUn aspetto fondamentale della creativit\u00e0 \u00e8 guardare l\u2019altro\u201d. Sono molti i personaggi che si alternano sul triplo palco simultaneo dell\u2019innovazione milanese; tra questi Enrico Dini, presidente Monolite UK LTD e inventore di una nuova metodologia in grado di \u201cstampare i muri\u201d, afferma che: \u201cIn un approccio inventivo ci vuole anche il senso di trasgressione, sebbene senza persistenza un sogno rischia di rimane tale\u201d; Aldo Cernuto di Cernuto Pizzigoni &amp; Partner che si sofferma pi\u00f9 a lungo sul concetto dell\u2019idea specificando che &quot;In un mondo inondato di contenuti, l&#8217;idea fa la differenza&quot; e che &quot;Essa deve diventare grande, ma per farlo deve passare di mano in mano di persone che se ne occupino e la salvaguardino&quot;; Sergio Tonfi, Corporate Communications manager, Philips Italia sottolinea come \u201cLa creativit\u00e0 della mia azienda parte da valori universali e crea oggetti dotati di rilevanza e significato in nome della semplicit\u00e0\u201d; Luca Oliverio, fondatore ComunitAzione afferma come \u201cSpesso l\u2019innovazione nasce nelle piccole cose, l\u2019innovazione \u00e8 continua\u201d. <br \/>Luigi Salmoiraghi, Responsabile Marketing e vendite Sud Europa di D-Link, sottolinea: \u201cIl connubio tra creativit\u00e0 e innovazione ha dato origine alla rete, alla connettivit\u00e0 e al network all\u2019interno del quale ci troviamo\u201de conclude \u201cL\u2019aspetto pi\u00f9 difficile dell\u2019innovazione tecnologica sta nel tradurre il linguaggio rendendolo alla portata di tutti\u201d. Le conversazioni parallele mantengono lo stesso stile colloquiale e un ritmo serrato sino alla conclusione nella sala di comunicazione e marketing dove tutti i partecipanti alle \u201cConversazioni\u201d si ritrovano. Le ultime parole sono quelle di Lorenzo Marini, presidente della Lorenzo Marini &amp; Associati che attraverso una metafora afferma: \u201cLa cosa pi\u00f9 simile alla creativit\u00e0 \u00e8 la neve, poich\u00e9 dovunque si posa si adatta ed ammanta tutto\u201d.<\/p>\n<p>info: <a href=\"http:\/\/conversazioni-interattive.blogspot.com\/\">http:\/\/conversazioni-interattive.blogspot.com\/<\/a> <\/p>\n","protected":false},"excerpt":{"rendered":"<p>Nell\u2019affascinante cornice del primo piano di Palazzo Affari ai Giureconsulti a Milano, dove innovazione e storia si incontrano con una perfetta armonia, si \u00e8 conclusa la prima edizione di \u201cConversazioni Interattive su Creativit\u00e0 ed Innovazione\u201d.<\/p>\n","protected":false},"author":10,"featured_media":0,"comment_status":"open","ping_status":"open","sticky":false,"template":"","format":"standard","meta":{"cybocfi_hide_featured_image":"","footnotes":""},"categories":[27],"tags":[10068,10070,10226,979,10071,10072,10229,10225,1564,2952,10232,9014,10227,6965,3481,10231,10224,10223,1563,3844,10230,10069,10228,1414],"class_list":["post-3193","post","type-post","status-publish","format-standard","hentry","category-arte-e-cultura","tag-aldo-cernuto","tag-anno-europeo-della-creativita-e-dellinnovazione","tag-arnoldo-mosca-mondadori","tag-blog","tag-conversazioni-interattive","tag-creativitaly","tag-eleonora-buiatti","tag-enrico-dini","tag-fabrizio-bellavista","tag-facebook","tag-flickr","tag-giampiero-soru","tag-giovanna-ranieri","tag-giuseppe-mascitelli","tag-innovhub","tag-laura-corti","tag-luca-oliverio","tag-luigi-salmoiraghi","tag-marco-camisani-calzolari","tag-massimo-giordani","tag-massimo-salmaso","tag-maurizio-sala","tag-sabrina-ortelli","tag-twitter"],"yoast_head":"<!-- This site is optimized with the Yoast SEO plugin v27.0 - https:\/\/yoast.com\/product\/yoast-seo-wordpress\/ -->\n<title>\u201cConversazioni Interattive\u201d: creativit\u00e0 ed innovazione per far crescere le aziende - Article Marketing<\/title>\n<meta name=\"robots\" content=\"index, follow, max-snippet:-1, max-image-preview:large, max-video-preview:-1\" \/>\n<link rel=\"canonical\" href=\"https:\/\/www.article-marketing.eu\/comunicati\/arte-e-cultura\/conversazioni-interattive-creativit?-ed-innovazione-per-far-crescere-le-aziende\/\" \/>\n<meta property=\"og:locale\" content=\"it_IT\" \/>\n<meta property=\"og:type\" content=\"article\" \/>\n<meta property=\"og:title\" content=\"\u201cConversazioni Interattive\u201d: creativit\u00e0 ed innovazione per far crescere le aziende - Article Marketing\" \/>\n<meta property=\"og:description\" content=\"Nell\u2019affascinante cornice del primo piano di Palazzo Affari ai Giureconsulti a Milano, dove innovazione e storia si incontrano con una perfetta armonia, si \u00e8 conclusa la prima edizione di \u201cConversazioni Interattive su Creativit\u00e0 ed Innovazione\u201d.\" \/>\n<meta property=\"og:url\" content=\"\" \/>\n<meta property=\"og:site_name\" content=\"Article Marketing\" \/>\n<meta property=\"article:published_time\" content=\"2009-10-30T10:33:57+00:00\" \/>\n<meta name=\"author\" content=\"Redazione Comunicati Stampa\" \/>\n<meta name=\"twitter:card\" content=\"summary_large_image\" \/>\n<meta name=\"twitter:label1\" content=\"Scritto da\" \/>\n\t<meta name=\"twitter:data1\" content=\"Redazione Comunicati Stampa\" \/>\n\t<meta name=\"twitter:label2\" content=\"Tempo di lettura stimato\" \/>\n\t<meta name=\"twitter:data2\" content=\"5 minuti\" \/>\n<script type=\"application\/ld+json\" class=\"yoast-schema-graph\">{\"@context\":\"https:\/\/schema.org\",\"@graph\":[{\"@type\":\"Article\",\"@id\":\"https:\/\/www.article-marketing.eu\/comunicati\/arte-e-cultura\/conversazioni-interattive-creativit%e0-ed-innovazione-per-far-crescere-le-aziende\/#article\",\"isPartOf\":{\"@id\":\"https:\/\/www.article-marketing.eu\/comunicati\/arte-e-cultura\/conversazioni-interattive-creativit%e0-ed-innovazione-per-far-crescere-le-aziende\/\"},\"author\":{\"name\":\"Redazione Comunicati Stampa\",\"@id\":\"https:\/\/www.article-marketing.eu\/comunicati\/#\/schema\/person\/44372e4d4d0fa797b18e03ed1ace9017\"},\"headline\":\"\u201cConversazioni Interattive\u201d: creativit\u00e0 ed innovazione per far crescere le aziende\",\"datePublished\":\"2009-10-30T10:33:57+00:00\",\"mainEntityOfPage\":{\"@id\":\"https:\/\/www.article-marketing.eu\/comunicati\/arte-e-cultura\/conversazioni-interattive-creativit%e0-ed-innovazione-per-far-crescere-le-aziende\/\"},\"wordCount\":964,\"commentCount\":0,\"keywords\":[\"aldo cernuto\",\"anno europeo della creativit\u00e0 e dell'innovazione\",\"arnoldo mosca mondadori\",\"blog\",\"conversazioni interattive\",\"creativitaly\",\"eleonora buiatti\",\"enrico dini\",\"fabrizio bellavista\",\"facebook\",\"flickr\",\"giampiero soru\",\"giovanna ranieri\",\"giuseppe mascitelli\",\"innovhub\",\"laura corti\",\"luca oliverio\",\"luigi salmoiraghi\",\"marco camisani calzolari\",\"massimo giordani\",\"massimo salmaso\",\"maurizio sala\",\"sabrina ortelli\",\"twitter\"],\"articleSection\":[\"Arte e cultura\"],\"inLanguage\":\"it-IT\",\"potentialAction\":[{\"@type\":\"CommentAction\",\"name\":\"Comment\",\"target\":[\"https:\/\/www.article-marketing.eu\/comunicati\/arte-e-cultura\/conversazioni-interattive-creativit%e0-ed-innovazione-per-far-crescere-le-aziende\/#respond\"]}]},{\"@type\":\"WebPage\",\"@id\":\"https:\/\/www.article-marketing.eu\/comunicati\/arte-e-cultura\/conversazioni-interattive-creativit%e0-ed-innovazione-per-far-crescere-le-aziende\/\",\"url\":\"https:\/\/www.article-marketing.eu\/comunicati\/arte-e-cultura\/conversazioni-interattive-creativit%e0-ed-innovazione-per-far-crescere-le-aziende\/\",\"name\":\"\u201cConversazioni Interattive\u201d: creativit\u00e0 ed innovazione per far crescere le aziende - Article Marketing\",\"isPartOf\":{\"@id\":\"https:\/\/www.article-marketing.eu\/comunicati\/#website\"},\"datePublished\":\"2009-10-30T10:33:57+00:00\",\"author\":{\"@id\":\"https:\/\/www.article-marketing.eu\/comunicati\/#\/schema\/person\/44372e4d4d0fa797b18e03ed1ace9017\"},\"breadcrumb\":{\"@id\":\"https:\/\/www.article-marketing.eu\/comunicati\/arte-e-cultura\/conversazioni-interattive-creativit%e0-ed-innovazione-per-far-crescere-le-aziende\/#breadcrumb\"},\"inLanguage\":\"it-IT\",\"potentialAction\":[{\"@type\":\"ReadAction\",\"target\":[\"https:\/\/www.article-marketing.eu\/comunicati\/arte-e-cultura\/conversazioni-interattive-creativit%e0-ed-innovazione-per-far-crescere-le-aziende\/\"]}]},{\"@type\":\"BreadcrumbList\",\"@id\":\"https:\/\/www.article-marketing.eu\/comunicati\/arte-e-cultura\/conversazioni-interattive-creativit%e0-ed-innovazione-per-far-crescere-le-aziende\/#breadcrumb\",\"itemListElement\":[{\"@type\":\"ListItem\",\"position\":1,\"name\":\"Home\",\"item\":\"https:\/\/www.article-marketing.eu\/comunicati\/\"},{\"@type\":\"ListItem\",\"position\":2,\"name\":\"\u201cConversazioni Interattive\u201d: creativit\u00e0 ed innovazione per far crescere le aziende\"}]},{\"@type\":\"WebSite\",\"@id\":\"https:\/\/www.article-marketing.eu\/comunicati\/#website\",\"url\":\"https:\/\/www.article-marketing.eu\/comunicati\/\",\"name\":\"Article Marketing\",\"description\":\"article marketing &amp; press release\",\"potentialAction\":[{\"@type\":\"SearchAction\",\"target\":{\"@type\":\"EntryPoint\",\"urlTemplate\":\"https:\/\/www.article-marketing.eu\/comunicati\/?s={search_term_string}\"},\"query-input\":{\"@type\":\"PropertyValueSpecification\",\"valueRequired\":true,\"valueName\":\"search_term_string\"}}],\"inLanguage\":\"it-IT\"},{\"@type\":\"Person\",\"@id\":\"https:\/\/www.article-marketing.eu\/comunicati\/#\/schema\/person\/44372e4d4d0fa797b18e03ed1ace9017\",\"name\":\"Redazione Comunicati Stampa\",\"image\":{\"@type\":\"ImageObject\",\"inLanguage\":\"it-IT\",\"@id\":\"https:\/\/www.article-marketing.eu\/comunicati\/#\/schema\/person\/image\/\",\"url\":\"https:\/\/secure.gravatar.com\/avatar\/50e5c6421d3072f42e7ace803501602c60d75233d34e29fd05feb91c8760b792?s=96&d=mm&r=g\",\"contentUrl\":\"https:\/\/secure.gravatar.com\/avatar\/50e5c6421d3072f42e7ace803501602c60d75233d34e29fd05feb91c8760b792?s=96&d=mm&r=g\",\"caption\":\"Redazione Comunicati Stampa\"},\"url\":\"https:\/\/www.article-marketing.eu\/comunicati\/author\/redazione-comunicati-stampa\/\"}]}<\/script>\n<!-- \/ Yoast SEO plugin. -->","yoast_head_json":{"title":"\u201cConversazioni Interattive\u201d: creativit\u00e0 ed innovazione per far crescere le aziende - Article Marketing","robots":{"index":"index","follow":"follow","max-snippet":"max-snippet:-1","max-image-preview":"max-image-preview:large","max-video-preview":"max-video-preview:-1"},"canonical":"https:\/\/www.article-marketing.eu\/comunicati\/arte-e-cultura\/conversazioni-interattive-creativit?-ed-innovazione-per-far-crescere-le-aziende\/","og_locale":"it_IT","og_type":"article","og_title":"\u201cConversazioni Interattive\u201d: creativit\u00e0 ed innovazione per far crescere le aziende - Article Marketing","og_description":"Nell\u2019affascinante cornice del primo piano di Palazzo Affari ai Giureconsulti a Milano, dove innovazione e storia si incontrano con una perfetta armonia, si \u00e8 conclusa la prima edizione di \u201cConversazioni Interattive su Creativit\u00e0 ed Innovazione\u201d.","og_url":"https:\/\/www.article-marketing.eu\/comunicati\/arte-e-cultura\/conversazioni-interattive-creativit?-ed-innovazione-per-far-crescere-le-aziende\/","og_site_name":"Article Marketing","article_published_time":"2009-10-30T10:33:57+00:00","author":"Redazione Comunicati Stampa","twitter_card":"summary_large_image","twitter_misc":{"Scritto da":"Redazione Comunicati Stampa","Tempo di lettura stimato":"5 minuti"},"schema":{"@context":"https:\/\/schema.org","@graph":[{"@type":"Article","@id":"https:\/\/www.article-marketing.eu\/comunicati\/arte-e-cultura\/conversazioni-interattive-creativit%e0-ed-innovazione-per-far-crescere-le-aziende\/#article","isPartOf":{"@id":"https:\/\/www.article-marketing.eu\/comunicati\/arte-e-cultura\/conversazioni-interattive-creativit%e0-ed-innovazione-per-far-crescere-le-aziende\/"},"author":{"name":"Redazione Comunicati Stampa","@id":"https:\/\/www.article-marketing.eu\/comunicati\/#\/schema\/person\/44372e4d4d0fa797b18e03ed1ace9017"},"headline":"\u201cConversazioni Interattive\u201d: creativit\u00e0 ed innovazione per far crescere le aziende","datePublished":"2009-10-30T10:33:57+00:00","mainEntityOfPage":{"@id":"https:\/\/www.article-marketing.eu\/comunicati\/arte-e-cultura\/conversazioni-interattive-creativit%e0-ed-innovazione-per-far-crescere-le-aziende\/"},"wordCount":964,"commentCount":0,"keywords":["aldo cernuto","anno europeo della creativit\u00e0 e dell'innovazione","arnoldo mosca mondadori","blog","conversazioni interattive","creativitaly","eleonora buiatti","enrico dini","fabrizio bellavista","facebook","flickr","giampiero soru","giovanna ranieri","giuseppe mascitelli","innovhub","laura corti","luca oliverio","luigi salmoiraghi","marco camisani calzolari","massimo giordani","massimo salmaso","maurizio sala","sabrina ortelli","twitter"],"articleSection":["Arte e cultura"],"inLanguage":"it-IT","potentialAction":[{"@type":"CommentAction","name":"Comment","target":["https:\/\/www.article-marketing.eu\/comunicati\/arte-e-cultura\/conversazioni-interattive-creativit%e0-ed-innovazione-per-far-crescere-le-aziende\/#respond"]}]},{"@type":"WebPage","@id":"https:\/\/www.article-marketing.eu\/comunicati\/arte-e-cultura\/conversazioni-interattive-creativit%e0-ed-innovazione-per-far-crescere-le-aziende\/","url":"https:\/\/www.article-marketing.eu\/comunicati\/arte-e-cultura\/conversazioni-interattive-creativit%e0-ed-innovazione-per-far-crescere-le-aziende\/","name":"\u201cConversazioni Interattive\u201d: creativit\u00e0 ed innovazione per far crescere le aziende - Article Marketing","isPartOf":{"@id":"https:\/\/www.article-marketing.eu\/comunicati\/#website"},"datePublished":"2009-10-30T10:33:57+00:00","author":{"@id":"https:\/\/www.article-marketing.eu\/comunicati\/#\/schema\/person\/44372e4d4d0fa797b18e03ed1ace9017"},"breadcrumb":{"@id":"https:\/\/www.article-marketing.eu\/comunicati\/arte-e-cultura\/conversazioni-interattive-creativit%e0-ed-innovazione-per-far-crescere-le-aziende\/#breadcrumb"},"inLanguage":"it-IT","potentialAction":[{"@type":"ReadAction","target":["https:\/\/www.article-marketing.eu\/comunicati\/arte-e-cultura\/conversazioni-interattive-creativit%e0-ed-innovazione-per-far-crescere-le-aziende\/"]}]},{"@type":"BreadcrumbList","@id":"https:\/\/www.article-marketing.eu\/comunicati\/arte-e-cultura\/conversazioni-interattive-creativit%e0-ed-innovazione-per-far-crescere-le-aziende\/#breadcrumb","itemListElement":[{"@type":"ListItem","position":1,"name":"Home","item":"https:\/\/www.article-marketing.eu\/comunicati\/"},{"@type":"ListItem","position":2,"name":"\u201cConversazioni Interattive\u201d: creativit\u00e0 ed innovazione per far crescere le aziende"}]},{"@type":"WebSite","@id":"https:\/\/www.article-marketing.eu\/comunicati\/#website","url":"https:\/\/www.article-marketing.eu\/comunicati\/","name":"Article Marketing","description":"article marketing &amp; press release","potentialAction":[{"@type":"SearchAction","target":{"@type":"EntryPoint","urlTemplate":"https:\/\/www.article-marketing.eu\/comunicati\/?s={search_term_string}"},"query-input":{"@type":"PropertyValueSpecification","valueRequired":true,"valueName":"search_term_string"}}],"inLanguage":"it-IT"},{"@type":"Person","@id":"https:\/\/www.article-marketing.eu\/comunicati\/#\/schema\/person\/44372e4d4d0fa797b18e03ed1ace9017","name":"Redazione Comunicati Stampa","image":{"@type":"ImageObject","inLanguage":"it-IT","@id":"https:\/\/www.article-marketing.eu\/comunicati\/#\/schema\/person\/image\/","url":"https:\/\/secure.gravatar.com\/avatar\/50e5c6421d3072f42e7ace803501602c60d75233d34e29fd05feb91c8760b792?s=96&d=mm&r=g","contentUrl":"https:\/\/secure.gravatar.com\/avatar\/50e5c6421d3072f42e7ace803501602c60d75233d34e29fd05feb91c8760b792?s=96&d=mm&r=g","caption":"Redazione Comunicati Stampa"},"url":"https:\/\/www.article-marketing.eu\/comunicati\/author\/redazione-comunicati-stampa\/"}]}},"_links":{"self":[{"href":"https:\/\/www.article-marketing.eu\/comunicati\/wp-json\/wp\/v2\/posts\/3193","targetHints":{"allow":["GET"]}}],"collection":[{"href":"https:\/\/www.article-marketing.eu\/comunicati\/wp-json\/wp\/v2\/posts"}],"about":[{"href":"https:\/\/www.article-marketing.eu\/comunicati\/wp-json\/wp\/v2\/types\/post"}],"author":[{"embeddable":true,"href":"https:\/\/www.article-marketing.eu\/comunicati\/wp-json\/wp\/v2\/users\/10"}],"replies":[{"embeddable":true,"href":"https:\/\/www.article-marketing.eu\/comunicati\/wp-json\/wp\/v2\/comments?post=3193"}],"version-history":[{"count":0,"href":"https:\/\/www.article-marketing.eu\/comunicati\/wp-json\/wp\/v2\/posts\/3193\/revisions"}],"wp:attachment":[{"href":"https:\/\/www.article-marketing.eu\/comunicati\/wp-json\/wp\/v2\/media?parent=3193"}],"wp:term":[{"taxonomy":"category","embeddable":true,"href":"https:\/\/www.article-marketing.eu\/comunicati\/wp-json\/wp\/v2\/categories?post=3193"},{"taxonomy":"post_tag","embeddable":true,"href":"https:\/\/www.article-marketing.eu\/comunicati\/wp-json\/wp\/v2\/tags?post=3193"}],"curies":[{"name":"wp","href":"https:\/\/api.w.org\/{rel}","templated":true}]}}