{"id":3200,"date":"2009-10-30T17:03:22","date_gmt":"2009-10-30T16:03:22","guid":{"rendered":"http:\/\/www.article-marketing.eu\/comunicati\/senza-categoria\/storie-di-auto-classiche-e-modelli-ferrari\/"},"modified":"2018-06-04T20:31:05","modified_gmt":"2018-06-04T18:31:05","slug":"storie-di-auto-classiche-e-modelli-ferrari","status":"publish","type":"post","link":"https:\/\/www.article-marketing.eu\/comunicati\/motori\/auto\/storie-di-auto-classiche-e-modelli-ferrari\/","title":{"rendered":"Storie di auto classiche e modelli &#8211; FERRARI"},"content":{"rendered":"<p style=\"text-align: center;\">\n<p>\n<strong>FERRARI<\/strong><br \/>\n<strong>Storia<\/strong><\/p>\n<p>La Societ\u00e0 Anonima Scuderia Ferrari Modena fu<br \/>\nfondata il 16 novembre del 1929 a Bologna; i soci erano Augusto e<br \/>\nAlfredo Caniato, Mario Tadini, Ferruccio Testa e Enzo Ferrari,<br \/>\nall&#8217;epoca rappresentante regionale dell&#8217;ALFA Romeo.<br \/>\nDal 1934, dopo i primi clienti, arriva la gestione delle ALFA<br \/>\nRomeo da GP dopo il ritiro della casa madre; le sue auto erano contraddistinte<br \/>\nda uno scudo in campo giallo con una striscia<br \/>\ntricolore superiore e un cavallino rampante, simbolo di Francesco<br \/>\nBaracca e donato a Ferrari nel 1923 dalla madre dell&#8217;aviatore.<br \/>\nAlla fine degli anni &#8217;30, dopo che era ritornato come direttore<br \/>\nsportivo all&#8217;ALFA se ne stacc\u00f2 completamente; Ferrari. sorpreso dal<br \/>\ntrattamento dell&#8217;ALFA Romeo dopo questa risoluzione, pens\u00f2 di diventare<br \/>\ncostruttore ma una clausola del contratto precisava il divieto<br \/>\nper i successivi 5 anni di realizzare automobili che portassero il suo<br \/>\nnome per cui la prima auto si<br \/>\nchiam\u00f2 Auto Avio Costruzioni 815. Nel 1947 debutta la 125S Sport<br \/>\nche conquista la prima vittoria del costruttore a Roma il 25<br \/>\nmaggio dello stesso anno; l&#8217;anno successivo debutta il 5<br \/>\nsettembre a Torino nel GP Italia la prima F.1 di Maranello, la<br \/>\n125 che arriva terza con Sommer dietro a Wimille con l&#8217;ALFA Romeo<br \/>\ne Villoresi con la Maserati.&nbsp; Nel 1950, quando parte il mondiale<br \/>\nconduttori, la Scuderia (come \u00e8 chiamata in Francia) \u00e8 pronta<br \/>\nalla sfida e rimane l&#8217;unica a non avere saltato una sola edizione,<br \/>\nsempre con una propria vettura e con un proprio motore, anche con<br \/>\nrisultati fallimentari; sempre vero costruttore e non semplice<br \/>\n&quot;assemblatore&quot;, un&#8217;icona dell&#8217;Italia che ha fatto la<br \/>\nstoria della nostra nazione nel mondo ed ha alimentato con le<br \/>\nproprie vittorie il successo anche della produzione in serie.<br \/>\nUn rifugio sicuro e caldo per gli amici, un&#8217;ombra sempre<br \/>\nincombente per i nemici, \u00e8 &quot;la&quot; automobile per<br \/>\ndefinizione, la divinit\u00e0; il suo santuario si trova in una terra<br \/>\ndi lavoro e &quot;mutur&quot;, l&#8217;Emilia. E&#8217; la &quot;Rossa&quot;,<br \/>\nl&#8217;unica ad avere mantenuto il colore stabilito un secolo fa per<br \/>\nla vetture da corsa italiane, anche in un periodo di estrema<br \/>\ncommercalizzazione delle corse, vanto di tradizione e storia in<br \/>\nun ambiente di frenetico affanno e rimozione.<br \/>\nUna vera leggenda vivente che non vedr\u00e0 mai l&#8217;oscurit\u00e0. Nessuno<br \/>\npotr\u00e0 oscurare il suo splendore, la sua tirannia. O forse &#8230;<br \/>\nForse, s\u00ec. Ma chi?<br \/>\nForse un uomo. Che, a 10 anni, vedendo correre Nazzaro e Lancia<br \/>\nal Circuito di Bologna, non rimase affascinato dal rumore o dagli<br \/>\nodori della gara ma dalle condizioni del manto stradale o dal<br \/>\ngiro pi\u00f9 veloce. Che sarebbe diventato pilota da GP senza l&#8217;insistenza<br \/>\ndella moglie. Che preferiva non definirsi esperto di tecnica ma<br \/>\nche era capace di mantenere le proprie convinzioni con una base<br \/>\ndi conoscenza. Che rimaneva sempre in un studio, con il diario e<br \/>\nla penna, invece di seguire le corse sul campo, anche a<br \/>\nFerragosto, senza nessun altro nella fabbrica. Che pur senza<br \/>\nstudi di livello era dotato di intelligenza fine, era capace di<br \/>\nfornire sempre spunti interessanti, mai banali, mai uguali, frasi<br \/>\ne concetti teatralmente perfetti da cristallizzarsi per diventare<br \/>\naforismi marmorei. Che arriv\u00f2 alla fama in un et\u00e0 in cui<br \/>\nsolitamente si continua a combattere con fierezza preparando la<br \/>\nresa, l&#8217;et\u00e0 in cui si dorme meno e si smette di sognare. Che ha<br \/>\nsempre centellinato la sua presenza pubblica. Che ha nascosto<br \/>\ndietro gli occhiali neri decenni di angoscie, di paure, di gioie,<br \/>\ndi emozioni, linfa vitale necessaria alla sua esistenza. Che era<br \/>\ncapace anche al telefono, pure a migliaia di chilometri di<br \/>\ndistanza, di esercitare la sua pressione sulla squadra pi\u00f9 di<br \/>\nuna presenza sul posto, un pugnolo costante in ogni condizione.<br \/>\nChe non si inchin\u00f2 alla Ford perch\u00e8 voleva &quot;vendere e<br \/>\ncomandare&quot;. Che quindi scelse la FIAT, d&#8217;accordo con il suo<br \/>\npresidente, Gianni Agnelli; proprio lui, che aveva dovuto<br \/>\nrivendere la sua 166MM. Che era l&#8217;&quot;italiano da esportazione&quot;<br \/>\ndi Biagi, il &quot;Saturno ammodernato che fattosi capitano d&#8217;industria,<br \/>\ncontinua a divorare i suoi figli&quot; dell&#8217;Osservatore Romano o<br \/>\nil &quot;Drake&quot; di Marcello Sabbatini. Che, lasciata la<br \/>\nnostra misera vita terrena proprio in un giorno di agosto di 12<br \/>\nanni fa, non ha mai lasciato veramente la sua casa come un angelo<br \/>\ncustode per tutti i suoi figli e i suoi discepoli. Che ha un nome:<br \/>\nEnzo.<\/p>\n<p>&quot;Lei trova nelle nostre macchine qualcosa di diverso, non<br \/>\ndico sempre in meglio, no, ma c&#8217;\u00e8 qualcosa di diverso. Perch\u00e8?<br \/>\nPerch\u00e8 c&#8217;\u00e8 il rapporto intellettivo dell&#8217;uomo&quot;<br \/>\n&quot;Ricordo che nel 1912 vidi una fotografia, su La Stampa<br \/>\nIllustrata, che si pubblicava allora a Torino, di Raffaele Di<br \/>\nPalma, mi sembrava avesse vinto in quell&#8217;epoca la 500 Miglia di<br \/>\nIndianapolis; mi dissi: questo \u00e8 un italiano. Perch\u00e8 un giorno<br \/>\nnon potrei anch&#8217;io essere un pilota d&#8217;automobile? E tutti gli<br \/>\natti sono stati una conseguenza di questo sogno dell&#8217;adolescenza&quot;<br \/>\n&quot;L&#8217;ambizione? Io non oserei dire che il mio \u00e8 stato un<br \/>\nprogetto ambizioso. Lo sar\u00e0 diventato. Io penso che si possa<br \/>\nparlare di coerenza. Io da ragazzo, essendo nato in un&#8217;officina,<br \/>\nho pensato l&#8217;automobile, l&#8217;ho sempre amata, ho sempre detto un<br \/>\ngiorno: arriver\u00f2 anch&#8217;io a farmi una macchina mia&quot;<br \/>\n&quot;Non ho avuto la possibilit\u00e0 di studiare, mi sono fermato a<br \/>\nquella che una volta era la terza tecnica che oggi equivale alla<br \/>\nterza dell&#8217;obbligo, per\u00f2 nella vita mi sono sempre contornato di<br \/>\npersone molto colte, capaci e soprattutto pervase dal desiderio<br \/>\ndi avere successo&quot;<br \/>\nPerch\u00e8 divent\u00f2 costruttore? &quot;Semplicemente perch\u00e8 io sono<br \/>\nstato licenziato dall&#8217;ALFA Romeo&quot;<br \/>\n&quot;Io mi sono ricordato alla prima impressione che ebbi nel<br \/>\n1919 di una vettura americana che aveva corso ad Indianapolis e<br \/>\nche era la Packard 12 cilindri; da quel momento ho sposato il<br \/>\nmotore 12 cilindri e non ho pi\u00f9 divorziato&quot;<\/p>\n<p>&nbsp;Nel 1940 la<br \/>\nrelazione tra la Scuderia e l&#8217;Alfa Romeo giunse al termine e&nbsp;la societ\u00e0<br \/>\nsi organizz\u00f2 come una societ\u00e0 indipendente dal nome \u201cAuto Avio<br \/>\nCostruzioni Ferrari&quot; e lavor\u00f2 per la societ\u00e0 di aviazione nazionale di<br \/>\nRoma.<br \/>\n&nbsp;<\/p>\n<p>&nbsp;<\/p>\n<p>Durante la seconda guerra mondiale, nel<br \/>\n1943 lo stabilimento Ferrari si trasferi da Modena a Maranello e inizi\u00f2<br \/>\na produrre smerigliatrici con cuscinetti a sfera. Lo stabilimento<br \/>\ndovette essere ricostruito nel 1946 dopo i bombardamenti subiti nel<br \/>\ncorso della guerra e in quello stesso anno inizi\u00f2 a produrre la prima<br \/>\nFerrari. Nel 1960 la societ\u00e0 venne trasformata in una societ\u00e0 per<br \/>\nazioni e nel 1969 Fiat divenne partner al 50%. <br \/>\nNel 1963 Enzo Ferrari fond\u00f2 l&#8217;Istituto Professionale per l&#8217;Industria e<br \/>\nl&#8217;Artigianato, scuola professionale con base a Maranello. Nel 1972<br \/>\nvenne costruita la pista di Fiorano. Nel periodo compreso tra il 1947 e<br \/>\nil 1988 sotto la guida di Enzo, la Ferrari vinse oltre 5000 corse in<br \/>\ntutto il mondo e la scuderia raggiunse il titolo di campione del mondo<br \/>\nper ben 25 volte. Il primo titolo&nbsp;di campione del mondo giunse nel 1950<br \/>\nquando alla guida c&#8217;era l&#8217;argentino Froilan Gonzalez. Nel 1952 Ferrari<br \/>\nraggiunse la sua prima vittoria in un campionato del mondo nel 1952 con<br \/>\nAlberto Ascari. <br \/>\nEnzo Ferrari mori a Modena il 14 agosto 1988. Alla morte di Enzo<br \/>\nFerrari la Scuderia Ferrari fece fatica a venire a patti con con morte<br \/>\ndel suo fondatore. Il team ebbe problemi causati da politiche interne e<br \/>\ndalle performances in pista. Nonostante buone corse da parte di Mansell<br \/>\ne Prost, la squadra presto divenne poco competitiva. Il punto di svolta<br \/>\nper la Ferrari fu la firma da parte del campione del mondo Michael<br \/>\nSchumacher e di and Ross Brawn nel 1996.\n <\/p>\n","protected":false},"excerpt":{"rendered":"<p>La Societ\u00e0 Anonima Scuderia Ferrari Modena fu fondata il 16 novembre del 1929 a Bologna; i soci erano Augusto e Alfredo Caniato, Mario Tadini, Ferruccio Testa e Enzo Ferrari, all&#8217;epoca rappresentante regionale dell&#8217;ALFA Romeo.<\/p>\n","protected":false},"author":10,"featured_media":0,"comment_status":"open","ping_status":"open","sticky":false,"template":"","format":"standard","meta":{"cybocfi_hide_featured_image":"","footnotes":""},"categories":[352],"tags":[10238,10189,10237],"class_list":["post-3200","post","type-post","status-publish","format-standard","hentry","category-auto","tag-auto-depocam-auto-classiche","tag-autodepocaclub-it","tag-ferrari-storia"],"yoast_head":"<!-- This site is optimized with the Yoast SEO plugin v27.0 - https:\/\/yoast.com\/product\/yoast-seo-wordpress\/ -->\n<title>Storie di auto classiche e modelli - FERRARI - Article Marketing<\/title>\n<meta name=\"robots\" content=\"index, follow, max-snippet:-1, max-image-preview:large, max-video-preview:-1\" \/>\n<link rel=\"canonical\" href=\"https:\/\/www.article-marketing.eu\/comunicati\/motori\/auto\/storie-di-auto-classiche-e-modelli-ferrari\/\" \/>\n<meta property=\"og:locale\" content=\"it_IT\" \/>\n<meta property=\"og:type\" content=\"article\" \/>\n<meta property=\"og:title\" content=\"Storie di auto classiche e modelli - FERRARI - Article Marketing\" \/>\n<meta property=\"og:description\" content=\"La Societ\u00e0 Anonima Scuderia Ferrari Modena fu fondata il 16 novembre del 1929 a Bologna; i soci erano Augusto e Alfredo Caniato, Mario Tadini, Ferruccio Testa e Enzo Ferrari, all&#039;epoca rappresentante regionale dell&#039;ALFA Romeo.\" \/>\n<meta property=\"og:url\" content=\"https:\/\/www.article-marketing.eu\/comunicati\/motori\/auto\/storie-di-auto-classiche-e-modelli-ferrari\/\" \/>\n<meta property=\"og:site_name\" content=\"Article Marketing\" \/>\n<meta property=\"article:published_time\" content=\"2009-10-30T16:03:22+00:00\" \/>\n<meta property=\"article:modified_time\" content=\"2018-06-04T18:31:05+00:00\" \/>\n<meta name=\"author\" content=\"Redazione Comunicati Stampa\" \/>\n<meta name=\"twitter:card\" content=\"summary_large_image\" \/>\n<meta name=\"twitter:label1\" content=\"Scritto da\" \/>\n\t<meta name=\"twitter:data1\" content=\"Redazione Comunicati Stampa\" \/>\n\t<meta name=\"twitter:label2\" content=\"Tempo di lettura stimato\" \/>\n\t<meta name=\"twitter:data2\" content=\"6 minuti\" \/>\n<script type=\"application\/ld+json\" class=\"yoast-schema-graph\">{\"@context\":\"https:\/\/schema.org\",\"@graph\":[{\"@type\":\"Article\",\"@id\":\"https:\/\/www.article-marketing.eu\/comunicati\/motori\/auto\/storie-di-auto-classiche-e-modelli-ferrari\/#article\",\"isPartOf\":{\"@id\":\"https:\/\/www.article-marketing.eu\/comunicati\/motori\/auto\/storie-di-auto-classiche-e-modelli-ferrari\/\"},\"author\":{\"name\":\"Redazione Comunicati Stampa\",\"@id\":\"https:\/\/www.article-marketing.eu\/comunicati\/#\/schema\/person\/44372e4d4d0fa797b18e03ed1ace9017\"},\"headline\":\"Storie di auto classiche e modelli &#8211; FERRARI\",\"datePublished\":\"2009-10-30T16:03:22+00:00\",\"dateModified\":\"2018-06-04T18:31:05+00:00\",\"mainEntityOfPage\":{\"@id\":\"https:\/\/www.article-marketing.eu\/comunicati\/motori\/auto\/storie-di-auto-classiche-e-modelli-ferrari\/\"},\"wordCount\":1226,\"commentCount\":0,\"keywords\":[\"auto d'epocam auto classiche\",\"autodepocaclub.it\",\"ferrari storia\"],\"articleSection\":[\"Auto\"],\"inLanguage\":\"it-IT\",\"potentialAction\":[{\"@type\":\"CommentAction\",\"name\":\"Comment\",\"target\":[\"https:\/\/www.article-marketing.eu\/comunicati\/motori\/auto\/storie-di-auto-classiche-e-modelli-ferrari\/#respond\"]}]},{\"@type\":\"WebPage\",\"@id\":\"https:\/\/www.article-marketing.eu\/comunicati\/motori\/auto\/storie-di-auto-classiche-e-modelli-ferrari\/\",\"url\":\"https:\/\/www.article-marketing.eu\/comunicati\/motori\/auto\/storie-di-auto-classiche-e-modelli-ferrari\/\",\"name\":\"Storie di auto classiche e modelli - FERRARI - Article Marketing\",\"isPartOf\":{\"@id\":\"https:\/\/www.article-marketing.eu\/comunicati\/#website\"},\"datePublished\":\"2009-10-30T16:03:22+00:00\",\"dateModified\":\"2018-06-04T18:31:05+00:00\",\"author\":{\"@id\":\"https:\/\/www.article-marketing.eu\/comunicati\/#\/schema\/person\/44372e4d4d0fa797b18e03ed1ace9017\"},\"breadcrumb\":{\"@id\":\"https:\/\/www.article-marketing.eu\/comunicati\/motori\/auto\/storie-di-auto-classiche-e-modelli-ferrari\/#breadcrumb\"},\"inLanguage\":\"it-IT\",\"potentialAction\":[{\"@type\":\"ReadAction\",\"target\":[\"https:\/\/www.article-marketing.eu\/comunicati\/motori\/auto\/storie-di-auto-classiche-e-modelli-ferrari\/\"]}]},{\"@type\":\"BreadcrumbList\",\"@id\":\"https:\/\/www.article-marketing.eu\/comunicati\/motori\/auto\/storie-di-auto-classiche-e-modelli-ferrari\/#breadcrumb\",\"itemListElement\":[{\"@type\":\"ListItem\",\"position\":1,\"name\":\"Home\",\"item\":\"https:\/\/www.article-marketing.eu\/comunicati\/\"},{\"@type\":\"ListItem\",\"position\":2,\"name\":\"Storie di auto classiche e modelli &#8211; FERRARI\"}]},{\"@type\":\"WebSite\",\"@id\":\"https:\/\/www.article-marketing.eu\/comunicati\/#website\",\"url\":\"https:\/\/www.article-marketing.eu\/comunicati\/\",\"name\":\"Article Marketing\",\"description\":\"article marketing &amp; press release\",\"potentialAction\":[{\"@type\":\"SearchAction\",\"target\":{\"@type\":\"EntryPoint\",\"urlTemplate\":\"https:\/\/www.article-marketing.eu\/comunicati\/?s={search_term_string}\"},\"query-input\":{\"@type\":\"PropertyValueSpecification\",\"valueRequired\":true,\"valueName\":\"search_term_string\"}}],\"inLanguage\":\"it-IT\"},{\"@type\":\"Person\",\"@id\":\"https:\/\/www.article-marketing.eu\/comunicati\/#\/schema\/person\/44372e4d4d0fa797b18e03ed1ace9017\",\"name\":\"Redazione Comunicati Stampa\",\"image\":{\"@type\":\"ImageObject\",\"inLanguage\":\"it-IT\",\"@id\":\"https:\/\/www.article-marketing.eu\/comunicati\/#\/schema\/person\/image\/\",\"url\":\"https:\/\/secure.gravatar.com\/avatar\/50e5c6421d3072f42e7ace803501602c60d75233d34e29fd05feb91c8760b792?s=96&d=mm&r=g\",\"contentUrl\":\"https:\/\/secure.gravatar.com\/avatar\/50e5c6421d3072f42e7ace803501602c60d75233d34e29fd05feb91c8760b792?s=96&d=mm&r=g\",\"caption\":\"Redazione Comunicati Stampa\"},\"url\":\"https:\/\/www.article-marketing.eu\/comunicati\/author\/redazione-comunicati-stampa\/\"}]}<\/script>\n<!-- \/ Yoast SEO plugin. -->","yoast_head_json":{"title":"Storie di auto classiche e modelli - FERRARI - Article Marketing","robots":{"index":"index","follow":"follow","max-snippet":"max-snippet:-1","max-image-preview":"max-image-preview:large","max-video-preview":"max-video-preview:-1"},"canonical":"https:\/\/www.article-marketing.eu\/comunicati\/motori\/auto\/storie-di-auto-classiche-e-modelli-ferrari\/","og_locale":"it_IT","og_type":"article","og_title":"Storie di auto classiche e modelli - FERRARI - Article Marketing","og_description":"La Societ\u00e0 Anonima Scuderia Ferrari Modena fu fondata il 16 novembre del 1929 a Bologna; i soci erano Augusto e Alfredo Caniato, Mario Tadini, Ferruccio Testa e Enzo Ferrari, all'epoca rappresentante regionale dell'ALFA Romeo.","og_url":"https:\/\/www.article-marketing.eu\/comunicati\/motori\/auto\/storie-di-auto-classiche-e-modelli-ferrari\/","og_site_name":"Article Marketing","article_published_time":"2009-10-30T16:03:22+00:00","article_modified_time":"2018-06-04T18:31:05+00:00","author":"Redazione Comunicati Stampa","twitter_card":"summary_large_image","twitter_misc":{"Scritto da":"Redazione Comunicati Stampa","Tempo di lettura stimato":"6 minuti"},"schema":{"@context":"https:\/\/schema.org","@graph":[{"@type":"Article","@id":"https:\/\/www.article-marketing.eu\/comunicati\/motori\/auto\/storie-di-auto-classiche-e-modelli-ferrari\/#article","isPartOf":{"@id":"https:\/\/www.article-marketing.eu\/comunicati\/motori\/auto\/storie-di-auto-classiche-e-modelli-ferrari\/"},"author":{"name":"Redazione Comunicati Stampa","@id":"https:\/\/www.article-marketing.eu\/comunicati\/#\/schema\/person\/44372e4d4d0fa797b18e03ed1ace9017"},"headline":"Storie di auto classiche e modelli &#8211; FERRARI","datePublished":"2009-10-30T16:03:22+00:00","dateModified":"2018-06-04T18:31:05+00:00","mainEntityOfPage":{"@id":"https:\/\/www.article-marketing.eu\/comunicati\/motori\/auto\/storie-di-auto-classiche-e-modelli-ferrari\/"},"wordCount":1226,"commentCount":0,"keywords":["auto d'epocam auto classiche","autodepocaclub.it","ferrari storia"],"articleSection":["Auto"],"inLanguage":"it-IT","potentialAction":[{"@type":"CommentAction","name":"Comment","target":["https:\/\/www.article-marketing.eu\/comunicati\/motori\/auto\/storie-di-auto-classiche-e-modelli-ferrari\/#respond"]}]},{"@type":"WebPage","@id":"https:\/\/www.article-marketing.eu\/comunicati\/motori\/auto\/storie-di-auto-classiche-e-modelli-ferrari\/","url":"https:\/\/www.article-marketing.eu\/comunicati\/motori\/auto\/storie-di-auto-classiche-e-modelli-ferrari\/","name":"Storie di auto classiche e modelli - FERRARI - Article Marketing","isPartOf":{"@id":"https:\/\/www.article-marketing.eu\/comunicati\/#website"},"datePublished":"2009-10-30T16:03:22+00:00","dateModified":"2018-06-04T18:31:05+00:00","author":{"@id":"https:\/\/www.article-marketing.eu\/comunicati\/#\/schema\/person\/44372e4d4d0fa797b18e03ed1ace9017"},"breadcrumb":{"@id":"https:\/\/www.article-marketing.eu\/comunicati\/motori\/auto\/storie-di-auto-classiche-e-modelli-ferrari\/#breadcrumb"},"inLanguage":"it-IT","potentialAction":[{"@type":"ReadAction","target":["https:\/\/www.article-marketing.eu\/comunicati\/motori\/auto\/storie-di-auto-classiche-e-modelli-ferrari\/"]}]},{"@type":"BreadcrumbList","@id":"https:\/\/www.article-marketing.eu\/comunicati\/motori\/auto\/storie-di-auto-classiche-e-modelli-ferrari\/#breadcrumb","itemListElement":[{"@type":"ListItem","position":1,"name":"Home","item":"https:\/\/www.article-marketing.eu\/comunicati\/"},{"@type":"ListItem","position":2,"name":"Storie di auto classiche e modelli &#8211; FERRARI"}]},{"@type":"WebSite","@id":"https:\/\/www.article-marketing.eu\/comunicati\/#website","url":"https:\/\/www.article-marketing.eu\/comunicati\/","name":"Article Marketing","description":"article marketing &amp; press release","potentialAction":[{"@type":"SearchAction","target":{"@type":"EntryPoint","urlTemplate":"https:\/\/www.article-marketing.eu\/comunicati\/?s={search_term_string}"},"query-input":{"@type":"PropertyValueSpecification","valueRequired":true,"valueName":"search_term_string"}}],"inLanguage":"it-IT"},{"@type":"Person","@id":"https:\/\/www.article-marketing.eu\/comunicati\/#\/schema\/person\/44372e4d4d0fa797b18e03ed1ace9017","name":"Redazione Comunicati Stampa","image":{"@type":"ImageObject","inLanguage":"it-IT","@id":"https:\/\/www.article-marketing.eu\/comunicati\/#\/schema\/person\/image\/","url":"https:\/\/secure.gravatar.com\/avatar\/50e5c6421d3072f42e7ace803501602c60d75233d34e29fd05feb91c8760b792?s=96&d=mm&r=g","contentUrl":"https:\/\/secure.gravatar.com\/avatar\/50e5c6421d3072f42e7ace803501602c60d75233d34e29fd05feb91c8760b792?s=96&d=mm&r=g","caption":"Redazione Comunicati Stampa"},"url":"https:\/\/www.article-marketing.eu\/comunicati\/author\/redazione-comunicati-stampa\/"}]}},"_links":{"self":[{"href":"https:\/\/www.article-marketing.eu\/comunicati\/wp-json\/wp\/v2\/posts\/3200","targetHints":{"allow":["GET"]}}],"collection":[{"href":"https:\/\/www.article-marketing.eu\/comunicati\/wp-json\/wp\/v2\/posts"}],"about":[{"href":"https:\/\/www.article-marketing.eu\/comunicati\/wp-json\/wp\/v2\/types\/post"}],"author":[{"embeddable":true,"href":"https:\/\/www.article-marketing.eu\/comunicati\/wp-json\/wp\/v2\/users\/10"}],"replies":[{"embeddable":true,"href":"https:\/\/www.article-marketing.eu\/comunicati\/wp-json\/wp\/v2\/comments?post=3200"}],"version-history":[{"count":2,"href":"https:\/\/www.article-marketing.eu\/comunicati\/wp-json\/wp\/v2\/posts\/3200\/revisions"}],"predecessor-version":[{"id":55973,"href":"https:\/\/www.article-marketing.eu\/comunicati\/wp-json\/wp\/v2\/posts\/3200\/revisions\/55973"}],"wp:attachment":[{"href":"https:\/\/www.article-marketing.eu\/comunicati\/wp-json\/wp\/v2\/media?parent=3200"}],"wp:term":[{"taxonomy":"category","embeddable":true,"href":"https:\/\/www.article-marketing.eu\/comunicati\/wp-json\/wp\/v2\/categories?post=3200"},{"taxonomy":"post_tag","embeddable":true,"href":"https:\/\/www.article-marketing.eu\/comunicati\/wp-json\/wp\/v2\/tags?post=3200"}],"curies":[{"name":"wp","href":"https:\/\/api.w.org\/{rel}","templated":true}]}}