{"id":32019,"date":"2013-01-25T12:56:51","date_gmt":"2013-01-25T11:56:51","guid":{"rendered":"http:\/\/www.article-marketing.eu\/comunicati\/senza-categoria\/psicoterapia-dalla-terapia-di-gruppo-ai-disturbi-dellet%c3%a0-evolutiva\/"},"modified":"2018-07-10T04:49:28","modified_gmt":"2018-07-10T02:49:28","slug":"psicoterapia-dalla-terapia-di-gruppo-ai-disturbi-dellet%c3%a0-evolutiva","status":"publish","type":"post","link":"https:\/\/www.article-marketing.eu\/comunicati\/salute-e-benessere\/psicoterapia-dalla-terapia-di-gruppo-ai-disturbi-dellet%c3%a0-evolutiva\/","title":{"rendered":"Psicoterapia: dalla terapia di gruppo ai disturbi dell&#8217;et\u00e0 evolutiva"},"content":{"rendered":"<p><strong>Psicoterapia: dalla terapia di gruppo ai disturbi dell&#8217;et&agrave; evolutiva<\/strong><br \/>Volendo racchiudere la psicoterapia in una definizione, si potrebbe dire che &egrave; una cura di disturbi psicologici di natura ed entit&agrave; diversa, dai pi&ugrave; semplici disagi personali fino ai disturbi pi&ugrave; gravi come sintomi nevrotici o psicotici che ostacolano il benessere di una persona. La psicoterapia &egrave; uno strumento per il cambiamento personale, che significa apprendere ed usare nuovi schemi comportamentali, nuovi modi di vivere e nuove prospettive, lasciando indietro quei comportamenti, pensieri e modi di vivere che ostacolano il benessere psicofisico e la salute mentale. La psicoterapia si applica basandosi sui principi della psicologia e pu&ograve; distinguersi a seconda dell&rsquo;orientamento in: psicoterapia cognitivo &ndash; comportamentale, psicoterapia psicodinamica, psicoterapia umanistica, psicoterapia sistemica, psicoterapia psicocorporea e psicoterapia integrativa. In base alla composizione e alla destinazione possiamo distinguere in: psicoterapia di gruppo, di coppia, familiare, di gruppo ed di et&agrave; evolutiva.<br \/>Psicoterapia Individuale<br \/>La psicoterapia individuale &egrave; un momento nel quale una persona va alla scoperta di se stesso, parla delle sue sensazioni, delle sue emozioni, del suo vissuto, delle sue paure, delle sue difficolt&agrave; e uno psicoterapeuta lo ascolta ponendo &ldquo;le giuste domande&rdquo; che lo indirizzino alla comprensione e alla modifica del proprio atteggiamento nei confronti di se stesso, della vita in generale e degli altri. Si inizia una psicoterapia individuale per arrivare ad un cambiamento, alla risoluzione del problema, attraverso la scoperta di nuove risorse per affrontare la vita.<br \/>Psicoterapia di coppia<br \/>Una coppia &egrave; sana quando segue regole ben precise e all&rsquo;interno di essa i ruoli sono ben definiti, ma anche flessibili e suscettibili di modificazioni. Nella societ&agrave; odierna, sempre pi&ugrave; complessa, gli individui devono sempre ridefinire e rendere esplicite le loro idee nei confronti della coppia e dell&rsquo;altro. Senza chiarezza e coerenza, possono emergere frustrazione e conflitto. Con la terapia di coppia si vuole risolvere un disagio e ricreare il contatto tra i due, adeguandosi alle nuove circostanze e ai nuovi bisogni.<br \/>Psicoterapia Familiare<br \/>La psicoterapia familiare &egrave; rivolta al nucleo &ldquo;famiglia&rdquo;, essenziale e fondamentale, e si occupa di tutti i cambiamenti che influenzano la persona e i suoi comportamenti, riportati, in seguito, all&rsquo;interno del contesto familiare che cambia a sua volta e offre ai componenti nuove visioni e nuove prospettive. Con la psicoterapia familiare si mira ad una riorganizzazione completa del nucleo, dei ruoli e dei compiti di ognuno.<br \/>Psicoterapia di Gruppo<br \/>La psicoterapia di gruppo &egrave; una modalit&agrave; di psicoterapia che prevede la risoluzione di problemi attraverso la partecipazione di pi&ugrave; persone e la guida di un esperto. Un gruppo per affrontare i problemi, all&rsquo;interno del quale portare il proprio vissuto, le proprie consapevolezze e le proprie paure e trovare una soluzione attraverso la guida dello psicoterapeuta sempre pronto a condurre la discussione nella giusta direzione. Un modo per scoprirsi e per relazionarsi, per scoprire le proprie forze e capacit&agrave; attraverso l&rsquo;aiuto che si pu&ograve; dare agli altri componenti. Diverse personalit&agrave; e stai d&rsquo;animo che si incontrano, nonostante le diversit&agrave;, per capire, per affrontare il disagio e superarlo. Il gruppo diventa cos&igrave; qualcosa di intimo e di privato, all&rsquo;interno del quale ci sono persone che realmente capiscono l&rsquo;altro. Con la psicoterapia di gruppo si possono affrontare diverse problematiche come l&rsquo;abbandono (separazione o perdita di una persona cara), problemi di ansia, depressione ed altri.<br \/>Psicoterapia dell&rsquo;Et&agrave; Evolutiva<br \/>La psicoterapia dell&rsquo;et&agrave; evolutiva &egrave; rivolta ai bambini che manifestano un disagio. I bambini manifestano sintomi che riguardano tutto il sistema in cui sono inseriti, qualcosa che non va nell&rsquo;ambiente che li circonda, a scuola o in famiglia. La psicoterapia mira a dare al bambino la possibilit&agrave; di aprirsi e di comprendere ci&ograve; che lo circonda. E&rsquo; importante che anche i genitori seguano questo percorso per esplorare, comprendere, migliorare le loro capacit&agrave; di funzionare come coppia coniugale e genitoriale e le loro competenze educative e di relazione con i figli. Tra le modalit&agrave; di esternazione del disagio di un bambino ci sono i Disturbi specifici dell&rsquo;Apprendimento che riguardano lo sviluppo di bambini intelligenti e sani che nonostante ci&ograve; non riescono ad avere padronanza dei processi di lettura, scrittura o calcolo. Stiamo parlando di dislessia, disortografia, disgrafia e discalculia che possono presentarsi associati o indipendenti. La dislessia &egrave; la difficolt&agrave; di decodifica di un testo che si manifesta in un&rsquo;incapacit&agrave; di lettura fluente; la disortografia riguarda l&rsquo;incapacit&agrave; di non rispettare le regole di trasformazione dal linguaggio parlato a quello scritto; la disgrafia &egrave; un disturbo che riguarda la capacit&agrave; di riproduzione di segni alfabetici e numerici e la discalculia riguarda le capacit&agrave; numeriche e aritmetiche.<\/p>\n","protected":false},"excerpt":{"rendered":"<p>Volendo racchiudere la psicoterapia in una definizione, si potrebbe dire che \u00e8 una cura di disturbi psicologici di natura ed entit\u00e0 diversa, dai pi\u00f9 semplici disagi personali fino ai disturbi pi\u00f9 gravi come sintomi nevrotici o psicotici che ostacolano&#8230;<\/p>\n","protected":false},"author":10,"featured_media":0,"comment_status":"open","ping_status":"open","sticky":false,"template":"","format":"standard","meta":{"cybocfi_hide_featured_image":"","footnotes":""},"categories":[265],"tags":[17668,31129,18535,31128],"class_list":["post-32019","post","type-post","status-publish","format-standard","hentry","category-salute-e-benessere","tag-psicoterapeuta-roma","tag-psicoterapia-di-gruppo","tag-psicoterapia-roma","tag-terapia-di-gruppo"],"yoast_head":"<!-- This site is optimized with the Yoast SEO plugin v27.0 - https:\/\/yoast.com\/product\/yoast-seo-wordpress\/ -->\n<title>Psicoterapia: dalla terapia di gruppo ai disturbi dell&#039;et\u00e0 evolutiva - Article Marketing<\/title>\n<meta name=\"robots\" content=\"index, follow, max-snippet:-1, max-image-preview:large, max-video-preview:-1\" \/>\n<link rel=\"canonical\" href=\"https:\/\/www.article-marketing.eu\/comunicati\/salute-e-benessere\/psicoterapia-dalla-terapia-di-gruppo-ai-disturbi-dellet\u00e0-evolutiva\/\" \/>\n<meta property=\"og:locale\" content=\"it_IT\" \/>\n<meta property=\"og:type\" content=\"article\" \/>\n<meta property=\"og:title\" content=\"Psicoterapia: dalla terapia di gruppo ai disturbi dell&#039;et\u00e0 evolutiva - Article Marketing\" \/>\n<meta property=\"og:description\" content=\"Volendo racchiudere la psicoterapia in una definizione, si potrebbe dire che \u00e8 una cura di disturbi psicologici di natura ed entit\u00e0 diversa, dai pi\u00f9 semplici disagi personali fino ai disturbi pi\u00f9 gravi come sintomi nevrotici o psicotici che ostacolano...\" \/>\n<meta property=\"og:url\" content=\"https:\/\/www.article-marketing.eu\/comunicati\/salute-e-benessere\/psicoterapia-dalla-terapia-di-gruppo-ai-disturbi-dellet\u00e0-evolutiva\/\" \/>\n<meta property=\"og:site_name\" content=\"Article Marketing\" \/>\n<meta property=\"article:published_time\" content=\"2013-01-25T11:56:51+00:00\" \/>\n<meta property=\"article:modified_time\" content=\"2018-07-10T02:49:28+00:00\" \/>\n<meta name=\"author\" content=\"Redazione Comunicati Stampa\" \/>\n<meta name=\"twitter:card\" content=\"summary_large_image\" \/>\n<meta name=\"twitter:label1\" content=\"Scritto da\" \/>\n\t<meta name=\"twitter:data1\" content=\"Redazione Comunicati Stampa\" \/>\n\t<meta name=\"twitter:label2\" content=\"Tempo di lettura stimato\" \/>\n\t<meta name=\"twitter:data2\" content=\"4 minuti\" \/>\n<script type=\"application\/ld+json\" class=\"yoast-schema-graph\">{\"@context\":\"https:\/\/schema.org\",\"@graph\":[{\"@type\":\"Article\",\"@id\":\"https:\/\/www.article-marketing.eu\/comunicati\/salute-e-benessere\/psicoterapia-dalla-terapia-di-gruppo-ai-disturbi-dellet%c3%a0-evolutiva\/#article\",\"isPartOf\":{\"@id\":\"https:\/\/www.article-marketing.eu\/comunicati\/salute-e-benessere\/psicoterapia-dalla-terapia-di-gruppo-ai-disturbi-dellet%c3%a0-evolutiva\/\"},\"author\":{\"name\":\"Redazione Comunicati Stampa\",\"@id\":\"https:\/\/www.article-marketing.eu\/comunicati\/#\/schema\/person\/44372e4d4d0fa797b18e03ed1ace9017\"},\"headline\":\"Psicoterapia: dalla terapia di gruppo ai disturbi dell&#8217;et\u00e0 evolutiva\",\"datePublished\":\"2013-01-25T11:56:51+00:00\",\"dateModified\":\"2018-07-10T02:49:28+00:00\",\"mainEntityOfPage\":{\"@id\":\"https:\/\/www.article-marketing.eu\/comunicati\/salute-e-benessere\/psicoterapia-dalla-terapia-di-gruppo-ai-disturbi-dellet%c3%a0-evolutiva\/\"},\"wordCount\":822,\"commentCount\":0,\"keywords\":[\"psicoterapeuta roma\",\"psicoterapia di gruppo\",\"psicoterapia roma\",\"terapia di gruppo\"],\"articleSection\":[\"Salute e benessere\"],\"inLanguage\":\"it-IT\",\"potentialAction\":[{\"@type\":\"CommentAction\",\"name\":\"Comment\",\"target\":[\"https:\/\/www.article-marketing.eu\/comunicati\/salute-e-benessere\/psicoterapia-dalla-terapia-di-gruppo-ai-disturbi-dellet%c3%a0-evolutiva\/#respond\"]}]},{\"@type\":\"WebPage\",\"@id\":\"https:\/\/www.article-marketing.eu\/comunicati\/salute-e-benessere\/psicoterapia-dalla-terapia-di-gruppo-ai-disturbi-dellet%c3%a0-evolutiva\/\",\"url\":\"https:\/\/www.article-marketing.eu\/comunicati\/salute-e-benessere\/psicoterapia-dalla-terapia-di-gruppo-ai-disturbi-dellet%c3%a0-evolutiva\/\",\"name\":\"Psicoterapia: dalla terapia di gruppo ai disturbi dell'et\u00e0 evolutiva - Article Marketing\",\"isPartOf\":{\"@id\":\"https:\/\/www.article-marketing.eu\/comunicati\/#website\"},\"datePublished\":\"2013-01-25T11:56:51+00:00\",\"dateModified\":\"2018-07-10T02:49:28+00:00\",\"author\":{\"@id\":\"https:\/\/www.article-marketing.eu\/comunicati\/#\/schema\/person\/44372e4d4d0fa797b18e03ed1ace9017\"},\"breadcrumb\":{\"@id\":\"https:\/\/www.article-marketing.eu\/comunicati\/salute-e-benessere\/psicoterapia-dalla-terapia-di-gruppo-ai-disturbi-dellet%c3%a0-evolutiva\/#breadcrumb\"},\"inLanguage\":\"it-IT\",\"potentialAction\":[{\"@type\":\"ReadAction\",\"target\":[\"https:\/\/www.article-marketing.eu\/comunicati\/salute-e-benessere\/psicoterapia-dalla-terapia-di-gruppo-ai-disturbi-dellet%c3%a0-evolutiva\/\"]}]},{\"@type\":\"BreadcrumbList\",\"@id\":\"https:\/\/www.article-marketing.eu\/comunicati\/salute-e-benessere\/psicoterapia-dalla-terapia-di-gruppo-ai-disturbi-dellet%c3%a0-evolutiva\/#breadcrumb\",\"itemListElement\":[{\"@type\":\"ListItem\",\"position\":1,\"name\":\"Home\",\"item\":\"https:\/\/www.article-marketing.eu\/comunicati\/\"},{\"@type\":\"ListItem\",\"position\":2,\"name\":\"Psicoterapia: dalla terapia di gruppo ai disturbi dell&#8217;et\u00e0 evolutiva\"}]},{\"@type\":\"WebSite\",\"@id\":\"https:\/\/www.article-marketing.eu\/comunicati\/#website\",\"url\":\"https:\/\/www.article-marketing.eu\/comunicati\/\",\"name\":\"Article Marketing\",\"description\":\"article marketing &amp; press release\",\"potentialAction\":[{\"@type\":\"SearchAction\",\"target\":{\"@type\":\"EntryPoint\",\"urlTemplate\":\"https:\/\/www.article-marketing.eu\/comunicati\/?s={search_term_string}\"},\"query-input\":{\"@type\":\"PropertyValueSpecification\",\"valueRequired\":true,\"valueName\":\"search_term_string\"}}],\"inLanguage\":\"it-IT\"},{\"@type\":\"Person\",\"@id\":\"https:\/\/www.article-marketing.eu\/comunicati\/#\/schema\/person\/44372e4d4d0fa797b18e03ed1ace9017\",\"name\":\"Redazione Comunicati Stampa\",\"image\":{\"@type\":\"ImageObject\",\"inLanguage\":\"it-IT\",\"@id\":\"https:\/\/www.article-marketing.eu\/comunicati\/#\/schema\/person\/image\/\",\"url\":\"https:\/\/secure.gravatar.com\/avatar\/50e5c6421d3072f42e7ace803501602c60d75233d34e29fd05feb91c8760b792?s=96&d=mm&r=g\",\"contentUrl\":\"https:\/\/secure.gravatar.com\/avatar\/50e5c6421d3072f42e7ace803501602c60d75233d34e29fd05feb91c8760b792?s=96&d=mm&r=g\",\"caption\":\"Redazione Comunicati Stampa\"},\"url\":\"https:\/\/www.article-marketing.eu\/comunicati\/author\/redazione-comunicati-stampa\/\"}]}<\/script>\n<!-- \/ Yoast SEO plugin. -->","yoast_head_json":{"title":"Psicoterapia: dalla terapia di gruppo ai disturbi dell'et\u00e0 evolutiva - Article Marketing","robots":{"index":"index","follow":"follow","max-snippet":"max-snippet:-1","max-image-preview":"max-image-preview:large","max-video-preview":"max-video-preview:-1"},"canonical":"https:\/\/www.article-marketing.eu\/comunicati\/salute-e-benessere\/psicoterapia-dalla-terapia-di-gruppo-ai-disturbi-dellet\u00e0-evolutiva\/","og_locale":"it_IT","og_type":"article","og_title":"Psicoterapia: dalla terapia di gruppo ai disturbi dell'et\u00e0 evolutiva - Article Marketing","og_description":"Volendo racchiudere la psicoterapia in una definizione, si potrebbe dire che \u00e8 una cura di disturbi psicologici di natura ed entit\u00e0 diversa, dai pi\u00f9 semplici disagi personali fino ai disturbi pi\u00f9 gravi come sintomi nevrotici o psicotici che ostacolano...","og_url":"https:\/\/www.article-marketing.eu\/comunicati\/salute-e-benessere\/psicoterapia-dalla-terapia-di-gruppo-ai-disturbi-dellet\u00e0-evolutiva\/","og_site_name":"Article Marketing","article_published_time":"2013-01-25T11:56:51+00:00","article_modified_time":"2018-07-10T02:49:28+00:00","author":"Redazione Comunicati Stampa","twitter_card":"summary_large_image","twitter_misc":{"Scritto da":"Redazione Comunicati Stampa","Tempo di lettura stimato":"4 minuti"},"schema":{"@context":"https:\/\/schema.org","@graph":[{"@type":"Article","@id":"https:\/\/www.article-marketing.eu\/comunicati\/salute-e-benessere\/psicoterapia-dalla-terapia-di-gruppo-ai-disturbi-dellet%c3%a0-evolutiva\/#article","isPartOf":{"@id":"https:\/\/www.article-marketing.eu\/comunicati\/salute-e-benessere\/psicoterapia-dalla-terapia-di-gruppo-ai-disturbi-dellet%c3%a0-evolutiva\/"},"author":{"name":"Redazione Comunicati Stampa","@id":"https:\/\/www.article-marketing.eu\/comunicati\/#\/schema\/person\/44372e4d4d0fa797b18e03ed1ace9017"},"headline":"Psicoterapia: dalla terapia di gruppo ai disturbi dell&#8217;et\u00e0 evolutiva","datePublished":"2013-01-25T11:56:51+00:00","dateModified":"2018-07-10T02:49:28+00:00","mainEntityOfPage":{"@id":"https:\/\/www.article-marketing.eu\/comunicati\/salute-e-benessere\/psicoterapia-dalla-terapia-di-gruppo-ai-disturbi-dellet%c3%a0-evolutiva\/"},"wordCount":822,"commentCount":0,"keywords":["psicoterapeuta roma","psicoterapia di gruppo","psicoterapia roma","terapia di gruppo"],"articleSection":["Salute e benessere"],"inLanguage":"it-IT","potentialAction":[{"@type":"CommentAction","name":"Comment","target":["https:\/\/www.article-marketing.eu\/comunicati\/salute-e-benessere\/psicoterapia-dalla-terapia-di-gruppo-ai-disturbi-dellet%c3%a0-evolutiva\/#respond"]}]},{"@type":"WebPage","@id":"https:\/\/www.article-marketing.eu\/comunicati\/salute-e-benessere\/psicoterapia-dalla-terapia-di-gruppo-ai-disturbi-dellet%c3%a0-evolutiva\/","url":"https:\/\/www.article-marketing.eu\/comunicati\/salute-e-benessere\/psicoterapia-dalla-terapia-di-gruppo-ai-disturbi-dellet%c3%a0-evolutiva\/","name":"Psicoterapia: dalla terapia di gruppo ai disturbi dell'et\u00e0 evolutiva - Article Marketing","isPartOf":{"@id":"https:\/\/www.article-marketing.eu\/comunicati\/#website"},"datePublished":"2013-01-25T11:56:51+00:00","dateModified":"2018-07-10T02:49:28+00:00","author":{"@id":"https:\/\/www.article-marketing.eu\/comunicati\/#\/schema\/person\/44372e4d4d0fa797b18e03ed1ace9017"},"breadcrumb":{"@id":"https:\/\/www.article-marketing.eu\/comunicati\/salute-e-benessere\/psicoterapia-dalla-terapia-di-gruppo-ai-disturbi-dellet%c3%a0-evolutiva\/#breadcrumb"},"inLanguage":"it-IT","potentialAction":[{"@type":"ReadAction","target":["https:\/\/www.article-marketing.eu\/comunicati\/salute-e-benessere\/psicoterapia-dalla-terapia-di-gruppo-ai-disturbi-dellet%c3%a0-evolutiva\/"]}]},{"@type":"BreadcrumbList","@id":"https:\/\/www.article-marketing.eu\/comunicati\/salute-e-benessere\/psicoterapia-dalla-terapia-di-gruppo-ai-disturbi-dellet%c3%a0-evolutiva\/#breadcrumb","itemListElement":[{"@type":"ListItem","position":1,"name":"Home","item":"https:\/\/www.article-marketing.eu\/comunicati\/"},{"@type":"ListItem","position":2,"name":"Psicoterapia: dalla terapia di gruppo ai disturbi dell&#8217;et\u00e0 evolutiva"}]},{"@type":"WebSite","@id":"https:\/\/www.article-marketing.eu\/comunicati\/#website","url":"https:\/\/www.article-marketing.eu\/comunicati\/","name":"Article Marketing","description":"article marketing &amp; press release","potentialAction":[{"@type":"SearchAction","target":{"@type":"EntryPoint","urlTemplate":"https:\/\/www.article-marketing.eu\/comunicati\/?s={search_term_string}"},"query-input":{"@type":"PropertyValueSpecification","valueRequired":true,"valueName":"search_term_string"}}],"inLanguage":"it-IT"},{"@type":"Person","@id":"https:\/\/www.article-marketing.eu\/comunicati\/#\/schema\/person\/44372e4d4d0fa797b18e03ed1ace9017","name":"Redazione Comunicati Stampa","image":{"@type":"ImageObject","inLanguage":"it-IT","@id":"https:\/\/www.article-marketing.eu\/comunicati\/#\/schema\/person\/image\/","url":"https:\/\/secure.gravatar.com\/avatar\/50e5c6421d3072f42e7ace803501602c60d75233d34e29fd05feb91c8760b792?s=96&d=mm&r=g","contentUrl":"https:\/\/secure.gravatar.com\/avatar\/50e5c6421d3072f42e7ace803501602c60d75233d34e29fd05feb91c8760b792?s=96&d=mm&r=g","caption":"Redazione Comunicati Stampa"},"url":"https:\/\/www.article-marketing.eu\/comunicati\/author\/redazione-comunicati-stampa\/"}]}},"_links":{"self":[{"href":"https:\/\/www.article-marketing.eu\/comunicati\/wp-json\/wp\/v2\/posts\/32019","targetHints":{"allow":["GET"]}}],"collection":[{"href":"https:\/\/www.article-marketing.eu\/comunicati\/wp-json\/wp\/v2\/posts"}],"about":[{"href":"https:\/\/www.article-marketing.eu\/comunicati\/wp-json\/wp\/v2\/types\/post"}],"author":[{"embeddable":true,"href":"https:\/\/www.article-marketing.eu\/comunicati\/wp-json\/wp\/v2\/users\/10"}],"replies":[{"embeddable":true,"href":"https:\/\/www.article-marketing.eu\/comunicati\/wp-json\/wp\/v2\/comments?post=32019"}],"version-history":[{"count":2,"href":"https:\/\/www.article-marketing.eu\/comunicati\/wp-json\/wp\/v2\/posts\/32019\/revisions"}],"predecessor-version":[{"id":59940,"href":"https:\/\/www.article-marketing.eu\/comunicati\/wp-json\/wp\/v2\/posts\/32019\/revisions\/59940"}],"wp:attachment":[{"href":"https:\/\/www.article-marketing.eu\/comunicati\/wp-json\/wp\/v2\/media?parent=32019"}],"wp:term":[{"taxonomy":"category","embeddable":true,"href":"https:\/\/www.article-marketing.eu\/comunicati\/wp-json\/wp\/v2\/categories?post=32019"},{"taxonomy":"post_tag","embeddable":true,"href":"https:\/\/www.article-marketing.eu\/comunicati\/wp-json\/wp\/v2\/tags?post=32019"}],"curies":[{"name":"wp","href":"https:\/\/api.w.org\/{rel}","templated":true}]}}