{"id":3235,"date":"2009-11-03T14:38:15","date_gmt":"2009-11-03T13:38:15","guid":{"rendered":"http:\/\/www.article-marketing.eu\/comunicati\/senza-categoria\/firenze-business-e-ucodep-per-la-cultura-della-solidariet%e0-e-dellimpegno-civile\/"},"modified":"2009-11-03T14:38:15","modified_gmt":"2009-11-03T13:38:15","slug":"firenze-business-e-ucodep-per-la-cultura-della-solidariet%e0-e-dellimpegno-civile","status":"publish","type":"post","link":"https:\/\/www.article-marketing.eu\/comunicati\/comunicati-stampa\/eventi\/firenze-business-e-ucodep-per-la-cultura-della-solidariet%e0-e-dellimpegno-civile\/","title":{"rendered":"Firenze Business e UCODEP per la cultura della solidariet\u00e0 e dell&#8217;impegno civile"},"content":{"rendered":"<p>Il 6 e 7 Novembre a Palazzo Borghese va in scena Firenze Business, l\u2019evento che unisce gli affari al divertimento per una due giorni dedicata a scoprire interessanti opportunit\u00e0. Confermato il grande interesse attorno ad un\u2019iniziativa che coinvolge forti brand come HP, ACCO, DYMO, nonch\u00e9 social network fortemente attivi sul territorio come Connecting Managers e FlorenceIN, Firenze Business \u00e8 l\u2019occasione per i Responsabili marketing e acquisti di creare sinergie concrete direttamente in evento, sviluppando\/integrando\/incentivando il proprio business a 360 gradi. Forte l\u2019interesse degli imprenditori italiani come anche la richiesta di visitare l\u2019evento tra il Venerd\u00ec sera e il Sabato mattina, impossibilitati a presenziare durante il normale orario di lavoro.<\/p>\n<p><a href=\"http:\/\/www.ucodep.org\"><img decoding=\"async\" align=\"right\" alt=\"Log_Ucodep_Rosso\" src=\"http:\/\/newszine.files.wordpress.com\/2009\/11\/log_ucodep_rosso.jpg?w=300\" title=\"UCODEP\" style=\"border: 0pt none;\" class=\"size-medium wp-image-496 alignright\" \/><\/a>Evento pensato per offrire vetrina interattiva alle attivit\u00e0 imprenditoriali toscane, Firenze Business \u00e8 una finestra di opportunit\u00e0 che permetter\u00e0 di far interagire Realt\u00e0 locali con brand e attivit\u00e0 a respiro nazionale e internazionale, con un occhio verso il sociale. E\u2019 di queste ore la conferma che \u201c<em>i nostri co-espositori hanno aderito all\u2019iniziativa sociale che vedr\u00e0 la donazione del 3% sulle vendite concluse a Firenze Business all\u2019associazione UCODEP<\/em>\u201d \u2013 dichiara Stefano mand\u00f2, A.D. Delta Ufficio S.r.l. e organizzatore dell\u2019evento.&nbsp; UCODEP, acronimo di Unit\u00e0 e Cooperazione per lo Sviluppo dei Popoli, \u00e8 un\u2019onlus autonoma il cui focus \u00e8 quello di promuovere una visione globale di sviluppo attraverso progetti finalizzati a superare le condizioni di miseria e conflitto assieme alle associazioni dei Paesi del Sud del Mondo. Iniziative di accoglienza e integrazione lavorativa, attivit\u00e0 d\u2019informazione, di educazione, di formazione sul territorio: tutti focus pensati per alimentare la cultura della solidariet\u00e0 e dell\u2019impegno civile, definendo competenze specifiche che siano in grado di promuovere un\u2019economia solidale e dare spinta e vigore alla crescita di una societ\u00e0 aperta e interculturale.<\/p>\n<p>Per maggiori informazioni:<\/p>\n<p><strong>facebook<\/strong> Firenze Business 2009<br \/> <strong>web<\/strong> www.firenze-business.it<br \/> <strong>manifesto<\/strong> Firenze Business, evento gratuito dedicato agli operatori di settore<br \/><strong>mail<\/strong> info [at] firenze-business.it<br \/><strong>tel<\/strong> 055.308140<br \/><strong>fax<\/strong> 055.308145<\/p>\n","protected":false},"excerpt":{"rendered":"<p>Oltre 600 pre-iscrizioni all\u2019evento e 700 tra imprenditori e addetti agli acquisti che hanno richiesto direttamente l\u2019invito a visitare Firenze Business. Il punto a meno di una settimana dalla due giorni dell\u2019evento b2b incontro tra domanda e offerta nel mondo degli affari. Gli espositori destineranno il 3% sui contratti conclusi a Palazzo Borghese all\u2019Onlus UCODEP.<\/p>\n","protected":false},"author":10,"featured_media":0,"comment_status":"open","ping_status":"open","sticky":false,"template":"","format":"standard","meta":{"cybocfi_hide_featured_image":"","footnotes":""},"categories":[388],"tags":[],"class_list":["post-3235","post","type-post","status-publish","format-standard","hentry","category-eventi"],"yoast_head":"<!-- This site is optimized with the Yoast SEO plugin v27.0 - https:\/\/yoast.com\/product\/yoast-seo-wordpress\/ -->\n<title>Firenze Business e UCODEP per la cultura della solidariet\u00e0 e dell&#039;impegno civile - Article Marketing<\/title>\n<meta name=\"robots\" content=\"index, follow, max-snippet:-1, max-image-preview:large, max-video-preview:-1\" \/>\n<link rel=\"canonical\" href=\"https:\/\/www.article-marketing.eu\/comunicati\/comunicati-stampa\/eventi\/firenze-business-e-ucodep-per-la-cultura-della-solidariet?-e-dellimpegno-civile\/\" \/>\n<meta property=\"og:locale\" content=\"it_IT\" \/>\n<meta property=\"og:type\" content=\"article\" \/>\n<meta property=\"og:title\" content=\"Firenze Business e UCODEP per la cultura della solidariet\u00e0 e dell&#039;impegno civile - Article Marketing\" \/>\n<meta property=\"og:description\" content=\"Oltre 600 pre-iscrizioni all\u2019evento e 700 tra imprenditori e addetti agli acquisti che hanno richiesto direttamente l\u2019invito a visitare Firenze Business. Il punto a meno di una settimana dalla due giorni dell\u2019evento b2b incontro tra domanda e offerta nel mondo degli affari. Gli espositori destineranno il 3% sui contratti conclusi a Palazzo Borghese all\u2019Onlus UCODEP.\" \/>\n<meta property=\"og:url\" content=\"\" \/>\n<meta property=\"og:site_name\" content=\"Article Marketing\" \/>\n<meta property=\"article:published_time\" content=\"2009-11-03T13:38:15+00:00\" \/>\n<meta property=\"og:image\" content=\"http:\/\/newszine.files.wordpress.com\/2009\/11\/log_ucodep_rosso.jpg?w=300\" \/>\n<meta name=\"author\" content=\"Redazione Comunicati Stampa\" \/>\n<meta name=\"twitter:card\" content=\"summary_large_image\" \/>\n<meta name=\"twitter:label1\" content=\"Scritto da\" \/>\n\t<meta name=\"twitter:data1\" content=\"Redazione Comunicati Stampa\" \/>\n\t<meta name=\"twitter:label2\" content=\"Tempo di lettura stimato\" \/>\n\t<meta name=\"twitter:data2\" content=\"2 minuti\" \/>\n<script type=\"application\/ld+json\" class=\"yoast-schema-graph\">{\"@context\":\"https:\/\/schema.org\",\"@graph\":[{\"@type\":\"Article\",\"@id\":\"https:\/\/www.article-marketing.eu\/comunicati\/comunicati-stampa\/eventi\/firenze-business-e-ucodep-per-la-cultura-della-solidariet%e0-e-dellimpegno-civile\/#article\",\"isPartOf\":{\"@id\":\"https:\/\/www.article-marketing.eu\/comunicati\/comunicati-stampa\/eventi\/firenze-business-e-ucodep-per-la-cultura-della-solidariet%e0-e-dellimpegno-civile\/\"},\"author\":{\"name\":\"Redazione Comunicati Stampa\",\"@id\":\"https:\/\/www.article-marketing.eu\/comunicati\/#\/schema\/person\/44372e4d4d0fa797b18e03ed1ace9017\"},\"headline\":\"Firenze Business e UCODEP per la cultura della solidariet\u00e0 e dell&#8217;impegno civile\",\"datePublished\":\"2009-11-03T13:38:15+00:00\",\"mainEntityOfPage\":{\"@id\":\"https:\/\/www.article-marketing.eu\/comunicati\/comunicati-stampa\/eventi\/firenze-business-e-ucodep-per-la-cultura-della-solidariet%e0-e-dellimpegno-civile\/\"},\"wordCount\":331,\"commentCount\":0,\"image\":{\"@id\":\"https:\/\/www.article-marketing.eu\/comunicati\/comunicati-stampa\/eventi\/firenze-business-e-ucodep-per-la-cultura-della-solidariet%e0-e-dellimpegno-civile\/#primaryimage\"},\"thumbnailUrl\":\"http:\/\/newszine.files.wordpress.com\/2009\/11\/log_ucodep_rosso.jpg?w=300\",\"articleSection\":[\"Eventi\"],\"inLanguage\":\"it-IT\",\"potentialAction\":[{\"@type\":\"CommentAction\",\"name\":\"Comment\",\"target\":[\"https:\/\/www.article-marketing.eu\/comunicati\/comunicati-stampa\/eventi\/firenze-business-e-ucodep-per-la-cultura-della-solidariet%e0-e-dellimpegno-civile\/#respond\"]}]},{\"@type\":\"WebPage\",\"@id\":\"https:\/\/www.article-marketing.eu\/comunicati\/comunicati-stampa\/eventi\/firenze-business-e-ucodep-per-la-cultura-della-solidariet%e0-e-dellimpegno-civile\/\",\"url\":\"https:\/\/www.article-marketing.eu\/comunicati\/comunicati-stampa\/eventi\/firenze-business-e-ucodep-per-la-cultura-della-solidariet%e0-e-dellimpegno-civile\/\",\"name\":\"Firenze Business e UCODEP per la cultura della solidariet\u00e0 e dell'impegno civile - Article Marketing\",\"isPartOf\":{\"@id\":\"https:\/\/www.article-marketing.eu\/comunicati\/#website\"},\"primaryImageOfPage\":{\"@id\":\"https:\/\/www.article-marketing.eu\/comunicati\/comunicati-stampa\/eventi\/firenze-business-e-ucodep-per-la-cultura-della-solidariet%e0-e-dellimpegno-civile\/#primaryimage\"},\"image\":{\"@id\":\"https:\/\/www.article-marketing.eu\/comunicati\/comunicati-stampa\/eventi\/firenze-business-e-ucodep-per-la-cultura-della-solidariet%e0-e-dellimpegno-civile\/#primaryimage\"},\"thumbnailUrl\":\"http:\/\/newszine.files.wordpress.com\/2009\/11\/log_ucodep_rosso.jpg?w=300\",\"datePublished\":\"2009-11-03T13:38:15+00:00\",\"author\":{\"@id\":\"https:\/\/www.article-marketing.eu\/comunicati\/#\/schema\/person\/44372e4d4d0fa797b18e03ed1ace9017\"},\"breadcrumb\":{\"@id\":\"https:\/\/www.article-marketing.eu\/comunicati\/comunicati-stampa\/eventi\/firenze-business-e-ucodep-per-la-cultura-della-solidariet%e0-e-dellimpegno-civile\/#breadcrumb\"},\"inLanguage\":\"it-IT\",\"potentialAction\":[{\"@type\":\"ReadAction\",\"target\":[\"https:\/\/www.article-marketing.eu\/comunicati\/comunicati-stampa\/eventi\/firenze-business-e-ucodep-per-la-cultura-della-solidariet%e0-e-dellimpegno-civile\/\"]}]},{\"@type\":\"ImageObject\",\"inLanguage\":\"it-IT\",\"@id\":\"https:\/\/www.article-marketing.eu\/comunicati\/comunicati-stampa\/eventi\/firenze-business-e-ucodep-per-la-cultura-della-solidariet%e0-e-dellimpegno-civile\/#primaryimage\",\"url\":\"http:\/\/newszine.files.wordpress.com\/2009\/11\/log_ucodep_rosso.jpg?w=300\",\"contentUrl\":\"http:\/\/newszine.files.wordpress.com\/2009\/11\/log_ucodep_rosso.jpg?w=300\"},{\"@type\":\"BreadcrumbList\",\"@id\":\"https:\/\/www.article-marketing.eu\/comunicati\/comunicati-stampa\/eventi\/firenze-business-e-ucodep-per-la-cultura-della-solidariet%e0-e-dellimpegno-civile\/#breadcrumb\",\"itemListElement\":[{\"@type\":\"ListItem\",\"position\":1,\"name\":\"Home\",\"item\":\"https:\/\/www.article-marketing.eu\/comunicati\/\"},{\"@type\":\"ListItem\",\"position\":2,\"name\":\"Firenze Business e UCODEP per la cultura della solidariet\u00e0 e dell&#8217;impegno civile\"}]},{\"@type\":\"WebSite\",\"@id\":\"https:\/\/www.article-marketing.eu\/comunicati\/#website\",\"url\":\"https:\/\/www.article-marketing.eu\/comunicati\/\",\"name\":\"Article Marketing\",\"description\":\"article marketing &amp; press release\",\"potentialAction\":[{\"@type\":\"SearchAction\",\"target\":{\"@type\":\"EntryPoint\",\"urlTemplate\":\"https:\/\/www.article-marketing.eu\/comunicati\/?s={search_term_string}\"},\"query-input\":{\"@type\":\"PropertyValueSpecification\",\"valueRequired\":true,\"valueName\":\"search_term_string\"}}],\"inLanguage\":\"it-IT\"},{\"@type\":\"Person\",\"@id\":\"https:\/\/www.article-marketing.eu\/comunicati\/#\/schema\/person\/44372e4d4d0fa797b18e03ed1ace9017\",\"name\":\"Redazione Comunicati Stampa\",\"image\":{\"@type\":\"ImageObject\",\"inLanguage\":\"it-IT\",\"@id\":\"https:\/\/www.article-marketing.eu\/comunicati\/#\/schema\/person\/image\/\",\"url\":\"https:\/\/secure.gravatar.com\/avatar\/50e5c6421d3072f42e7ace803501602c60d75233d34e29fd05feb91c8760b792?s=96&d=mm&r=g\",\"contentUrl\":\"https:\/\/secure.gravatar.com\/avatar\/50e5c6421d3072f42e7ace803501602c60d75233d34e29fd05feb91c8760b792?s=96&d=mm&r=g\",\"caption\":\"Redazione Comunicati Stampa\"},\"url\":\"https:\/\/www.article-marketing.eu\/comunicati\/author\/redazione-comunicati-stampa\/\"}]}<\/script>\n<!-- \/ Yoast SEO plugin. -->","yoast_head_json":{"title":"Firenze Business e UCODEP per la cultura della solidariet\u00e0 e dell'impegno civile - Article Marketing","robots":{"index":"index","follow":"follow","max-snippet":"max-snippet:-1","max-image-preview":"max-image-preview:large","max-video-preview":"max-video-preview:-1"},"canonical":"https:\/\/www.article-marketing.eu\/comunicati\/comunicati-stampa\/eventi\/firenze-business-e-ucodep-per-la-cultura-della-solidariet?-e-dellimpegno-civile\/","og_locale":"it_IT","og_type":"article","og_title":"Firenze Business e UCODEP per la cultura della solidariet\u00e0 e dell'impegno civile - Article Marketing","og_description":"Oltre 600 pre-iscrizioni all\u2019evento e 700 tra imprenditori e addetti agli acquisti che hanno richiesto direttamente l\u2019invito a visitare Firenze Business. Il punto a meno di una settimana dalla due giorni dell\u2019evento b2b incontro tra domanda e offerta nel mondo degli affari. Gli espositori destineranno il 3% sui contratti conclusi a Palazzo Borghese all\u2019Onlus UCODEP.","og_url":"https:\/\/www.article-marketing.eu\/comunicati\/comunicati-stampa\/eventi\/firenze-business-e-ucodep-per-la-cultura-della-solidariet?-e-dellimpegno-civile\/","og_site_name":"Article Marketing","article_published_time":"2009-11-03T13:38:15+00:00","og_image":[{"url":"http:\/\/newszine.files.wordpress.com\/2009\/11\/log_ucodep_rosso.jpg?w=300","type":"","width":"","height":""}],"author":"Redazione Comunicati Stampa","twitter_card":"summary_large_image","twitter_misc":{"Scritto da":"Redazione Comunicati Stampa","Tempo di lettura stimato":"2 minuti"},"schema":{"@context":"https:\/\/schema.org","@graph":[{"@type":"Article","@id":"https:\/\/www.article-marketing.eu\/comunicati\/comunicati-stampa\/eventi\/firenze-business-e-ucodep-per-la-cultura-della-solidariet%e0-e-dellimpegno-civile\/#article","isPartOf":{"@id":"https:\/\/www.article-marketing.eu\/comunicati\/comunicati-stampa\/eventi\/firenze-business-e-ucodep-per-la-cultura-della-solidariet%e0-e-dellimpegno-civile\/"},"author":{"name":"Redazione Comunicati Stampa","@id":"https:\/\/www.article-marketing.eu\/comunicati\/#\/schema\/person\/44372e4d4d0fa797b18e03ed1ace9017"},"headline":"Firenze Business e UCODEP per la cultura della solidariet\u00e0 e dell&#8217;impegno civile","datePublished":"2009-11-03T13:38:15+00:00","mainEntityOfPage":{"@id":"https:\/\/www.article-marketing.eu\/comunicati\/comunicati-stampa\/eventi\/firenze-business-e-ucodep-per-la-cultura-della-solidariet%e0-e-dellimpegno-civile\/"},"wordCount":331,"commentCount":0,"image":{"@id":"https:\/\/www.article-marketing.eu\/comunicati\/comunicati-stampa\/eventi\/firenze-business-e-ucodep-per-la-cultura-della-solidariet%e0-e-dellimpegno-civile\/#primaryimage"},"thumbnailUrl":"http:\/\/newszine.files.wordpress.com\/2009\/11\/log_ucodep_rosso.jpg?w=300","articleSection":["Eventi"],"inLanguage":"it-IT","potentialAction":[{"@type":"CommentAction","name":"Comment","target":["https:\/\/www.article-marketing.eu\/comunicati\/comunicati-stampa\/eventi\/firenze-business-e-ucodep-per-la-cultura-della-solidariet%e0-e-dellimpegno-civile\/#respond"]}]},{"@type":"WebPage","@id":"https:\/\/www.article-marketing.eu\/comunicati\/comunicati-stampa\/eventi\/firenze-business-e-ucodep-per-la-cultura-della-solidariet%e0-e-dellimpegno-civile\/","url":"https:\/\/www.article-marketing.eu\/comunicati\/comunicati-stampa\/eventi\/firenze-business-e-ucodep-per-la-cultura-della-solidariet%e0-e-dellimpegno-civile\/","name":"Firenze Business e UCODEP per la cultura della solidariet\u00e0 e dell'impegno civile - Article Marketing","isPartOf":{"@id":"https:\/\/www.article-marketing.eu\/comunicati\/#website"},"primaryImageOfPage":{"@id":"https:\/\/www.article-marketing.eu\/comunicati\/comunicati-stampa\/eventi\/firenze-business-e-ucodep-per-la-cultura-della-solidariet%e0-e-dellimpegno-civile\/#primaryimage"},"image":{"@id":"https:\/\/www.article-marketing.eu\/comunicati\/comunicati-stampa\/eventi\/firenze-business-e-ucodep-per-la-cultura-della-solidariet%e0-e-dellimpegno-civile\/#primaryimage"},"thumbnailUrl":"http:\/\/newszine.files.wordpress.com\/2009\/11\/log_ucodep_rosso.jpg?w=300","datePublished":"2009-11-03T13:38:15+00:00","author":{"@id":"https:\/\/www.article-marketing.eu\/comunicati\/#\/schema\/person\/44372e4d4d0fa797b18e03ed1ace9017"},"breadcrumb":{"@id":"https:\/\/www.article-marketing.eu\/comunicati\/comunicati-stampa\/eventi\/firenze-business-e-ucodep-per-la-cultura-della-solidariet%e0-e-dellimpegno-civile\/#breadcrumb"},"inLanguage":"it-IT","potentialAction":[{"@type":"ReadAction","target":["https:\/\/www.article-marketing.eu\/comunicati\/comunicati-stampa\/eventi\/firenze-business-e-ucodep-per-la-cultura-della-solidariet%e0-e-dellimpegno-civile\/"]}]},{"@type":"ImageObject","inLanguage":"it-IT","@id":"https:\/\/www.article-marketing.eu\/comunicati\/comunicati-stampa\/eventi\/firenze-business-e-ucodep-per-la-cultura-della-solidariet%e0-e-dellimpegno-civile\/#primaryimage","url":"http:\/\/newszine.files.wordpress.com\/2009\/11\/log_ucodep_rosso.jpg?w=300","contentUrl":"http:\/\/newszine.files.wordpress.com\/2009\/11\/log_ucodep_rosso.jpg?w=300"},{"@type":"BreadcrumbList","@id":"https:\/\/www.article-marketing.eu\/comunicati\/comunicati-stampa\/eventi\/firenze-business-e-ucodep-per-la-cultura-della-solidariet%e0-e-dellimpegno-civile\/#breadcrumb","itemListElement":[{"@type":"ListItem","position":1,"name":"Home","item":"https:\/\/www.article-marketing.eu\/comunicati\/"},{"@type":"ListItem","position":2,"name":"Firenze Business e UCODEP per la cultura della solidariet\u00e0 e dell&#8217;impegno civile"}]},{"@type":"WebSite","@id":"https:\/\/www.article-marketing.eu\/comunicati\/#website","url":"https:\/\/www.article-marketing.eu\/comunicati\/","name":"Article Marketing","description":"article marketing &amp; press release","potentialAction":[{"@type":"SearchAction","target":{"@type":"EntryPoint","urlTemplate":"https:\/\/www.article-marketing.eu\/comunicati\/?s={search_term_string}"},"query-input":{"@type":"PropertyValueSpecification","valueRequired":true,"valueName":"search_term_string"}}],"inLanguage":"it-IT"},{"@type":"Person","@id":"https:\/\/www.article-marketing.eu\/comunicati\/#\/schema\/person\/44372e4d4d0fa797b18e03ed1ace9017","name":"Redazione Comunicati Stampa","image":{"@type":"ImageObject","inLanguage":"it-IT","@id":"https:\/\/www.article-marketing.eu\/comunicati\/#\/schema\/person\/image\/","url":"https:\/\/secure.gravatar.com\/avatar\/50e5c6421d3072f42e7ace803501602c60d75233d34e29fd05feb91c8760b792?s=96&d=mm&r=g","contentUrl":"https:\/\/secure.gravatar.com\/avatar\/50e5c6421d3072f42e7ace803501602c60d75233d34e29fd05feb91c8760b792?s=96&d=mm&r=g","caption":"Redazione Comunicati Stampa"},"url":"https:\/\/www.article-marketing.eu\/comunicati\/author\/redazione-comunicati-stampa\/"}]}},"_links":{"self":[{"href":"https:\/\/www.article-marketing.eu\/comunicati\/wp-json\/wp\/v2\/posts\/3235","targetHints":{"allow":["GET"]}}],"collection":[{"href":"https:\/\/www.article-marketing.eu\/comunicati\/wp-json\/wp\/v2\/posts"}],"about":[{"href":"https:\/\/www.article-marketing.eu\/comunicati\/wp-json\/wp\/v2\/types\/post"}],"author":[{"embeddable":true,"href":"https:\/\/www.article-marketing.eu\/comunicati\/wp-json\/wp\/v2\/users\/10"}],"replies":[{"embeddable":true,"href":"https:\/\/www.article-marketing.eu\/comunicati\/wp-json\/wp\/v2\/comments?post=3235"}],"version-history":[{"count":0,"href":"https:\/\/www.article-marketing.eu\/comunicati\/wp-json\/wp\/v2\/posts\/3235\/revisions"}],"wp:attachment":[{"href":"https:\/\/www.article-marketing.eu\/comunicati\/wp-json\/wp\/v2\/media?parent=3235"}],"wp:term":[{"taxonomy":"category","embeddable":true,"href":"https:\/\/www.article-marketing.eu\/comunicati\/wp-json\/wp\/v2\/categories?post=3235"},{"taxonomy":"post_tag","embeddable":true,"href":"https:\/\/www.article-marketing.eu\/comunicati\/wp-json\/wp\/v2\/tags?post=3235"}],"curies":[{"name":"wp","href":"https:\/\/api.w.org\/{rel}","templated":true}]}}