{"id":3247,"date":"2009-11-04T15:44:55","date_gmt":"2009-11-04T14:44:55","guid":{"rendered":"http:\/\/www.article-marketing.eu\/comunicati\/senza-categoria\/il-sud-traino-del-madeinitaly-nel-mondo\/"},"modified":"2009-11-04T15:44:55","modified_gmt":"2009-11-04T14:44:55","slug":"il-sud-traino-del-madeinitaly-nel-mondo","status":"publish","type":"post","link":"https:\/\/www.article-marketing.eu\/comunicati\/economia-e-lavoro\/aziende\/il-sud-traino-del-madeinitaly-nel-mondo\/","title":{"rendered":"Il Sud traino del MadeInItaly nel mondo"},"content":{"rendered":"<p><em>&quot;<strong>Il Mezzogiorno ha tutti ha tutti gli<br \/>\nelementi<\/strong> che in questo momento lo possono rendere vincente sul mercato<br \/>\ndei consumatori del Made in Italy nel mondo\u201d<\/em>. Chi<br \/>\nparla \u00e8 Eduardo Pollastri, Presidente di Assocamerestero, presentando la <strong>18^<br \/>\nConvention mondiale delle Camere di Commercio Italiane all&#8217;Estero<\/strong>, in<br \/>\nprogramma a Salerno dal 24 al 28 settembre 2009. <\/p>\n<p><em>\u201c<strong>Il mercato che uscir\u00e0 dalla crisi sar\u00e0 profondamente diverso<\/strong><br \/>\nda come fino ad oggi lo abbiamo conosciuto&quot;<\/em>. Il riferimento non \u00e8<br \/>\nsoltanto alle regole e al modo di fare impresa, \u00e8 il consumatore che sta cambiando,<br \/>\ne questo <em>nuovo <\/em>consumatore cambier\u00e0 il mercato e la produzione. <em>\u201cMi<br \/>\nriferisco all&#8217;agroalimentare, con prodotti di altissima qualit\u00e0 e a costi<br \/>\ncompetitivi, ma anche al territorio potenzialmente di grande attrazione<br \/>\nturistica perfettamente destagionalizzata\u201d<\/em> afferma Pollastri. <\/p>\n<p><strong>I nuovi oggetti del desiderio<\/strong>, cos\u00ec li definiscono i maggiori<br \/>\nesperti di marketing. <em>\u201cI prodotti genuini italiani sono ricercati e di<br \/>\nsuccesso. Il fattore di artigianalit\u00e0 e autenticit\u00e0 \u00e8 divenuto determinante sui<br \/>\nmercati che hanno un consumatore particolarmente evoluto. Il valore aggiunto<br \/>\nche il prodotto genuino \u00e8 capace di dare al consumatore \u00e8 nel valore simbolico<br \/>\nche esso porta insieme al suo bagaglio culturale, alla tradizione, alle radici.<br \/>\nEcco, <strong>tutto questo ha il Sud Italia, un vantaggio competitivo<\/strong><br \/>\nche fa bene a tutto il Paese, il quale pu\u00f2 partire dal Made in Mezzogiorno per<br \/>\nil riposizionamento del Made in Italy sui mercati internazionali&quot;<\/em>. <\/p>\n<p><em>&quot;<strong>Le CCIE sono il miglior agente di commercio<\/strong> del<br \/>\nsistema delle PMI italiane che si muovono sui mercati esteri&quot;<\/em> afferma<br \/>\nAugusto Strianese, Presidente della Camera di Commercio di Salerno. Pi\u00f9 che un<br \/>\nagente di commercio, una vera e propria <em>rete<\/em>, con <strong>74 Camere in<br \/>\n45 Paesi del mondo, 140 uffici e oltre 24.000 imprese associate<\/strong>, il<br \/>\nnetwork delle Camere di Commercio Italiane all&#8217;Estero rappresenta la pi\u00f9 ampia<br \/>\nrete italiana di promozione, di natura privata e, al tempo stesso, parte<br \/>\nintegrante del sistema della promotion pubblica, che opera <strong>a sostegno<br \/>\ndel Made in Italy nel mondo<\/strong>. <em>&quot;Siamo convinti che le nostre<br \/>\naziende, se accompagnate dal sistema camerale italiano all&#8217;estero, sapranno<br \/>\nfare la differenza nel percorso di ripresa del Paese&quot;<\/em>. <\/p>\n<p><strong>Un partner ideale per le aziende<\/strong> che vogliono essere<br \/>\nprotagoniste nello scenario internazionale \u00e8 <a target=\"_blank\" href=\"http:\/\/www.mito.org.uk\/\">Mito<\/a>, una societ\u00e0 di servizi di marketing internazionale e<br \/>\nprogettazione, supporting member della Camera di Commercio Italiana a Londra e<br \/>\nconsulente strategico estero per aziende interessate ad avviare un programma di<br \/>\ninternazionalizzazione. <\/p>\n<p><strong>MITO copre tutti gli aspetti relativi al posizionamento sui mercati<br \/>\nesteri<\/strong>, dall&#8217;iniziale valutazione di mercato fino ad arrivare<br \/>\nall&#8217;organizzazione di un progetto strutturato in base alle esigenze,<br \/>\npossibilit\u00e0 e aspettative dell&#8217;azienda. <\/p>\n<p>\nPer ulteriori informazioni sulle attivit\u00e0 di MITO e sui servizi alle aziende<br \/>\npotete scrivere all&#8217;indirizzo info@mito.org.uk.<\/p>\n","protected":false},"excerpt":{"rendered":"<p>&#8220;Il Mezzogiorno ha tutti ha tutti gli elementi che in questo momento lo possono rendere vincente sul mercato dei consumatori del Made in Italy nel mondo\u201d.<\/p>\n","protected":false},"author":10,"featured_media":0,"comment_status":"open","ping_status":"open","sticky":false,"template":"","format":"standard","meta":{"cybocfi_hide_featured_image":"","footnotes":""},"categories":[129],"tags":[483,10349,4369,1852,446,10350,507],"class_list":["post-3247","post","type-post","status-publish","format-standard","hentry","category-aziende","tag-aziende","tag-consumatore","tag-crisi-economica","tag-made-in-italy","tag-mercato","tag-mito","tag-pmi"],"yoast_head":"<!-- This site is optimized with the Yoast SEO plugin v27.0 - https:\/\/yoast.com\/product\/yoast-seo-wordpress\/ -->\n<title>Il Sud traino del MadeInItaly nel mondo - Article Marketing<\/title>\n<meta name=\"robots\" content=\"index, follow, max-snippet:-1, max-image-preview:large, max-video-preview:-1\" \/>\n<link rel=\"canonical\" href=\"https:\/\/www.article-marketing.eu\/comunicati\/economia-e-lavoro\/aziende\/il-sud-traino-del-madeinitaly-nel-mondo\/\" \/>\n<meta property=\"og:locale\" content=\"it_IT\" \/>\n<meta property=\"og:type\" content=\"article\" \/>\n<meta property=\"og:title\" content=\"Il Sud traino del MadeInItaly nel mondo - Article Marketing\" \/>\n<meta property=\"og:description\" content=\"&quot;Il Mezzogiorno ha tutti ha tutti gli elementi che in questo momento lo possono rendere vincente sul mercato dei consumatori del Made in Italy nel mondo\u201d.\" \/>\n<meta property=\"og:url\" content=\"https:\/\/www.article-marketing.eu\/comunicati\/economia-e-lavoro\/aziende\/il-sud-traino-del-madeinitaly-nel-mondo\/\" \/>\n<meta property=\"og:site_name\" content=\"Article Marketing\" \/>\n<meta property=\"article:published_time\" content=\"2009-11-04T14:44:55+00:00\" \/>\n<meta name=\"author\" content=\"Redazione Comunicati Stampa\" \/>\n<meta name=\"twitter:card\" content=\"summary_large_image\" \/>\n<meta name=\"twitter:label1\" content=\"Scritto da\" \/>\n\t<meta name=\"twitter:data1\" content=\"Redazione Comunicati Stampa\" \/>\n\t<meta name=\"twitter:label2\" content=\"Tempo di lettura stimato\" \/>\n\t<meta name=\"twitter:data2\" content=\"2 minuti\" \/>\n<script type=\"application\/ld+json\" class=\"yoast-schema-graph\">{\"@context\":\"https:\/\/schema.org\",\"@graph\":[{\"@type\":\"Article\",\"@id\":\"https:\/\/www.article-marketing.eu\/comunicati\/economia-e-lavoro\/aziende\/il-sud-traino-del-madeinitaly-nel-mondo\/#article\",\"isPartOf\":{\"@id\":\"https:\/\/www.article-marketing.eu\/comunicati\/economia-e-lavoro\/aziende\/il-sud-traino-del-madeinitaly-nel-mondo\/\"},\"author\":{\"name\":\"Redazione Comunicati Stampa\",\"@id\":\"https:\/\/www.article-marketing.eu\/comunicati\/#\/schema\/person\/44372e4d4d0fa797b18e03ed1ace9017\"},\"headline\":\"Il Sud traino del MadeInItaly nel mondo\",\"datePublished\":\"2009-11-04T14:44:55+00:00\",\"mainEntityOfPage\":{\"@id\":\"https:\/\/www.article-marketing.eu\/comunicati\/economia-e-lavoro\/aziende\/il-sud-traino-del-madeinitaly-nel-mondo\/\"},\"wordCount\":442,\"commentCount\":0,\"keywords\":[\"aziende\",\"consumatore\",\"CRISI ECONOMICA\",\"made in italy\",\"mercato\",\"MITO\",\"pmi\"],\"articleSection\":[\"Aziende\"],\"inLanguage\":\"it-IT\",\"potentialAction\":[{\"@type\":\"CommentAction\",\"name\":\"Comment\",\"target\":[\"https:\/\/www.article-marketing.eu\/comunicati\/economia-e-lavoro\/aziende\/il-sud-traino-del-madeinitaly-nel-mondo\/#respond\"]}]},{\"@type\":\"WebPage\",\"@id\":\"https:\/\/www.article-marketing.eu\/comunicati\/economia-e-lavoro\/aziende\/il-sud-traino-del-madeinitaly-nel-mondo\/\",\"url\":\"https:\/\/www.article-marketing.eu\/comunicati\/economia-e-lavoro\/aziende\/il-sud-traino-del-madeinitaly-nel-mondo\/\",\"name\":\"Il Sud traino del MadeInItaly nel mondo - Article Marketing\",\"isPartOf\":{\"@id\":\"https:\/\/www.article-marketing.eu\/comunicati\/#website\"},\"datePublished\":\"2009-11-04T14:44:55+00:00\",\"author\":{\"@id\":\"https:\/\/www.article-marketing.eu\/comunicati\/#\/schema\/person\/44372e4d4d0fa797b18e03ed1ace9017\"},\"breadcrumb\":{\"@id\":\"https:\/\/www.article-marketing.eu\/comunicati\/economia-e-lavoro\/aziende\/il-sud-traino-del-madeinitaly-nel-mondo\/#breadcrumb\"},\"inLanguage\":\"it-IT\",\"potentialAction\":[{\"@type\":\"ReadAction\",\"target\":[\"https:\/\/www.article-marketing.eu\/comunicati\/economia-e-lavoro\/aziende\/il-sud-traino-del-madeinitaly-nel-mondo\/\"]}]},{\"@type\":\"BreadcrumbList\",\"@id\":\"https:\/\/www.article-marketing.eu\/comunicati\/economia-e-lavoro\/aziende\/il-sud-traino-del-madeinitaly-nel-mondo\/#breadcrumb\",\"itemListElement\":[{\"@type\":\"ListItem\",\"position\":1,\"name\":\"Home\",\"item\":\"https:\/\/www.article-marketing.eu\/comunicati\/\"},{\"@type\":\"ListItem\",\"position\":2,\"name\":\"Il Sud traino del MadeInItaly nel mondo\"}]},{\"@type\":\"WebSite\",\"@id\":\"https:\/\/www.article-marketing.eu\/comunicati\/#website\",\"url\":\"https:\/\/www.article-marketing.eu\/comunicati\/\",\"name\":\"Article Marketing\",\"description\":\"article marketing &amp; press release\",\"potentialAction\":[{\"@type\":\"SearchAction\",\"target\":{\"@type\":\"EntryPoint\",\"urlTemplate\":\"https:\/\/www.article-marketing.eu\/comunicati\/?s={search_term_string}\"},\"query-input\":{\"@type\":\"PropertyValueSpecification\",\"valueRequired\":true,\"valueName\":\"search_term_string\"}}],\"inLanguage\":\"it-IT\"},{\"@type\":\"Person\",\"@id\":\"https:\/\/www.article-marketing.eu\/comunicati\/#\/schema\/person\/44372e4d4d0fa797b18e03ed1ace9017\",\"name\":\"Redazione Comunicati Stampa\",\"image\":{\"@type\":\"ImageObject\",\"inLanguage\":\"it-IT\",\"@id\":\"https:\/\/www.article-marketing.eu\/comunicati\/#\/schema\/person\/image\/\",\"url\":\"https:\/\/secure.gravatar.com\/avatar\/50e5c6421d3072f42e7ace803501602c60d75233d34e29fd05feb91c8760b792?s=96&d=mm&r=g\",\"contentUrl\":\"https:\/\/secure.gravatar.com\/avatar\/50e5c6421d3072f42e7ace803501602c60d75233d34e29fd05feb91c8760b792?s=96&d=mm&r=g\",\"caption\":\"Redazione Comunicati Stampa\"},\"url\":\"https:\/\/www.article-marketing.eu\/comunicati\/author\/redazione-comunicati-stampa\/\"}]}<\/script>\n<!-- \/ Yoast SEO plugin. -->","yoast_head_json":{"title":"Il Sud traino del MadeInItaly nel mondo - Article Marketing","robots":{"index":"index","follow":"follow","max-snippet":"max-snippet:-1","max-image-preview":"max-image-preview:large","max-video-preview":"max-video-preview:-1"},"canonical":"https:\/\/www.article-marketing.eu\/comunicati\/economia-e-lavoro\/aziende\/il-sud-traino-del-madeinitaly-nel-mondo\/","og_locale":"it_IT","og_type":"article","og_title":"Il Sud traino del MadeInItaly nel mondo - Article Marketing","og_description":"\"Il Mezzogiorno ha tutti ha tutti gli elementi che in questo momento lo possono rendere vincente sul mercato dei consumatori del Made in Italy nel mondo\u201d.","og_url":"https:\/\/www.article-marketing.eu\/comunicati\/economia-e-lavoro\/aziende\/il-sud-traino-del-madeinitaly-nel-mondo\/","og_site_name":"Article Marketing","article_published_time":"2009-11-04T14:44:55+00:00","author":"Redazione Comunicati Stampa","twitter_card":"summary_large_image","twitter_misc":{"Scritto da":"Redazione Comunicati Stampa","Tempo di lettura stimato":"2 minuti"},"schema":{"@context":"https:\/\/schema.org","@graph":[{"@type":"Article","@id":"https:\/\/www.article-marketing.eu\/comunicati\/economia-e-lavoro\/aziende\/il-sud-traino-del-madeinitaly-nel-mondo\/#article","isPartOf":{"@id":"https:\/\/www.article-marketing.eu\/comunicati\/economia-e-lavoro\/aziende\/il-sud-traino-del-madeinitaly-nel-mondo\/"},"author":{"name":"Redazione Comunicati Stampa","@id":"https:\/\/www.article-marketing.eu\/comunicati\/#\/schema\/person\/44372e4d4d0fa797b18e03ed1ace9017"},"headline":"Il Sud traino del MadeInItaly nel mondo","datePublished":"2009-11-04T14:44:55+00:00","mainEntityOfPage":{"@id":"https:\/\/www.article-marketing.eu\/comunicati\/economia-e-lavoro\/aziende\/il-sud-traino-del-madeinitaly-nel-mondo\/"},"wordCount":442,"commentCount":0,"keywords":["aziende","consumatore","CRISI ECONOMICA","made in italy","mercato","MITO","pmi"],"articleSection":["Aziende"],"inLanguage":"it-IT","potentialAction":[{"@type":"CommentAction","name":"Comment","target":["https:\/\/www.article-marketing.eu\/comunicati\/economia-e-lavoro\/aziende\/il-sud-traino-del-madeinitaly-nel-mondo\/#respond"]}]},{"@type":"WebPage","@id":"https:\/\/www.article-marketing.eu\/comunicati\/economia-e-lavoro\/aziende\/il-sud-traino-del-madeinitaly-nel-mondo\/","url":"https:\/\/www.article-marketing.eu\/comunicati\/economia-e-lavoro\/aziende\/il-sud-traino-del-madeinitaly-nel-mondo\/","name":"Il Sud traino del MadeInItaly nel mondo - Article Marketing","isPartOf":{"@id":"https:\/\/www.article-marketing.eu\/comunicati\/#website"},"datePublished":"2009-11-04T14:44:55+00:00","author":{"@id":"https:\/\/www.article-marketing.eu\/comunicati\/#\/schema\/person\/44372e4d4d0fa797b18e03ed1ace9017"},"breadcrumb":{"@id":"https:\/\/www.article-marketing.eu\/comunicati\/economia-e-lavoro\/aziende\/il-sud-traino-del-madeinitaly-nel-mondo\/#breadcrumb"},"inLanguage":"it-IT","potentialAction":[{"@type":"ReadAction","target":["https:\/\/www.article-marketing.eu\/comunicati\/economia-e-lavoro\/aziende\/il-sud-traino-del-madeinitaly-nel-mondo\/"]}]},{"@type":"BreadcrumbList","@id":"https:\/\/www.article-marketing.eu\/comunicati\/economia-e-lavoro\/aziende\/il-sud-traino-del-madeinitaly-nel-mondo\/#breadcrumb","itemListElement":[{"@type":"ListItem","position":1,"name":"Home","item":"https:\/\/www.article-marketing.eu\/comunicati\/"},{"@type":"ListItem","position":2,"name":"Il Sud traino del MadeInItaly nel mondo"}]},{"@type":"WebSite","@id":"https:\/\/www.article-marketing.eu\/comunicati\/#website","url":"https:\/\/www.article-marketing.eu\/comunicati\/","name":"Article Marketing","description":"article marketing &amp; press release","potentialAction":[{"@type":"SearchAction","target":{"@type":"EntryPoint","urlTemplate":"https:\/\/www.article-marketing.eu\/comunicati\/?s={search_term_string}"},"query-input":{"@type":"PropertyValueSpecification","valueRequired":true,"valueName":"search_term_string"}}],"inLanguage":"it-IT"},{"@type":"Person","@id":"https:\/\/www.article-marketing.eu\/comunicati\/#\/schema\/person\/44372e4d4d0fa797b18e03ed1ace9017","name":"Redazione Comunicati Stampa","image":{"@type":"ImageObject","inLanguage":"it-IT","@id":"https:\/\/www.article-marketing.eu\/comunicati\/#\/schema\/person\/image\/","url":"https:\/\/secure.gravatar.com\/avatar\/50e5c6421d3072f42e7ace803501602c60d75233d34e29fd05feb91c8760b792?s=96&d=mm&r=g","contentUrl":"https:\/\/secure.gravatar.com\/avatar\/50e5c6421d3072f42e7ace803501602c60d75233d34e29fd05feb91c8760b792?s=96&d=mm&r=g","caption":"Redazione Comunicati Stampa"},"url":"https:\/\/www.article-marketing.eu\/comunicati\/author\/redazione-comunicati-stampa\/"}]}},"_links":{"self":[{"href":"https:\/\/www.article-marketing.eu\/comunicati\/wp-json\/wp\/v2\/posts\/3247","targetHints":{"allow":["GET"]}}],"collection":[{"href":"https:\/\/www.article-marketing.eu\/comunicati\/wp-json\/wp\/v2\/posts"}],"about":[{"href":"https:\/\/www.article-marketing.eu\/comunicati\/wp-json\/wp\/v2\/types\/post"}],"author":[{"embeddable":true,"href":"https:\/\/www.article-marketing.eu\/comunicati\/wp-json\/wp\/v2\/users\/10"}],"replies":[{"embeddable":true,"href":"https:\/\/www.article-marketing.eu\/comunicati\/wp-json\/wp\/v2\/comments?post=3247"}],"version-history":[{"count":0,"href":"https:\/\/www.article-marketing.eu\/comunicati\/wp-json\/wp\/v2\/posts\/3247\/revisions"}],"wp:attachment":[{"href":"https:\/\/www.article-marketing.eu\/comunicati\/wp-json\/wp\/v2\/media?parent=3247"}],"wp:term":[{"taxonomy":"category","embeddable":true,"href":"https:\/\/www.article-marketing.eu\/comunicati\/wp-json\/wp\/v2\/categories?post=3247"},{"taxonomy":"post_tag","embeddable":true,"href":"https:\/\/www.article-marketing.eu\/comunicati\/wp-json\/wp\/v2\/tags?post=3247"}],"curies":[{"name":"wp","href":"https:\/\/api.w.org\/{rel}","templated":true}]}}