{"id":3264,"date":"2009-11-06T10:28:55","date_gmt":"2009-11-06T09:28:55","guid":{"rendered":"http:\/\/www.article-marketing.eu\/comunicati\/senza-categoria\/concerti-nella-citt%e0-di-treviso-dal-16-ottobre-2009-all8-aprile-2010-la-stagione-del-teatro-comunale\/"},"modified":"2009-11-06T10:28:55","modified_gmt":"2009-11-06T09:28:55","slug":"concerti-nella-citt%e0-di-treviso-dal-16-ottobre-2009-all8-aprile-2010-la-stagione-del-teatro-comunale","status":"publish","type":"post","link":"https:\/\/www.article-marketing.eu\/comunicati\/arte-e-cultura\/musica\/concerti-nella-citt%e0-di-treviso-dal-16-ottobre-2009-all8-aprile-2010-la-stagione-del-teatro-comunale\/","title":{"rendered":"Concerti nella citt\u00e0 di Treviso. Dal 16 Ottobre 2009 all\u20198 Aprile 2010 la stagione del Teatro Comunale."},"content":{"rendered":"<p>Inaugurata il 16 ottobre scorso, la  rassegna musicale del <strong>Teatro Comunale<\/strong> di <strong>Treviso<\/strong> \u00e8 giunta puntuale anche  quest\u2019anno con tante novit\u00e0.<\/p>\n<p>  Il Teatro Comunale di Treviso, situato  in Corso del Popolo 31, \u00e8 stato ristrutturato recentemente e inaugurato il 15  novembre 2003.<br \/>\n  La capienza di 700 posti e l\u2019ottima disposizione strutturale, gli consente di  godere di una perfetta acustica. <br \/>\nE\u2019 per questo motivo che risulta particolarmente adatto per ospitare concerti  di musica classica e manifestazioni in cui sia richiesto un luogo al contempo  affascinante e funzionale.<\/p>\n<p>&nbsp;<\/p>\n<p>\nLa <strong>stagione 2009-2010<\/strong> dei <strong>concerti<\/strong> serali di musica classica, \u00e8 iniziata  lo scorso 16 ottobre alle ore 20.45 con il concerto di <em>Angela Hewitt<\/em>, la famosa pianista canadese trapiantata a Londra.  Principalmente specializzata in musica classica con tendenze barocche, nel 1994  ha inciso tutto il repertorio di Johann Sebastian Bach per conto della casa discografica  Hyperion Records.<\/p>\n<p>Gioved\u00ec 5 novembre, alle ore 20.45, si sono  esibiti i <em>Die Singphoniker<\/em>,  formatisi nel 1980 alla scuola di canto del Conservatorio di Monaco di Baviera.  Si tratta di artisti eclettici ed in grado di interpretare un assai ampio  repertorio, che spazia dal canto gregoriano all\u2019interpretazione di compositori  di diverse epoche, su tutte Rinascimento e Romanticismo.<br \/>\nNon disdegnano per\u00f2 anche le sonorit\u00e0 pi\u00f9 moderne e mondane risalenti agli anni  \u201960 e \u201970 del XX secolo.<\/p>\n<p>Il 30 novembre si ritorna al pianoforte per una serata dedicata ad <em>Anna Kravtchenko<\/em>, pianista dalle origini  legate a diversi paesi, quali Italia, Ucraina, Germania e Georgia. Questo suo  essere legata a pi\u00f9 culture e tradizioni le ha probabilmente permesso di  sviluppare caratteristiche non comuni. A soli 16 anni conquista infatti il  primo premio al Concorso Pianistico Internazionale \u201cFerruccio Busoni di  Bolzano\u201d.<br \/>\nAnna Kravtchenko \u00e8 per questo chiamata la \u201dpianista prodigio\u201d.<\/p>\n<p>Il 9 dicembre \u00e8 il turno del giovane tenore svizzero <em>Matthias Stier<\/em>, gi\u00e0 vincitore di numerosi premi a livello  internazionale e ben conosciuto anche nella provincia trevigiana. Nel luglio  2008 si \u00e8 infatti classificato primo al&nbsp;  \u201c23\u00b0 Concorso Internazionale di Musica Vocale da Camera\u201d di Conegliano,  appunto in provincia di Treviso.  In occasione di questa serata sar\u00e0 accompagnato dal pianoforte di Raffaella  Iozzi.<\/p>\n<p>Il 17 dicembre \u00e8 il turno del <em>Quartetto  Alborada<\/em>, o <em>Alborada String Quartet<\/em>,  specializzato in musica barocca e del Novecento. L\u2019apertura musicale del  quartetto gli ha per\u00f2 consentito di espandere le sonorit\u00e0 per arrivare a  lambire i territori del jazz e della new age. Si uniranno al quartetto il  famoso <em>Paolo Fresu<\/em>, alla tromba, e <em>Fabrizio Meloni<\/em> al clarinetto.<\/p>\n<p>In clima ancora perfettamente natalizio si esibir\u00e0 il 27 dicembre <em>Rafael Blechacz<\/em>, giovane pianista  polacco diventato famoso grazie alla vittoria del 15\u00b0 Concorso Pianistico  Internazionale dedicato al compositore e pianista polacco Frederic Chopin.<\/p>\n<p>Terminato l\u2019anno 2009, la rassegna musicale del Teatro Comunale ritorna il 4  febbraio 2010 con il <em>Quartetto Casals<\/em> affiancato da <em>Pietro De Maria<\/em> al  pianoforte.<br \/>\nIl Quartetto \u00e8 nato nel 1997 alla Scuola Reina Sofia di Madrid, e da allora ha  suonato nelle pi\u00f9 prestigiose sale di tutto il mondo. Oggi \u00e8 considerato tra i  migliori quartetti esistenti. Sicuramente un buon motivo per non perderlo.<\/p>\n<p>Il 18 febbraio 2010 \u00e8 il turno di <em>Caterina  di Tonno<\/em>, soprano di Napoli con un timbro di voce cristallino e raffinato,  esegue diversi tipi di generi musicali, dalla canzone napoletana antica al jazz  moderno, fino alle musiche rese famose dalle pellicole cinematografiche. Si  esibir\u00e0 per l\u2019occasione con pianista <em>Richard  Barker<\/em>. <\/p>\n<p>In data 2 marzo 2010 si esibir\u00e0 il pianista italiano <em>Fiorenzo Pascalucci<\/em>, recentemente vincitore della XII rassegna  musicale organizzata dall\u2019Associazione <em>Castrocaro  Classica<\/em>, \u201c<em>Migliori diplomati  d\u2019Italia 2007 dei Conservatori e degli Istituti Musicali Pareggiati d\u2019Italia<\/em>\u201d.  Pascalucci \u00e8 molto giovane ma gode gi\u00e0 di grande fama, ed \u00e8 sicuramente tra i  pi\u00f9 promettenti pianisti italiani.<\/p>\n<p>Il 15 marzo 2010 sar\u00e0 il violinista russo <em>Sergej  Aleksandrovic Krylov<\/em>, definito \u201c<em>uno  dei pi\u00f9 grandi talenti del nostro tempo<\/em>\u201d dal direttore d\u2019orchestra <em>Mstislav Rostropovich<\/em>.<br \/>\nNato a Mosca in una famiglia di musicisti, Krylov diventa ben presto un talento  del violino. A soli 6 anni si esibisce infatti nel suo primo concerto pubblico.  Interessante curiosit\u00e0 riguarda il suo attuale violino, realizzato dal padre  Alexander nel 1994.<\/p>\n<p>La rassegna si chiude in grande l\u20198 aprile 2010, ospitando la <em>Camerata Salzburg<\/em>. Fondata nel 1952,  questa orchestra da camera salisburghese \u00e8 tra le pi\u00f9 famose al mondo. Nella  sua lunga storia ha dato origine a nuove interpretazioni e a reinterpretazioni  leggendarie di Bach, Schubert e tanti altri grandi musicisti e compositori del  passato.<\/p>\n<p>Val bene la pena di prendersi qualche serata libera per assistere ad una o pi\u00f9 delle performance in Teatro Comunale. <br \/>\nA questo proposito, per chi non fosse residente nell&#8217;area trevigiana, sarebbe anche possibile prendere stanza in un <a target=\"_blank\" href=\"http:\/\/hotel-colombo.it\/dintorni\"><strong>albergo nella zona di Treviso<\/strong><\/a>, e unire cos\u00ec i concerti con una visita della citt\u00e0 e dei suoi affascinanti dintorni.<\/p>\n","protected":false},"excerpt":{"rendered":"<p>Si riapre anche quest\u2019anno la rassegna musicale della citt\u00e0 di Treviso. A Teatro Comunale organizzata una scaletta di elevata qualit\u00e0 per deliziare anche i pi\u00f9 esigenti.<\/p>\n","protected":false},"author":10,"featured_media":0,"comment_status":"open","ping_status":"open","sticky":false,"template":"","format":"standard","meta":{"cybocfi_hide_featured_image":"","footnotes":""},"categories":[42],"tags":[9766,9759,10392,10391,10396,10397,10174,9648,4946,10390,10394,10393,10395],"class_list":["post-3264","post","type-post","status-publish","format-standard","hentry","category-musica","tag-alloggio-treviso","tag-citta-di-treviso","tag-classica-treviso","tag-concerti-treviso","tag-dintorni-treviso","tag-dormire-a-treviso","tag-eventi-treviso","tag-hotel-a-treviso","tag-musica-da-camera","tag-musica-treviso","tag-stagione-musicale","tag-teatro-comunale","tag-treviso-festival"],"yoast_head":"<!-- This site is optimized with the Yoast SEO plugin v27.0 - https:\/\/yoast.com\/product\/yoast-seo-wordpress\/ -->\n<title>Concerti nella citt\u00e0 di Treviso. Dal 16 Ottobre 2009 all\u20198 Aprile 2010 la stagione del Teatro Comunale. - Article Marketing<\/title>\n<meta name=\"robots\" content=\"index, follow, max-snippet:-1, max-image-preview:large, max-video-preview:-1\" \/>\n<link rel=\"canonical\" href=\"https:\/\/www.article-marketing.eu\/comunicati\/arte-e-cultura\/musica\/concerti-nella-citt?-di-treviso-dal-16-ottobre-2009-all8-aprile-2010-la-stagione-del-teatro-comunale\/\" \/>\n<meta property=\"og:locale\" content=\"it_IT\" \/>\n<meta property=\"og:type\" content=\"article\" \/>\n<meta property=\"og:title\" content=\"Concerti nella citt\u00e0 di Treviso. Dal 16 Ottobre 2009 all\u20198 Aprile 2010 la stagione del Teatro Comunale. - Article Marketing\" \/>\n<meta property=\"og:description\" content=\"Si riapre anche quest\u2019anno la rassegna musicale della citt\u00e0 di Treviso. A Teatro Comunale organizzata una scaletta di elevata qualit\u00e0 per deliziare anche i pi\u00f9 esigenti.\" \/>\n<meta property=\"og:url\" content=\"\" \/>\n<meta property=\"og:site_name\" content=\"Article Marketing\" \/>\n<meta property=\"article:published_time\" content=\"2009-11-06T09:28:55+00:00\" \/>\n<meta name=\"author\" content=\"Redazione Comunicati Stampa\" \/>\n<meta name=\"twitter:card\" content=\"summary_large_image\" \/>\n<meta name=\"twitter:label1\" content=\"Scritto da\" \/>\n\t<meta name=\"twitter:data1\" content=\"Redazione Comunicati Stampa\" \/>\n\t<meta name=\"twitter:label2\" content=\"Tempo di lettura stimato\" \/>\n\t<meta name=\"twitter:data2\" content=\"4 minuti\" \/>\n<script type=\"application\/ld+json\" class=\"yoast-schema-graph\">{\"@context\":\"https:\/\/schema.org\",\"@graph\":[{\"@type\":\"Article\",\"@id\":\"https:\/\/www.article-marketing.eu\/comunicati\/arte-e-cultura\/musica\/concerti-nella-citt%e0-di-treviso-dal-16-ottobre-2009-all8-aprile-2010-la-stagione-del-teatro-comunale\/#article\",\"isPartOf\":{\"@id\":\"https:\/\/www.article-marketing.eu\/comunicati\/arte-e-cultura\/musica\/concerti-nella-citt%e0-di-treviso-dal-16-ottobre-2009-all8-aprile-2010-la-stagione-del-teatro-comunale\/\"},\"author\":{\"name\":\"Redazione Comunicati Stampa\",\"@id\":\"https:\/\/www.article-marketing.eu\/comunicati\/#\/schema\/person\/44372e4d4d0fa797b18e03ed1ace9017\"},\"headline\":\"Concerti nella citt\u00e0 di Treviso. Dal 16 Ottobre 2009 all\u20198 Aprile 2010 la stagione del Teatro Comunale.\",\"datePublished\":\"2009-11-06T09:28:55+00:00\",\"mainEntityOfPage\":{\"@id\":\"https:\/\/www.article-marketing.eu\/comunicati\/arte-e-cultura\/musica\/concerti-nella-citt%e0-di-treviso-dal-16-ottobre-2009-all8-aprile-2010-la-stagione-del-teatro-comunale\/\"},\"wordCount\":766,\"commentCount\":0,\"keywords\":[\"alloggio treviso\",\"citt\u00e0 di treviso\",\"classica treviso\",\"concerti treviso\",\"dintorni treviso\",\"dormire a treviso\",\"eventi treviso\",\"hotel a treviso\",\"musica da camera\",\"musica treviso\",\"stagione musicale\",\"teatro comunale\",\"treviso festival\"],\"articleSection\":[\"Musica\"],\"inLanguage\":\"it-IT\",\"potentialAction\":[{\"@type\":\"CommentAction\",\"name\":\"Comment\",\"target\":[\"https:\/\/www.article-marketing.eu\/comunicati\/arte-e-cultura\/musica\/concerti-nella-citt%e0-di-treviso-dal-16-ottobre-2009-all8-aprile-2010-la-stagione-del-teatro-comunale\/#respond\"]}]},{\"@type\":\"WebPage\",\"@id\":\"https:\/\/www.article-marketing.eu\/comunicati\/arte-e-cultura\/musica\/concerti-nella-citt%e0-di-treviso-dal-16-ottobre-2009-all8-aprile-2010-la-stagione-del-teatro-comunale\/\",\"url\":\"https:\/\/www.article-marketing.eu\/comunicati\/arte-e-cultura\/musica\/concerti-nella-citt%e0-di-treviso-dal-16-ottobre-2009-all8-aprile-2010-la-stagione-del-teatro-comunale\/\",\"name\":\"Concerti nella citt\u00e0 di Treviso. Dal 16 Ottobre 2009 all\u20198 Aprile 2010 la stagione del Teatro Comunale. - Article Marketing\",\"isPartOf\":{\"@id\":\"https:\/\/www.article-marketing.eu\/comunicati\/#website\"},\"datePublished\":\"2009-11-06T09:28:55+00:00\",\"author\":{\"@id\":\"https:\/\/www.article-marketing.eu\/comunicati\/#\/schema\/person\/44372e4d4d0fa797b18e03ed1ace9017\"},\"breadcrumb\":{\"@id\":\"https:\/\/www.article-marketing.eu\/comunicati\/arte-e-cultura\/musica\/concerti-nella-citt%e0-di-treviso-dal-16-ottobre-2009-all8-aprile-2010-la-stagione-del-teatro-comunale\/#breadcrumb\"},\"inLanguage\":\"it-IT\",\"potentialAction\":[{\"@type\":\"ReadAction\",\"target\":[\"https:\/\/www.article-marketing.eu\/comunicati\/arte-e-cultura\/musica\/concerti-nella-citt%e0-di-treviso-dal-16-ottobre-2009-all8-aprile-2010-la-stagione-del-teatro-comunale\/\"]}]},{\"@type\":\"BreadcrumbList\",\"@id\":\"https:\/\/www.article-marketing.eu\/comunicati\/arte-e-cultura\/musica\/concerti-nella-citt%e0-di-treviso-dal-16-ottobre-2009-all8-aprile-2010-la-stagione-del-teatro-comunale\/#breadcrumb\",\"itemListElement\":[{\"@type\":\"ListItem\",\"position\":1,\"name\":\"Home\",\"item\":\"https:\/\/www.article-marketing.eu\/comunicati\/\"},{\"@type\":\"ListItem\",\"position\":2,\"name\":\"Concerti nella citt\u00e0 di Treviso. Dal 16 Ottobre 2009 all\u20198 Aprile 2010 la stagione del Teatro Comunale.\"}]},{\"@type\":\"WebSite\",\"@id\":\"https:\/\/www.article-marketing.eu\/comunicati\/#website\",\"url\":\"https:\/\/www.article-marketing.eu\/comunicati\/\",\"name\":\"Article Marketing\",\"description\":\"article marketing &amp; press release\",\"potentialAction\":[{\"@type\":\"SearchAction\",\"target\":{\"@type\":\"EntryPoint\",\"urlTemplate\":\"https:\/\/www.article-marketing.eu\/comunicati\/?s={search_term_string}\"},\"query-input\":{\"@type\":\"PropertyValueSpecification\",\"valueRequired\":true,\"valueName\":\"search_term_string\"}}],\"inLanguage\":\"it-IT\"},{\"@type\":\"Person\",\"@id\":\"https:\/\/www.article-marketing.eu\/comunicati\/#\/schema\/person\/44372e4d4d0fa797b18e03ed1ace9017\",\"name\":\"Redazione Comunicati Stampa\",\"image\":{\"@type\":\"ImageObject\",\"inLanguage\":\"it-IT\",\"@id\":\"https:\/\/www.article-marketing.eu\/comunicati\/#\/schema\/person\/image\/\",\"url\":\"https:\/\/secure.gravatar.com\/avatar\/50e5c6421d3072f42e7ace803501602c60d75233d34e29fd05feb91c8760b792?s=96&d=mm&r=g\",\"contentUrl\":\"https:\/\/secure.gravatar.com\/avatar\/50e5c6421d3072f42e7ace803501602c60d75233d34e29fd05feb91c8760b792?s=96&d=mm&r=g\",\"caption\":\"Redazione Comunicati Stampa\"},\"url\":\"https:\/\/www.article-marketing.eu\/comunicati\/author\/redazione-comunicati-stampa\/\"}]}<\/script>\n<!-- \/ Yoast SEO plugin. -->","yoast_head_json":{"title":"Concerti nella citt\u00e0 di Treviso. Dal 16 Ottobre 2009 all\u20198 Aprile 2010 la stagione del Teatro Comunale. - Article Marketing","robots":{"index":"index","follow":"follow","max-snippet":"max-snippet:-1","max-image-preview":"max-image-preview:large","max-video-preview":"max-video-preview:-1"},"canonical":"https:\/\/www.article-marketing.eu\/comunicati\/arte-e-cultura\/musica\/concerti-nella-citt?-di-treviso-dal-16-ottobre-2009-all8-aprile-2010-la-stagione-del-teatro-comunale\/","og_locale":"it_IT","og_type":"article","og_title":"Concerti nella citt\u00e0 di Treviso. Dal 16 Ottobre 2009 all\u20198 Aprile 2010 la stagione del Teatro Comunale. - Article Marketing","og_description":"Si riapre anche quest\u2019anno la rassegna musicale della citt\u00e0 di Treviso. A Teatro Comunale organizzata una scaletta di elevata qualit\u00e0 per deliziare anche i pi\u00f9 esigenti.","og_url":"https:\/\/www.article-marketing.eu\/comunicati\/arte-e-cultura\/musica\/concerti-nella-citt?-di-treviso-dal-16-ottobre-2009-all8-aprile-2010-la-stagione-del-teatro-comunale\/","og_site_name":"Article Marketing","article_published_time":"2009-11-06T09:28:55+00:00","author":"Redazione Comunicati Stampa","twitter_card":"summary_large_image","twitter_misc":{"Scritto da":"Redazione Comunicati Stampa","Tempo di lettura stimato":"4 minuti"},"schema":{"@context":"https:\/\/schema.org","@graph":[{"@type":"Article","@id":"https:\/\/www.article-marketing.eu\/comunicati\/arte-e-cultura\/musica\/concerti-nella-citt%e0-di-treviso-dal-16-ottobre-2009-all8-aprile-2010-la-stagione-del-teatro-comunale\/#article","isPartOf":{"@id":"https:\/\/www.article-marketing.eu\/comunicati\/arte-e-cultura\/musica\/concerti-nella-citt%e0-di-treviso-dal-16-ottobre-2009-all8-aprile-2010-la-stagione-del-teatro-comunale\/"},"author":{"name":"Redazione Comunicati Stampa","@id":"https:\/\/www.article-marketing.eu\/comunicati\/#\/schema\/person\/44372e4d4d0fa797b18e03ed1ace9017"},"headline":"Concerti nella citt\u00e0 di Treviso. Dal 16 Ottobre 2009 all\u20198 Aprile 2010 la stagione del Teatro Comunale.","datePublished":"2009-11-06T09:28:55+00:00","mainEntityOfPage":{"@id":"https:\/\/www.article-marketing.eu\/comunicati\/arte-e-cultura\/musica\/concerti-nella-citt%e0-di-treviso-dal-16-ottobre-2009-all8-aprile-2010-la-stagione-del-teatro-comunale\/"},"wordCount":766,"commentCount":0,"keywords":["alloggio treviso","citt\u00e0 di treviso","classica treviso","concerti treviso","dintorni treviso","dormire a treviso","eventi treviso","hotel a treviso","musica da camera","musica treviso","stagione musicale","teatro comunale","treviso festival"],"articleSection":["Musica"],"inLanguage":"it-IT","potentialAction":[{"@type":"CommentAction","name":"Comment","target":["https:\/\/www.article-marketing.eu\/comunicati\/arte-e-cultura\/musica\/concerti-nella-citt%e0-di-treviso-dal-16-ottobre-2009-all8-aprile-2010-la-stagione-del-teatro-comunale\/#respond"]}]},{"@type":"WebPage","@id":"https:\/\/www.article-marketing.eu\/comunicati\/arte-e-cultura\/musica\/concerti-nella-citt%e0-di-treviso-dal-16-ottobre-2009-all8-aprile-2010-la-stagione-del-teatro-comunale\/","url":"https:\/\/www.article-marketing.eu\/comunicati\/arte-e-cultura\/musica\/concerti-nella-citt%e0-di-treviso-dal-16-ottobre-2009-all8-aprile-2010-la-stagione-del-teatro-comunale\/","name":"Concerti nella citt\u00e0 di Treviso. Dal 16 Ottobre 2009 all\u20198 Aprile 2010 la stagione del Teatro Comunale. - Article Marketing","isPartOf":{"@id":"https:\/\/www.article-marketing.eu\/comunicati\/#website"},"datePublished":"2009-11-06T09:28:55+00:00","author":{"@id":"https:\/\/www.article-marketing.eu\/comunicati\/#\/schema\/person\/44372e4d4d0fa797b18e03ed1ace9017"},"breadcrumb":{"@id":"https:\/\/www.article-marketing.eu\/comunicati\/arte-e-cultura\/musica\/concerti-nella-citt%e0-di-treviso-dal-16-ottobre-2009-all8-aprile-2010-la-stagione-del-teatro-comunale\/#breadcrumb"},"inLanguage":"it-IT","potentialAction":[{"@type":"ReadAction","target":["https:\/\/www.article-marketing.eu\/comunicati\/arte-e-cultura\/musica\/concerti-nella-citt%e0-di-treviso-dal-16-ottobre-2009-all8-aprile-2010-la-stagione-del-teatro-comunale\/"]}]},{"@type":"BreadcrumbList","@id":"https:\/\/www.article-marketing.eu\/comunicati\/arte-e-cultura\/musica\/concerti-nella-citt%e0-di-treviso-dal-16-ottobre-2009-all8-aprile-2010-la-stagione-del-teatro-comunale\/#breadcrumb","itemListElement":[{"@type":"ListItem","position":1,"name":"Home","item":"https:\/\/www.article-marketing.eu\/comunicati\/"},{"@type":"ListItem","position":2,"name":"Concerti nella citt\u00e0 di Treviso. Dal 16 Ottobre 2009 all\u20198 Aprile 2010 la stagione del Teatro Comunale."}]},{"@type":"WebSite","@id":"https:\/\/www.article-marketing.eu\/comunicati\/#website","url":"https:\/\/www.article-marketing.eu\/comunicati\/","name":"Article Marketing","description":"article marketing &amp; press release","potentialAction":[{"@type":"SearchAction","target":{"@type":"EntryPoint","urlTemplate":"https:\/\/www.article-marketing.eu\/comunicati\/?s={search_term_string}"},"query-input":{"@type":"PropertyValueSpecification","valueRequired":true,"valueName":"search_term_string"}}],"inLanguage":"it-IT"},{"@type":"Person","@id":"https:\/\/www.article-marketing.eu\/comunicati\/#\/schema\/person\/44372e4d4d0fa797b18e03ed1ace9017","name":"Redazione Comunicati Stampa","image":{"@type":"ImageObject","inLanguage":"it-IT","@id":"https:\/\/www.article-marketing.eu\/comunicati\/#\/schema\/person\/image\/","url":"https:\/\/secure.gravatar.com\/avatar\/50e5c6421d3072f42e7ace803501602c60d75233d34e29fd05feb91c8760b792?s=96&d=mm&r=g","contentUrl":"https:\/\/secure.gravatar.com\/avatar\/50e5c6421d3072f42e7ace803501602c60d75233d34e29fd05feb91c8760b792?s=96&d=mm&r=g","caption":"Redazione Comunicati Stampa"},"url":"https:\/\/www.article-marketing.eu\/comunicati\/author\/redazione-comunicati-stampa\/"}]}},"_links":{"self":[{"href":"https:\/\/www.article-marketing.eu\/comunicati\/wp-json\/wp\/v2\/posts\/3264","targetHints":{"allow":["GET"]}}],"collection":[{"href":"https:\/\/www.article-marketing.eu\/comunicati\/wp-json\/wp\/v2\/posts"}],"about":[{"href":"https:\/\/www.article-marketing.eu\/comunicati\/wp-json\/wp\/v2\/types\/post"}],"author":[{"embeddable":true,"href":"https:\/\/www.article-marketing.eu\/comunicati\/wp-json\/wp\/v2\/users\/10"}],"replies":[{"embeddable":true,"href":"https:\/\/www.article-marketing.eu\/comunicati\/wp-json\/wp\/v2\/comments?post=3264"}],"version-history":[{"count":0,"href":"https:\/\/www.article-marketing.eu\/comunicati\/wp-json\/wp\/v2\/posts\/3264\/revisions"}],"wp:attachment":[{"href":"https:\/\/www.article-marketing.eu\/comunicati\/wp-json\/wp\/v2\/media?parent=3264"}],"wp:term":[{"taxonomy":"category","embeddable":true,"href":"https:\/\/www.article-marketing.eu\/comunicati\/wp-json\/wp\/v2\/categories?post=3264"},{"taxonomy":"post_tag","embeddable":true,"href":"https:\/\/www.article-marketing.eu\/comunicati\/wp-json\/wp\/v2\/tags?post=3264"}],"curies":[{"name":"wp","href":"https:\/\/api.w.org\/{rel}","templated":true}]}}