{"id":3272,"date":"2009-11-06T17:48:32","date_gmt":"2009-11-06T16:48:32","guid":{"rendered":"http:\/\/www.article-marketing.eu\/comunicati\/senza-categoria\/pioggia-di-colori-esposizione-internazionale-darte-contemporanea\/"},"modified":"2009-11-06T17:48:32","modified_gmt":"2009-11-06T16:48:32","slug":"pioggia-di-colori-esposizione-internazionale-darte-contemporanea","status":"publish","type":"post","link":"https:\/\/www.article-marketing.eu\/comunicati\/comunicati-stampa\/eventi\/pioggia-di-colori-esposizione-internazionale-darte-contemporanea\/","title":{"rendered":"Pioggia di Colori Esposizione Internazionale d\u2019Arte Contemporanea"},"content":{"rendered":"<p align=\"right\" class=\" \" style=\"TEXT-ALIGN: right\"><strong>PIOGGIA DI COLORI<\/strong><\/p>\n<p align=\"right\" class=\" \" style=\"TEXT-ALIGN: right\"><strong>Esposizione Internazionale d\u2019Arte Contemporanea<\/strong><\/p>\n<p align=\"right\" class=\" \" style=\"TEXT-ALIGN: right; LINE-HEIGHT: 150%\">Opening: Marted\u00ec 10 novembre ore 18<\/p>\n<p align=\"right\" class=\" \" style=\"TEXT-ALIGN: right\">In mostra fino al 18 novembre 2009<\/p>\n<p align=\"right\" class=\" \" style=\"TEXT-ALIGN: right\">Ingresso libero<\/p>\n<p align=\"right\" class=\" \" style=\"TEXT-ALIGN: right\">Orario di visita: da marted\u00ec a venerd\u00ec dalle ore 16:00 alle 19:00;<\/p>\n<p align=\"right\" class=\" \" style=\"TEXT-ALIGN: right\">sabato dalle 10 alle 12<\/p>\n<p align=\"right\" class=\" \" style=\"TEXT-ALIGN: right\"><strong>Curatrice: Sabrina Falzone<\/strong><\/p>\n<p align=\"right\" class=\" \" style=\"TEXT-ALIGN: right\"><strong>Presso: Galleria Il Borgo <\/strong><\/p>\n<p class=\" \" style=\"TEXT-ALIGN: justify\">&nbsp;<\/p>\n<p class=\" \" style=\"TEXT-ALIGN: justify\">&nbsp;<\/p>\n<p class=\" \" style=\"TEXT-ALIGN: justify; LINE-HEIGHT: 150%\">Prosegue la ricca programmazione culturale alla Galleria Il Borgo di Milano, ubicata in uno dei quartieri pi\u00f9 esclusivi di Milano, in prossimit\u00e0 dei Navigli e di Porta Ticinese. L\u2019<strong>Esposizione Internazionale d&#8217;Arte Contemporanea &quot;PIOGGIA DI COLORI&quot;<\/strong> sar\u00e0 inaugurata per valorizzare la ricerca artistica contemporanea. <\/p>\n<p class=\" \" style=\"TEXT-ALIGN: justify; LINE-HEIGHT: 150%\">L\u2019esposizione si orienta alla celebrazione delle qualit\u00e0 cromatiche dei lavori d\u2019artista, sovente espresse mediante un\u2019esecuzione rapida e immediata che giunge all\u2019emozione attraverso la forza del colore. E\u2019 il caso di <strong>Giuseppe Cal\u00ec<\/strong>, che con dichiarata enfasi gestuale pone lo spettatore davanti ad un\u2019opera vibrante e sentimentale: \u201cAmbrosia\u201d. L\u2019ampiezza della gestualit\u00e0 connota ritmicamente anche i dipinti di <strong>Luminita Gall<\/strong>, proveniente dalla Romania, che utilizza colori pi\u00f9 incisivi in opposizione alla sobria esplosione monocromatica di <strong>Antonella Magliozzi<\/strong>. <\/p>\n<p class=\" \" style=\"TEXT-ALIGN: justify; LINE-HEIGHT: 150%\">Di un raffinato cromatismo sono intessute le opere d\u2019arte di <strong>Afran<\/strong>, originario del Camerun, che eleva il colore a poesia dell\u2019anima. Dall\u2019Uruguay espone <strong>Virginia Vargas<\/strong> con un dipinto intitolato \u201cColori d\u2019estate\u201d che fonde l\u2019arte fotografica alla pittura ad olio, ottenendo un realismo sorprendente. Colombiana \u00e8, invece, <strong>Dindina Burgos<\/strong> che mostra il volto femminile della quotidianit\u00e0 in tonalit\u00e0 esotiche.<\/p>\n<p class=\" \" style=\"TEXT-ALIGN: justify; LINE-HEIGHT: 150%\">I contrasti cromatici si evincono osservando la produzione artistica di<strong> Jessica Bartolini<\/strong> e di <strong>Raffaele Cirillo<\/strong>, che sia pure con tecniche esecutive differenti l\u2019una dall\u2019altro, individuano nel principio dell\u2019opposizione tonale un canale espressivo privilegiato. In un modo del tutto particolare anche <strong>Giorgetti<\/strong> si orienta ad una bipolarit\u00e0 comunicativa, affiancando in \u201cGiallo e Blu\u201d non solo tinte calde e fredde ma anche interpretando la realt\u00e0 in due emisferi visivi ribaltabili. La duplice firma rappresenta un\u2019attestazione di questa nuova concezione dell\u2019opera d\u2019arte.<\/p>\n<p class=\" \" style=\"TEXT-ALIGN: justify; LINE-HEIGHT: 150%\">In mostra sar\u00e0 presente anche una elegante scultura di <strong>Mirko Cervini<\/strong> dalle forme sinuose e avvolgenti, oltre alla fotografia di <strong>Valentina Cellai<\/strong> raffigurante riflessi di luce ed un dipinto di <strong>Rita Puliafito<\/strong>, incentrato sul trascorrere del tempo. Infine, <strong>Anna Tamborini<\/strong> contribuir\u00e0 con le sue creazioni a connotare la rassegna di originalit\u00e0.<\/p>\n<p class=\" \" style=\"TEXT-ALIGN: justify; LINE-HEIGHT: 150%\"><strong>Espongono: Afran, Jessica Bartolini, Dindina Burgos, Giuseppe Cal\u00ec, Valentina Cellai, Mirko Cervini, Raffaele Cirillo, Luminita Gall, Giorgetti, Antonella Magliozzi, Rita Puliafito, Anna Tamborini, Virginia Vargas<\/strong><\/p>\n<p class=\" \">&nbsp;<\/p>\n<p class=\" \">&nbsp;<\/p>\n<p class=\" \"><strong>Presso: <\/strong>Galleria Il Borgo<\/p>\n<p class=\" \">Corso San Gottardo 14, 20136 Milano <\/p>\n<p class=\" \"><strong>Info:<\/strong> info@sabrinafalzone.info &#8211;<strong> <\/strong>www.sabrinafalzone.info<\/p>\n<p class=\" \">&nbsp;<\/p>\n<p class=\" \">&nbsp;<\/p>\n","protected":false},"excerpt":{"rendered":"<p>Opening: Marted\u00ec 10 novembre ore 18<br \/>\nIn mostra fino al 18 novembre 2009<br \/>\nIngresso libero<br \/>\nOrario di visita: da marted\u00ec a venerd\u00ec dalle ore 16:00 alle 19:00;<br \/>\nsabato dalle 10 alle 12<br \/>\nCuratrice: Sabrina Falzone<br \/>\nPresso: Galleria Il Borgo<\/p>\n","protected":false},"author":10,"featured_media":0,"comment_status":"open","ping_status":"open","sticky":false,"template":"","format":"standard","meta":{"cybocfi_hide_featured_image":"","footnotes":""},"categories":[388],"tags":[10418,10420,10431,10429,10422,10428,10423,10421,10427,10425,10419,10426,10430,8576,10424,10432],"class_list":["post-3272","post","type-post","status-publish","format-standard","hentry","category-eventi","tag-10-novembre","tag-afran","tag-anna-tamborini","tag-antonella-magliozzi","tag-dindina-burgos","tag-giorgetti","tag-giuseppe-cali","tag-jessica-bartolini","tag-luminita-gall","tag-mirko-cervini","tag-ore-1800","tag-raffaele-cirillo","tag-rita-puliafito","tag-sabrina-falzone","tag-valentina-cellai","tag-virginia-vargas"],"yoast_head":"<!-- This site is optimized with the Yoast SEO plugin v27.0 - https:\/\/yoast.com\/product\/yoast-seo-wordpress\/ -->\n<title>Pioggia di Colori Esposizione Internazionale d\u2019Arte Contemporanea - Article Marketing<\/title>\n<meta name=\"robots\" content=\"index, follow, max-snippet:-1, max-image-preview:large, max-video-preview:-1\" \/>\n<link rel=\"canonical\" href=\"https:\/\/www.article-marketing.eu\/comunicati\/comunicati-stampa\/eventi\/pioggia-di-colori-esposizione-internazionale-darte-contemporanea\/\" \/>\n<meta property=\"og:locale\" content=\"it_IT\" \/>\n<meta property=\"og:type\" content=\"article\" \/>\n<meta property=\"og:title\" content=\"Pioggia di Colori Esposizione Internazionale d\u2019Arte Contemporanea - Article Marketing\" \/>\n<meta property=\"og:description\" content=\"Opening: Marted\u00ec 10 novembre ore 18 In mostra fino al 18 novembre 2009 Ingresso libero Orario di visita: da marted\u00ec a venerd\u00ec dalle ore 16:00 alle 19:00; sabato dalle 10 alle 12 Curatrice: Sabrina Falzone Presso: Galleria Il Borgo\" \/>\n<meta property=\"og:url\" content=\"https:\/\/www.article-marketing.eu\/comunicati\/comunicati-stampa\/eventi\/pioggia-di-colori-esposizione-internazionale-darte-contemporanea\/\" \/>\n<meta property=\"og:site_name\" content=\"Article Marketing\" \/>\n<meta property=\"article:published_time\" content=\"2009-11-06T16:48:32+00:00\" \/>\n<meta name=\"author\" content=\"Redazione Comunicati Stampa\" \/>\n<meta name=\"twitter:card\" content=\"summary_large_image\" \/>\n<meta name=\"twitter:label1\" content=\"Scritto da\" \/>\n\t<meta name=\"twitter:data1\" content=\"Redazione Comunicati Stampa\" \/>\n\t<meta name=\"twitter:label2\" content=\"Tempo di lettura stimato\" \/>\n\t<meta name=\"twitter:data2\" content=\"2 minuti\" \/>\n<script type=\"application\/ld+json\" class=\"yoast-schema-graph\">{\"@context\":\"https:\/\/schema.org\",\"@graph\":[{\"@type\":\"Article\",\"@id\":\"https:\/\/www.article-marketing.eu\/comunicati\/comunicati-stampa\/eventi\/pioggia-di-colori-esposizione-internazionale-darte-contemporanea\/#article\",\"isPartOf\":{\"@id\":\"https:\/\/www.article-marketing.eu\/comunicati\/comunicati-stampa\/eventi\/pioggia-di-colori-esposizione-internazionale-darte-contemporanea\/\"},\"author\":{\"name\":\"Redazione Comunicati Stampa\",\"@id\":\"https:\/\/www.article-marketing.eu\/comunicati\/#\/schema\/person\/44372e4d4d0fa797b18e03ed1ace9017\"},\"headline\":\"Pioggia di Colori Esposizione Internazionale d\u2019Arte Contemporanea\",\"datePublished\":\"2009-11-06T16:48:32+00:00\",\"mainEntityOfPage\":{\"@id\":\"https:\/\/www.article-marketing.eu\/comunicati\/comunicati-stampa\/eventi\/pioggia-di-colori-esposizione-internazionale-darte-contemporanea\/\"},\"wordCount\":420,\"commentCount\":0,\"keywords\":[\"10 novembre\",\"Afran\",\"Anna Tamborini\",\"Antonella Magliozzi\",\"Dindina Burgos\",\"Giorgetti\",\"Giuseppe Cal\u00ec\",\"Jessica Bartolini\",\"Luminita Gall\",\"Mirko Cervini\",\"ore 18:00\",\"Raffaele Cirillo\",\"Rita Puliafito\",\"sabrina falzone\",\"Valentina Cellai\",\"Virginia Vargas\"],\"articleSection\":[\"Eventi\"],\"inLanguage\":\"it-IT\",\"potentialAction\":[{\"@type\":\"CommentAction\",\"name\":\"Comment\",\"target\":[\"https:\/\/www.article-marketing.eu\/comunicati\/comunicati-stampa\/eventi\/pioggia-di-colori-esposizione-internazionale-darte-contemporanea\/#respond\"]}]},{\"@type\":\"WebPage\",\"@id\":\"https:\/\/www.article-marketing.eu\/comunicati\/comunicati-stampa\/eventi\/pioggia-di-colori-esposizione-internazionale-darte-contemporanea\/\",\"url\":\"https:\/\/www.article-marketing.eu\/comunicati\/comunicati-stampa\/eventi\/pioggia-di-colori-esposizione-internazionale-darte-contemporanea\/\",\"name\":\"Pioggia di Colori Esposizione Internazionale d\u2019Arte Contemporanea - Article Marketing\",\"isPartOf\":{\"@id\":\"https:\/\/www.article-marketing.eu\/comunicati\/#website\"},\"datePublished\":\"2009-11-06T16:48:32+00:00\",\"author\":{\"@id\":\"https:\/\/www.article-marketing.eu\/comunicati\/#\/schema\/person\/44372e4d4d0fa797b18e03ed1ace9017\"},\"breadcrumb\":{\"@id\":\"https:\/\/www.article-marketing.eu\/comunicati\/comunicati-stampa\/eventi\/pioggia-di-colori-esposizione-internazionale-darte-contemporanea\/#breadcrumb\"},\"inLanguage\":\"it-IT\",\"potentialAction\":[{\"@type\":\"ReadAction\",\"target\":[\"https:\/\/www.article-marketing.eu\/comunicati\/comunicati-stampa\/eventi\/pioggia-di-colori-esposizione-internazionale-darte-contemporanea\/\"]}]},{\"@type\":\"BreadcrumbList\",\"@id\":\"https:\/\/www.article-marketing.eu\/comunicati\/comunicati-stampa\/eventi\/pioggia-di-colori-esposizione-internazionale-darte-contemporanea\/#breadcrumb\",\"itemListElement\":[{\"@type\":\"ListItem\",\"position\":1,\"name\":\"Home\",\"item\":\"https:\/\/www.article-marketing.eu\/comunicati\/\"},{\"@type\":\"ListItem\",\"position\":2,\"name\":\"Pioggia di Colori Esposizione Internazionale d\u2019Arte Contemporanea\"}]},{\"@type\":\"WebSite\",\"@id\":\"https:\/\/www.article-marketing.eu\/comunicati\/#website\",\"url\":\"https:\/\/www.article-marketing.eu\/comunicati\/\",\"name\":\"Article Marketing\",\"description\":\"article marketing &amp; press release\",\"potentialAction\":[{\"@type\":\"SearchAction\",\"target\":{\"@type\":\"EntryPoint\",\"urlTemplate\":\"https:\/\/www.article-marketing.eu\/comunicati\/?s={search_term_string}\"},\"query-input\":{\"@type\":\"PropertyValueSpecification\",\"valueRequired\":true,\"valueName\":\"search_term_string\"}}],\"inLanguage\":\"it-IT\"},{\"@type\":\"Person\",\"@id\":\"https:\/\/www.article-marketing.eu\/comunicati\/#\/schema\/person\/44372e4d4d0fa797b18e03ed1ace9017\",\"name\":\"Redazione Comunicati Stampa\",\"image\":{\"@type\":\"ImageObject\",\"inLanguage\":\"it-IT\",\"@id\":\"https:\/\/www.article-marketing.eu\/comunicati\/#\/schema\/person\/image\/\",\"url\":\"https:\/\/secure.gravatar.com\/avatar\/50e5c6421d3072f42e7ace803501602c60d75233d34e29fd05feb91c8760b792?s=96&d=mm&r=g\",\"contentUrl\":\"https:\/\/secure.gravatar.com\/avatar\/50e5c6421d3072f42e7ace803501602c60d75233d34e29fd05feb91c8760b792?s=96&d=mm&r=g\",\"caption\":\"Redazione Comunicati Stampa\"},\"url\":\"https:\/\/www.article-marketing.eu\/comunicati\/author\/redazione-comunicati-stampa\/\"}]}<\/script>\n<!-- \/ Yoast SEO plugin. -->","yoast_head_json":{"title":"Pioggia di Colori Esposizione Internazionale d\u2019Arte Contemporanea - Article Marketing","robots":{"index":"index","follow":"follow","max-snippet":"max-snippet:-1","max-image-preview":"max-image-preview:large","max-video-preview":"max-video-preview:-1"},"canonical":"https:\/\/www.article-marketing.eu\/comunicati\/comunicati-stampa\/eventi\/pioggia-di-colori-esposizione-internazionale-darte-contemporanea\/","og_locale":"it_IT","og_type":"article","og_title":"Pioggia di Colori Esposizione Internazionale d\u2019Arte Contemporanea - Article Marketing","og_description":"Opening: Marted\u00ec 10 novembre ore 18 In mostra fino al 18 novembre 2009 Ingresso libero Orario di visita: da marted\u00ec a venerd\u00ec dalle ore 16:00 alle 19:00; sabato dalle 10 alle 12 Curatrice: Sabrina Falzone Presso: Galleria Il Borgo","og_url":"https:\/\/www.article-marketing.eu\/comunicati\/comunicati-stampa\/eventi\/pioggia-di-colori-esposizione-internazionale-darte-contemporanea\/","og_site_name":"Article Marketing","article_published_time":"2009-11-06T16:48:32+00:00","author":"Redazione Comunicati Stampa","twitter_card":"summary_large_image","twitter_misc":{"Scritto da":"Redazione Comunicati Stampa","Tempo di lettura stimato":"2 minuti"},"schema":{"@context":"https:\/\/schema.org","@graph":[{"@type":"Article","@id":"https:\/\/www.article-marketing.eu\/comunicati\/comunicati-stampa\/eventi\/pioggia-di-colori-esposizione-internazionale-darte-contemporanea\/#article","isPartOf":{"@id":"https:\/\/www.article-marketing.eu\/comunicati\/comunicati-stampa\/eventi\/pioggia-di-colori-esposizione-internazionale-darte-contemporanea\/"},"author":{"name":"Redazione Comunicati Stampa","@id":"https:\/\/www.article-marketing.eu\/comunicati\/#\/schema\/person\/44372e4d4d0fa797b18e03ed1ace9017"},"headline":"Pioggia di Colori Esposizione Internazionale d\u2019Arte Contemporanea","datePublished":"2009-11-06T16:48:32+00:00","mainEntityOfPage":{"@id":"https:\/\/www.article-marketing.eu\/comunicati\/comunicati-stampa\/eventi\/pioggia-di-colori-esposizione-internazionale-darte-contemporanea\/"},"wordCount":420,"commentCount":0,"keywords":["10 novembre","Afran","Anna Tamborini","Antonella Magliozzi","Dindina Burgos","Giorgetti","Giuseppe Cal\u00ec","Jessica Bartolini","Luminita Gall","Mirko Cervini","ore 18:00","Raffaele Cirillo","Rita Puliafito","sabrina falzone","Valentina Cellai","Virginia Vargas"],"articleSection":["Eventi"],"inLanguage":"it-IT","potentialAction":[{"@type":"CommentAction","name":"Comment","target":["https:\/\/www.article-marketing.eu\/comunicati\/comunicati-stampa\/eventi\/pioggia-di-colori-esposizione-internazionale-darte-contemporanea\/#respond"]}]},{"@type":"WebPage","@id":"https:\/\/www.article-marketing.eu\/comunicati\/comunicati-stampa\/eventi\/pioggia-di-colori-esposizione-internazionale-darte-contemporanea\/","url":"https:\/\/www.article-marketing.eu\/comunicati\/comunicati-stampa\/eventi\/pioggia-di-colori-esposizione-internazionale-darte-contemporanea\/","name":"Pioggia di Colori Esposizione Internazionale d\u2019Arte Contemporanea - Article Marketing","isPartOf":{"@id":"https:\/\/www.article-marketing.eu\/comunicati\/#website"},"datePublished":"2009-11-06T16:48:32+00:00","author":{"@id":"https:\/\/www.article-marketing.eu\/comunicati\/#\/schema\/person\/44372e4d4d0fa797b18e03ed1ace9017"},"breadcrumb":{"@id":"https:\/\/www.article-marketing.eu\/comunicati\/comunicati-stampa\/eventi\/pioggia-di-colori-esposizione-internazionale-darte-contemporanea\/#breadcrumb"},"inLanguage":"it-IT","potentialAction":[{"@type":"ReadAction","target":["https:\/\/www.article-marketing.eu\/comunicati\/comunicati-stampa\/eventi\/pioggia-di-colori-esposizione-internazionale-darte-contemporanea\/"]}]},{"@type":"BreadcrumbList","@id":"https:\/\/www.article-marketing.eu\/comunicati\/comunicati-stampa\/eventi\/pioggia-di-colori-esposizione-internazionale-darte-contemporanea\/#breadcrumb","itemListElement":[{"@type":"ListItem","position":1,"name":"Home","item":"https:\/\/www.article-marketing.eu\/comunicati\/"},{"@type":"ListItem","position":2,"name":"Pioggia di Colori Esposizione Internazionale d\u2019Arte Contemporanea"}]},{"@type":"WebSite","@id":"https:\/\/www.article-marketing.eu\/comunicati\/#website","url":"https:\/\/www.article-marketing.eu\/comunicati\/","name":"Article Marketing","description":"article marketing &amp; press release","potentialAction":[{"@type":"SearchAction","target":{"@type":"EntryPoint","urlTemplate":"https:\/\/www.article-marketing.eu\/comunicati\/?s={search_term_string}"},"query-input":{"@type":"PropertyValueSpecification","valueRequired":true,"valueName":"search_term_string"}}],"inLanguage":"it-IT"},{"@type":"Person","@id":"https:\/\/www.article-marketing.eu\/comunicati\/#\/schema\/person\/44372e4d4d0fa797b18e03ed1ace9017","name":"Redazione Comunicati Stampa","image":{"@type":"ImageObject","inLanguage":"it-IT","@id":"https:\/\/www.article-marketing.eu\/comunicati\/#\/schema\/person\/image\/","url":"https:\/\/secure.gravatar.com\/avatar\/50e5c6421d3072f42e7ace803501602c60d75233d34e29fd05feb91c8760b792?s=96&d=mm&r=g","contentUrl":"https:\/\/secure.gravatar.com\/avatar\/50e5c6421d3072f42e7ace803501602c60d75233d34e29fd05feb91c8760b792?s=96&d=mm&r=g","caption":"Redazione Comunicati Stampa"},"url":"https:\/\/www.article-marketing.eu\/comunicati\/author\/redazione-comunicati-stampa\/"}]}},"_links":{"self":[{"href":"https:\/\/www.article-marketing.eu\/comunicati\/wp-json\/wp\/v2\/posts\/3272","targetHints":{"allow":["GET"]}}],"collection":[{"href":"https:\/\/www.article-marketing.eu\/comunicati\/wp-json\/wp\/v2\/posts"}],"about":[{"href":"https:\/\/www.article-marketing.eu\/comunicati\/wp-json\/wp\/v2\/types\/post"}],"author":[{"embeddable":true,"href":"https:\/\/www.article-marketing.eu\/comunicati\/wp-json\/wp\/v2\/users\/10"}],"replies":[{"embeddable":true,"href":"https:\/\/www.article-marketing.eu\/comunicati\/wp-json\/wp\/v2\/comments?post=3272"}],"version-history":[{"count":0,"href":"https:\/\/www.article-marketing.eu\/comunicati\/wp-json\/wp\/v2\/posts\/3272\/revisions"}],"wp:attachment":[{"href":"https:\/\/www.article-marketing.eu\/comunicati\/wp-json\/wp\/v2\/media?parent=3272"}],"wp:term":[{"taxonomy":"category","embeddable":true,"href":"https:\/\/www.article-marketing.eu\/comunicati\/wp-json\/wp\/v2\/categories?post=3272"},{"taxonomy":"post_tag","embeddable":true,"href":"https:\/\/www.article-marketing.eu\/comunicati\/wp-json\/wp\/v2\/tags?post=3272"}],"curies":[{"name":"wp","href":"https:\/\/api.w.org\/{rel}","templated":true}]}}