{"id":32757,"date":"2013-02-25T12:30:17","date_gmt":"2013-02-25T11:30:17","guid":{"rendered":"http:\/\/www.article-marketing.eu\/comunicati\/senza-categoria\/lo-stile-creo%252525252b-%2525252540-cosmoprof-worldwide-bologna-2013-il-connubio-tra-hair-stylist-e-wellness\/"},"modified":"2013-02-25T12:30:17","modified_gmt":"2013-02-25T11:30:17","slug":"lo-stile-creo%252525252b-%2525252540-cosmoprof-worldwide-bologna-2013-il-connubio-tra-hair-stylist-e-wellness","status":"publish","type":"post","link":"https:\/\/www.article-marketing.eu\/comunicati\/comunicati-stampa\/eventi\/lo-stile-creo%252525252b-%2525252540-cosmoprof-worldwide-bologna-2013-il-connubio-tra-hair-stylist-e-wellness\/","title":{"rendered":"Lo stile Creo+ @ Cosmoprof Worldwide Bologna 2013: il connubio tra hair stylist e wellness"},"content":{"rendered":"<p><em>Nuove tendenze di arredo per saloni da parrucchiere, centri estetici e SPA.<\/em><\/p>\n<p>Sovico(MB), 25.02.2013<\/p>\n<p>Dall&rsquo;8 all&rsquo;11 marzo, <strong>Creo+<\/strong> parteciper&agrave; a <strong>Cosmoprof Worldwide Bologna 2013<\/strong> (<strong>Pad. 33, Stand G14<\/strong>), l&#8217;evento internazionale pi&ugrave; importante nel settore della bellezza e del benessere professionale.<br \/>In questa particolare occasione Creo+ presenter&agrave; le sue collezioni e un&rsquo;offerta completa a 360o.<\/p>\n<p>Grandi novit&agrave; arrivano dalla divisione <strong>Salon Collection Furniture<\/strong>, con innovative proposte di arredo per saloni da parrucchiere, con focus su design, forme, materiali e un&rsquo;attenzione particolare all&rsquo;ecocompatibilit&agrave; e all&rsquo;utilizzo di materiali altamente riciclabili ed atossici. Come nella collezione <strong>Scandia<\/strong>, dove forma e funzionalit&agrave; si armonizzano con il legno naturale verniciato ad acqua. O, come nelle postazioni lavoro della linea <strong>Schay<\/strong> e <strong>Scena<\/strong>, rigorosamente con retroilluminazione a risparmio energetico. <\/p>\n<p>L&rsquo;offerta &egrave; integrata dalla sezione <strong>Quickstyle, <\/strong>con attrezzature elettriche di ultimissima generazione, al passo con le nuove esigenze di hairstyling, tra cui spicca l&rsquo;asciugacapelli professionale<strong> Q112<\/strong>, con doppio elemento in ceramica, un risparmio energetico del 30%, senza compromessi sulla potenza ed evitando di aggredire i capelli.<\/p>\n<p>In una logica di connubio tra i protagonisti della bellezza e del benessere e di una sempre maggiore offerta di servizi, riuniti in un solo centro, <strong>Creo+ wellness and spa <\/strong>desidera proporre soluzioni innovative e di facile inserimento, anche a completamento di strutture gi&agrave; avviate. La<strong> Mini-SPA<\/strong> e l&rsquo;innovativa <strong>Sauna <\/strong>di design sono due piccoli gioielli, che verranno esposti e resi noti al pubblico proprio in occasione di Cosmoprof 2013.<\/p>\n<p>Creo+ ama andare oltre, ponendo la persona al centro della propria filosofia. Grazie a <strong>C+Lab<\/strong>, una specifica divisione aziendale, si garantisce un supporto completo al professionista che desidera distinguersi, sia in termini di efficienza, che di eleganza e qualit&agrave;. I servizi esclusivi quali interior design, personal architect e marketing sono parte integrante dell&rsquo;offerta C+Lab.<\/p>\n<p>In concomitanza con Cosmoprof 2013, verr&agrave; anche lanciato il nuovo sito <strong><a href=\"http:\/\/www.creopiu.com\/\">www.creopiu.com<\/a><\/strong>, dove sar&agrave; possibile visualizzare tutte le novit&agrave; presentate in fiera e molto di pi&ugrave;.<\/p>\n<p><strong>Per ulteriori informazioni e foto:<\/strong> <br \/>Ufficio Stampa Creo Srl<br \/>Chiara Abbondi &#8211; Tel. 039 2011313 &#8211; Email: chiara.a@creopiu.com &#8211; www.creopiu.com <strong>Creo+<\/strong> Dall&#8217;esperienza pluriennale di uno storico gruppo italiano nasce <strong>Creo+, <\/strong>dinamica ed innovativa azienda produttrice di arredi e prodotti specifici per il mondo del wellness e dell&rsquo;hairstyling. Ricerca, professionalit&agrave; e qualit&agrave; unitamente alla creativit&agrave; ed al design made in Italy, sono le linee guida alla base della filosofia dell&rsquo;azienda. Creo+ si compone di tre divisioni: <strong>creo+ wellness and spa<\/strong>: produzione di arredi ed attrezzature per centri benessere e centri estetici <strong>salon collection furniture<\/strong>: produzione di arredi per saloni da parrucchiere <strong>quickstyle<\/strong>: attrezzature elettriche, carrelli ed accessori per parrucchieri.<\/p>\n","protected":false},"excerpt":{"rendered":"<p>Dall\u20198 all\u201911 marzo, Creo+ parteciper\u00e0 a Cosmoprof Worldwide Bologna 2013 (Pad. 33, Stand G14), l&#8217;evento internazionale pi\u00f9 importante nel settore della bellezza e del benessere professionale.<\/p>\n<p>In questa particolare occasione Creo+ presenter\u00e0 le sue collezioni e un\u2019offerta completa a 360o.<\/p>\n","protected":false},"author":10,"featured_media":0,"comment_status":"open","ping_status":"open","sticky":false,"template":"","format":"standard","meta":{"cybocfi_hide_featured_image":"","footnotes":""},"categories":[388],"tags":[19153,1851,1235,41274,13741,1107,41273,41272,41271,3370,3371],"class_list":["post-32757","post","type-post","status-publish","format-standard","hentry","category-eventi","tag-arredi","tag-bellezza","tag-benessere","tag-coiffeur","tag-cosmoprof","tag-design","tag-parruchiera","tag-parruchiere","tag-saloni","tag-spa","tag-wellness"],"yoast_head":"<!-- This site is optimized with the Yoast SEO plugin v27.0 - https:\/\/yoast.com\/product\/yoast-seo-wordpress\/ -->\n<title>Lo stile Creo+ @ Cosmoprof Worldwide Bologna 2013: il connubio tra hair stylist e wellness - Article Marketing<\/title>\n<meta name=\"robots\" content=\"index, follow, max-snippet:-1, max-image-preview:large, max-video-preview:-1\" \/>\n<link rel=\"canonical\" href=\"https:\/\/www.article-marketing.eu\/comunicati\/comunicati-stampa\/eventi\/lo-stile-creo%2525252b-%25252540-cosmoprof-worldwide-bologna-2013-il-connubio-tra-hair-stylist-e-wellness\/\" \/>\n<meta property=\"og:locale\" content=\"it_IT\" \/>\n<meta property=\"og:type\" content=\"article\" \/>\n<meta property=\"og:title\" content=\"Lo stile Creo+ @ Cosmoprof Worldwide Bologna 2013: il connubio tra hair stylist e wellness - Article Marketing\" \/>\n<meta property=\"og:description\" content=\"Dall\u20198 all\u201911 marzo, Creo+ parteciper\u00e0 a Cosmoprof Worldwide Bologna 2013 (Pad. 33, Stand G14), l&#039;evento internazionale pi\u00f9 importante nel settore della bellezza e del benessere professionale.In questa particolare occasione Creo+ presenter\u00e0 le sue collezioni e un\u2019offerta completa a 360o.\" \/>\n<meta property=\"og:url\" content=\"https:\/\/www.article-marketing.eu\/comunicati\/comunicati-stampa\/eventi\/lo-stile-creo%2525252b-%25252540-cosmoprof-worldwide-bologna-2013-il-connubio-tra-hair-stylist-e-wellness\/\" \/>\n<meta property=\"og:site_name\" content=\"Article Marketing\" \/>\n<meta property=\"article:published_time\" content=\"2013-02-25T11:30:17+00:00\" \/>\n<meta name=\"author\" content=\"Redazione Comunicati Stampa\" \/>\n<meta name=\"twitter:card\" content=\"summary_large_image\" \/>\n<meta name=\"twitter:label1\" content=\"Scritto da\" \/>\n\t<meta name=\"twitter:data1\" content=\"Redazione Comunicati Stampa\" \/>\n\t<meta name=\"twitter:label2\" content=\"Tempo di lettura stimato\" \/>\n\t<meta name=\"twitter:data2\" content=\"2 minuti\" \/>\n<script type=\"application\/ld+json\" class=\"yoast-schema-graph\">{\"@context\":\"https:\/\/schema.org\",\"@graph\":[{\"@type\":\"Article\",\"@id\":\"https:\/\/www.article-marketing.eu\/comunicati\/comunicati-stampa\/eventi\/lo-stile-creo%252525252b-%2525252540-cosmoprof-worldwide-bologna-2013-il-connubio-tra-hair-stylist-e-wellness\/#article\",\"isPartOf\":{\"@id\":\"https:\/\/www.article-marketing.eu\/comunicati\/comunicati-stampa\/eventi\/lo-stile-creo%252525252b-%2525252540-cosmoprof-worldwide-bologna-2013-il-connubio-tra-hair-stylist-e-wellness\/\"},\"author\":{\"name\":\"Redazione Comunicati Stampa\",\"@id\":\"https:\/\/www.article-marketing.eu\/comunicati\/#\/schema\/person\/44372e4d4d0fa797b18e03ed1ace9017\"},\"headline\":\"Lo stile Creo+ @ Cosmoprof Worldwide Bologna 2013: il connubio tra hair stylist e wellness\",\"datePublished\":\"2013-02-25T11:30:17+00:00\",\"mainEntityOfPage\":{\"@id\":\"https:\/\/www.article-marketing.eu\/comunicati\/comunicati-stampa\/eventi\/lo-stile-creo%252525252b-%2525252540-cosmoprof-worldwide-bologna-2013-il-connubio-tra-hair-stylist-e-wellness\/\"},\"wordCount\":477,\"commentCount\":0,\"keywords\":[\"arredi\",\"bellezza\",\"benessere\",\"coiffeur\",\"cosmoprof\",\"design\",\"parruchiera\",\"parruchiere\",\"saloni\",\"spa\",\"wellness\"],\"articleSection\":[\"Eventi\"],\"inLanguage\":\"it-IT\",\"potentialAction\":[{\"@type\":\"CommentAction\",\"name\":\"Comment\",\"target\":[\"https:\/\/www.article-marketing.eu\/comunicati\/comunicati-stampa\/eventi\/lo-stile-creo%252525252b-%2525252540-cosmoprof-worldwide-bologna-2013-il-connubio-tra-hair-stylist-e-wellness\/#respond\"]}]},{\"@type\":\"WebPage\",\"@id\":\"https:\/\/www.article-marketing.eu\/comunicati\/comunicati-stampa\/eventi\/lo-stile-creo%252525252b-%2525252540-cosmoprof-worldwide-bologna-2013-il-connubio-tra-hair-stylist-e-wellness\/\",\"url\":\"https:\/\/www.article-marketing.eu\/comunicati\/comunicati-stampa\/eventi\/lo-stile-creo%252525252b-%2525252540-cosmoprof-worldwide-bologna-2013-il-connubio-tra-hair-stylist-e-wellness\/\",\"name\":\"Lo stile Creo+ @ Cosmoprof Worldwide Bologna 2013: il connubio tra hair stylist e wellness - Article Marketing\",\"isPartOf\":{\"@id\":\"https:\/\/www.article-marketing.eu\/comunicati\/#website\"},\"datePublished\":\"2013-02-25T11:30:17+00:00\",\"author\":{\"@id\":\"https:\/\/www.article-marketing.eu\/comunicati\/#\/schema\/person\/44372e4d4d0fa797b18e03ed1ace9017\"},\"breadcrumb\":{\"@id\":\"https:\/\/www.article-marketing.eu\/comunicati\/comunicati-stampa\/eventi\/lo-stile-creo%252525252b-%2525252540-cosmoprof-worldwide-bologna-2013-il-connubio-tra-hair-stylist-e-wellness\/#breadcrumb\"},\"inLanguage\":\"it-IT\",\"potentialAction\":[{\"@type\":\"ReadAction\",\"target\":[\"https:\/\/www.article-marketing.eu\/comunicati\/comunicati-stampa\/eventi\/lo-stile-creo%252525252b-%2525252540-cosmoprof-worldwide-bologna-2013-il-connubio-tra-hair-stylist-e-wellness\/\"]}]},{\"@type\":\"BreadcrumbList\",\"@id\":\"https:\/\/www.article-marketing.eu\/comunicati\/comunicati-stampa\/eventi\/lo-stile-creo%252525252b-%2525252540-cosmoprof-worldwide-bologna-2013-il-connubio-tra-hair-stylist-e-wellness\/#breadcrumb\",\"itemListElement\":[{\"@type\":\"ListItem\",\"position\":1,\"name\":\"Home\",\"item\":\"https:\/\/www.article-marketing.eu\/comunicati\/\"},{\"@type\":\"ListItem\",\"position\":2,\"name\":\"Lo stile Creo+ @ Cosmoprof Worldwide Bologna 2013: il connubio tra hair stylist e wellness\"}]},{\"@type\":\"WebSite\",\"@id\":\"https:\/\/www.article-marketing.eu\/comunicati\/#website\",\"url\":\"https:\/\/www.article-marketing.eu\/comunicati\/\",\"name\":\"Article Marketing\",\"description\":\"article marketing &amp; press release\",\"potentialAction\":[{\"@type\":\"SearchAction\",\"target\":{\"@type\":\"EntryPoint\",\"urlTemplate\":\"https:\/\/www.article-marketing.eu\/comunicati\/?s={search_term_string}\"},\"query-input\":{\"@type\":\"PropertyValueSpecification\",\"valueRequired\":true,\"valueName\":\"search_term_string\"}}],\"inLanguage\":\"it-IT\"},{\"@type\":\"Person\",\"@id\":\"https:\/\/www.article-marketing.eu\/comunicati\/#\/schema\/person\/44372e4d4d0fa797b18e03ed1ace9017\",\"name\":\"Redazione Comunicati Stampa\",\"image\":{\"@type\":\"ImageObject\",\"inLanguage\":\"it-IT\",\"@id\":\"https:\/\/www.article-marketing.eu\/comunicati\/#\/schema\/person\/image\/\",\"url\":\"https:\/\/secure.gravatar.com\/avatar\/50e5c6421d3072f42e7ace803501602c60d75233d34e29fd05feb91c8760b792?s=96&d=mm&r=g\",\"contentUrl\":\"https:\/\/secure.gravatar.com\/avatar\/50e5c6421d3072f42e7ace803501602c60d75233d34e29fd05feb91c8760b792?s=96&d=mm&r=g\",\"caption\":\"Redazione Comunicati Stampa\"},\"url\":\"https:\/\/www.article-marketing.eu\/comunicati\/author\/redazione-comunicati-stampa\/\"}]}<\/script>\n<!-- \/ Yoast SEO plugin. -->","yoast_head_json":{"title":"Lo stile Creo+ @ Cosmoprof Worldwide Bologna 2013: il connubio tra hair stylist e wellness - Article Marketing","robots":{"index":"index","follow":"follow","max-snippet":"max-snippet:-1","max-image-preview":"max-image-preview:large","max-video-preview":"max-video-preview:-1"},"canonical":"https:\/\/www.article-marketing.eu\/comunicati\/comunicati-stampa\/eventi\/lo-stile-creo%2525252b-%25252540-cosmoprof-worldwide-bologna-2013-il-connubio-tra-hair-stylist-e-wellness\/","og_locale":"it_IT","og_type":"article","og_title":"Lo stile Creo+ @ Cosmoprof Worldwide Bologna 2013: il connubio tra hair stylist e wellness - Article Marketing","og_description":"Dall\u20198 all\u201911 marzo, Creo+ parteciper\u00e0 a Cosmoprof Worldwide Bologna 2013 (Pad. 33, Stand G14), l'evento internazionale pi\u00f9 importante nel settore della bellezza e del benessere professionale.In questa particolare occasione Creo+ presenter\u00e0 le sue collezioni e un\u2019offerta completa a 360o.","og_url":"https:\/\/www.article-marketing.eu\/comunicati\/comunicati-stampa\/eventi\/lo-stile-creo%2525252b-%25252540-cosmoprof-worldwide-bologna-2013-il-connubio-tra-hair-stylist-e-wellness\/","og_site_name":"Article Marketing","article_published_time":"2013-02-25T11:30:17+00:00","author":"Redazione Comunicati Stampa","twitter_card":"summary_large_image","twitter_misc":{"Scritto da":"Redazione Comunicati Stampa","Tempo di lettura stimato":"2 minuti"},"schema":{"@context":"https:\/\/schema.org","@graph":[{"@type":"Article","@id":"https:\/\/www.article-marketing.eu\/comunicati\/comunicati-stampa\/eventi\/lo-stile-creo%252525252b-%2525252540-cosmoprof-worldwide-bologna-2013-il-connubio-tra-hair-stylist-e-wellness\/#article","isPartOf":{"@id":"https:\/\/www.article-marketing.eu\/comunicati\/comunicati-stampa\/eventi\/lo-stile-creo%252525252b-%2525252540-cosmoprof-worldwide-bologna-2013-il-connubio-tra-hair-stylist-e-wellness\/"},"author":{"name":"Redazione Comunicati Stampa","@id":"https:\/\/www.article-marketing.eu\/comunicati\/#\/schema\/person\/44372e4d4d0fa797b18e03ed1ace9017"},"headline":"Lo stile Creo+ @ Cosmoprof Worldwide Bologna 2013: il connubio tra hair stylist e wellness","datePublished":"2013-02-25T11:30:17+00:00","mainEntityOfPage":{"@id":"https:\/\/www.article-marketing.eu\/comunicati\/comunicati-stampa\/eventi\/lo-stile-creo%252525252b-%2525252540-cosmoprof-worldwide-bologna-2013-il-connubio-tra-hair-stylist-e-wellness\/"},"wordCount":477,"commentCount":0,"keywords":["arredi","bellezza","benessere","coiffeur","cosmoprof","design","parruchiera","parruchiere","saloni","spa","wellness"],"articleSection":["Eventi"],"inLanguage":"it-IT","potentialAction":[{"@type":"CommentAction","name":"Comment","target":["https:\/\/www.article-marketing.eu\/comunicati\/comunicati-stampa\/eventi\/lo-stile-creo%252525252b-%2525252540-cosmoprof-worldwide-bologna-2013-il-connubio-tra-hair-stylist-e-wellness\/#respond"]}]},{"@type":"WebPage","@id":"https:\/\/www.article-marketing.eu\/comunicati\/comunicati-stampa\/eventi\/lo-stile-creo%252525252b-%2525252540-cosmoprof-worldwide-bologna-2013-il-connubio-tra-hair-stylist-e-wellness\/","url":"https:\/\/www.article-marketing.eu\/comunicati\/comunicati-stampa\/eventi\/lo-stile-creo%252525252b-%2525252540-cosmoprof-worldwide-bologna-2013-il-connubio-tra-hair-stylist-e-wellness\/","name":"Lo stile Creo+ @ Cosmoprof Worldwide Bologna 2013: il connubio tra hair stylist e wellness - Article Marketing","isPartOf":{"@id":"https:\/\/www.article-marketing.eu\/comunicati\/#website"},"datePublished":"2013-02-25T11:30:17+00:00","author":{"@id":"https:\/\/www.article-marketing.eu\/comunicati\/#\/schema\/person\/44372e4d4d0fa797b18e03ed1ace9017"},"breadcrumb":{"@id":"https:\/\/www.article-marketing.eu\/comunicati\/comunicati-stampa\/eventi\/lo-stile-creo%252525252b-%2525252540-cosmoprof-worldwide-bologna-2013-il-connubio-tra-hair-stylist-e-wellness\/#breadcrumb"},"inLanguage":"it-IT","potentialAction":[{"@type":"ReadAction","target":["https:\/\/www.article-marketing.eu\/comunicati\/comunicati-stampa\/eventi\/lo-stile-creo%252525252b-%2525252540-cosmoprof-worldwide-bologna-2013-il-connubio-tra-hair-stylist-e-wellness\/"]}]},{"@type":"BreadcrumbList","@id":"https:\/\/www.article-marketing.eu\/comunicati\/comunicati-stampa\/eventi\/lo-stile-creo%252525252b-%2525252540-cosmoprof-worldwide-bologna-2013-il-connubio-tra-hair-stylist-e-wellness\/#breadcrumb","itemListElement":[{"@type":"ListItem","position":1,"name":"Home","item":"https:\/\/www.article-marketing.eu\/comunicati\/"},{"@type":"ListItem","position":2,"name":"Lo stile Creo+ @ Cosmoprof Worldwide Bologna 2013: il connubio tra hair stylist e wellness"}]},{"@type":"WebSite","@id":"https:\/\/www.article-marketing.eu\/comunicati\/#website","url":"https:\/\/www.article-marketing.eu\/comunicati\/","name":"Article Marketing","description":"article marketing &amp; press release","potentialAction":[{"@type":"SearchAction","target":{"@type":"EntryPoint","urlTemplate":"https:\/\/www.article-marketing.eu\/comunicati\/?s={search_term_string}"},"query-input":{"@type":"PropertyValueSpecification","valueRequired":true,"valueName":"search_term_string"}}],"inLanguage":"it-IT"},{"@type":"Person","@id":"https:\/\/www.article-marketing.eu\/comunicati\/#\/schema\/person\/44372e4d4d0fa797b18e03ed1ace9017","name":"Redazione Comunicati Stampa","image":{"@type":"ImageObject","inLanguage":"it-IT","@id":"https:\/\/www.article-marketing.eu\/comunicati\/#\/schema\/person\/image\/","url":"https:\/\/secure.gravatar.com\/avatar\/50e5c6421d3072f42e7ace803501602c60d75233d34e29fd05feb91c8760b792?s=96&d=mm&r=g","contentUrl":"https:\/\/secure.gravatar.com\/avatar\/50e5c6421d3072f42e7ace803501602c60d75233d34e29fd05feb91c8760b792?s=96&d=mm&r=g","caption":"Redazione Comunicati Stampa"},"url":"https:\/\/www.article-marketing.eu\/comunicati\/author\/redazione-comunicati-stampa\/"}]}},"_links":{"self":[{"href":"https:\/\/www.article-marketing.eu\/comunicati\/wp-json\/wp\/v2\/posts\/32757","targetHints":{"allow":["GET"]}}],"collection":[{"href":"https:\/\/www.article-marketing.eu\/comunicati\/wp-json\/wp\/v2\/posts"}],"about":[{"href":"https:\/\/www.article-marketing.eu\/comunicati\/wp-json\/wp\/v2\/types\/post"}],"author":[{"embeddable":true,"href":"https:\/\/www.article-marketing.eu\/comunicati\/wp-json\/wp\/v2\/users\/10"}],"replies":[{"embeddable":true,"href":"https:\/\/www.article-marketing.eu\/comunicati\/wp-json\/wp\/v2\/comments?post=32757"}],"version-history":[{"count":0,"href":"https:\/\/www.article-marketing.eu\/comunicati\/wp-json\/wp\/v2\/posts\/32757\/revisions"}],"wp:attachment":[{"href":"https:\/\/www.article-marketing.eu\/comunicati\/wp-json\/wp\/v2\/media?parent=32757"}],"wp:term":[{"taxonomy":"category","embeddable":true,"href":"https:\/\/www.article-marketing.eu\/comunicati\/wp-json\/wp\/v2\/categories?post=32757"},{"taxonomy":"post_tag","embeddable":true,"href":"https:\/\/www.article-marketing.eu\/comunicati\/wp-json\/wp\/v2\/tags?post=32757"}],"curies":[{"name":"wp","href":"https:\/\/api.w.org\/{rel}","templated":true}]}}